{"id":10122,"date":"2013-11-29T15:38:34","date_gmt":"2013-11-29T13:38:34","guid":{"rendered":"http:\/\/egophobia.ro\/?p=10122"},"modified":"2013-11-29T15:38:34","modified_gmt":"2013-11-29T13:38:34","slug":"poeme-13","status":"publish","type":"post","link":"https:\/\/egophobia.ro\/?p=10122","title":{"rendered":"poeme"},"content":{"rendered":"<p align=\"right\">de Ana Ionesei<\/p>\n<p align=\"center\"><b>\u00a0<\/b><\/p>\n<p align=\"justify\"><b>Franz Kafka\u00ae is a registered trademark<\/b><\/p>\n<p><b>\u00a0<\/b><br \/>\nM-am \u00eent\u00e2lnit cu Fantoma lui Kafka,<\/p>\n<p>fugise din Mal\u00e1 Strana \u00een ziua inaugur\u0103rii muzeului.<\/p>\n<p>Am \u00eentrebat-o ce mai face Josef K, mi-a r\u0103spuns c\u0103 la fel de r\u0103u,<\/p>\n<p>iar de c\u00e2nd cu apari\u0163ia tastaturilor circul\u0103 \u00een stare de dezmembrare<\/p>\n<p>\u00een coloniile de oameni cu serviete \u00een care-\u0219i poart\u0103 creierul artificial.<\/p>\n<p>\u00cen schimb, Gregor Samsa o duce mai bine de c\u00e2nd a \u00eent\u00e2lnit al\u0163i g\u00e2ndaci simpatici<!--more--><\/p>\n<p>\u0219i fac terapie de grup sper\u00e2nd c\u0103 vor putea dep\u0103\u0219i trauma de-a fi fost c\u00e2ndva oameni.<\/p>\n<p>A\u0219 fi \u00eentrebat-o pe Fantoma lui Kafka ce face Kafka,<\/p>\n<p>dar nu voiam s\u0103-mi iau aerul unui v\u00e2n\u0103tor de autografe<\/p>\n<p>pe care nu l-a ajuns din urm\u0103 blestemul lui Lautr\u00e9amont,<\/p>\n<p>c\u0103ci de fiecare dat\u0103 c\u00e2nd cineva cump\u0103r\u0103 un tricou cu I \u2665 KAFKA,<\/p>\n<p>bate un cui Marc\u0103 \u00cenregistrat\u0103 \u00eentr-un volum necitit.<\/p>\n<p>&nbsp;<\/p>\n<p>&nbsp;<\/p>\n<p align=\"justify\"><b>Sufletul cu ochii sco\u0219i<\/b><\/p>\n<p align=\"center\"><b>\u00a0<\/b><\/p>\n<p><i>Dumneavoastr\u0103 ce fapte de ocar\u0103 v\u0103 \u00eenchipuia\u021bi \u00een data de 29.01.2013? <\/i><\/p>\n<p><i>\u00a0<\/i><\/p>\n<p>H\u00e2rtia nu minte,<\/p>\n<p>Cerneala nici at\u00e2t;<\/p>\n<p>Cuvintele sunt supuse.<\/p>\n<p>Numai uneori talan\u0163ii mai r\u0103sun\u0103 din vreun buzunar,<\/p>\n<p>Numai uneori scheletul mai sc\u00e2nce\u015fte \u00een dulap,<\/p>\n<p>Omul z\u0103bove\u015fte, \u00ee\u015fi zice c\u0103 bunzunarul trebuie cusut, iar dulapul uns,<\/p>\n<p>Dar se \u00eempac\u0103 \u00een prip\u0103 cu sine: se poate tr\u0103i \u015fi f\u0103r\u0103 repara\u0163ii de prisos.<\/p>\n<p align=\"center\">\n<p>&nbsp;<\/p>\n<p align=\"justify\"><b>Repeti\u0163ia dansului macabru<\/b><\/p>\n<p><b>\u00a0<\/b><\/p>\n<p>stau alinia\u0163i ca la Auschwitz<\/p>\n<p>vor s\u0103 intre cu to\u0163ii \u00een cadru<\/p>\n<p>z\u00e2mbesc de-a pururi urma\u0219ilor,<\/p>\n<p>fac reclam\u0103 compozitorilor de mar\u0219uri funebre,<\/p>\n<p>\u0219i-au luat m\u0103surile pentru sicriul<\/p>\n<p>comandat din suplimentul de salariu,<\/p>\n<p>r\u00e2njesc to\u0163i \u00een cor mecanic,<br \/>\n\u00eentocmai ca un \u0219ir de cranii<\/p>\n<p>cu care joac\u0103 ping-pong paznicii unui muzeu.<\/p>\n<p>Moartea, cea mai priceput\u0103 cosmetician\u0103,<\/p>\n<p>abia a\u0219teapt\u0103 s\u0103 fac\u0103 retu\u0219urile finale.<\/p>\n<p>&nbsp;<\/p>\n<p>&nbsp;<\/p>\n<p align=\"justify\"><b>(necicatrizabil)<\/b><\/p>\n<p align=\"center\"><b>\u00a0<\/b><\/p>\n<p>O ran\u0103 \u00eenflorea \u00een sufletul unui om,<\/p>\n<p>Ludwig van \u00ee\u0219i pierdea auzul \u00eencerc\u00e2nd s\u0103 opreasc\u0103 s\u00e2ngerarea,<\/p>\n<p>Dar <i>F\u00fcr Elise <\/i>era o ran\u0103 care a \u00eenflorit o singur\u0103 dat\u0103.<\/p>\n<p>&nbsp;<\/p>\n<p>&nbsp;<\/p>\n<p align=\"justify\"><b>Basca lui Bergman<\/b><\/p>\n<p>&nbsp;<\/p>\n<p>te-am a\u0219teptat pe malul Some\u0219ului cu un pachet de Carpa\u021bi<\/p>\n<p>copacii s-au ve\u0219tejit de cancer<\/p>\n<p>te-am a\u0219teptat pe malul Some\u0219ului cu o sticl\u0103 de t\u0103rie<\/p>\n<p>o barc\u0103 s-a scufundat de ciroz\u0103<\/p>\n<p>te-am a\u0219teptat pe malul Some\u0219ului cu stomacul gol<\/p>\n<p>ra\u021bele s-au transformat \u00een fripturi \u0219i-au zburat.<\/p>\n<p>numai eu te-am a\u0219teptat pe malul Some\u0219ului,<\/p>\n<p>unde-am r\u0103posat \u0219i m-am re\u00eencarnat \u00een<\/p>\n<p>Basca lui Bergman.<\/p>\n<p>\u0218i cum m-am mai \u00eenfr\u00e2nat s\u0103 invit la o partid\u0103 de \u0219ah<\/p>\n<p>cuplul care st\u0103tea la plaj\u0103 cu un copil,<\/p>\n<p>fiindc\u0103 eu, Basca lui Bergman,<\/p>\n<p>nu mai \u0219tiu dac\u0103 te-a\u0219tept pe tine, Cavalere,<\/p>\n<p>sau joc \u0219ah cu tine, Moarte.<\/p>\n<p>&nbsp;<\/p>\n<p>&nbsp;<\/p>\n<p align=\"justify\"><b>Femeia goal\u0103 cu hain\u0103 de blan\u0103<\/b><\/p>\n<p>&nbsp;<\/p>\n<p>Am vrut s\u0103-\u021bi trimit o scrisoare,<\/p>\n<p>Dar nici un plic nu are curajul s\u0103 \u00eembrace o scrisoare at\u00e2t de desfr\u00e2nat\u0103.<\/p>\n<p>Am vrut s\u0103-\u021bi trimit o scrisoare,<\/p>\n<p>Dar nici un timbru nu vrea s\u0103 fie complicele unui plic at\u00e2t de suspect.<\/p>\n<p>Am vrut s\u0103-\u021bi fac o vizit\u0103 neanun\u021bat\u0103,<\/p>\n<p>Dar sunt o scrisoare care n-are curajul s\u0103 ias\u0103 din cas\u0103 \u00een pielea goal\u0103,<\/p>\n<p>Acoperit\u0103 numai cu un plic timbrat.<\/p>\n","protected":false},"excerpt":{"rendered":"<p>de Ana Ionesei \u00a0 Franz Kafka\u00ae is a registered trademark \u00a0 M-am \u00eent\u00e2lnit cu Fantoma lui Kafka, fugise din Mal\u00e1 Strana \u00een ziua inaugur\u0103rii muzeului. Am \u00eentrebat-o ce mai face Josef K, mi-a r\u0103spuns c\u0103 la fel de r\u0103u, iar de c\u00e2nd cu apari\u0163ia tastaturilor circul\u0103 \u00een stare de dezmembrare \u00een coloniile de oameni cu [&hellip;]<\/p>\n","protected":false},"author":2,"featured_media":0,"comment_status":"open","ping_status":"open","sticky":false,"template":"","format":"standard","meta":{"jetpack_post_was_ever_published":false,"_jetpack_newsletter_access":"","_jetpack_dont_email_post_to_subs":false,"_jetpack_newsletter_tier_id":0,"_jetpack_memberships_contains_paywalled_content":false,"_jetpack_memberships_contains_paid_content":false,"footnotes":""},"categories":[1005,13],"tags":[631,1165,1114],"class_list":["post-10122","post","type-post","status-publish","format-standard","hentry","category-egophobia-39-40","category-poezie","tag-ana-ionesei","tag-egophobia-39-40","tag-poezie"],"jetpack_featured_media_url":"","jetpack_sharing_enabled":true,"jetpack_shortlink":"https:\/\/wp.me\/p6DakB-2Dg","_links":{"self":[{"href":"https:\/\/egophobia.ro\/index.php?rest_route=\/wp\/v2\/posts\/10122","targetHints":{"allow":["GET"]}}],"collection":[{"href":"https:\/\/egophobia.ro\/index.php?rest_route=\/wp\/v2\/posts"}],"about":[{"href":"https:\/\/egophobia.ro\/index.php?rest_route=\/wp\/v2\/types\/post"}],"author":[{"embeddable":true,"href":"https:\/\/egophobia.ro\/index.php?rest_route=\/wp\/v2\/users\/2"}],"replies":[{"embeddable":true,"href":"https:\/\/egophobia.ro\/index.php?rest_route=%2Fwp%2Fv2%2Fcomments&post=10122"}],"version-history":[{"count":2,"href":"https:\/\/egophobia.ro\/index.php?rest_route=\/wp\/v2\/posts\/10122\/revisions"}],"predecessor-version":[{"id":10124,"href":"https:\/\/egophobia.ro\/index.php?rest_route=\/wp\/v2\/posts\/10122\/revisions\/10124"}],"wp:attachment":[{"href":"https:\/\/egophobia.ro\/index.php?rest_route=%2Fwp%2Fv2%2Fmedia&parent=10122"}],"wp:term":[{"taxonomy":"category","embeddable":true,"href":"https:\/\/egophobia.ro\/index.php?rest_route=%2Fwp%2Fv2%2Fcategories&post=10122"},{"taxonomy":"post_tag","embeddable":true,"href":"https:\/\/egophobia.ro\/index.php?rest_route=%2Fwp%2Fv2%2Ftags&post=10122"}],"curies":[{"name":"wp","href":"https:\/\/api.w.org\/{rel}","templated":true}]}}