{"id":10204,"date":"2013-12-18T14:27:31","date_gmt":"2013-12-18T12:27:31","guid":{"rendered":"http:\/\/egophobia.ro\/?p=10204"},"modified":"2014-08-08T17:26:48","modified_gmt":"2014-08-08T15:26:48","slug":"artificii","status":"publish","type":"post","link":"https:\/\/egophobia.ro\/?p=10204","title":{"rendered":"Artificii"},"content":{"rendered":"<p><span style=\"color: green;\">(minDisec\u0163ii)<\/span><\/p>\n<p align=\"right\">de iQ666<\/p>\n<p>&nbsp;<\/p>\n<p align=\"justify\">\n&nbsp;Solistul clujean care evolueaz\u0103 pe scen\u0103 sub numele de Dudu Isabel a participat la Vocea Rom\u00e2niei \u0219i dup\u0103 prima apari\u021bie la televizor a fost proclamat mare favorit. Presa local\u0103 napocan\u0103, care nu l-a prea b\u0103gat \u00een seam\u0103 \u00een cei peste cincisprezece ani de c\u00e2nd c\u00e2nt\u0103 el rock \u0219i metal, cu trupe ca Voices of Silence, Seven, Hungry for Heaven, 5alive,  S.L.U.T., Silent Scream sau Vespera (av\u00e2nd \u0219i scurte colabor\u0103ri cu C.A.S.H., 4play \u0219i Keep Away), l-a decoperit dintr-o dat\u0103. Pe l\u00e2ng\u0103 pres\u0103, s-a scris despre Dudu \u0219i pe bloguri ale concitadinilor s\u0103i, iar reac\u021biile la articolele dedicate lui \u0219i presta\u021biei sale din cadrul emisiunii respective au fost foarte pozitive, semn c\u0103 public pentru muzica lui exist\u0103, dar st\u0103 bine pitit. Pe alocuri au ap\u0103rut \u00eentreb\u0103ri despre locul \u00een care Dudu a stat ascuns p\u00e2n\u0103 atunci, omul nemaifiind de vreun deceniu clasificabil drept o t\u00e2n\u0103r\u0103 speran\u021b\u0103, \u00eens\u0103 nic\u0103ieri n-am v\u0103zut vreo scuz\u0103, ca s\u0103 nu zic autocritic\u0103, legat\u0103 de ignorarea sa constant\u0103 de c\u0103tre cei care se m\u00e2ndreau brusc cu el.<!--more--><br \/>\n&nbsp;<\/p>\n<p align=\"justify\">\nLa urm\u0103toarea emisiune Dudu a fost eliminat din concurs, discutabil dup\u0103 p\u0103rerea multora, \u0219i majoritatea celor care-l l\u0103udaser\u0103 au mirosit posibilul scandal \u0219i l-au c\u0103inat public. \u00cens\u0103, v\u0103z\u00e2nd c\u0103 nu se isc\u0103 mari valuri, p\u00e2n\u0103 la urm\u0103 cui \u00eei pas\u0103 de un concurs oarecare de interpretare muzical\u0103?, au uitat rapid de el. Dup\u0103 nici o s\u0103pt\u0103m\u00e2n\u0103 numele lui Dudu Isabel mai putea fi g\u0103sit doar prin arhive, nu \u0219i pe paginile principale ale site&#8217;urilor \u0219i ziarelor unde tocmai se scrisese despre el. Ceva asem\u0103n\u0103tor s-a \u00eent\u00e2mplat \u0219i cu R\u0103zvan Krivach, alt vocalist rock din Cluj cu care presa local\u0103 s-a l\u0103udat doar c\u00e2nd a c\u00e2\u0219tigat festivalul de la Mamaia \u0219i Cerbul de Aur, ignor\u00e2ndu-i \u00eens\u0103 presta\u021biile solo sau \u00een cadrul unor trupe rock\/metal precum C.A.S.H., Ipse, Lee Quid sau Seven. \u0218i mi se pare foarte probabil ca despre urm\u0103torul muzician rock\/metal clujean care-\u0219i va avea parte de cele cincisprezece minute de faim\u0103 pe plan na\u021bional s\u0103 se scrie acas\u0103 la el doar \u00een acel moment.<br \/>\n&nbsp;<\/p>\n<p align=\"justify\">\nNimeni din mass-media generalist\u0103 clujean\u0103 nu s-a g\u00e2ndit s\u0103 \u00eencerce s\u0103 profite de valul de interes iscat de Dudu sau Krivach pentru muzica rock\/metal local\u0103 spre a o aduce permanent \u00een aten\u021bia publicului. Sigur c\u0103 Clujul e un ora\u0219 mic unde fiecare se cunoa\u0219te cu fiecare, dar totu\u0219i c\u00e2\u021bi dintre cei care s-au indignat acum la eliminarea lui Dudu de la Vocea Rom\u00e2niei vor participa peste un an la concertele trupelor \u00een care el activeaz\u0103? O fi chiar a\u0219a greu ca pe l\u00e2ng\u0103 fata s\u0103pt\u0103m\u00e2nii s\u0103 se prezinte \u0219i trupa s\u0103pt\u0103m\u00e2nii? Nici m\u0103car nu trebuie s\u0103 fie toate rock, de\u0219i cred c\u0103-n Cluj sunt destule pentru a umple toate s\u0103pt\u0103m\u00e2nile unui an, exist\u0103 pe plan local destule forma\u021bii care c\u00e2nt\u0103 tot felul de muzici. Iar c\u00e2nd urm\u0103torul solist rock din Cluj va ajunge la televizor lumea va \u0219ti de unde s\u0103-l ia, nu le va lua mai mult poten\u021bialilor fani s\u0103-l descopere dec\u00e2t lui s\u0103 dispar\u0103 din luminile rampei. Poate c\u0103 a\u0219a \u0219i cei care acum s-au indignat c\u0103 clujeanul lor a fost nedrept\u0103\u021bit de Loredana \u00eel vor cunoa\u0219te \u0219i aprecia \u0219i \u00eenainte \u0219i dup\u0103 marele eveniment, sus\u021bin\u00e2ndu-l inclusiv prin cump\u0103rarea de bilete la concertele sale.<br \/>\n&nbsp;<\/p>\n<p align=\"justify\">\nA\u0219 fi putut s\u0103 scriu cele de mai sus la modul general, f\u0103r\u0103 s\u0103 dau nume, cum o fac de obicei. Dar de ce s\u0103 mai pierdem vremea eu cu codatul \u0219i voi cu descifratul, risc\u00e2nd ca mesajul pe care vreau s\u0103-l transmit s\u0103 se r\u0103t\u0103ceasc\u0103 pe drum? Fiind vorba de un eveniment recent, cred c\u0103 ve\u021bi \u0219ti despre ce vorbesc. C\u00e2t despre generaliz\u0103ri, crede cineva c\u0103 ce am scris mai sus se aplic\u0103 strict la Cluj \u0219i Dudu Isabel?<\/p>\n","protected":false},"excerpt":{"rendered":"<p>(minDisec\u0163ii) de iQ666 &nbsp; &nbsp;Solistul clujean care evolueaz\u0103 pe scen\u0103 sub numele de Dudu Isabel a participat la Vocea Rom\u00e2niei \u0219i dup\u0103 prima apari\u021bie la televizor a fost proclamat mare favorit. Presa local\u0103 napocan\u0103, care nu l-a prea b\u0103gat \u00een seam\u0103 \u00een cei peste cincisprezece ani de c\u00e2nd c\u00e2nt\u0103 el rock \u0219i metal, cu trupe [&hellip;]<\/p>\n","protected":false},"author":2,"featured_media":0,"comment_status":"open","ping_status":"open","sticky":false,"template":"","format":"standard","meta":{"jetpack_post_was_ever_published":false,"_jetpack_newsletter_access":"","_jetpack_dont_email_post_to_subs":false,"_jetpack_newsletter_tier_id":0,"_jetpack_memberships_contains_paywalled_content":false,"_jetpack_memberships_contains_paid_content":false,"footnotes":""},"categories":[55,1005,112],"tags":[1120,1041,1165,113,322],"class_list":["post-10204","post","type-post","status-publish","format-standard","hentry","category-articole","category-egophobia-39-40","category-mindisecii","tag-articole","tag-dudu-isabel","tag-egophobia-39-40","tag-iq666","tag-mindisectii"],"jetpack_featured_media_url":"","jetpack_sharing_enabled":true,"jetpack_shortlink":"https:\/\/wp.me\/p6DakB-2EA","_links":{"self":[{"href":"https:\/\/egophobia.ro\/index.php?rest_route=\/wp\/v2\/posts\/10204","targetHints":{"allow":["GET"]}}],"collection":[{"href":"https:\/\/egophobia.ro\/index.php?rest_route=\/wp\/v2\/posts"}],"about":[{"href":"https:\/\/egophobia.ro\/index.php?rest_route=\/wp\/v2\/types\/post"}],"author":[{"embeddable":true,"href":"https:\/\/egophobia.ro\/index.php?rest_route=\/wp\/v2\/users\/2"}],"replies":[{"embeddable":true,"href":"https:\/\/egophobia.ro\/index.php?rest_route=%2Fwp%2Fv2%2Fcomments&post=10204"}],"version-history":[{"count":2,"href":"https:\/\/egophobia.ro\/index.php?rest_route=\/wp\/v2\/posts\/10204\/revisions"}],"predecessor-version":[{"id":10422,"href":"https:\/\/egophobia.ro\/index.php?rest_route=\/wp\/v2\/posts\/10204\/revisions\/10422"}],"wp:attachment":[{"href":"https:\/\/egophobia.ro\/index.php?rest_route=%2Fwp%2Fv2%2Fmedia&parent=10204"}],"wp:term":[{"taxonomy":"category","embeddable":true,"href":"https:\/\/egophobia.ro\/index.php?rest_route=%2Fwp%2Fv2%2Fcategories&post=10204"},{"taxonomy":"post_tag","embeddable":true,"href":"https:\/\/egophobia.ro\/index.php?rest_route=%2Fwp%2Fv2%2Ftags&post=10204"}],"curies":[{"name":"wp","href":"https:\/\/api.w.org\/{rel}","templated":true}]}}