{"id":10353,"date":"2014-06-03T22:21:09","date_gmt":"2014-06-03T20:21:09","guid":{"rendered":"http:\/\/egophobia.ro\/?p=10353"},"modified":"2014-06-03T22:21:09","modified_gmt":"2014-06-03T20:21:09","slug":"deocamdata-incerc-sa-mi-dau-seama-cum-e-viata-mea-acum","status":"publish","type":"post","link":"https:\/\/egophobia.ro\/?p=10353","title":{"rendered":"&#8220;Deocamdat\u0103 \u00eencerc s\u0103-mi dau seama cum e via\u021ba mea acum&#8221;"},"content":{"rendered":"<p><strong>[interviu cu Adina Dabija &#8211; invitata din EgoPHobia #41]<\/strong><\/p>\n<p align=\"right\">de Sorin-Mihai Grad<\/p>\n<p>&nbsp;<\/p>\n<p>&nbsp;<\/p>\n<p align=justify>\n<strong>Preferi c\u0103ldura sau frigul?<\/strong><\/p>\n<p>Observ posibilitatea frigului de a se transforma \u00een c\u0103ldur\u0103 \u0219i a c\u0103ldurii de a se transforma \u00een frig. F\u0103r\u0103 polariz\u0103ri nu po\u021bi mi\u0219ca energia \u00een dimensiunea noastr\u0103 terestr\u0103, dar ele nu sunt scopul \u00een sine. Scopul \u00een sine e s\u0103 direc\u021bionezi energia \u00een \u201dsus\u201d, dincolo de \u201dpreferin\u021be\u201d, de anotimpuri, \u00eentr-o zon\u0103 \u00een care exist\u0103 o parte din tine care observ\u0103 aceste mi\u0219c\u0103ri ale sufletului de la cald la rece \u0219i invers, pe care unele tradi\u021bii o numesc \u201dcon\u0219tiin\u021b\u0103\u201d, altele \u201dsine\u201d, \u201dAtman\u201d sau \u201dsuflet\u201d.<!--more--><\/p>\n<p><strong>\u00a0<\/strong><\/p>\n<p><strong>Ai descoperit locul \u00een care \u021bi-ai dori s\u0103 tr\u0103ie\u0219ti sau te face fericit\u0103 continua lui c\u0103utare? Unde \u00ee\u021bi dore\u0219ti s\u0103 ajungi \u0219i \u00eenc\u0103 nu s-a ivit ocazia?<\/strong><\/p>\n<p>Zilele trecute m-a sunat o fat\u0103 din aeroport care \u00eemi spunea c\u0103 pleac\u0103 \u00een Rom\u00e2nia s\u0103 \u201do ia de la cap\u0103t\u201d. I-am spus: crezi c\u0103 acolo nu te vei confrunta exact cu acelea\u0219i probleme ca aici? P\u00e2n\u0103 la urm\u0103, oriunde te duci \u00een plan orizonal, te confrun\u021bi tot cu tine \u00eensu\u021bi, cu limitele fiin\u021bei tale, cu limitele a ceea ce ai \u00een\u021beles c\u0103 este via\u021ba. Ea mi-a spus c\u0103 \u00een America oamenii tr\u0103iesc pentru pl\u0103cere, pentru gratificare, dar eu i-am r\u0103spuns asta po\u021bi s\u0103 alegi s\u0103 vezi \u00een orice loc din lume. Prin cum tr\u0103iesc, oamenii \u00ee\u0219i arat\u0103 nivelul de dezvoltare interioar\u0103. Eu le spun pacien\u021bilor mei: \u201dG\u00e2nde\u0219te-te cum ar fi o via\u021b\u0103 \u00een care s\u0103 te treze\u0219ti diminea\u021ba \u0219i s\u0103-\u021bi spui: \u201dCe grozav, \u00eencepe o nou\u0103 zi!\u201d \u0219i s\u0103 sari din pat de fericire\u201d. Secretul fericirii e ascuns chiar \u00een \u00eentrebarea ta: este cuv\u00e2ntul \u201dtr\u0103ie\u0219ti\u201d. Dac\u0103 \u00een loc s\u0103 \u201dfac\u0103\u201d, s\u0103 \u201daibe\u201d, s\u0103 \u201drealizeze\u201d oamenii \u0219i-ar concepe ni\u0219te mici insule de timp \u00een decursul unei zile \u00een care \u201ds\u0103 fie\u201d pur \u0219i simplu, planeta ar ar\u0103ta diferit.<\/p>\n<p><strong>\u00a0<\/strong><\/p>\n<p><strong>Te-ai g\u00e2ndit vreodat\u0103 la pensie? Dac\u0103 da, cum \u00ee\u021bi imaginezi c\u0103 va fi via\u021ba ta atunci?<\/strong><\/p>\n<p>Deocamdat\u0103 \u00eencerc s\u0103-mi dau seama cum e via\u021ba mea acum&#8230;<\/p>\n<p><strong>\u00a0<\/strong><\/p>\n<p><strong>Ce \u00ee\u021bi spune cuv\u00e2ntul &#8220;egophobia&#8221;?<\/strong><\/p>\n<p>Fobie de ego. A tr\u0103i \u00een afara personalit\u0103\u021bii, concept greu de pus \u00een practic\u0103, dar pe care toate marile tradi\u021bii spirituale ale lumii \u00eel enumer\u0103 printre condi\u021biile abord\u0103rii unei \u201dc\u0103i\u201d spirituale. Dar de ce i-ati pus numele \u0103sta \u0219i publica\u021bi cu semn\u0103tur\u0103?<\/p>\n<p><strong>\u00a0<\/strong><\/p>\n<p><strong>C\u00e2nd \u00eencepi s\u0103 scrii ceva \u0219tii de la \u00eenceput \u00een ce limb\u0103 o vei face sau asta se cristalizeaz\u0103 abia pe m\u0103sura ce \u00eenaintezi cu manuscrisul?<\/strong><\/p>\n<p>S\u0103 fie foarte clar: \u00een afar\u0103 de poezie, care curge, \u00een proz\u0103 fac un efort dac\u0103 scriu \u00een englez\u0103. Dar nu am \u00eencotro, \u00eemi plac lucrurile dificile&#8230;<\/p>\n<p><strong>\u00a0<\/strong><\/p>\n<p><strong>Aduni idei, noti\u021be, teme, fragmente \u0219i ulterior \u00eencerci s\u0103 le \u00eencorporezi \u00eentr-un proiect sau scrii pur \u0219i simplu?<\/strong><\/p>\n<p>Nu cred c\u0103 exist\u0103 scris \u201dpur \u0219i simplu\u201d. Exist\u0103 o fiziologie a scrisului, care corespunde fiziologiei (stadiului) sufletului. Am scris despre asta \u00een <em>\u0218aman<\/em>, unde descriam trei fiziologii ale scrisului corespunz\u0103toare a trei grade de distilare a sufletului. Eu v\u0103d scrisul ca pe o conec\u021bie \u00eentre subcon\u0219tient \u0219i con\u0219tient (logos). Subcon\u0219tientul e conectat cu sinele universal, este cel care \u00eentotdeauna \u201d\u0219tie\u201d. Din acest punct de vedere, nu po\u021bi s\u0103 \u201daduni\u201d idei cum spui tu, mai degrab\u0103 le atragi, subcon\u0219tientul t\u0103u atrage ceea ce are nevoie \u00een acel moment ca s\u0103 ajute con\u0219tiin\u021ba s\u0103 \u201dvad\u0103\u201d \u0219i s\u0103 scoat\u0103 la lumin\u0103 prin logos.<\/p>\n<p><strong>\u00a0<\/strong><\/p>\n<p><strong>\u00centreb\u0103rile despre c\u00e2t \u0219i ce din <em>\u0218aman<\/em> e realitate \u0219i ce e fic\u021biune te plictisesc, irit\u0103, amuz\u0103, las\u0103 rece,&#8230;?<\/strong><\/p>\n<p>Nimic din toate astea. M\u0103 nelini\u0219tesc, pentru c\u0103 nici eu nu \u0219tiu c\u00e2t e realitate \u0219i cat fic\u021biune. Mai mult, nu \u0219tiu dac\u0103 eu am scris <em>\u0218aman<\/em>, sau el m-a scris pe mine&#8230;<\/p>\n<p><strong>\u00a0<\/strong><\/p>\n<p><strong>Copiii t\u0103i vor primi c\u0103r\u021bile tale de la tine s\u0103 le citeasc\u0103 sau vor trebui s\u0103 \u0219i le procure singuri dac\u0103 vor fi interesa\u021bi de ele?<\/strong><\/p>\n<p>Sunt pe aici, pe undeva, prin bibliotec\u0103. Nici eu nu \u0219tiu prea bine pe unde, e cam dezordine. Dac\u0103 vor fi interesa\u021bi de bibliotec\u0103 le vor descoperi cu siguran\u021b\u0103 la un moment dat, printre alte c\u0103r\u021bi mult mai interesante. La fel \u0219i cu cei care vor \u201dsim\u021bi c\u0103 trebuie s\u0103 aibe\u201d cartea mea. Dac\u0103 vor trebui s\u0103 o citeasc\u0103, ceva \u00eei va atrage spre ea. De asta nu cred \u00een marketing&#8230;<\/p>\n<p><strong>\u00a0<\/strong><\/p>\n<p><strong>\u021ai-a spus cineva p\u00e2n\u0103 acum c\u0103 l-ar fi plictisit vreuna dintre c\u0103r\u021bile tale? Ai \u00eencercat s\u0103-l convingi de contrariu sau i-ai permis s\u0103 aib\u0103 propria sa opinie despre ea? Dac\u0103 nu s-a \u00eent\u00e2mplat \u00eenc\u0103 a\u0219a ceva, cum crezi c\u0103 ai reac\u021biona \u00eentr-o asemenea situa\u021bie?<\/strong><\/p>\n<p>Sincer, cea care se plictise\u0219te cel mai tare sunt eu. Nu c\u0103 mi-a\u0219 reciti vreodat\u0103 c\u0103r\u021bile, \u00een afar\u0103 de atunci c\u00e2nd particip la vreo serat\u0103 literar\u0103, dar \u00een place s\u0103 m\u0103 retrag adesea \u00eentr-o linie perpendicular\u0103 pe aceast\u0103 s\u0103geata trecut-viitor despre care oamenii cred c\u0103 e via\u021ba. M\u0103 uit la c\u0103r\u021bile publicate ca la ni\u0219te piei de \u0219arpe pe care le-am schimbat. C\u0103r\u021bile fac parte dintr-un proces fiziologic al sufletului de a se vedea pe sine \u00eensu\u0219i din afar\u0103. \u00centr-un fel, e normal s\u0103 m\u0103 plictiseasc\u0103, pentru c\u0103 le compar cu intensitatea\u00a0 experien\u021bei scrierii lor. Pe de alt\u0103 parte, nu m\u0103 pot plictisi, pentru c\u0103 sunt documente, sunt importante pentru mine \u2013 documente ale trecerii sufletului meu prin lume. Cum a\u0219 reac\u021biona dac\u0103 cineva mi-ar spune c\u0103 l-a plictisit vreo carte de-a mea? \u00cen nici un fel, mi s-ar p\u0103rea normal, e dreptul fiec\u0103ruia s\u0103 ia din via\u021b\u0103 partea care \u00eel hr\u0103ne\u0219te. C\u0103r\u021bile le-am scris pentru mine \u0219i le-am publicat \u00een speran\u021ba c\u0103 \u00eei vor mi\u0219ca pe al\u021bii. Aceast\u0103 mi\u0219care a sufletului celuilalt e foarte important\u0103, \u0219i trebuie folosit\u0103 cu responsabilitate. Arta poate s\u0103 mi\u0219te sufletul \u0219i e responsabil\u0103 de direc\u021bia \u00een care \u00eel mi\u0219c\u0103, presupun\u00e2nd c\u0103 reu\u0219e\u0219te s\u0103-l mi\u0219te.<\/p>\n<p><strong>\u00a0<\/strong><\/p>\n<p><strong>Tr\u0103ind \u00een S.U.A. \u0219i scriind \u0219i \u00een englez\u0103, nu te tenteaz\u0103 s\u0103 \u00eencerci s\u0103 faci unele concesii pentru a profita de aparatul publicistic american \u0219i a ajunge s\u0103 tr\u0103ie\u0219ti din scris?<\/strong><\/p>\n<p>Aparat publicistic? Nu am auzit.<\/p>\n<p>\u0218tiu sigur c\u0103 \u00eentr-o zi voi ajunge s\u0103 tr\u0103iesc din ceea ce sunt, din ce am \u00een\u021beles din via\u021b\u0103, iar scrisul face parte integrant\u0103 din asta, dar \u00eenc\u0103 nu sunt \u00een acel punct.<\/p>\n<p><strong>\u00a0<\/strong><\/p>\n<p><strong>Ai publica(t) sub pseudonim? De ce?<\/strong><\/p>\n<p>Am mai publicat ocazional sub pseudonim, ca s\u0103 nu am probleme cu autorit\u0103\u021bile, pe c\u00e2nd lucram \u00een pres\u0103.<\/p>\n<p><strong>\u00a0<\/strong><\/p>\n<p><strong>C\u00e2nd faci cuno\u0219tin\u021b\u0103 cu cineva te prezin\u021bi ca scriitoare, medic, ambele sau evi\u021bi asemenea am\u0103nunte \u00een prima faz\u0103?<\/strong><\/p>\n<p>Nu exist\u0103 \u201dfaze\u201d. Dac\u0103 m\u0103 intereseaz\u0103 cineva \u00eemi dau seama imediat \u0219i m\u0103 conectez cu el f\u0103r\u0103 nici o introducere \u0219i dincolo de orice context. Dac\u0103 nu, respect contextul.<\/p>\n<p><strong>\u00a0<\/strong><\/p>\n<p><strong>Ce \u00eenseamn\u0103 pentru tine e o carte adevarat\u0103?<\/strong><\/p>\n<p>O energie care m\u0103 atrage s\u0103 ating cartea, s\u0103 o apuc \u0219i s\u0103 nu o las p\u00e2n\u0103 nu o p\u0103trund.<\/p>\n<p><strong>\u00a0<\/strong><\/p>\n<p><strong>Ce-\u021bi place cel mai mult s\u0103 cite\u0219ti, poezie, proz\u0103, teatru, memorii, nonfic\u021biune,&#8230;?<\/strong><\/p>\n<p>Citesc de toate, cu condi\u021bia s\u0103 existe ceva care m\u0103 atrage s\u0103 iau cartea \u00een m\u00e2ini.<\/p>\n<p><strong>\u00a0<\/strong><\/p>\n<p><strong>Cite\u0219ti (\u0219i) pe e-reader sau doar pe h\u00e2rtie?<\/strong><\/p>\n<p>Citesc pe tot ceea ce poate fi lizibil.<\/p>\n<p><strong>\u00a0<\/strong><\/p>\n<p><strong>Te prezin\u021bi la vot? <\/strong><\/p>\n<p>Pe vremuri da, dar la ultimul referendum nu m-am prezentat. Ni se dau op\u021biuni false \u0219i nu e corect.<\/p>\n<p><strong>\u00a0<\/strong><\/p>\n<p><strong>Urm\u0103re\u0219ti rezultatele sportivilor rom\u00e2ni \u00een competi\u021bii interna\u021bionale importante?<\/strong><\/p>\n<p>Nu.<\/p>\n<p>&nbsp;<\/p>\n<p><strong>Ce se \u00eent\u00e2mpl\u0103 cu revista Respiro?<\/strong><\/p>\n<p>\u00cencearc\u0103 s\u0103 \u021bin\u0103 pasul cu noi, cu trecerea noastr\u0103 prin lume. \u0218i nu invers, din p\u0103cate. Preg\u0103tim un nou num\u0103r, despre Real\/Realitate\/Realism. Sper s\u0103 o termin\u0103m \u00een c\u00e2teva s\u0103pt\u0103m\u00e2ni!<\/p>\n","protected":false},"excerpt":{"rendered":"<p>[interviu cu Adina Dabija &#8211; invitata din EgoPHobia #41] de Sorin-Mihai Grad &nbsp; &nbsp; Preferi c\u0103ldura sau frigul? Observ posibilitatea frigului de a se transforma \u00een c\u0103ldur\u0103 \u0219i a c\u0103ldurii de a se transforma \u00een frig. F\u0103r\u0103 polariz\u0103ri nu po\u021bi mi\u0219ca energia \u00een dimensiunea noastr\u0103 terestr\u0103, dar ele nu sunt scopul \u00een sine. Scopul \u00een [&hellip;]<\/p>\n","protected":false},"author":2,"featured_media":0,"comment_status":"open","ping_status":"open","sticky":false,"template":"","format":"standard","meta":{"jetpack_post_was_ever_published":false,"_jetpack_newsletter_access":"","_jetpack_dont_email_post_to_subs":false,"_jetpack_newsletter_tier_id":0,"_jetpack_memberships_contains_paywalled_content":false,"_jetpack_memberships_contains_paid_content":false,"footnotes":""},"categories":[1044,125],"tags":[820,1166,132,1129,116],"class_list":["post-10353","post","type-post","status-publish","format-standard","hentry","category-egophobia-41","category-invitat","tag-adina-dabija","tag-egophobia-41","tag-interviu","tag-invitat","tag-sorin-mihai-grad"],"jetpack_featured_media_url":"","jetpack_sharing_enabled":true,"jetpack_shortlink":"https:\/\/wp.me\/p6DakB-2GZ","_links":{"self":[{"href":"https:\/\/egophobia.ro\/index.php?rest_route=\/wp\/v2\/posts\/10353","targetHints":{"allow":["GET"]}}],"collection":[{"href":"https:\/\/egophobia.ro\/index.php?rest_route=\/wp\/v2\/posts"}],"about":[{"href":"https:\/\/egophobia.ro\/index.php?rest_route=\/wp\/v2\/types\/post"}],"author":[{"embeddable":true,"href":"https:\/\/egophobia.ro\/index.php?rest_route=\/wp\/v2\/users\/2"}],"replies":[{"embeddable":true,"href":"https:\/\/egophobia.ro\/index.php?rest_route=%2Fwp%2Fv2%2Fcomments&post=10353"}],"version-history":[{"count":4,"href":"https:\/\/egophobia.ro\/index.php?rest_route=\/wp\/v2\/posts\/10353\/revisions"}],"predecessor-version":[{"id":10357,"href":"https:\/\/egophobia.ro\/index.php?rest_route=\/wp\/v2\/posts\/10353\/revisions\/10357"}],"wp:attachment":[{"href":"https:\/\/egophobia.ro\/index.php?rest_route=%2Fwp%2Fv2%2Fmedia&parent=10353"}],"wp:term":[{"taxonomy":"category","embeddable":true,"href":"https:\/\/egophobia.ro\/index.php?rest_route=%2Fwp%2Fv2%2Fcategories&post=10353"},{"taxonomy":"post_tag","embeddable":true,"href":"https:\/\/egophobia.ro\/index.php?rest_route=%2Fwp%2Fv2%2Ftags&post=10353"}],"curies":[{"name":"wp","href":"https:\/\/api.w.org\/{rel}","templated":true}]}}