{"id":10455,"date":"2014-10-28T15:57:29","date_gmt":"2014-10-28T13:57:29","guid":{"rendered":"http:\/\/egophobia.ro\/?p=10455"},"modified":"2015-04-24T10:05:26","modified_gmt":"2015-04-24T08:05:26","slug":"interviu-cu-redactia-egophobia-in-42","status":"publish","type":"post","link":"https:\/\/egophobia.ro\/?p=10455","title":{"rendered":"interviu cu redac\u021bia \u00een EgoPHobia #42"},"content":{"rendered":"<p align=\"justify\">V\u0103 mul\u021bumim pentru \u00eentreb\u0103rile pe care ni le-a\u021bi adresat cu ocazia anivers\u0103rii primului deceniu de existen\u021b\u0103 al e-revistei noastre. Le pute\u021bi citi \u00een continuare, \u00eenso\u021bite de r\u0103spunsurile noastre.<\/p>\n<p>&nbsp;<\/p>\n<p align=\"justify\">\n<p>Claudiu: De ce l-a\u021bi dat afar\u0103 pe Adrian Ioni\u021b\u0103?<\/p>\n<p>EgoPHobia: Nu l-am dat afar\u0103. De fapt n-am dat afar\u0103 pe nimeni din redac\u021bie \u00een to\u021bi ace\u0219ti zece ani, cei care au p\u0103r\u0103sit echipa EgoPHobia \u0219i-au ales singuri momentul pentru asta, de obicei din cauza lipsei de timp sau a schimb\u0103rii priorit\u0103\u021bilor. Suntem \u00een rela\u021bii bune cu to\u021bi cei care au trecut prin redac\u021bia noastr\u0103, nimeni n-a plecat cu scandal.<br \/>\n<!--more--><\/p>\n<p>&nbsp;<\/p>\n<p>Marius: Cine e cel mai neserios din redac\u021bie?<\/p>\n<p>EgoPHobia: Cum suntem cu to\u021bii foarte mode\u0219ti am tot pasat titlul de la unul la altul p\u00e2n\u0103 ce s-a pierdut undeva pe drum.<\/p>\n<p>&nbsp;<\/p>\n<p>sa+an: Care e numele adev\u0103rat al lui iQ666?<\/p>\n<p>EgoPHobia: Nu-l cunoa\u0219tem \u0219i b\u0103nuim c\u0103 nici el nu-l mai \u0219tie. Sau ei, pentru c\u0103 unii cred c-ar fi vorba de un grup de persoane care folose\u0219te acest pseudonim.<\/p>\n<p>&nbsp;<\/p>\n<p>Marina: Cine este cel mai important scriitor pe care l-a\u021bi descoperit?<\/p>\n<p>EgoPHobia: Descoperit e mult spus, autorii ne descoper\u0103 pe noi \u0219i ne \u00eencredin\u021beaz\u0103 texte, iar noi alegem s\u0103 le public\u0103m sau nu. Probabil c\u0103 cel mai important autor care a debutat \u00een EgoPHobia e, p\u00e2n\u0103 acum, Cristina Nemerovschi.<\/p>\n<p>&nbsp;<\/p>\n<p>Marina: De ce nu v\u0103 mai schimbati lookul sitului la fiecare num\u0103r, ca pe vremuri?<\/p>\n<p>EgoPHobia: Cel care se ocupa de asta nu mai are timp pentru EgoPHobia \u0219i n-am g\u0103sit pe altcineva.<\/p>\n<p>&nbsp;<\/p>\n<p>Nimrod: Unde e steampunkul?<\/p>\n<p>EgoPHobia: Peste tot. Mai pu\u021bin \u00een EgoPHobia, deocamdat\u0103 (?), din p\u0103cate.<\/p>\n<p>&nbsp;<\/p>\n<p>Nimrod: Cel mai mare compromis pe care l-a\u021bi f\u0103cut.<\/p>\n<p>EgoPHobia: E greu de spus, pentru c\u0103 nu prea am f\u0103cut. Dac\u0103 e vorba de ce am publicat, am fost consecven\u021bi \u00een a evita s\u0103 public\u0103m texte slabe chiar dac\u0103 erau semnate de nume importante. Cu dou\u0103 excep\u021bii, c\u00e2nd ni\u0219te erori de comunicare \u00een redac\u021bie au dus la trimiterea de mesaje prin care li se comunica autorilor c\u0103 materialele lor au fost acceptate spre publicare, de\u0219i nu era cazul. \u00cen acele cazuri ne-am asumat r\u0103spunderea \u0219i nu ne-am luat cuv\u00e2ntul \u00eenapoi.<\/p>\n<p>&nbsp;<\/p>\n<p>George: Cum de nu a\u021bi colaborat cu Andrei Ruse?<\/p>\n<p>EgoPHobia: L-am avut invitat \u00een EgoPHobia #25 \u0219i suntem \u00een rela\u021bii bune cu el, am avut c\u00e2teva colabor\u0103ri la unele din proiectele sale online legate de literatur\u0103. Nu ne-a abordat niciodat\u0103 \u00een scopul ader\u0103rii la redac\u021bia noastr\u0103, dac\u0103 asta era \u00eentrebarea ta.<\/p>\n<p>&nbsp;<\/p>\n<p>George: De ce l-a\u021bi concediat pe Komartin?<\/p>\n<p>EgoPHobia: Nu l-am concediat, a ales la un moment dat s\u0103 se concentreze pe alte proiecte \u0219i nu i-a mai permis timpul s\u0103 activeze \u0219i \u00een cadrul redac\u021biei noastre, cu care a colaborat \u00eens\u0103 \u0219i ulterior.<\/p>\n<p>&nbsp;<\/p>\n<p>George: C\u00e2teva faze amuzante din istoria voastr\u0103.<\/p>\n<p>EgoPHobia: \u00cen afar\u0103 de discu\u021biile \u00een urma c\u0103rora a ap\u0103rut numele revistei? Cam 10-20% dintre textele pe care le primim pentru fiecare num\u0103r sunt amuzante r\u0103u, \u0219i nu \u00een sensul bun, chiar ne g\u00e2ndeam c\u00e2ndva s\u0103 public\u0103m un supliment al unui num\u0103r cu asemenea materiale sau chiar o revist\u0103 fantom\u0103 parodie a EgoPHobia. Alt\u0103 faz\u0103 amuzant\u0103 apare de obicei c\u00e2nd cineva din redac\u021bie se recomand\u0103 a fi de la EgoPHobia \u0219i interlocutorul se declar\u0103 \u00eenc\u00e2ntat c\u0103 are prilejul s\u0103-l cunoasc\u0103 pe \u0218tefan Bolea, de\u0219i nu despre el e vorba.<\/p>\n<p>&nbsp;<\/p>\n<p>Ana: Vreau doar s\u0103 v\u0103 felicit pentru cei zece ani, iar dac\u0103 trebuie neap\u0103rat s\u0103 fie o \u00eentrebare: cine a venit cu ideea numelui?<\/p>\n<p>EgoPHobia: Editorul \u0219i cofondatorul nostru Sorin-Mihai Grad. Dup\u0103 ce am dezb\u0103tut c\u00e2teva zeci de nume, unul mai dubios \u0219i mai haios ca altul, el a propus EgoPHobia \u0219i discu\u021bia s-a oprit brusc.<\/p>\n<p>&nbsp;<\/p>\n<p>Eugen: Ar fi timpul s\u0103 ap\u0103re\u021bi mai regulat, nu crede\u021bi?<\/p>\n<p>EgoPHobia: Ar cam fi, dar \u00eentre planuri \u0219i realitate e distan\u021b\u0103 prea mare uneori. Noi ne dorim \u0219i ne-am propus ca m\u0103car de la anul s\u0103 ne stabiliz\u0103m cumva apari\u021biile.<\/p>\n<p>&nbsp;<\/p>\n<p>Miruna: Cu cine v\u0103 ur\u00e2\u021bi din literatura rom\u00e2n\u0103?<\/p>\n<p>EgoPHobia: Cu nimeni. Nu apar\u021binem nici unei g\u0103\u0219ti, nu ne-am certat cu nimeni \u0219i n-am preluat conflictele prietenilor no\u0219tri.<\/p>\n<p>&nbsp;<\/p>\n<p>Matei: Domnule Bolea, de unde v\u0103 vin ideile pentru editorialele excelente pe care le scrie\u021bi? Nu au leg\u0103tur\u0103 cu nimic din revist\u0103, dar sunt mereu superbe! Le ve\u021bi aduna c\u00e2ndva \u00eentr-o carte?<\/p>\n<p>EgoPHobia: \u00centr-adev\u0103r, este posibil ca editorialele din EgoPHobia s\u0103 fie reunite \u00eentr-un volum \u00een 2015, \u00eempreun\u0103 cu alte texte care mi se par importante. Prin aceste editoriale am \u00eencercat s\u0103 dau tonul unei atitudini egophobice, s\u0103 r\u0103spund la vibra\u021bia tot mai puternic\u0103 a Zeitgeist-ului. Am inten\u021bionat s\u0103 comunic cu cititorul \u00een profunzime, de la sine la sine sau, dac\u0103 vre\u021bi, de la subcon\u0219tient la subcon\u0219tient. De aceea, textele au o substan\u021b\u0103 liric\u0103, oniric\u0103 \u0219i simultan plutonic\u0103.<\/p>\n<p>&nbsp;<\/p>\n<p>Ioana: Designul nu-mi place, nici cel dinainte.<\/p>\n<p>EgoPHobia: Exist\u0103 \u0219i destule discu\u021bii interne pe aceast\u0103 tem\u0103, unanimitatea e greu de atins. \u0218i nici nu ne dorim a\u0219a ceva, pu\u021bin\u0103 controvers\u0103 nu stric\u0103 niciodat\u0103.<\/p>\n<p>&nbsp;<\/p>\n<p>Ioana: C\u00e2nd mai veni\u021bi cu ceva nou?<\/p>\n<p>EgoPHobia: Ne dorim \u0219i noi s\u0103 g\u0103sim ceva interesant care s\u0103 continue linia muzic\u0103+literatur\u0103, carte-film, experiment, steampunk, proz\u0103 scurt\u0103. Urm\u0103re\u0219te-ne \u00een continuare, sper\u0103m c\u0103 te vom surprinde pl\u0103cut \u0219i \u00een viitor.<\/p>\n<p>&nbsp;<\/p>\n<p>Manu: Acceptati colaboratori noi?<\/p>\n<p>EgoPHobia: Desigur. Trimite-ne un mesaj cu date despre tine \u0219i c\u00e2teva texte pe direc\u021bia \u00een care dore\u0219ti s\u0103 colabor\u0103m \u0219i vedem dac\u0103 merge treaba.<\/p>\n<p>&nbsp;<\/p>\n<p>Paula: Publica\u021bi texte \u00een spaniol\u0103?<\/p>\n<p>EgoPHobia: Deocamdat\u0103 nu, pentru c\u0103 nu avem \u00een redac\u021bie pe nimeni calificat. Am publicat p\u00e2n\u0103 acum texte \u00een mai multe limbi, \u00eens\u0103 acum accept\u0103m doar materiale \u00een rom\u00e2n\u0103 \u0219i englez\u0103.<\/p>\n<p>&nbsp;<\/p>\n<p>Pityu: Ce planuri de viitor ave\u021bi?<\/p>\n<p>EgoPHobia: Exist\u0103 c\u00e2teva, \u00eens\u0103 cum am reu\u0219it de c\u00e2teva ori s\u0103 anun\u021b\u0103m planuri care nu s-au materializat o s\u0103 le facem publice doar c\u00e2nd vom fi siguri c\u0103 nu r\u0103m\u00e2n la stadiul de inten\u021bie.<\/p>\n<p>&nbsp;<\/p>\n<p>Vicky: Am g\u0103sit \u00een arhiva voastr\u0103 ni\u0219te texte mai porno, ce v-a\u021bi cumin\u021bit?<\/p>\n<p>EgoPHobia: Nu ne-am cumin\u021bit, \u00eens\u0103 cei care ne trimit acum texte au, se pare, alte preocup\u0103ri.<\/p>\n<p>&nbsp;<\/p>\n<p>Velur: C\u00e2t ne mai plictisi\u021bi?<\/p>\n<p>EgoPHobia: C\u00e2t va fi nevoie.<\/p>\n<p>&nbsp;<\/p>\n<p>Nora: Nu v-a\u021bi plictisit \u00eenc\u0103? Nu ave\u021bi altceva mai bun de f\u0103cut?<\/p>\n<p>EgoPHobia: Nu. Avem prea multe de f\u0103cut, dar cumva se strecoar\u0103 \u0219i EgoPHobia \u00eentre ele, din p\u0103cate cam pu\u021bin fa\u021b\u0103 de cum ne-am dori.<\/p>\n<p>&nbsp;<\/p>\n<p>Nora: Pe h\u00e2rtie nu v-a\u021bi g\u00e2ndit s\u0103 ap\u0103re\u021bi?<\/p>\n<p>EgoPHobia: Ca revist\u0103 nu. Dar ne-am dori s\u0103 putem lansa c\u00e2teva produse tip\u0103rite sub egida EgoPHobia, \u00eens\u0103 nu \u0219tim \u00een ce form\u0103 \u0219i nici c\u00e2nd.<\/p>\n<p>&nbsp;<\/p>\n<p>Eliza: C\u00e2nd scoate\u021bi antologia de texte din revist\u0103?<\/p>\n<p>EgoPHobia: Probabil c\u0103 te referi la antologia de proz\u0103 scurt\u0103 despre care unii dintre noi au pomenit public la un moment dat. Din p\u0103cate proiectul a fost \u00eenghe\u021bat la retragerea din redac\u021bie a coordonatorului s\u0103u.<\/p>\n<p>&nbsp;<\/p>\n<p>Eugen: \u00cenc\u0103 v\u0103 considera\u021bi underground sau v\u0103 crede\u021bi mainstream?<\/p>\n<p>EgoPHobia: Nu suntem lua\u021bi \u00een calcul pentru admiterea \u00een Uniunea Scriitorilor, dar suntem cita\u021bi \u00een lucr\u0103ri de doctorat, deci scorul e oarecum egal. Sau nu, depinde de unde prive\u0219ti.<\/p>\n<p>&nbsp;<\/p>\n<p>Durru: C\u00e2\u021bi dintre voi sunte\u021bi satani\u0219ti?<\/p>\n<p>EgoPHobia: Nu \u0219tim exact, ne tot \u00eencurc\u0103m la num\u0103r\u0103toare. Oricum, interesant\u0103 \u00eentrebare, nu ne-a mai fost adresat\u0103 de vreo \u0219apte ani.<\/p>\n","protected":false},"excerpt":{"rendered":"<p>V\u0103 mul\u021bumim pentru \u00eentreb\u0103rile pe care ni le-a\u021bi adresat cu ocazia anivers\u0103rii primului deceniu de existen\u021b\u0103 al e-revistei noastre. Le pute\u021bi citi \u00een continuare, \u00eenso\u021bite de r\u0103spunsurile noastre. &nbsp; Claudiu: De ce l-a\u021bi dat afar\u0103 pe Adrian Ioni\u021b\u0103? EgoPHobia: Nu l-am dat afar\u0103. De fapt n-am dat afar\u0103 pe nimeni din redac\u021bie \u00een to\u021bi ace\u0219ti [&hellip;]<\/p>\n","protected":false},"author":2,"featured_media":0,"comment_status":"open","ping_status":"open","sticky":false,"template":"","format":"standard","meta":{"jetpack_post_was_ever_published":false,"_jetpack_newsletter_access":"","_jetpack_dont_email_post_to_subs":false,"_jetpack_newsletter_tier_id":0,"_jetpack_memberships_contains_paywalled_content":false,"_jetpack_memberships_contains_paid_content":false,"footnotes":""},"categories":[1042,125],"tags":[1063,1118,132,1129],"class_list":["post-10455","post","type-post","status-publish","format-standard","hentry","category-egophobia42","category-invitat","tag-anunt","tag-egophobia","tag-interviu","tag-invitat"],"jetpack_featured_media_url":"","jetpack_sharing_enabled":true,"jetpack_shortlink":"https:\/\/wp.me\/p6DakB-2ID","_links":{"self":[{"href":"https:\/\/egophobia.ro\/index.php?rest_route=\/wp\/v2\/posts\/10455","targetHints":{"allow":["GET"]}}],"collection":[{"href":"https:\/\/egophobia.ro\/index.php?rest_route=\/wp\/v2\/posts"}],"about":[{"href":"https:\/\/egophobia.ro\/index.php?rest_route=\/wp\/v2\/types\/post"}],"author":[{"embeddable":true,"href":"https:\/\/egophobia.ro\/index.php?rest_route=\/wp\/v2\/users\/2"}],"replies":[{"embeddable":true,"href":"https:\/\/egophobia.ro\/index.php?rest_route=%2Fwp%2Fv2%2Fcomments&post=10455"}],"version-history":[{"count":9,"href":"https:\/\/egophobia.ro\/index.php?rest_route=\/wp\/v2\/posts\/10455\/revisions"}],"predecessor-version":[{"id":10508,"href":"https:\/\/egophobia.ro\/index.php?rest_route=\/wp\/v2\/posts\/10455\/revisions\/10508"}],"wp:attachment":[{"href":"https:\/\/egophobia.ro\/index.php?rest_route=%2Fwp%2Fv2%2Fmedia&parent=10455"}],"wp:term":[{"taxonomy":"category","embeddable":true,"href":"https:\/\/egophobia.ro\/index.php?rest_route=%2Fwp%2Fv2%2Fcategories&post=10455"},{"taxonomy":"post_tag","embeddable":true,"href":"https:\/\/egophobia.ro\/index.php?rest_route=%2Fwp%2Fv2%2Ftags&post=10455"}],"curies":[{"name":"wp","href":"https:\/\/api.w.org\/{rel}","templated":true}]}}