{"id":10613,"date":"2015-03-24T21:17:00","date_gmt":"2015-03-24T19:17:00","guid":{"rendered":"http:\/\/egophobia.ro\/?p=10613"},"modified":"2015-03-24T21:17:00","modified_gmt":"2015-03-24T19:17:00","slug":"poeme-de-ana-ionesei","status":"publish","type":"post","link":"https:\/\/egophobia.ro\/?p=10613","title":{"rendered":"poeme de Ana Ionesei"},"content":{"rendered":"<p><strong>(din jurnalul unui vampir)<\/strong><\/p>\n<p><strong>\u00a0<\/strong><\/p>\n<p><em>Ora\u0219ul prosper\u0103, pe seama at\u00e2tor vampiri timizi ca mine.<\/em><\/p>\n<p>&nbsp;<\/p>\n<p>M-a luat deoparte \u0219i mi s-a pl\u00e2ns<\/p>\n<p><em>Nu-i spune mamei tale ce te-am rugat<\/em><\/p>\n<p>C\u0103 fiind a\u0219ternuturile reci \u00eenainte de culcare<\/p>\n<p>Le pune pe calorifer dinainte,<\/p>\n<p><em>Nu-i spune mamei tale c\u0103 te-am atins \u00een locul acela<\/em><\/p>\n<p><em>Unde nici ea nu te atinge,<\/em><\/p>\n<p><em>Acolo unde clavicula cl\u0103de\u0219te corzile vocale.<\/em><\/p>\n<p>Dar eu a\u0219 putea s-o ajut s\u0103 renun\u0163e la obiceiul \u0103sta.<\/p>\n<p><em>Nu-i spune mamei tale c\u0103 am a\u0219ternuturi reci<\/em><\/p>\n<p><em> \u00eenainte de culcare.<\/em><\/p>\n<p><em>\u00a0<\/em><\/p>\n<p>R\u00e2zi tu r\u00e2zi, abstinento, bucur\u0103-te c\u0103 n-ai copii.<br \/>\nR\u00e2zi tu r\u00e2zi, isterico, bucur\u0103-te c\u0103 nu-\u0163i cresc eu fiul.<\/p>\n<p><em>\u00a0<\/em><\/p>\n<p>Copii, ora la care ie\u0219i\u0163i voi de la \u0219coal\u0103<\/p>\n<p>E ora la care am sc\u0103pat eu din lan\u0163uri.<\/p>\n<p>Copii, cu c\u00e2t v\u0103 uita\u0163i mai lung la mine,<\/p>\n<p>Cu at\u00e2t mi se ascut mai tare din\u0163ii de poft\u0103.<\/p>\n<p>Copii, dac\u0103 m\u0103 pironi\u0163i cu privirea,<\/p>\n<p>Nu mai ajunge\u0163i teferi acas\u0103<\/p>\n<p>C\u0103ci sunt nemuritor,<\/p>\n<p>Dar sunt at\u00e2t de fl\u0103m\u00e2nd.<\/p>\n<p>&nbsp;<\/p>\n<p>&nbsp;<\/p>\n<p><strong>Soarele cu din\u0163i<\/strong><\/p>\n<p><strong>\u00a0<\/strong><\/p>\n<p>La cucerirea Troiei, a p\u0103truns, \u00eentr-adev\u0103r, calul de lemn \u00een cetate;<\/p>\n<p>troienii uimi\u0163i chiar s-au \u00eenchinat \u0219i s-au pornit s\u0103 cinsteasc\u0103 ar\u0103tarea;<\/p>\n<p>aheii cu adev\u0103rat s-au a\u0219ezat \u00een taini\u0163ele animalului.<\/p>\n<p>Dar nici un istoric n-a \u00eendr\u0103znit s\u0103 dea \u00een vileag faptul c\u0103<\/p>\n<p><em>aheii n-au r\u0103mas r\u0103bd\u0103tori vreme-ndelungat\u0103. <\/em><\/p>\n<p>Deja c\u00e2nd s-au v\u0103zut dincolo de por\u0163ile cet\u0103\u0163ii,<\/p>\n<p>au \u00eenceput s\u0103 se arate \u00een afar\u0103, z\u00e2mbind<\/p>\n<p>\u0219i tocmai asta i-a buim\u0103cit pe troieni,<\/p>\n<p>aheii care z\u00e2mbeau,<\/p>\n<p>c\u0103ci \u0219i nebunii, \u0219i copiii z\u00e2mbesc f\u0103r\u0103 rost.<\/p>\n<p>Nu se \u0219tie nici dac\u0103 aheii r\u00e2njeau sau chiar z\u00e2mbeau,<\/p>\n<p>nici dac\u0103 anume s-au \u00een\u0163eles s\u0103-i sperie astfel pe troieni,<\/p>\n<p>dar negre\u0219it, g\u0103selni\u0163a n-a dat gre\u0219.<\/p>\n<p>Iar eu z\u00e2mbesc t\u0103i\u0219ului sabiei ce apas\u0103 asupra capului meu<\/p>\n<p>pentru c\u0103 v-am dest\u0103inuit toate acestea.<\/p>\n<p>&nbsp;<\/p>\n<p><strong>Basca lui Bergman<\/strong><\/p>\n<p>&nbsp;<\/p>\n<p>te-am a\u0219teptat pe malul Some\u0219ului cu un pachet de Carpa\u021bi<\/p>\n<p>copacii s-au ve\u0219tejit de cancer<\/p>\n<p>te-am a\u0219teptat pe malul Some\u0219ului cu o sticl\u0103 de t\u0103rie<\/p>\n<p>o barc\u0103 s-a scufundat de ciroz\u0103<\/p>\n<p>te-am a\u0219teptat pe malul Some\u0219ului cu stomacul gol<\/p>\n<p>ra\u021bele s-au transformat \u00een fripturi \u0219i-au zburat.<\/p>\n<p>numai eu te-am a\u0219teptat pe malul Some\u0219ului,<\/p>\n<p>unde-am r\u0103posat \u0219i m-am re\u00eencarnat \u00een<\/p>\n<p>Basca lui Bergman.<\/p>\n<p>\u0218i cum m-am mai \u00eenfr\u00e2nat s\u0103 invit la o partid\u0103 de \u0219ah<\/p>\n<p>cuplul care st\u0103tea la plaj\u0103 cu un copil,<\/p>\n<p>fiindc\u0103 eu, Basca lui Bergman,<\/p>\n<p>nu mai \u0219tiu dac\u0103 te-a\u0219tept pe tine, Cavalere,<\/p>\n<p>sau joc \u0219ah cu tine, Moarte.<\/p>\n<p>&nbsp;<\/p>\n<p><strong>M\u0103r\u0163i\u0219or<\/strong><\/p>\n<p><strong>\u00a0<\/strong><\/p>\n<p>O pat\u0103 de s\u00e2nge pe o coal\u0103 alb\u0103:<\/p>\n<p>m\u00e2na a apucat speriat\u0103 cu\u0163itul,<\/p>\n<p>dar cu\u0163itul a fost mai curajos.<\/p>\n<p>M\u00e2na a apucat excitat\u0103 pana,<\/p>\n<p>dar cu\u0163itul a fost mai curajos.<\/p>\n<p>M\u00e2na s-a l\u0103sat b\u0103tut\u0103,<\/p>\n<p>dar cu\u0163itul i-a dedicat o pat\u0103 de s\u00e2nge<\/p>\n<p>ca s\u0103 aduc\u0103 aminte m\u00e2inii<\/p>\n<p>cum voia s\u0103 \u00eenceap\u0103 scrisoarea.<\/p>\n<p>&nbsp;<\/p>\n<p>&nbsp;<\/p>\n<p>&nbsp;<\/p>\n","protected":false},"excerpt":{"rendered":"<p>(din jurnalul unui vampir) \u00a0 Ora\u0219ul prosper\u0103, pe seama at\u00e2tor vampiri timizi ca mine. &nbsp; M-a luat deoparte \u0219i mi s-a pl\u00e2ns Nu-i spune mamei tale ce te-am rugat C\u0103 fiind a\u0219ternuturile reci \u00eenainte de culcare Le pune pe calorifer dinainte, Nu-i spune mamei tale c\u0103 te-am atins \u00een locul acela Unde nici ea nu [&hellip;]<\/p>\n","protected":false},"author":5,"featured_media":0,"comment_status":"open","ping_status":"open","sticky":false,"template":"","format":"standard","meta":{"jetpack_post_was_ever_published":false,"_jetpack_newsletter_access":"","_jetpack_dont_email_post_to_subs":false,"_jetpack_newsletter_tier_id":0,"_jetpack_memberships_contains_paywalled_content":false,"_jetpack_memberships_contains_paid_content":false,"footnotes":""},"categories":[1083,13],"tags":[631,1084,1114],"class_list":["post-10613","post","type-post","status-publish","format-standard","hentry","category-egophobia-43","category-poezie","tag-ana-ionesei","tag-egophobia-43","tag-poezie"],"jetpack_featured_media_url":"","jetpack_sharing_enabled":true,"jetpack_shortlink":"https:\/\/wp.me\/p6DakB-2Lb","_links":{"self":[{"href":"https:\/\/egophobia.ro\/index.php?rest_route=\/wp\/v2\/posts\/10613","targetHints":{"allow":["GET"]}}],"collection":[{"href":"https:\/\/egophobia.ro\/index.php?rest_route=\/wp\/v2\/posts"}],"about":[{"href":"https:\/\/egophobia.ro\/index.php?rest_route=\/wp\/v2\/types\/post"}],"author":[{"embeddable":true,"href":"https:\/\/egophobia.ro\/index.php?rest_route=\/wp\/v2\/users\/5"}],"replies":[{"embeddable":true,"href":"https:\/\/egophobia.ro\/index.php?rest_route=%2Fwp%2Fv2%2Fcomments&post=10613"}],"version-history":[{"count":1,"href":"https:\/\/egophobia.ro\/index.php?rest_route=\/wp\/v2\/posts\/10613\/revisions"}],"predecessor-version":[{"id":10614,"href":"https:\/\/egophobia.ro\/index.php?rest_route=\/wp\/v2\/posts\/10613\/revisions\/10614"}],"wp:attachment":[{"href":"https:\/\/egophobia.ro\/index.php?rest_route=%2Fwp%2Fv2%2Fmedia&parent=10613"}],"wp:term":[{"taxonomy":"category","embeddable":true,"href":"https:\/\/egophobia.ro\/index.php?rest_route=%2Fwp%2Fv2%2Fcategories&post=10613"},{"taxonomy":"post_tag","embeddable":true,"href":"https:\/\/egophobia.ro\/index.php?rest_route=%2Fwp%2Fv2%2Ftags&post=10613"}],"curies":[{"name":"wp","href":"https:\/\/api.w.org\/{rel}","templated":true}]}}