{"id":10666,"date":"2015-04-29T21:29:16","date_gmt":"2015-04-29T19:29:16","guid":{"rendered":"http:\/\/egophobia.ro\/?p=10666"},"modified":"2015-05-29T21:30:42","modified_gmt":"2015-05-29T19:30:42","slug":"poeme-de-alexandru-ovidiu-vintila","status":"publish","type":"post","link":"https:\/\/egophobia.ro\/?p=10666","title":{"rendered":"poeme de Alexandru Ovidiu Vintil\u0103"},"content":{"rendered":"<p><strong>\u00cen afara tuturor lucrurilor<\/strong><\/p>\n<p>&nbsp;<\/p>\n<p>&nbsp;<\/p>\n<p>&nbsp;<\/p>\n<p>&nbsp;<\/p>\n<p>pe\u00a0 <em>c\u0103derea bastiliei<\/em><\/p>\n<p>a \u00eenceput totul iar pe <em>progresului<\/em> s-a terminat<\/p>\n<p><em>\u00a0<\/em><\/p>\n<p><em>aici s-a murit pentru libertate<\/em><!--more--><\/p>\n<p>&nbsp;<\/p>\n<p>ziua \u015fi noaptea<\/p>\n<p>&nbsp;<\/p>\n<p>\u00eentre pere\u0163ii interiori ai casei tale<\/p>\n<p>&nbsp;<\/p>\n<p>o lini\u015fte ca un ceai binef\u0103c\u0103tor<\/p>\n<p>&nbsp;<\/p>\n<p>c\u0103 fr\u0103m\u00e2ntat ad\u00e2nc \u0163i-e sufletul<\/p>\n<p>&nbsp;<\/p>\n<p>\u015fi s\u00e2ngele de la facerea lumii \u00eencoace<\/p>\n<p>&nbsp;<\/p>\n<p>doar soarele \u00eenc\u0103 \u00een nemi\u015fcare<\/p>\n<p>&nbsp;<\/p>\n<p>pe \u0163\u0103rmul m\u0103rilor se viseaz\u0103 frumos<\/p>\n<p>&nbsp;<\/p>\n<p>poate un \u00eenger-\u00eengera\u015f \u00ee\u0163i mai d\u0103 pu\u0163in<\/p>\n<p>bine<\/p>\n<p>&nbsp;<\/p>\n<p>s\u0103 mergi mai departe<\/p>\n<p>&nbsp;<\/p>\n<p>cu o geant\u0103 \u00een m\u00e2ini<\/p>\n<p>&nbsp;<\/p>\n<p>prin gr\u00e2ul des dintr-o<\/p>\n<p>&nbsp;<\/p>\n<p>camer\u0103 goal\u0103<\/p>\n<p>&nbsp;<\/p>\n<p>travers\u00e2nd str\u0103zile cele mai lungi<\/p>\n<p>prin s\u00e2ngele t\u0103u sclipe\u015fte<\/p>\n<p>o lumin\u0103 oarb\u0103 \u015fi bucuria de ieri<\/p>\n<p>mai are ecou peste noapte \u00een afara tuturor<\/p>\n<p>lucrurilor o piatr\u0103 de moar\u0103 urma unui<\/p>\n<p>foc stins<\/p>\n<p>&nbsp;<\/p>\n<p>via\u0163a<\/p>\n<p>\u00een care ne cufund\u0103m<\/p>\n<p>&nbsp;<\/p>\n<p>vr\u00e2nd nevr\u00e2nd<\/p>\n<p>&nbsp;<\/p>\n<p>se \u00eent\u00e2mpl\u0103 ceva<\/p>\n<p>&nbsp;<\/p>\n<p>\u00eentre <em>strada riverside<\/em> \u015fi <em>uria\u015ful copac de fier<\/em><\/p>\n<p><em>\u00a0<\/em><\/p>\n<p>crede-m\u0103<\/p>\n<p>&nbsp;<\/p>\n<p>dinspre umanitate nu se vede<\/p>\n<p>nimic<\/p>\n<p>&nbsp;<\/p>\n<p>poate spinarea neagr\u0103 a p\u0103m\u00e2ntului reav\u0103n<\/p>\n<p>&nbsp;<\/p>\n<p>un peisaj translucid<\/p>\n<p>&nbsp;<\/p>\n<p>\u00eentr-o diminea\u0163\u0103 ploioas\u0103<\/p>\n<p>&nbsp;<\/p>\n<p>c\u00e2nd stai \u015fi prive\u015fti parada p\u0103s\u0103rilor toamna<\/p>\n<p>&nbsp;<\/p>\n<p>prin fereastra deschid\u0103<\/p>\n<p>&nbsp;<\/p>\n<p>ora\u015ful imaginea unui loc psihic.<\/p>\n<p>&nbsp;<\/p>\n<p>&nbsp;<\/p>\n<p>&nbsp;<\/p>\n<p>&nbsp;<\/p>\n<p>&nbsp;<\/p>\n<p>&nbsp;<\/p>\n<p>&nbsp;<\/p>\n<p>&nbsp;<\/p>\n<p>&nbsp;<\/p>\n<p>&nbsp;<\/p>\n<p>&nbsp;<\/p>\n<p>&nbsp;<\/p>\n<p>&nbsp;<\/p>\n<p><strong>***<\/strong><\/p>\n<p>&nbsp;<\/p>\n<p>&nbsp;<\/p>\n<p>&nbsp;<\/p>\n<p>&nbsp;<\/p>\n<p><strong>O propozi\u0163ie<\/strong><\/p>\n<p>&nbsp;<\/p>\n<p>despre o zi \u00een care<\/p>\n<p>&nbsp;<\/p>\n<p>s-a sf\u00e2r\u015fit o t\u00e2n\u0103r\u0103<\/p>\n<p>&nbsp;<\/p>\n<p>femeie<\/p>\n<p>&nbsp;<\/p>\n<p><strong>un pat r\u0103v\u0103\u015fit<\/strong><\/p>\n<p>&nbsp;<\/p>\n<p>\u00een care zac<\/p>\n<p>&nbsp;<\/p>\n<p>o noapte \u00eentreag\u0103<\/p>\n<p>&nbsp;<\/p>\n<p>f\u0103r\u0103 rest<\/p>\n<p>&nbsp;<\/p>\n<p><strong>nimic pe sub cedrii libanului<\/strong><\/p>\n<p>&nbsp;<\/p>\n<p>o cetate imaginar\u0103<\/p>\n<p>&nbsp;<\/p>\n<p>cain \u015fi abel cu c\u00e2te o p\u0103l\u0103rie<\/p>\n<p>&nbsp;<\/p>\n<p>pe cap<\/p>\n<p>&nbsp;<\/p>\n<p>un fluture ca o l\u0103cust\u0103<\/p>\n<p>&nbsp;<\/p>\n<p><strong>o libelul\u0103 verde<\/strong><\/p>\n<p>&nbsp;<\/p>\n<p>moartea \u00eent\u00e2mpl\u0103toare a prietenului meu<\/p>\n<p>&nbsp;<\/p>\n<p><strong>maria remarque<\/strong><\/p>\n<p>&nbsp;<\/p>\n<p>&nbsp;<\/p>\n<p>&nbsp;<\/p>\n<p><strong>***<\/strong><\/p>\n<p><strong>\u00a0<\/strong><\/p>\n<p><strong>\u00a0<\/strong><\/p>\n<p><strong>\u00a0<\/strong><\/p>\n<p><strong>\u00a0<\/strong><\/p>\n<p><strong>\u00a0<\/strong><\/p>\n<p>pentru c\u0103 e mult\u0103 fric\u0103<\/p>\n<p>pe partea aceasta a lumii<\/p>\n<p>&nbsp;<\/p>\n<p>peste care desenezi <em>un arbore luminos<\/em><\/p>\n<p>&nbsp;<\/p>\n<p>\u015fi pentru c\u0103 m\u00e2inile tale sunt<\/p>\n<p>nespus de frumoase<\/p>\n<p>&nbsp;<\/p>\n<p>undeva mai \u00eencolo<\/p>\n<p>curge o ploaie de var\u0103<\/p>\n<p>&nbsp;<\/p>\n<p>Dumnezeu \u015ftie pe unde se<\/p>\n<p>mai moare<\/p>\n<p>&nbsp;<\/p>\n<p>c\u00e2nd lucrurile au atins firescul<\/p>\n<p>&nbsp;<\/p>\n<p>pe buzele tale se cite\u015fte o furie controlat\u0103<\/p>\n<p>la maxim<\/p>\n<p>&nbsp;<\/p>\n<p>r\u0103coarea unei siguran\u0163e de nest\u0103vilit<\/p>\n<p>&nbsp;<\/p>\n<p>\u015fi dintr-o dat\u0103 oameni abia vizibili<\/p>\n<p>&nbsp;<\/p>\n<p>pe drumul netezit cu bune inten\u0163ii<\/p>\n<p>&nbsp;<\/p>\n<p>o iarb\u0103 crescut\u0103 s\u0103lbatic<\/p>\n<p>&nbsp;<\/p>\n<p>\u015fi \u00een cele din urm\u0103<\/p>\n<p>&nbsp;<\/p>\n<p>cuvintele, obiectele plate<\/p>\n<p>ale unei zile ca asta<\/p>\n<p>&nbsp;<\/p>\n<p>&nbsp;<\/p>\n<p>&nbsp;<\/p>\n<p><strong>La cap\u0103tul sf\u00e2r\u015fitului<\/strong><\/p>\n<p><strong>\u00a0<\/strong><\/p>\n<p><strong>\u00a0<\/strong><\/p>\n<p><strong>\u00a0<\/strong><\/p>\n<p><strong>\u00a0<\/strong><\/p>\n<p>ferestre b\u0103tute \u00een cuie<\/p>\n<p>cu geamurile vopsite \u00een negru<\/p>\n<p>iat\u0103 ce \u00eenseamn\u0103 prezen\u0163a bolii<\/p>\n<p>a mor\u0163ii con\u015ftiin\u0163a a<\/p>\n<p>toat\u0103 singur\u0103tatea<\/p>\n<p>&nbsp;<\/p>\n<p>\u00een ora\u015ful pite\u015fti<\/p>\n<p>s-a petrecut <em>reeducarea<\/em><\/p>\n<p>cea mai diabolic\u0103 inven\u0163ie a istoriei<\/p>\n<p>acolo am primit un bocanc \u00een inim\u0103<\/p>\n<p>&nbsp;<\/p>\n<p><em>orice durere<\/em> \u00eemi spun<\/p>\n<p><em>e infinit mai u\u015foar\u0103<\/em><\/p>\n<p>&nbsp;<\/p>\n<p>concomitent au fost deport\u0103rile<\/p>\n<p>siberia mor\u0163ile de fiece zi<\/p>\n<p>&nbsp;<\/p>\n<p>comunismul \u00ee\u015fi flutura cu<\/p>\n<p>ardoare marele steag furia<\/p>\n<p>&nbsp;<\/p>\n<p><em>ochii v\u0103z\u0103torilor \u015fi ochii nev\u0103z\u0103torilor<\/em><\/p>\n<p>pl\u00e2ng<\/p>\n<p>&nbsp;<\/p>\n<p>un punct \u00eentre via\u0163\u0103 \u015fi<\/p>\n<p>moarte<\/p>\n<p>&nbsp;<\/p>\n<p>undeva (acolo)<\/p>\n<p>la cap\u0103tul sf\u00e2r\u015fitului<\/p>\n<p>&nbsp;<\/p>\n<p>&nbsp;<\/p>\n<p>&nbsp;<\/p>\n<p>&nbsp;<\/p>\n<p>&nbsp;<\/p>\n<p>&nbsp;<\/p>\n<p>&nbsp;<\/p>\n<p>&nbsp;<\/p>\n<p><strong>un pe\u015fte de lemn<\/strong><\/p>\n<p>&nbsp;<\/p>\n<p>&nbsp;<\/p>\n<p>&nbsp;<\/p>\n<p>\u201eCa interpret \u015fi victim\u0103 a mi\u015fc\u0103rii g\u00e2ndirii uit\u00e2nd tot ce<\/p>\n<p>\u015ftiam m\u0103 simt tentat s\u0103 re\u00eencep din alt\u0103 parte\u201d<\/p>\n<p>&nbsp;<\/p>\n<p>Gellu Naum<\/p>\n<p>&nbsp;<\/p>\n<p>&nbsp;<\/p>\n<p>&nbsp;<\/p>\n<p>\u00cen praful albit de soare de pe marginea drumului<\/p>\n<p>greieri letargici o sc\u00e2rb\u0103 ca de sf\u00e2r\u015fit de via\u0163\u0103<\/p>\n<p>zgomotul ploii nu mai \u00eenseamn\u0103 nimic<\/p>\n<p>pl\u0103p\u00e2nde fire de iarb\u0103 \u00een\u0163epenite prigorii<\/p>\n<p>verzi ape<\/p>\n<p>&nbsp;<\/p>\n<p>alteori se moare degeaba<\/p>\n<p>&nbsp;<\/p>\n<p>o alc\u0103tuire confuz\u0103 pe fond stacojiu<\/p>\n<p>e melancolia<\/p>\n<p>&nbsp;<\/p>\n<p>sufletul \u0163i-e ostil<\/p>\n<p>te apas\u0103<\/p>\n<p>&nbsp;<\/p>\n<p>ne\u00eentrerupte sunt mor\u0163ile noastre<\/p>\n<p>\u00eentre vis \u015fi durere spa\u0163iile nelini\u015ftite<\/p>\n<p>ale dezordinii<\/p>\n<p>&nbsp;<\/p>\n<p>luciul pietrei cenu\u015fa din miercurea cenu\u015fii<\/p>\n<p>&nbsp;<\/p>\n<p>\u00een t\u0103cerea aceasta tot mai clar\u0103<\/p>\n<p>singurul orb din ora\u015f striga dup\u0103<\/p>\n<p>un pe\u015fte de lemn<\/p>\n","protected":false},"excerpt":{"rendered":"<p>\u00cen afara tuturor lucrurilor &nbsp; &nbsp; &nbsp; &nbsp; pe\u00a0 c\u0103derea bastiliei a \u00eenceput totul iar pe progresului s-a terminat \u00a0 aici s-a murit pentru libertate<\/p>\n","protected":false},"author":2,"featured_media":0,"comment_status":"open","ping_status":"open","sticky":false,"template":"","format":"standard","meta":{"jetpack_post_was_ever_published":false,"_jetpack_newsletter_access":"","_jetpack_dont_email_post_to_subs":false,"_jetpack_newsletter_tier_id":0,"_jetpack_memberships_contains_paywalled_content":false,"_jetpack_memberships_contains_paid_content":false,"footnotes":""},"categories":[1083,13],"tags":[1094,1084,1114],"class_list":["post-10666","post","type-post","status-publish","format-standard","hentry","category-egophobia-43","category-poezie","tag-alexandru-ovidiu-vintila","tag-egophobia-43","tag-poezie"],"jetpack_featured_media_url":"","jetpack_sharing_enabled":true,"jetpack_shortlink":"https:\/\/wp.me\/p6DakB-2M2","_links":{"self":[{"href":"https:\/\/egophobia.ro\/index.php?rest_route=\/wp\/v2\/posts\/10666","targetHints":{"allow":["GET"]}}],"collection":[{"href":"https:\/\/egophobia.ro\/index.php?rest_route=\/wp\/v2\/posts"}],"about":[{"href":"https:\/\/egophobia.ro\/index.php?rest_route=\/wp\/v2\/types\/post"}],"author":[{"embeddable":true,"href":"https:\/\/egophobia.ro\/index.php?rest_route=\/wp\/v2\/users\/2"}],"replies":[{"embeddable":true,"href":"https:\/\/egophobia.ro\/index.php?rest_route=%2Fwp%2Fv2%2Fcomments&post=10666"}],"version-history":[{"count":1,"href":"https:\/\/egophobia.ro\/index.php?rest_route=\/wp\/v2\/posts\/10666\/revisions"}],"predecessor-version":[{"id":10667,"href":"https:\/\/egophobia.ro\/index.php?rest_route=\/wp\/v2\/posts\/10666\/revisions\/10667"}],"wp:attachment":[{"href":"https:\/\/egophobia.ro\/index.php?rest_route=%2Fwp%2Fv2%2Fmedia&parent=10666"}],"wp:term":[{"taxonomy":"category","embeddable":true,"href":"https:\/\/egophobia.ro\/index.php?rest_route=%2Fwp%2Fv2%2Fcategories&post=10666"},{"taxonomy":"post_tag","embeddable":true,"href":"https:\/\/egophobia.ro\/index.php?rest_route=%2Fwp%2Fv2%2Ftags&post=10666"}],"curies":[{"name":"wp","href":"https:\/\/api.w.org\/{rel}","templated":true}]}}