{"id":10680,"date":"2015-04-29T22:09:19","date_gmt":"2015-04-29T20:09:19","guid":{"rendered":"http:\/\/egophobia.ro\/?p=10680"},"modified":"2015-07-31T23:22:23","modified_gmt":"2015-07-31T21:22:23","slug":"cafe-tamar","status":"publish","type":"post","link":"https:\/\/egophobia.ro\/?p=10680","title":{"rendered":"Caf\u00e9 Tamar"},"content":{"rendered":"<p style=\"text-align: right;\">de Adrian Grauenfels<\/p>\n<p style=\"text-align: justify;\">\nNu numai Roma sau Parisul se bucur\u0103 de faima unor cafenele celebre c\u0103utate de boema local\u0103. \u00cen Israel au func\u0163ionat c\u00e2teva stabilimente mult apreciate: Kasit \u015fi Cafe Tamar \u00een Tel Aviv, Tamun \u00een Ierusalim. Kasit \u015fi Tamun s-au \u00eenchis dup\u0103 dispari\u0163ia proprietarilor. O excelent\u0103 expozi\u0163ie de fotografii realizat\u0103 de talentata Shlomit Carmeli (deschis\u0103 la galeria Shouki Kuk \u00een Tel Aviv) reface istoria cafenelei Tamar, singura cafenea care a rezistat timpului \u015fi func\u0163ioneaz\u0103 \u015fi azi sub conducerea doamnei Sara Stern.<!--more--><\/p>\n<p style=\"text-align: center;\">\n<img data-recalc-dims=\"1\" decoding=\"async\" src=\"https:\/\/i0.wp.com\/i158.photobucket.com\/albums\/t103\/egophobia\/43\/tamar1_zpsn7gbgepy.jpg?w=812\">\n<\/p>\n<p>&nbsp;<\/p>\n<p style=\"text-align: justify;\">\nSara a intuit poten\u0163ialul cafenelei intelectuale \u015fi a permis jurnali\u015ftilor de la ziarul &#8220;Davar&#8221; s\u0103 \u00ee\u015fi mute \u015fedin\u0163ele de lucru din cl\u0103direa al\u0103turat\u0103 la cafenea. Unii petreceau ore citind c\u0103r\u0163i \u00eemprumutate de la o bibliotec\u0103 vecin\u0103 cafenelei &#8220;Cartea Bun\u0103&#8221; (biblioteca s-a \u00eenchis \u00een 1967). Simbolul cafenelei era trunchiul unui pom vechi l\u0103sat pe loc neatins. \u00cen jurul pomului, rudele familiei Avram \u015fi Sara Stern au cl\u0103dit o cafenea pe strada Shenkin din Tel Aviv. Anul era 1941. Cafeneaua a fost preluat\u0103 de perechea Stern \u00een 1956.<\/p>\n<p style=\"text-align: center;\">\n<img data-recalc-dims=\"1\" decoding=\"async\" src=\"https:\/\/i0.wp.com\/i158.photobucket.com\/albums\/t103\/egophobia\/43\/tamar2_zpsj4sucnrs.jpg?w=812\">\n<\/p>\n<p>&nbsp;<\/p>\n<p style=\"text-align: justify;\">\nFiind situat\u0103 foarte aproape de teatrul Habima \u015fi de Auditoriul Mann, cafeneaua era b\u00e2ntuit\u0103 de arti\u015fti \u015fi muzicieni devenind locul cel mai &#8220;European&#8221; al metropolei. Famila Stern poseda\u00a0 \u015fi o brut\u0103rie \u00een cartierul Shapira, unde se preparau dulciuri \u015fi \u015ftrudele faimoase. Cafeneaua func\u0163iona de la 6 diminea\u0163a p\u00e2n\u0103 la 1 noaptea. Avram a decedat \u00een 1966, dar Sara a continuat afacerea transform\u00e2nd-o conform spiritului s\u0103u liberal, boem. Sara \u015fi fiica sa au inventat primul covrig-toast cu br\u00e2nz\u0103 galben\u0103, telemea \u015fi m\u0103sline servit \u00een Tel Aviv. \u00cen anii &#8217;70 locul devenise faimos \u015fi era preferat de turi\u015ftii porni\u0163i \u00een c\u0103utarea legendarului toast.<\/p>\n<p style=\"text-align: center;\">\n<img data-recalc-dims=\"1\" decoding=\"async\" src=\"https:\/\/i0.wp.com\/i158.photobucket.com\/albums\/t103\/egophobia\/43\/tamar3_zpshsqjcktg.jpg?w=812\">\n<\/p>\n<p>&nbsp;<\/p>\n<p style=\"text-align: justify;\">\n\u00cencet \u00eencet locul devine preferat celebrit\u0103\u0163ilor. Cine nu poposea la Caf\u00e9 Tamar? Sara nu-\u015fi poate aminti sutele de clien\u0163i care veneau la discu\u0163ii aprinse. Cert este c\u0103 dup\u0103 ce s-a \u00eenchis cafeneaua literar\u0103 rival\u0103 Kasit, clientela boem\u0103 de acolo a migrat spre Tamar. Scriitorul Natan Alterman, pictorul Nahum Gutman, Meir Pitzhadze, poetul Natan Zah, Yossi Harel (cineast) Rafael Klatzkin (actor), Yoram Kaniuk (critic, ziarist), Itzhak Klepter (muzician) Ghidon Levy (jurnalist) \u015fi mul\u0163i al\u0163ii \u00ee\u015fi f\u0103ceau veacul acolo. Amos Lavi (actor de cinema) aproape c\u0103 nu p\u0103r\u0103sea localul. Dup\u0103 moartea acestuia \u00een 2010 \u00eent\u00e2lnirile memoriale au avut loc la cafenea \u015fi nu la cimitir.<\/p>\n<p style=\"text-align: center;\">\n<img data-recalc-dims=\"1\" decoding=\"async\" src=\"https:\/\/i0.wp.com\/i158.photobucket.com\/albums\/t103\/egophobia\/43\/tamar4_zpssi8aen47.jpg?w=812\">\n<\/p>\n<p>&nbsp;<\/p>\n<p style=\"text-align: justify;\">\nTot spa\u0163iul cafenelei este decorat cu afi\u015fe, postere \u015fi fotografii ale clien\u0163ilor, fie ei vii sau mor\u0163i. G\u0103sim de exemplu picturi semnate de Moshe Bronstein sau Uri Lifschiz, care desenau clien\u0163i diver\u015fi \u00eempreun\u0103 cu st\u0103p\u00e2na localului.<\/p>\n<p style=\"text-align: center;\">\n<img data-recalc-dims=\"1\" decoding=\"async\" src=\"https:\/\/i0.wp.com\/i158.photobucket.com\/albums\/t103\/egophobia\/43\/tamar5_zpsxa2b0hjr.jpg?w=812\">\n<\/p>\n<p style=\"text-align: justify;\">\nDin fotografiile pline de contrast \u015fi nostalgie ale lui Shlomit \u00een\u0163elegem c\u0103 farmecul locului se datoreaz\u0103 Sarei care \u015ftie s\u0103 hr\u0103neasc\u0103 &#8220;trec\u0103torul&#8221;. Timp de ani ea a s\u0103turat fl\u0103m\u00e2nzi: genera\u0163ii de arhitec\u0163i, actori, arti\u015fti, psihologi care \u015fi-au f\u0103cut studiile \u015fi diplomele \u00eentre zidurile cafenelei, sorbind cafeaua tare \u015fi fierbinte \u015fi purt\u00e2nd discu\u0163ii aprinse despre via\u0163\u0103, univers, art\u0103 sau politic\u0103.<\/p>\n<p style=\"text-align: center;\">\n<img data-recalc-dims=\"1\" decoding=\"async\" src=\"https:\/\/i0.wp.com\/i158.photobucket.com\/albums\/t103\/egophobia\/43\/tamar6_zpszi4zglkj.jpg?w=812\">\n<\/p>\n<p>&nbsp;<\/p>\n<p style=\"text-align: justify;\">\nEste cunoscut c\u00e2ntecul forma\u0163iei Mango &#8220;gara be Shenkin &#8221; (locuie\u015fte pe strada Shenkin, bea cafea Tamar), care a devenit sloganul tineretului tel-avivian. Dar timpurile se schimb\u0103. Sunt mai pu\u0163ini trec\u0103tori pe strad\u0103, o parte dintre cei \u00een v\u00e2rst\u0103 au murit, lucr\u0103rile de \u00eentre\u0163inere efectuate de prim\u0103rie au durat ani \u015fi au gonit clientela. Noii veni\u0163i \u00een cartier nu se simt lega\u0163i de cafeneaua veche, demodat\u0103. Decorul nu s-a schimbat de peste 5 decenii. \u00cen anii &#8217;60 sub conducerea lui Avram localul era elegant, dar mai t\u00e2rziu Sara a stabilit pre\u0163uri mai joase. Cine nu avea bani nu pl\u0103tea. Cafeaua costa doar 10 \u015fekeli spre disperarea func\u0163ionarului de la fisc care nu \u00een\u0163elegea lipsa de c\u00e2\u015ftiguri. Dac\u0103 cereai un meniu erai privit ca un astronaut. Nici c\u0103r\u021bile de credit nu erau bine v\u0103zute. Caf\u00e9 Tamar r\u0103m\u00e2ne printre ultimele enclave ale vechiului Tel Aviv, un loc ancorat \u00een trecut \u015fi amintiri. Clientela fidel\u0103 se mai abate pe acolo, de regul\u0103 vinerea, pentru o cafea \u015fi o pr\u0103jitur\u0103.<\/p>\n<p style=\"text-align: center;\">\n<img data-recalc-dims=\"1\" decoding=\"async\" src=\"https:\/\/i0.wp.com\/i158.photobucket.com\/albums\/t103\/egophobia\/43\/tamar7_zps4abfoxhi.jpg?w=812\">\n<\/p>\n<p>&nbsp;<\/p>\n<p style=\"text-align: justify;\">\nFotografiile lui Shlomit Carmeli sunt pline de \u00eenc\u0103rc\u0103tur\u0103, contrast \u015fi tensiune. Ele surprind atitudini, fe\u0163e, priviri \u015fi la un loc redau atmosfera stabilimentului. Este o c\u0103l\u0103torie \u00een timp dac\u0103 vre\u0163i, o retr\u0103ire a unei epoci care dispare \u00eencet, dar este \u00eenc\u0103 vie datorit\u0103 prezen\u0163ei Sarei care \u00een ciuda v\u00e2rstei sale petrece zilnic 12 ore \u00een cafenea. Tot ea vinde z\u00e2mbind secretul locului: &#8220;Oamenii vin la mine ca s\u0103 se relaxeze, eu reu\u015fesc pentru c\u0103 sunt o vr\u0103jitoare. Le este mai bine aici dec\u00e2t la ei acas\u0103&#8221;.<\/p>\n<p style=\"text-align: center;\">\n<img data-recalc-dims=\"1\" decoding=\"async\" src=\"https:\/\/i0.wp.com\/i158.photobucket.com\/albums\/t103\/egophobia\/43\/tamar8_zpsxnaw679n.jpg?w=812\"><\/p>\n","protected":false},"excerpt":{"rendered":"<p>de Adrian Grauenfels Nu numai Roma sau Parisul se bucur\u0103 de faima unor cafenele celebre c\u0103utate de boema local\u0103. \u00cen Israel au func\u0163ionat c\u00e2teva stabilimente mult apreciate: Kasit \u015fi Cafe Tamar \u00een Tel Aviv, Tamun \u00een Ierusalim. Kasit \u015fi Tamun s-au \u00eenchis dup\u0103 dispari\u0163ia proprietarilor. O excelent\u0103 expozi\u0163ie de fotografii realizat\u0103 de talentata Shlomit Carmeli [&hellip;]<\/p>\n","protected":false},"author":2,"featured_media":0,"comment_status":"open","ping_status":"open","sticky":false,"template":"","format":"standard","meta":{"jetpack_post_was_ever_published":false,"_jetpack_newsletter_access":"","_jetpack_dont_email_post_to_subs":false,"_jetpack_newsletter_tier_id":0,"_jetpack_memberships_contains_paywalled_content":false,"_jetpack_memberships_contains_paid_content":false,"footnotes":""},"categories":[1083,118],"tags":[87,1084,1074,1127],"class_list":["post-10680","post","type-post","status-publish","format-standard","hentry","category-egophobia-43","category-imagini","tag-adrian-grauenfels","tag-egophobia-43","tag-grace-nichols","tag-imagini"],"jetpack_featured_media_url":"","jetpack_sharing_enabled":true,"jetpack_shortlink":"https:\/\/wp.me\/p6DakB-2Mg","_links":{"self":[{"href":"https:\/\/egophobia.ro\/index.php?rest_route=\/wp\/v2\/posts\/10680","targetHints":{"allow":["GET"]}}],"collection":[{"href":"https:\/\/egophobia.ro\/index.php?rest_route=\/wp\/v2\/posts"}],"about":[{"href":"https:\/\/egophobia.ro\/index.php?rest_route=\/wp\/v2\/types\/post"}],"author":[{"embeddable":true,"href":"https:\/\/egophobia.ro\/index.php?rest_route=\/wp\/v2\/users\/2"}],"replies":[{"embeddable":true,"href":"https:\/\/egophobia.ro\/index.php?rest_route=%2Fwp%2Fv2%2Fcomments&post=10680"}],"version-history":[{"count":1,"href":"https:\/\/egophobia.ro\/index.php?rest_route=\/wp\/v2\/posts\/10680\/revisions"}],"predecessor-version":[{"id":10681,"href":"https:\/\/egophobia.ro\/index.php?rest_route=\/wp\/v2\/posts\/10680\/revisions\/10681"}],"wp:attachment":[{"href":"https:\/\/egophobia.ro\/index.php?rest_route=%2Fwp%2Fv2%2Fmedia&parent=10680"}],"wp:term":[{"taxonomy":"category","embeddable":true,"href":"https:\/\/egophobia.ro\/index.php?rest_route=%2Fwp%2Fv2%2Fcategories&post=10680"},{"taxonomy":"post_tag","embeddable":true,"href":"https:\/\/egophobia.ro\/index.php?rest_route=%2Fwp%2Fv2%2Ftags&post=10680"}],"curies":[{"name":"wp","href":"https:\/\/api.w.org\/{rel}","templated":true}]}}