{"id":10690,"date":"2015-03-30T14:02:28","date_gmt":"2015-03-30T12:02:28","guid":{"rendered":"http:\/\/egophobia.ro\/?p=10690"},"modified":"2015-05-30T14:03:11","modified_gmt":"2015-05-30T12:03:11","slug":"poeme-de-paul-vinicius-4","status":"publish","type":"post","link":"https:\/\/egophobia.ro\/?p=10690","title":{"rendered":"poeme de Paul Vinicius"},"content":{"rendered":"<p><strong><em>agen\u021bia imobiliar\u0103<\/em><\/strong><\/p>\n<p>&nbsp;<\/p>\n<p>azi-noapte m-am visat locuind \u00een gazd\u0103 la un mo\u0219ulic\u0103<\/p>\n<p>numai spirt \u00een s\u00e2nge<\/p>\n<p>cu trei c\u0103\u021bei<\/p>\n<p>\u0219i \u00eenc\u0103 dou\u0103 chiria\u0219e<\/p>\n<p>\u00een balta alb\u0103<\/p>\n<p>adic\u0103<!--more--><\/p>\n<p>\u0219apte<\/p>\n<p>\u00eentr-un apartament de trei camere<\/p>\n<p>cu geometrie variabil\u0103<\/p>\n<p>\u0219i un hol lung<\/p>\n<p>la intrare<\/p>\n<p>\u00een care c\u00e2inii \u00ee\u0219i fac \u00een voie nevoile.<\/p>\n<p>&nbsp;<\/p>\n<p>m-am trezit<\/p>\n<p>\u00een acelea\u0219i condi\u021bii<\/p>\n<p>hot\u0103r\u00e2ndu-m\u0103 s\u0103 nu mai adorm<\/p>\n<p>dec\u00e2t atunci c\u00e2nd nu se mai poate altfel<\/p>\n<p>c\u00e2nd soarele<\/p>\n<p>se va lovi de lun\u0103 sau am reu\u0219i<\/p>\n<p>s\u0103 ne re\u00eentoarcem<\/p>\n<p>\u00een comuna primitiv\u0103<\/p>\n<p>a percep\u021biilor noastre demografic-matafizice<\/p>\n<p>&nbsp;<\/p>\n<p>\u00een care \u0219i kafka ar putea fi<\/p>\n<p>un b\u0103rbos optimist<\/p>\n<p>&nbsp;<\/p>\n<p>&nbsp;<\/p>\n<p>&nbsp;<\/p>\n<p><strong><em>c\u00e2t\u0103 lini\u0219te<\/em><\/strong><\/p>\n<p>&nbsp;<\/p>\n<p>stau \u0219i m\u0103 uit \u00een lini\u0219te la oamenii dimprejurul meu:<\/p>\n<p>&nbsp;<\/p>\n<p>care cu munca lui din care curge plictiseala<\/p>\n<p>care cu acel repaus absurd<\/p>\n<p>mai mult abstract<\/p>\n<p>care cu basca albastr\u0103 a cerului acoperindu-le ochii<\/p>\n<p>\u0219i to\u021bi &#8211; absolut to\u021bi<\/p>\n<p>capsula\u021bi \u00een\u0103untrul g\u00e2ndurilor lor<\/p>\n<p>singuri<\/p>\n<p>cu numai ei<\/p>\n<p>singuri cum numai ei \u0219tiu s\u0103 fie<\/p>\n<p>aseptici<\/p>\n<p>\u00eembr\u0103ca\u021bi \u00een zidurile groase ale unei interioriz\u0103ri<\/p>\n<p>etan\u0219e.<\/p>\n<p>&nbsp;<\/p>\n<p>dac\u0103 ar ap\u0103rea acum o p\u0103pu\u0219\u0103 mecanic\u0103<\/p>\n<p>pe care s\u0103 o \u0219i iubeasc\u0103<\/p>\n<p>care s\u0103 le fac\u0103 dormitoare cuprinse de ieder\u0103 \u0219i inimi zgomotoase<\/p>\n<p>\u0219i s\u0103 le toarne asfalt<\/p>\n<p>p\u00e2n\u0103 \u00een ora\u0219<\/p>\n<p>prin p\u0103durea ondulat\u0103 de prim\u0103var\u0103<\/p>\n<p>\u0219i luminat\u0103 de c\u00e2ntec de p\u0103s\u0103ri<\/p>\n<p>&nbsp;<\/p>\n<p>ar fi perfect.<\/p>\n<p>ar fi toat\u0103 via\u021ba lor.<\/p>\n<p>&nbsp;<\/p>\n<p>parc\u0103 numai eu v\u0103d cancerul urc\u00e2nd din copac \u00een copac<\/p>\n<p>cu dexteritatea unei veveri\u021be<\/p>\n<p>\u0219ampon\u00e2nd cerul<\/p>\n<p>\u00een culorile prelungi \u0219i grave ale toamnei<\/p>\n<p>ca o ro\u0219cat\u0103 aplec\u00e2ndu-\u0219i p\u0103rul peste clape<\/p>\n<p>chinuind negrul unui pian.<\/p>\n<p>&nbsp;<\/p>\n<p>\u00eemi aprind o \u021bigar\u0103<\/p>\n<p>proptindu-m\u0103 \u00een fumul ei alb\u0103strui<\/p>\n<p>dorindu-mi s\u0103 nu mai v\u0103d nimic<\/p>\n<p>\u00eens\u0103 ochii<\/p>\n<p>nu m\u0103 ascult\u0103<\/p>\n<p>\u0219i nici creierul<\/p>\n<p>dac\u0103 a\u0219 reu\u0219i totu\u0219i s\u0103-i \u00eenchid.<\/p>\n<p>&nbsp;<\/p>\n<p>stau \u0219i m\u0103 uit \u00een lini\u0219te la oamenii dimprejurul meu<\/p>\n<p>\u0219i o foarte mare pace<\/p>\n<p>(aproape reptil\u0103)<\/p>\n<p>mi se a\u0219eaz\u0103<\/p>\n<p>lent<\/p>\n<p>&nbsp;<\/p>\n<p>pe inim\u0103<\/p>\n<p>&nbsp;<\/p>\n<p>&nbsp;<\/p>\n<p>&nbsp;<\/p>\n<p><strong><em>ce \u0219tii tu?<\/em><\/strong><\/p>\n<p>&nbsp;<\/p>\n<p>la tine e simplu:<\/p>\n<p>bei un pahar de vin \u0219i pleci<\/p>\n<p>la culcare<\/p>\n<p>&nbsp;<\/p>\n<p>\u00een timp ce carnea mea devine o anatomie ap\u0103s\u0103toare<\/p>\n<p>\u00een care trei pu\u0219toaice \u00ee\u0219i r\u0103coresc picioarele<\/p>\n<p>\u00een mine<\/p>\n<p>ca \u00eentr-un p\u00e2r\u00e2u de munte<\/p>\n<p>&nbsp;<\/p>\n<p>\u0219i din trei ceruri deodat\u0103<\/p>\n<p>\u00eencepe s\u0103 plou\u0103<\/p>\n<p>&nbsp;<\/p>\n<p>iar ora\u0219ul se dizolv\u0103<\/p>\n<p>ca o jum\u0103tate<\/p>\n<p>de p\u0103trat<\/p>\n<p>de zah\u0103r cubic<\/p>\n<p>\u00een timp ce vinul ro\u0219u e cu mult mai singur dec\u00e2t mine<\/p>\n<p>&nbsp;<\/p>\n<p>a\u0219a c\u0103 te \u00eentreb din nou:<\/p>\n<p>&nbsp;<\/p>\n<p>ce \u0219tii tu?<\/p>\n<p>&nbsp;<\/p>\n<p>&nbsp;<\/p>\n<p>&nbsp;<\/p>\n<p><strong><em>chiar dac\u0103 inima ta este<\/em><\/strong><\/p>\n<p><strong><em>dintr-un o\u021bel mai tare<\/em><\/strong><\/p>\n<p>&nbsp;<\/p>\n<p>c\u00e2teodat\u0103 nu sunt dec\u00e2t un automobil nervos<\/p>\n<p>care se-nfige-n zidul casei tale<\/p>\n<p>f\u0103c\u00e2ndu-se<\/p>\n<p>terci.<\/p>\n<p>&nbsp;<\/p>\n<p>nu-i a\u0219a c\u0103 \u0219i \u021bie \u021bi-ar pl\u0103cea<\/p>\n<p>s\u0103 ai un \u00eenger p\u0103zitor<\/p>\n<p>\u00een<\/p>\n<p>cimentul casei tale?<\/p>\n<p>&nbsp;<\/p>\n<p>mai ales seara<\/p>\n<p>c\u00e2nd bunica ar uda mu\u0219catele<\/p>\n<p>cu lacrimile ultimului serial brazilian iar ele<\/p>\n<p>nu ar zice<\/p>\n<p>&nbsp;<\/p>\n<p>nici p\u00e2s.<\/p>\n<p>&nbsp;<\/p>\n<p>iar pe deasupra casei<\/p>\n<p>o lun\u0103 cu coviltir<\/p>\n<p>ar trece<\/p>\n<p>mai neauzit\u0103 dec\u00e2t o gaur\u0103 neagr\u0103<\/p>\n<p>\u00een care deja<\/p>\n<p>&nbsp;<\/p>\n<p>r\u0103t\u0103cit<\/p>\n<p>de vreun an<\/p>\n<p>&nbsp;<\/p>\n<p>cire\u0219ul buzelor tale<\/p>\n<p>&nbsp;<\/p>\n<p>&nbsp;<\/p>\n<p>&nbsp;<\/p>\n<p><strong><em>cum era\/ eram \u2013 <\/em><\/strong><\/p>\n<p><strong><em>atunci<\/em><\/strong><\/p>\n<p>&nbsp;<\/p>\n<p>s\u00e2ngelui meu numai ea mai \u00eendr\u0103znea<\/p>\n<p>s\u0103 \u00eei vorbeasc\u0103<\/p>\n<p>pe nume.<\/p>\n<p>&nbsp;<\/p>\n<p>(\u00een \u0219oapt\u0103)<\/p>\n<p>f\u0103r\u0103 s\u0103 o mu\u0219te.<\/p>\n<p>&nbsp;<\/p>\n<p>iar c\u00e2nd a plecat<\/p>\n<p>nu mai aveam nici ziduri<\/p>\n<p>nici zaruri<\/p>\n<p>nici str\u0103zi<\/p>\n<p>sau u\u0219i<\/p>\n<p>&nbsp;<\/p>\n<p>ca s\u0103 nu mai vorbim de case;<\/p>\n<p>&nbsp;<\/p>\n<p>numai un g\u00e2nd<\/p>\n<p>foarte \u00eentins<\/p>\n<p>pe care nici m\u0103car un merg\u0103tor pe fr\u00e2nghie<\/p>\n<p>nu s-ar fi dat \u00een spectacol.<\/p>\n<p>&nbsp;<\/p>\n<p>pentru c\u0103 pe lapte \u0219i miere nu po\u021bi c\u0103lca<\/p>\n<p>f\u0103r\u0103 s\u0103 te doar\u0103<\/p>\n<p>cel pu\u021bin<\/p>\n<p>&nbsp;<\/p>\n<p>ziua urm\u0103toare<\/p>\n<p>&nbsp;<\/p>\n<p>sau marea de dedesubt<\/p>\n<p>&nbsp;<\/p>\n<p>sau ora\u0219ul pe care-l \u021bineai<\/p>\n<p>\u00eentr-o cutiu\u021b\u0103<\/p>\n<p>de lemn<\/p>\n<p>&nbsp;<\/p>\n<p>ca s\u0103-\u021bi aminteasc\u0103 de bunica<\/p>\n","protected":false},"excerpt":{"rendered":"<p>agen\u021bia imobiliar\u0103 &nbsp; azi-noapte m-am visat locuind \u00een gazd\u0103 la un mo\u0219ulic\u0103 numai spirt \u00een s\u00e2nge cu trei c\u0103\u021bei \u0219i \u00eenc\u0103 dou\u0103 chiria\u0219e \u00een balta alb\u0103 adic\u0103<\/p>\n","protected":false},"author":2,"featured_media":0,"comment_status":"open","ping_status":"open","sticky":false,"template":"","format":"standard","meta":{"jetpack_post_was_ever_published":false,"_jetpack_newsletter_access":"","_jetpack_dont_email_post_to_subs":false,"_jetpack_newsletter_tier_id":0,"_jetpack_memberships_contains_paywalled_content":false,"_jetpack_memberships_contains_paid_content":false,"footnotes":""},"categories":[1083,13],"tags":[1084,887,1114],"class_list":["post-10690","post","type-post","status-publish","format-standard","hentry","category-egophobia-43","category-poezie","tag-egophobia-43","tag-paul-vinicius","tag-poezie"],"jetpack_featured_media_url":"","jetpack_sharing_enabled":true,"jetpack_shortlink":"https:\/\/wp.me\/p6DakB-2Mq","_links":{"self":[{"href":"https:\/\/egophobia.ro\/index.php?rest_route=\/wp\/v2\/posts\/10690","targetHints":{"allow":["GET"]}}],"collection":[{"href":"https:\/\/egophobia.ro\/index.php?rest_route=\/wp\/v2\/posts"}],"about":[{"href":"https:\/\/egophobia.ro\/index.php?rest_route=\/wp\/v2\/types\/post"}],"author":[{"embeddable":true,"href":"https:\/\/egophobia.ro\/index.php?rest_route=\/wp\/v2\/users\/2"}],"replies":[{"embeddable":true,"href":"https:\/\/egophobia.ro\/index.php?rest_route=%2Fwp%2Fv2%2Fcomments&post=10690"}],"version-history":[{"count":1,"href":"https:\/\/egophobia.ro\/index.php?rest_route=\/wp\/v2\/posts\/10690\/revisions"}],"predecessor-version":[{"id":10691,"href":"https:\/\/egophobia.ro\/index.php?rest_route=\/wp\/v2\/posts\/10690\/revisions\/10691"}],"wp:attachment":[{"href":"https:\/\/egophobia.ro\/index.php?rest_route=%2Fwp%2Fv2%2Fmedia&parent=10690"}],"wp:term":[{"taxonomy":"category","embeddable":true,"href":"https:\/\/egophobia.ro\/index.php?rest_route=%2Fwp%2Fv2%2Fcategories&post=10690"},{"taxonomy":"post_tag","embeddable":true,"href":"https:\/\/egophobia.ro\/index.php?rest_route=%2Fwp%2Fv2%2Ftags&post=10690"}],"curies":[{"name":"wp","href":"https:\/\/api.w.org\/{rel}","templated":true}]}}