{"id":10914,"date":"2015-10-31T13:13:19","date_gmt":"2015-10-31T11:13:19","guid":{"rendered":"http:\/\/egophobia.ro\/?p=10914"},"modified":"2015-11-03T12:58:21","modified_gmt":"2015-11-03T10:58:21","slug":"ceasul-fantasmelor-de-o-craznic","status":"publish","type":"post","link":"https:\/\/egophobia.ro\/?p=10914","title":{"rendered":"\u201eCeasul fantasmelor\u201d, de O. Cr\u00e2znic"},"content":{"rendered":"<p style=\"text-align: right;\">de Anamaria Bancea<strong><em><br \/>\n<\/em><\/strong><\/p>\n<p style=\"text-align: justify;\">Am terminat de citit urm\u0103toarea carte de pe lista mea de autori rom\u00e2ni de literatur\u0103 fantastic\u0103 \u2013 de data aceasta volumul a fost \u201eCeasul fantasmelor\u201d al lui Oliviu Cr\u00e2znic.<\/p>\n<p style=\"text-align: justify;\">Dup\u0103 ce am parcurs primele pagini am constatat c\u0103 Oliviu este un scriitor aparte. Un aspect interesant pentru mine a fost faptul c\u0103 ritmul este voit lent, lumea pe care o creeaz\u0103 nu este una care s\u0103 fie contemplat\u0103 \u00een vitez\u0103, chiar dac\u0103 ac\u0163iunea descrie goana unei s\u0103nii trase de cai, prin Cheile Osului. Am fost surprins\u0103 de la primele pagini de felul \u00een care compune atmosfera, este diferit de oricare din autorii rom\u00e2ni pe care i-am citit p\u00e2n\u0103 acum \u2013 spun asta deoarece \u00een modul lui de a scrie am g\u0103sit o aten\u0163ie incredibil\u0103 la detaliu, care necesit\u0103 concentrare pentru descoperirea \u015fi \u00een\u0163elegerea indiciilor pe care autorul le insereaz\u0103 \u00een firul pove\u015ftii. A\u015f recomanda acest volum celor care doresc o lectur\u0103 complex\u0103 \u015fi interactiv\u0103.<!--more--><\/p>\n<p><img data-recalc-dims=\"1\" decoding=\"async\" class=\"aligncenter\" src=\"https:\/\/i0.wp.com\/i158.photobucket.com\/albums\/t103\/egophobia\/44\/craznic568h_zpsia2h7pxf.jpg?w=812\" alt=\"\" \/><\/p>\n<p style=\"text-align: justify;\">Este evident\u0103 dragostea autorului pentru atmosfera romanului gotic. Au fost momente pe parcursul lecturii care mi-au amintit de scrierile lui Poe; la Oliviu niciun element din decorul \u00een care se \u00eent\u00e2mpl\u0103 ac\u0163iunea nu este clar, chiar \u015fi atunci c\u00e2nd povestea se deap\u0103n\u0103 \u00een miezul zilei, ca \u00een \u201eEllen Lee\u201d. Acest crepuscul m-a \u00eenso\u0163it \u00een permanen\u0163\u0103 pe parcursul r\u00e2ndurilor, imaginile se desf\u0103\u015foar\u0103 \u00eentr-un c\u00e2mp vizual \u00eengust, sporind atmosfera de suspans, la care lumea supranaturalului contribuie pregnant. Acest \u201edincolo\u201d nu este unul prietenos, n\u0103lucile care devin personaje nu vin s\u0103 m\u00e2ng\u00e2ie g\u00e2ndurile cititorului. Una din povestirile care mi-au pl\u0103cut cel mai mult, \u201ePivni\u0163ele palatului Charron\u201d, duce tensiunea p\u00e2n\u0103 la groaz\u0103, autorul nu se teme s\u0103 \u00eempleteasc\u0103 fire narative ce mi-au trimis fiori reci prin minte. Cu toate acestea, autorul nu uit\u0103 s\u0103 \u00eentrep\u0103trund\u0103 elemente de o frumuse\u0163e delicat\u0103, pe care proiecteaz\u0103 mici doze de lumin\u0103 \u00een sumbrul atmosferei, m\u0103rind contrastul. Aceste pete nea\u015fteptate de str\u0103lucire (pe care le-am \u00eent\u00e2lnit \u00een fiecare din povestiri), \u00eempreun\u0103 cu migala cu care alc\u0103tuie\u015fte ambian\u0163a \u015fi personajele, mi-au creat imagini remarcabile.<\/p>\n<p style=\"text-align: justify;\">Cel mai mult mi-a pl\u0103cut \u201e\u00cent\u00e2lnire cu Ermengaarde\u201d, titlu sub care am citit patru povestiri care m-au f\u0103cut s\u0103 doresc s\u0103 aflu continuarea. Am fost surprins\u0103 s\u0103 constat c\u0103 autorul m-a luat din atmosfera pove\u015ftilor de dinainte \u2013 unele dintre ele cu decor medieval, altele desf\u0103\u015furate \u00een cadru contemporan \u2013 \u015fi m-a proiectat direct pe orbita P\u0103m\u00e2ntului. Nu v\u0103 \u00eenchipui\u0163i c\u0103 este doar o alt\u0103 poveste science fiction. Pe l\u00e2ng\u0103 am\u0103nuntele care descriu starea omenirii \u00een momentul \u00een care se petrece ac\u0163iunea (\u015fi care mie \u00eemi plac \u00eentotdeauna, este o \u00eenc\u00e2ntare s\u0103 descop\u0103r posibile lumi viitoare din imagina\u0163ia cuiva), personajul principal este absolut nea\u015fteptat. Ermengaarde nu are puteri supranaturale, nu de\u0163ine arme sofisticate \u2013 \u00een afar\u0103 de dou\u0103: cea mai letal\u0103, inteligen\u0163a, iar pe cea de-a doua v\u0103 las s\u0103 o descoperi\u0163i singuri, merit\u0103! Dialogurile alerte, schimb\u0103rile de situa\u0163ie provocate \u00een cadrul alian\u0163elor din viitorul imaginar, ac\u0163iunea dinamic\u0103, m\u0103 fac s\u0103 sper c\u0103 voi vedea aceste povestiri transformate \u00eentr-un roman.<\/p>\n<p style=\"text-align: justify;\">Am aflat cu pl\u0103cere c\u0103 \u201eCeasul fantasmelor\u201d nu este singurul volum scris de Oliviu Cr\u00e2znic. Am de g\u00e2nd s\u0103 caut \u00een libr\u0103rii \u201e&#8230;\u015ei la sf\u00e2r\u015fit a mai r\u0103mas co\u015fmarul\u201d, cartea pentru care a primit Premiul de \u00cencurajare EuroCon \u00een 2012. Aceast\u0103 colec\u0163ie de povestiri mi-a st\u00e2rnit dorin\u0163a de a-l citi pe mai departe.<\/p>\n","protected":false},"excerpt":{"rendered":"<p>de Anamaria Bancea Am terminat de citit urm\u0103toarea carte de pe lista mea de autori rom\u00e2ni de literatur\u0103 fantastic\u0103 \u2013 de data aceasta volumul a fost \u201eCeasul fantasmelor\u201d al lui Oliviu Cr\u00e2znic. Dup\u0103 ce am parcurs primele pagini am constatat c\u0103 Oliviu este un scriitor aparte. Un aspect interesant pentru mine a fost faptul c\u0103 [&hellip;]<\/p>\n","protected":false},"author":2,"featured_media":0,"comment_status":"open","ping_status":"open","sticky":false,"template":"","format":"standard","meta":{"jetpack_post_was_ever_published":false,"_jetpack_newsletter_access":"","_jetpack_dont_email_post_to_subs":false,"_jetpack_newsletter_tier_id":0,"_jetpack_memberships_contains_paywalled_content":false,"_jetpack_memberships_contains_paid_content":false,"footnotes":""},"categories":[1098,125],"tags":[1187,1099,1129,636],"class_list":["post-10914","post","type-post","status-publish","format-standard","hentry","category-egophobia-44","category-invitat","tag-anamaria-bancea","tag-egophobia-44","tag-invitat","tag-oliviu-craznic"],"jetpack_featured_media_url":"","jetpack_sharing_enabled":true,"jetpack_shortlink":"https:\/\/wp.me\/p6DakB-2Q2","_links":{"self":[{"href":"https:\/\/egophobia.ro\/index.php?rest_route=\/wp\/v2\/posts\/10914","targetHints":{"allow":["GET"]}}],"collection":[{"href":"https:\/\/egophobia.ro\/index.php?rest_route=\/wp\/v2\/posts"}],"about":[{"href":"https:\/\/egophobia.ro\/index.php?rest_route=\/wp\/v2\/types\/post"}],"author":[{"embeddable":true,"href":"https:\/\/egophobia.ro\/index.php?rest_route=\/wp\/v2\/users\/2"}],"replies":[{"embeddable":true,"href":"https:\/\/egophobia.ro\/index.php?rest_route=%2Fwp%2Fv2%2Fcomments&post=10914"}],"version-history":[{"count":2,"href":"https:\/\/egophobia.ro\/index.php?rest_route=\/wp\/v2\/posts\/10914\/revisions"}],"predecessor-version":[{"id":10963,"href":"https:\/\/egophobia.ro\/index.php?rest_route=\/wp\/v2\/posts\/10914\/revisions\/10963"}],"wp:attachment":[{"href":"https:\/\/egophobia.ro\/index.php?rest_route=%2Fwp%2Fv2%2Fmedia&parent=10914"}],"wp:term":[{"taxonomy":"category","embeddable":true,"href":"https:\/\/egophobia.ro\/index.php?rest_route=%2Fwp%2Fv2%2Fcategories&post=10914"},{"taxonomy":"post_tag","embeddable":true,"href":"https:\/\/egophobia.ro\/index.php?rest_route=%2Fwp%2Fv2%2Ftags&post=10914"}],"curies":[{"name":"wp","href":"https:\/\/api.w.org\/{rel}","templated":true}]}}