{"id":10978,"date":"2015-11-28T09:08:07","date_gmt":"2015-11-28T07:08:07","guid":{"rendered":"http:\/\/egophobia.ro\/?p=10978"},"modified":"2015-12-01T14:41:57","modified_gmt":"2015-12-01T12:41:57","slug":"gardair-la-timisoara","status":"publish","type":"post","link":"https:\/\/egophobia.ro\/?p=10978","title":{"rendered":"Gardair la Timi\u015foara"},"content":{"rendered":"<p style=\"text-align: center;\"><span style=\"color: green;\">EgoNews-Living the Moment<\/span><\/p>\n<p>(Diplomatic Art, Galeriile Bastionului Theresa, 12.11-12.12.2015)<\/p>\n<p style=\"text-align: right;\">de Adrian Ioni\u021b\u0103<br \/>\n<a href=\"http:\/\/egophobia.ro\/?p=10980\">click for the English version<\/a><\/p>\n<p style=\"text-align: justify;\">Julien GARDAIR este prototipul artistului globe trotteur care nu \u00ee\u015fi pierde timpul \u00eentr-un singur loc. Se pare c\u0103 are metabolismul unui om care simte vibra\u0163iile planetei. Povestea lui te face s\u0103 \u00ee\u0163i scuipi \u00een s\u00e2n c\u0103 ai sc\u0103pat de iminen\u0163a unei catastrofe \u00een desf\u0103\u015furare sau pe cale de a deveni realitate. Ca mul\u0163i dintre arti\u015ftii care au intui\u0163ia momentului, Julien se afl\u0103 \u00een permanen\u0163\u0103 \u00een mijlocul lucrurilor. Cum reu\u015fe\u015fte este greu de explicat. S\u0103 lu\u0103m de exemplu aceast\u0103 c\u0103l\u0103torie la Timi\u015foara care \u00eenc\u0103 de la plecarea din New York a stat sub semnul unor dezastre \u00een desf\u0103\u015furare. \u00cen timp ce avionul s\u0103u decola de pe JFK prime\u015fte vestea c\u0103 un uragan a distrus casa socrilor s\u0103i, pentru ca apoi s\u0103 nimereasc\u0103 \u00een ochiul dezastrului de la Bataclan.<br \/>\n<!--more--><\/p>\n<p style=\"text-align: center;\"><img data-recalc-dims=\"1\" loading=\"lazy\" decoding=\"async\" class=\"size-medium wp-image-10983 aligncenter\" src=\"https:\/\/i0.wp.com\/egophobia.ro\/revista\/wp-content\/uploads\/2015\/11\/12299303_921581381263602_2653717558906199218_n-248x300.jpg?resize=248%2C300\" alt=\"12299303_921581381263602_2653717558906199218_n\" width=\"248\" height=\"300\" srcset=\"https:\/\/i0.wp.com\/egophobia.ro\/revista\/wp-content\/uploads\/2015\/11\/12299303_921581381263602_2653717558906199218_n.jpg?resize=248%2C300&amp;ssl=1 248w, https:\/\/i0.wp.com\/egophobia.ro\/revista\/wp-content\/uploads\/2015\/11\/12299303_921581381263602_2653717558906199218_n.jpg?w=596&amp;ssl=1 596w\" sizes=\"auto, (max-width: 248px) 100vw, 248px\" \/><br \/>\n[foto credits: Jody Rogac, <a href=\"http:\/\/nuvomagazine.com\/magazine\/autumn-2011\/artist-julien-gardair\" target=\"_blank\">nuvo magazine<\/a>]<\/p>\n<p style=\"text-align: justify;\">\nN\u0103scut \u00een Fran\u0163a \u00een 1976, Julien GARDAIR \u015fi-a f\u0103cut studiile la Ecole Na\u0163ionale d\u2019Arts de Paris-Cergy, France \u015fi dup\u0103 o perioad\u0103 de \u00eencerc\u0103ri de a-\u015fi g\u0103si identitatea \u015fi drumul artistic decide s\u0103 plece la New York. Decizia se pare c\u0103 a fost ajutat\u0103 \u015fi de faptul c\u0103 scena artistic\u0103 \u00een care se \u00eenv\u00e2rtea devenise scena \u00eengust\u0103 a unei manifest\u0103ri radicale care \u00ee\u0163i oferea op\u0163iunea limitata de a deveni un artist abstrac\u0163ionist sau figurativ, op\u0163iuni \u00een care sim\u0163ea c\u0103 nu se \u00eencadreaz\u0103. Ultimele expozi\u0163ii ale lui Julien incluz\u00e2nd cea de la Timi\u015foara au fost organizate de curatori foarte inteligen\u0163i care au intuit poten\u0163ialul s\u0103u artistic. Printre ei a\u015f aminti de Kristin Sancken, curator, \u015fi Mary Garis \u015fi Sophie Hahn, directorii Galeriei Garis &amp; Hahn din New York, care promoveaz\u0103 arti\u015fti a c\u0103ror for\u0163\u0103 narativ\u0103 produce un intercourse cu un public aflat pe paliere sociale diverse, de multe ori contrastante. Talentul lui Julien st\u0103 exact \u00een capacitatea \u015fi mobilitatea sa de a absorbi momentul \u00een care tr\u0103ie\u015fte, \u00een timp ce el este \u00een desf\u0103\u015furare.<\/p>\n<p style=\"text-align: justify;\">Julien instaleaz\u0103 \u00een Galeriile Bastionului Theresa din Timi\u015foara un cort de p\u00e2sl\u0103 \u00een care po\u0163i urm\u0103ri un montaj de t\u0103ieturi din Paris Match care au acoperit evenimentele atentatului din ultimele 10 zile din capitala Fran\u0163ei. Prima impresie pe care mi-a l\u0103sat-o filmul a fost aceea de colaj static pentru ca \u00eencet \u00eencet s\u0103 descop\u0103r c\u0103 imaginile se schimbau cu subtilitate pentru a oferi detalii ascunse care te for\u0163eaz\u0103 s\u0103 mergi \u00eenapoi pentru a reconstitui mental un fir ideatic. Filmate ca un e-book deschis ele sugereaz\u0103 un test Rorchard care te invit\u0103 la interpret\u0103ri personale. Aici materialul lui Julien Gardair devine o subliminal\u0103 provocare care ne confrunt\u0103 cu propriile noastre emo\u0163ii \u015fi reac\u0163ii la ce se \u00eent\u00e2mpl\u0103 \u00een jurul nostru, acum, at\u00e2t timp c\u00e2t j\u0103raticul arde, acum \u015fi nu m\u00e2ine, sau \u00eentr-o zi \u00een care poate va fi prea t\u00e2rziu.<\/p>\n<p style=\"text-align: justify;\"><em>Projectul The DIPLOMATIC ART preyint\u0103 \u0219i promoveaz\u0103 arti\u0219ti vizuali profesioni\u0219ti din \u021b\u0103ri care au consulate generale sau onorifice \u00een Timi\u0219oara. Expozi\u021bia e deschis\u0103 \u00eentre 12 noiembrie \u0219i 12 decembrie la Muzeul Banatului, Bastionul Theresia, Timi\u0219oara<\/em><\/p>\n<p style=\"text-align: justify;\">Mai multe despre Julien GARDAIR la: http:\/\/juliengardair.com\/<\/p>\n<p style=\"text-align: center;\"><img data-recalc-dims=\"1\" decoding=\"async\" src=\"https:\/\/i0.wp.com\/i158.photobucket.com\/albums\/t103\/egophobia\/45\/Julien-Gardair-Nov-13th-still-1_zpsen8nta6y.jpg?w=812\"><br \/>\n<br \/>\n<img data-recalc-dims=\"1\" decoding=\"async\" src=\"https:\/\/i0.wp.com\/i158.photobucket.com\/albums\/t103\/egophobia\/45\/Julien-Gardair-Nov-13th-still-2_zpsokpfd9f6.jpg?w=812\"><br \/>\n<br \/>\n<img data-recalc-dims=\"1\" decoding=\"async\" src=\"https:\/\/i0.wp.com\/i158.photobucket.com\/albums\/t103\/egophobia\/45\/Julien-Gardair-Nov-13th-still-3_zpsxchd5j6w.jpg?w=812\"><br \/>\n<br \/>\n<img data-recalc-dims=\"1\" decoding=\"async\" src=\"https:\/\/i0.wp.com\/i158.photobucket.com\/albums\/t103\/egophobia\/45\/Julien-Gardair-Nov-13th-still-4_zpsmkvhzkas.jpg?w=812\"><br \/>\n<br \/>\n<img data-recalc-dims=\"1\" decoding=\"async\" src=\"https:\/\/i0.wp.com\/i158.photobucket.com\/albums\/t103\/egophobia\/45\/Julien-Gardair-Nov-13th-still-5_zpstvwkou0c.jpg?w=812\"><br \/>\n[November 13th, video 13mn, video stills, Julien Gardair 2015]<\/p>\n","protected":false},"excerpt":{"rendered":"<p>EgoNews-Living the Moment (Diplomatic Art, Galeriile Bastionului Theresa, 12.11-12.12.2015) de Adrian Ioni\u021b\u0103 click for the English version Julien GARDAIR este prototipul artistului globe trotteur care nu \u00ee\u015fi pierde timpul \u00eentr-un singur loc. Se pare c\u0103 are metabolismul unui om care simte vibra\u0163iile planetei. Povestea lui te face s\u0103 \u00ee\u0163i scuipi \u00een s\u00e2n c\u0103 ai sc\u0103pat [&hellip;]<\/p>\n","protected":false},"author":2,"featured_media":0,"comment_status":"open","ping_status":"open","sticky":false,"template":"","format":"standard","meta":{"jetpack_post_was_ever_published":false,"_jetpack_newsletter_access":"","_jetpack_dont_email_post_to_subs":false,"_jetpack_newsletter_tier_id":0,"_jetpack_memberships_contains_paywalled_content":false,"_jetpack_memberships_contains_paid_content":false,"footnotes":""},"categories":[1190,1188,118],"tags":[23,1191,1189,1127,1192],"class_list":["post-10978","post","type-post","status-publish","format-standard","hentry","category-egonews-living-the-moment","category-egophobia-45","category-imagini","tag-adrian-ionita","tag-egonews-living-the-moment","tag-egophobia-45","tag-imagini","tag-julien-gardair"],"jetpack_featured_media_url":"","jetpack_sharing_enabled":true,"jetpack_shortlink":"https:\/\/wp.me\/p6DakB-2R4","_links":{"self":[{"href":"https:\/\/egophobia.ro\/index.php?rest_route=\/wp\/v2\/posts\/10978","targetHints":{"allow":["GET"]}}],"collection":[{"href":"https:\/\/egophobia.ro\/index.php?rest_route=\/wp\/v2\/posts"}],"about":[{"href":"https:\/\/egophobia.ro\/index.php?rest_route=\/wp\/v2\/types\/post"}],"author":[{"embeddable":true,"href":"https:\/\/egophobia.ro\/index.php?rest_route=\/wp\/v2\/users\/2"}],"replies":[{"embeddable":true,"href":"https:\/\/egophobia.ro\/index.php?rest_route=%2Fwp%2Fv2%2Fcomments&post=10978"}],"version-history":[{"count":8,"href":"https:\/\/egophobia.ro\/index.php?rest_route=\/wp\/v2\/posts\/10978\/revisions"}],"predecessor-version":[{"id":10993,"href":"https:\/\/egophobia.ro\/index.php?rest_route=\/wp\/v2\/posts\/10978\/revisions\/10993"}],"wp:attachment":[{"href":"https:\/\/egophobia.ro\/index.php?rest_route=%2Fwp%2Fv2%2Fmedia&parent=10978"}],"wp:term":[{"taxonomy":"category","embeddable":true,"href":"https:\/\/egophobia.ro\/index.php?rest_route=%2Fwp%2Fv2%2Fcategories&post=10978"},{"taxonomy":"post_tag","embeddable":true,"href":"https:\/\/egophobia.ro\/index.php?rest_route=%2Fwp%2Fv2%2Ftags&post=10978"}],"curies":[{"name":"wp","href":"https:\/\/api.w.org\/{rel}","templated":true}]}}