{"id":11214,"date":"2016-05-22T08:47:47","date_gmt":"2016-05-22T06:47:47","guid":{"rendered":"http:\/\/egophobia.ro\/?p=11214"},"modified":"2016-05-17T08:50:19","modified_gmt":"2016-05-17T06:50:19","slug":"poeme-de-savu-popa","status":"publish","type":"post","link":"https:\/\/egophobia.ro\/?p=11214","title":{"rendered":"poeme de Savu Popa"},"content":{"rendered":"<p><strong>Respira\u0163iile noastre erau acelea\u015fi \u00een fiecare zi<\/strong><\/p>\n<p>&nbsp;<\/p>\n<p>Erau zile \u00een care ne sim\u0163eam mai tineri,<\/p>\n<p>P\u0103r\u0103seam libr\u0103riile cu un acut gust al nesiguran\u0163ei,<\/p>\n<p>Dup\u0103 ce citeam tot mai multe versuri<\/p>\n<p>Pe care nu le \u00een\u0163elegeam.<!--more--><\/p>\n<p>&nbsp;<\/p>\n<p>Trecerea timpului ne p\u0103rea ca topirea unei z\u0103pezi<\/p>\n<p>Dup\u0103 o ploaie de martie.<\/p>\n<p>&nbsp;<\/p>\n<p>Ne sim\u0163eam mai pu\u0163in \u00eenv\u0103\u0163a\u0163i cu via\u0163a<\/p>\n<p>\u015ei \u00een fiecare diminea\u0163\u0103 \u00eenainte de cafeaua slab\u0103,<\/p>\n<p>Ne sp\u0103lam ciorapii \u00een aceea\u015fi ap\u0103.<\/p>\n<p>&nbsp;<\/p>\n<p>Uram s\u0103 ne petrecem dup\u0103 amiezile \u00een acela\u015fi dormitor<\/p>\n<p>Cu miros \u00eemb\u00e2csit,<\/p>\n<p>\u00cen care butonam telefonul minute \u00eentregi<\/p>\n<p>Sau pur \u015fi simplu st\u0103team<\/p>\n<p>Nef\u0103c\u00e2nd nimic<\/p>\n<p>Dolce far niente!<\/p>\n<p>Acelea\u015fi filme plictisitoare,<\/p>\n<p>Acelea\u015fi discu\u0163ii mecanice,<\/p>\n<p>Eram ca ni\u015fte robo\u0163i telefonici,<\/p>\n<p>Dar anima\u0163i \u015fi g\u00e2nditori.<\/p>\n<p>&nbsp;<\/p>\n<p>Mai erau zile \u00een care<\/p>\n<p>Ne mai duceam unul pe la cel\u0103lalt,<\/p>\n<p>St\u0103team\u00a0 unul \u00een fa\u0163a celuilalt,<\/p>\n<p>Priveam\u00a0\u00a0 pere\u0163ii cu un \u00eenceput de mucegai-<\/p>\n<p>semnul unei chelii sup\u0103r\u0103toare la unii.<\/p>\n<p>Nu sim\u0163eam dec\u00e2t un singur miros \u00een fiecare cas\u0103,<\/p>\n<p>Al cafelelor negre ca un c\u0103rbune c\u0103lcat \u00een picioare.<\/p>\n<p>&nbsp;<\/p>\n<p>Apoi plecam \u015fi ne re\u00eentorceam la c\u0103ldura confortabil\u0103<\/p>\n<p>A camerelor noastre mici<\/p>\n<p>\u015ei respiram ca \u00eentr-o pung\u0103.<\/p>\n<p>Eram \u00eenchi\u015fi \u00eentr-o pung\u0103 mare, ieftin\u0103,<\/p>\n<p>Folosit\u0103 pentru mezeluri grase.<\/p>\n<p>&nbsp;<\/p>\n<p>Seara\u00a0 de iarn\u0103 trecea greu,<\/p>\n<p>Dar era cald,<\/p>\n<p>Respira\u0163iile noastre erau acelea\u015fi \u00een fiecare zi.<\/p>\n<p>&nbsp;<\/p>\n<p>Respira\u0163iile noastre erau acelea\u015fi \u00een fiecare zi,<\/p>\n<p>Noi, ni\u015fte robo\u0163i telefonici,<\/p>\n<p>Adev\u0103ra\u0163ii prieteni ai omului,<\/p>\n<p>\u00cen locul persoanei apelate.<\/p>\n<p>&nbsp;<\/p>\n<p>&nbsp;<\/p>\n<p>&nbsp;<\/p>\n<p>&nbsp;<\/p>\n<p><strong>***<\/strong><\/p>\n<p>Fratelui meu,<\/p>\n<p>&nbsp;<\/p>\n<p>Tu \u00eemi spuneai<br \/>\nS\u0103 avem grij\u0103 ce fat\u0103 ne vom g\u0103si,<br \/>\nS\u0103 nu ne rat\u0103m, s\u0103 nu ne facem<br \/>\nDe r\u00e2s p\u0103rin\u0163ii, neamul, condi\u0163ia, unii vecini,<br \/>\nEu te ascultam<br \/>\nM\u00e2nc\u00e2nd pe p\u00e2ine Palaghia,<br \/>\n\u015eunc\u0103 \u015fi ca\u015fcaval.<\/p>\n<p>&nbsp;<\/p>\n<p>Tu \u00eemi spuneai<br \/>\nC\u0103 trebuie s\u0103 devenim mai serio\u015fi,<br \/>\nMai cu capul pe umeri,<br \/>\nS\u0103 nu mai scrum\u0103m \u0163ig\u0103rile \u00een pahare f\u0103r\u0103 ap\u0103,<br \/>\nC\u00e2nd nu avem o scrumier\u0103,<br \/>\nS\u0103 ne \u00eenscriem o dat\u0103 la \u015fcoala de \u015foferi.<\/p>\n<p>&nbsp;<\/p>\n<p>Eu m\u0103 g\u00e2ndeam c\u0103 mi-ar pl\u0103cea s\u0103 bag o ma\u015fin\u0103 \u00een viteza<br \/>\nA ZECEA, A OPTZECEA,<br \/>\nS\u0103 prind\u0103 zbor, s\u0103 v\u0103d de sus<br \/>\nOamenii, cu stresul ca o aur\u0103 rece,<br \/>\nNi\u015fte tri\u015fti, plictisi\u0163i martiri, de care durerea<br \/>\nA fugit ca o nev\u0103stuic\u0103 din fa\u0163a unor masini grabite..<br \/>\n.<\/p>\n<p>\u00cemi pl\u0103ceau vitezele, dar cu tine, nu \u015ftiu dac\u0103 aveam curajul<br \/>\nS\u0103 merg tare.<\/p>\n<p>&nbsp;<\/p>\n<p>Cu tine, nu m\u0103 gr\u0103beam nic\u0103ieri. Mergeam spre acelea\u015fi<br \/>\nDestina\u0163ii unde ne a\u015fteptau oamenii care locuiau<br \/>\nPe str\u0103zi cu sens unic.<\/p>\n<p>&nbsp;<\/p>\n<p>Noi mergeam spre ei<br \/>\nAscult\u00e2nd la MP 3,<br \/>\nPe contrasens.<\/p>\n<p>&nbsp;<\/p>\n<p>&nbsp;<\/p>\n<p>&nbsp;<\/p>\n<p><strong>Anun\u0163<\/strong><\/p>\n<p>&nbsp;<\/p>\n<p>\u00cemi \u00eenchid telefonul,<br \/>\nDe azi \u00eenainte \u00eel voi avea<br \/>\n\u00cenchis o s\u0103pt\u0103m\u00e2n\u0103 \u00eentreag\u0103.<\/p>\n<p>&nbsp;<\/p>\n<p>Nu m\u0103 voi plictisi.<\/p>\n<p>&nbsp;<\/p>\n<p>De pild\u0103, voi cur\u0103\u0163a p\u00e2nzele de p\u0103ianjen<br \/>\nDin orice col\u0163 al casei.<\/p>\n<p>&nbsp;<\/p>\n<p>\u00cemi va fi dor de unii prieteni,<br \/>\nDar cine vrea s\u0103 m\u0103 vad\u0103,<br \/>\nS\u0103 vin\u0103 la mine, s\u0103-mi bat\u0103<br \/>\n\u00cen geamul de la u\u015f\u0103,<br \/>\nS\u0103-mi trimit\u0103 scrisori scurte<br \/>\nCa telegramele<br \/>\nSau pur \u015fi simplu s\u0103 mai \u00eentrebe de mine<br \/>\nPe la magazinele de unde<br \/>\nAm cump\u0103rat becuri noi<br \/>\n\u015ei le-am l\u0103sat pe cele arse.<\/p>\n<p>&nbsp;<\/p>\n<p>Dac\u0103 nu, dragii mei,<br \/>\nV\u0103 voi spune despre mine, Joi sau<br \/>\nVineri, trimi\u0163\u00e2ndu-v\u0103 c\u00e2teva vorbe scurte<br \/>\nPe vreo p\u00e2nz\u0103 de p\u0103ianjen.<\/p>\n<p>&nbsp;<\/p>\n<p>&nbsp;<\/p>\n<p>&nbsp;<\/p>\n<p>&nbsp;<\/p>\n<p><strong>\u00een <\/strong><strong>preajma ta, nu mai exist\u0103 nicio gar\u0103.<\/strong><\/p>\n<p>&nbsp;<\/p>\n<p>Sufli \u00een candel\u0103<\/p>\n<p>Ca \u015fi cum ai vrea s\u0103 alungi<\/p>\n<p>Insomnia<\/p>\n<p>Care te p\u00e2nde\u015fte<\/p>\n<p>De multe nop\u0163i,<\/p>\n<p>Ar\u0103t\u00e2ndu-\u015fi<\/p>\n<p>Col\u0163ii lucio\u015fi, pa\u015fnici<\/p>\n<p>Printre z\u0103brelele minutelor.<\/p>\n<p>&nbsp;<\/p>\n<p>\u00cen timp ce \u00eenal\u0163i un zmeu tot mai sus,<\/p>\n<p>Sim\u0163i un gust de lacrimi,<\/p>\n<p>Cu toate acestea<\/p>\n<p>E\u015fti z\u00e2mbitoare,<\/p>\n<p>Nu te duci dup\u0103 zgomotul unui tren,<\/p>\n<p>Nu calci \u00een picioare frunza r\u0103mas\u0103 de anul trecut,<\/p>\n<p>\u0162inut\u0103 \u00eentre r\u0103d\u0103cinile unui copac<\/p>\n<p>Ca \u00eentre degete,<\/p>\n<p>&nbsp;<\/p>\n<p>\u015etii foarte bine c\u0103 \u00een preajma ta, nu mai exist\u0103<\/p>\n<p>Nicio gar\u0103.<\/p>\n<p>&nbsp;<\/p>\n<p>Lacrimile au gust de cicatrice. E pl\u0103cut afar\u0103.<\/p>\n<p>E senza\u0163ia \u00een aer, de ceva bl\u00e2nd,<\/p>\n<p>De un animal feroce, \u00eembl\u00e2nzit de o feti\u0163\u0103 cu chibrituri, r\u0103bd\u0103toare \u015fi aspr\u0103.<\/p>\n<p>&nbsp;<\/p>\n<p>Cu toate acestea e\u015fti z\u00e2mbitoare,<\/p>\n<p>\u00cenal\u0163i tot mai sus un zmeu de culoarea insomniei.<\/p>\n","protected":false},"excerpt":{"rendered":"<p>Respira\u0163iile noastre erau acelea\u015fi \u00een fiecare zi &nbsp; Erau zile \u00een care ne sim\u0163eam mai tineri, P\u0103r\u0103seam libr\u0103riile cu un acut gust al nesiguran\u0163ei, Dup\u0103 ce citeam tot mai multe versuri Pe care nu le \u00een\u0163elegeam.<\/p>\n","protected":false},"author":2,"featured_media":0,"comment_status":"open","ping_status":"open","sticky":false,"template":"","format":"standard","meta":{"jetpack_post_was_ever_published":false,"_jetpack_newsletter_access":"","_jetpack_dont_email_post_to_subs":false,"_jetpack_newsletter_tier_id":0,"_jetpack_memberships_contains_paywalled_content":false,"_jetpack_memberships_contains_paid_content":false,"footnotes":""},"categories":[1208,13],"tags":[1209,1114,1223],"class_list":["post-11214","post","type-post","status-publish","format-standard","hentry","category-egophobia-46","category-poezie","tag-egophobia-46","tag-poezie","tag-savu-popa"],"jetpack_featured_media_url":"","jetpack_sharing_enabled":true,"jetpack_shortlink":"https:\/\/wp.me\/p6DakB-2US","_links":{"self":[{"href":"https:\/\/egophobia.ro\/index.php?rest_route=\/wp\/v2\/posts\/11214","targetHints":{"allow":["GET"]}}],"collection":[{"href":"https:\/\/egophobia.ro\/index.php?rest_route=\/wp\/v2\/posts"}],"about":[{"href":"https:\/\/egophobia.ro\/index.php?rest_route=\/wp\/v2\/types\/post"}],"author":[{"embeddable":true,"href":"https:\/\/egophobia.ro\/index.php?rest_route=\/wp\/v2\/users\/2"}],"replies":[{"embeddable":true,"href":"https:\/\/egophobia.ro\/index.php?rest_route=%2Fwp%2Fv2%2Fcomments&post=11214"}],"version-history":[{"count":1,"href":"https:\/\/egophobia.ro\/index.php?rest_route=\/wp\/v2\/posts\/11214\/revisions"}],"predecessor-version":[{"id":11215,"href":"https:\/\/egophobia.ro\/index.php?rest_route=\/wp\/v2\/posts\/11214\/revisions\/11215"}],"wp:attachment":[{"href":"https:\/\/egophobia.ro\/index.php?rest_route=%2Fwp%2Fv2%2Fmedia&parent=11214"}],"wp:term":[{"taxonomy":"category","embeddable":true,"href":"https:\/\/egophobia.ro\/index.php?rest_route=%2Fwp%2Fv2%2Fcategories&post=11214"},{"taxonomy":"post_tag","embeddable":true,"href":"https:\/\/egophobia.ro\/index.php?rest_route=%2Fwp%2Fv2%2Ftags&post=11214"}],"curies":[{"name":"wp","href":"https:\/\/api.w.org\/{rel}","templated":true}]}}