{"id":11216,"date":"2016-07-02T08:50:43","date_gmt":"2016-07-02T06:50:43","guid":{"rendered":"http:\/\/egophobia.ro\/?p=11216"},"modified":"2016-06-14T22:03:48","modified_gmt":"2016-06-14T20:03:48","slug":"poeme-de-savu-popa-2","status":"publish","type":"post","link":"https:\/\/egophobia.ro\/?p=11216","title":{"rendered":"poeme de Savu Popa"},"content":{"rendered":"<p><strong>Poemul tat\u0103lui<\/strong><\/p>\n<p>1.<\/p>\n<p>Ne vorbeai de lumea asta. S\u0103 nu plec\u0103m prea departe. Eu \u00eemi<br \/>\nImaginez lumea ca pe toate poemele scrise p\u00e2n\u0103 acum. Toate. De la \u00eenceput. \u015ei p\u00e2n\u0103 acum. Se scrie un poem, se mai na\u015fte cineva. Pentru c\u0103 se mai scrie, se mai na\u015fte cineva. \u015ei lumea asta, am \u00een\u0163eles nu demult, e ca o \u00een\u015firuire de str\u0103zi. Unele sunt pietruite, altele au fost asfaltate ieri, poate. Ele dau unele \u00een altele. Pe unele circul\u0103 ma\u015fini mari, altele sunt cu sens unic. Pe altele trec doar oameni \u015fi animale. Oameni pe trotuare si pe strazi. Asta e lumea, un fel de ora\u015f f\u0103r\u0103 sf\u00e2r\u015fit, care \u00eencepe acolo unde sunt primii locuitori, acolo unde s-au plantat primii copaci, primele flori de h\u00e2rtie, unde au fost rupte foi \u00eentregi cu fraze \u015fi au fost puse pe post de seminte pentru copaci, flori.<!--more--><\/p>\n<p>2.<\/p>\n<p>Ne ar\u0103\u0163i tot felul de lucruri \u00een excursii. \u00cen unele locuri am r\u0103mas mai mult. Prin altele, doar am trecut. C\u00e2nd eram cu tine, mai opreai ma\u015fina, pe ici, pe colo. Vedeam \u015fi noi un col\u0163 de natur\u0103. Un conac boieresc vechi. Un muzeu. O biseric\u0103. Uneori mai vorbeam, alteori m\u0103 sim\u0163eam eu prost \u015fi t\u0103ceam. Eram trist, de\u015fi eram liber. \u00cen fine, \u00eemi amintesc c\u0103 \u00eemi veneau tot felul de g\u00e2nduri. C\u00e2nd eram cu autocarul, timpul trecea prea greu, de\u015fi mergeam repede. Din autocar, vezi lucrurile ca \u015fi din avion. Orice lucru pe l\u00e2ng\u0103 care treci repede, se vede mic, \u00eendep\u0103rtat.<\/p>\n<p>&nbsp;<\/p>\n<p><strong>Poemul tat\u0103lui 2<\/strong><\/p>\n<p>3.<\/p>\n<p>Ne trimiteai dup\u0103 varz\u0103 murat\u0103 \u00een pivni\u0163\u0103. Eu \u00eemi b\u0103gam m\u00e2inile \u00een apa ca ghea\u0163a \u015fi scoteam o c\u0103p\u0103\u0163\u00e2n\u0103 de varz\u0103 ca un cap de mumie-copil. M\u0103 trezeam imediat diminea\u0163a devreme, iar motanul vecinului se gudura pe l\u00e2ng\u0103 mine. Aveam m\u00e2inile s\u0103rate \u015fi ude. M\u00e2ncam la pr\u00e2nz carnea fript\u0103 cu farz\u0103 \u015fi ca desert, beam c\u00e2te un pahar de moare rece. Era ca un vin s\u0103rat. Ne povesteai apoi c\u0103 te mirai, cum de toat\u0103 lumea din Ocna Sibiului se pl\u00e2nge c\u0103 trebuie s\u0103 taie un porc \u00eentreg \u015fi apoi s\u0103 \u0163in\u0103 luni \u00eentregi, at\u00e2ta carne. Cum de nu era \u00een Ocna o m\u0103cel\u0103rie? Pe vremuri, un ungur din Ocna deschisese o m\u0103cel\u0103rie l\u00e2ng\u0103 sta\u0163iune \u015fi fosta sta\u0163ie de autobuz. Nea iSTVAN \u015ftia exact de ce carne ai nevoie, c\u00e2nd doreai s\u0103 g\u0103te\u015fti ceva. Atunci, pe vremuri, la Ocna, \u00een sta\u0163iune se organizau baluri. Fanfara armatei venea de la Sibiu \u015fi c\u00e2nta toat\u0103 seara \u00een parcul sta\u0163iunii. Doamnele se plimbau ca pe corso \u00een Bucure\u015fti, ca \u00een schi\u0163ele lui Caragiale. Asta, c\u00e2nd era var\u0103, iar iarna \u00een pavilionul b\u0103ilor, se organizau serate, seri de lectur\u0103 \u015fi lacurile s\u0103rate \u00eenghe\u0163au pe alocuri, mai t\u00e2rziu un doctor teribilist sp\u0103rgea ghea\u0163a, iarn\u0103 de iarn\u0103 \u015fi f\u0103cea regulat b\u0103i. LA OCNA, COMUNISMUL P\u0102REA UNEORI \u00ceMBL\u00c2NZIT CA O SCORPIE. \u00eemi spuneam c\u0103 mai t\u00e2rziu, dup\u0103 c\u00e2teva linguri de varz\u0103 murat\u0103, o s\u0103 \u00eemi amintesc de Ocna. Aceasta va fi madlena mea.<\/p>\n<p>E s\u00e2mb\u0103t\u0103, ora unu. Ultimul autobuz a trecut spre Sibiu. Str\u0103zile Ocnei sunt goale ca ni\u015fte m\u0103sele din care a c\u0103zut plomba.<\/p>\n<p>&nbsp;<\/p>\n<p>&nbsp;<\/p>\n<p><strong>Poemul tat\u0103lui (Ciorb\u0103 de c\u0103r\u0103mizi<\/strong><strong>)<\/strong><\/p>\n<p>4.<\/p>\n<p>Erai mic \u015fi \u00ee\u0163i pl\u0103cea s\u0103 te joci cu sora ta pe strada Strigoi\u0163ei.\u00a0 Strada nu era asfaltat\u0103, treceau doar c\u0103ru\u0163ele spre c\u00e2mp. Niciodat\u0103 nu a trecut vreo ma\u015fin\u0103 pe acolo. Strada asta \u00eencepea unde se termina strada ta. Se povestea c\u0103 acolo, noaptea, strigoii vin din c\u00e2mp, din cimitirul catolic vechi, mai stau de vorb\u0103 ca ni\u015fte pensionari \u00een parc, mai adun\u0103 c\u00e2te un pai c\u0103zut din c\u0103ru\u0163e \u015fi \u00eel bag\u0103 \u00een gur\u0103. Ei numai pot s\u0103 fumeze.\u00a0 Ne mai povesteai\u00a0 c\u0103 \u00een fundul gr\u0103dinii tale, locuiau dou\u0103 femei cu min\u0163ile r\u0103t\u0103cite. Uneia \u00eei ziceau Lichioasa, dup\u0103 o pr\u0103jitur\u0103 numit\u0103 lichie. St\u0103teau \u00eentr-o cas\u0103 mare, acoperit\u0103 de cel mai mare tei, care a existat vreodat\u0103 \u00een Ocna, ca un schelet pr\u0103fuit. Ele umblau cu haine rupte \u015fi tot timpul luau buc\u0103\u0163i de c\u0103r\u0103mid\u0103, le duceau \u00een buc\u0103t\u0103rie, le fierbeau \u00een oala de pe plit\u0103 \u015fi f\u0103ceau un fel de ciorb\u0103. Tot timpul, ie\u015fea un fum gros din buc\u0103t\u0103ria lor de var\u0103, ca dintr-o locomotiv\u0103\u00a0 mic\u0103.\u00a0 Ciorb\u0103 cu gust de pietre, de c\u0103r\u0103mizi. O dat\u0103, ai vrut s\u0103 intri la ele \u00een curte, dar te a fug\u0103rit un c\u00e2ine mare, negru, jerpelit, un fel de zdrean\u0163\u0103 r\u0103mas \u00een via\u0163\u0103 de pe vremea lui Arghezi. Mirosea peste tot a praf. Vara mirosea a lucruri vechi.<\/p>\n<p>&nbsp;<\/p>\n","protected":false},"excerpt":{"rendered":"<p>Poemul tat\u0103lui 1. Ne vorbeai de lumea asta. S\u0103 nu plec\u0103m prea departe. Eu \u00eemi Imaginez lumea ca pe toate poemele scrise p\u00e2n\u0103 acum. Toate. De la \u00eenceput. \u015ei p\u00e2n\u0103 acum. Se scrie un poem, se mai na\u015fte cineva. Pentru c\u0103 se mai scrie, se mai na\u015fte cineva. \u015ei lumea asta, am \u00een\u0163eles nu demult, [&hellip;]<\/p>\n","protected":false},"author":2,"featured_media":0,"comment_status":"open","ping_status":"open","sticky":false,"template":"","format":"standard","meta":{"jetpack_post_was_ever_published":false,"_jetpack_newsletter_access":"","_jetpack_dont_email_post_to_subs":false,"_jetpack_newsletter_tier_id":0,"_jetpack_memberships_contains_paywalled_content":false,"_jetpack_memberships_contains_paid_content":false,"footnotes":""},"categories":[1224,13],"tags":[1225,1114,1223],"class_list":["post-11216","post","type-post","status-publish","format-standard","hentry","category-egophobia-47","category-poezie","tag-egophobia-47","tag-poezie","tag-savu-popa"],"jetpack_featured_media_url":"","jetpack_sharing_enabled":true,"jetpack_shortlink":"https:\/\/wp.me\/p6DakB-2UU","_links":{"self":[{"href":"https:\/\/egophobia.ro\/index.php?rest_route=\/wp\/v2\/posts\/11216","targetHints":{"allow":["GET"]}}],"collection":[{"href":"https:\/\/egophobia.ro\/index.php?rest_route=\/wp\/v2\/posts"}],"about":[{"href":"https:\/\/egophobia.ro\/index.php?rest_route=\/wp\/v2\/types\/post"}],"author":[{"embeddable":true,"href":"https:\/\/egophobia.ro\/index.php?rest_route=\/wp\/v2\/users\/2"}],"replies":[{"embeddable":true,"href":"https:\/\/egophobia.ro\/index.php?rest_route=%2Fwp%2Fv2%2Fcomments&post=11216"}],"version-history":[{"count":1,"href":"https:\/\/egophobia.ro\/index.php?rest_route=\/wp\/v2\/posts\/11216\/revisions"}],"predecessor-version":[{"id":11217,"href":"https:\/\/egophobia.ro\/index.php?rest_route=\/wp\/v2\/posts\/11216\/revisions\/11217"}],"wp:attachment":[{"href":"https:\/\/egophobia.ro\/index.php?rest_route=%2Fwp%2Fv2%2Fmedia&parent=11216"}],"wp:term":[{"taxonomy":"category","embeddable":true,"href":"https:\/\/egophobia.ro\/index.php?rest_route=%2Fwp%2Fv2%2Fcategories&post=11216"},{"taxonomy":"post_tag","embeddable":true,"href":"https:\/\/egophobia.ro\/index.php?rest_route=%2Fwp%2Fv2%2Ftags&post=11216"}],"curies":[{"name":"wp","href":"https:\/\/api.w.org\/{rel}","templated":true}]}}