{"id":11390,"date":"2016-09-15T07:48:11","date_gmt":"2016-09-15T05:48:11","guid":{"rendered":"http:\/\/egophobia.ro\/?p=11390"},"modified":"2021-09-04T12:15:04","modified_gmt":"2021-09-04T10:15:04","slug":"mitternacht","status":"publish","type":"post","link":"https:\/\/egophobia.ro\/?p=11390","title":{"rendered":"Mitternacht"},"content":{"rendered":"<p style=\"text-align: justify;\"><strong>[Oliviu Cr\u00e2znic, <em>Ceasul fantasmelor<\/em>, Ed. Crux, 2015]<em><br \/>\n<\/em><\/strong><\/p>\n<p style=\"text-align: right;\">de <a href=\"http:\/\/egophobia.ro\/?tag=stefan-bolea\">\u0218tefan Bolea<\/a><\/p>\n<p style=\"text-align: justify;\"><strong>\u00a0<\/strong>Oliviu Cr\u00e2znic (n. 1978), autorul romanului cult <em>&#8230; \u0218i la sf\u00e2r\u0219it a mai r\u0103mas co\u0219marul<\/em> (Editura Vremea, 2010), una din primele \u00eencerc\u0103ri (neo)gothice din literatura noastr\u0103, revine \u00een 2015 cu <em>Ceasul fantasmelor<\/em> (Editura Crux), un volum de proz\u0103 scurt\u0103, \u00een care \u00eent\u00e2lnim subgenuri variate \u0219i multiple ale literaturii fantasy (dark fantasy, steampunk, planetary romance, conform prefa\u021batorului s\u0103u, scriitorul \u0218erban Andrei Mazilu). Trebuie men\u021bionat chiar de la \u00eenceput c\u0103 autorul <em>Co\u0219marului<\/em> exceleaz\u0103 nu numai \u00een proz\u0103, fiind (re)cunoscut ca teoretician \u0219i critic literar, de\u021bin\u00e2nd rubrica <em>Studii fantastice<\/em> din revista electronic\u0103 EgoPHobia.<!--more--><\/p>\n<p style=\"text-align: justify;\">Comparat chiar de la debutul s\u0103u cu Lovecraft, Poe \u0219i Baudelaire, Cr\u00e2znic se remarc\u0103 \u00een primul r\u00e2nd ca un stilist deosebit. Povestirile sale, finisate asemenea unor bijuterii din care nu lipse\u0219te o tu\u0219\u0103 de <em>unheimlich<\/em> (mai degrab\u0103 sublime dec\u00e2t frumoase), oscileaz\u0103 \u00eentre manierism \u0219i rococo (folosesc acest termen cu admira\u021bie). A\u0219 compara, din perspectiva aten\u021biei pentru detalii, a ornamenta\u021biei str\u0103lucite (\u0219i \u00een principiu deloc superflue), a decorativului care oscileaz\u0103 amfibolic \u00eentre arhaism \u0219i neologism, volumul <em>Ceasul fantasmelor<\/em> cu Asamkirche din M\u00fcnchen.<\/p>\n<p style=\"text-align: justify;\"><img data-recalc-dims=\"1\" loading=\"lazy\" decoding=\"async\" class=\"aligncenter size-medium\" src=\"https:\/\/i0.wp.com\/i158.photobucket.com\/albums\/t103\/egophobia\/47\/oliviu-craznic-ceasul-fantasmelor_zps996ty5pb.png?resize=260%2C400\" alt=\"\" width=\"260\" height=\"400\" \/><\/p>\n<p style=\"text-align: justify;\">Nu este de mirare c\u0103 O. Cr\u00e2znic este at\u00e2t de popular \u0219i are fani at\u00e2t de dedica\u021bi: \u00eenainte de a crea povestea (care de cele mai multe ori nu dezam\u0103ge\u0219te), scriitorul n\u0103scut la Lupeni inaugureaz\u0103 un fel de <em>literarische Raum<\/em>, un teritoriu specific, pe care nu-l g\u0103sim la altcineva \u00een literatura noastr\u0103 contemporan\u0103. Te duci la Cr\u00e2znic, ca la Poe sau la Cioran, pentru c\u0103 e\u0219ti dependent de o anumit\u0103 atmosfera \u0219i \u2013 mai mult \u2013 de un anumit parfum stilistic, a c\u0103rui complex\u0103 formul\u0103 s\u0103l\u0103\u0219luie\u0219te \u00een <em>id<\/em>-ul prozatorului. Iat\u0103 o mostr\u0103 paradigmatic\u0103:<\/p>\n<p style=\"text-align: justify;\">\u201eNecunoscutele sunt c\u0103ile Domnului. Ale diavolului \u0219i ale lui Moros, la fel.\/\/ Boala \u00ee\u0219i alesese s\u0103la\u0219ul putrid \u0219i dezolant \u00een murii co\u0219covi\u021bi ai palatului falnic odinioar\u0103, puroind de acum trivial peste lichenii crescu\u021bi r\u0103p\u0103nos sub zid. Hulpav, pe cerul mortifer, cronc\u0103neau paserile hoitare. Nici un o\u0219tean al seniorului nu p\u0103zea marea poart\u0103 desferecat\u0103, deschis\u0103 lubric pe jum\u0103tate, drept invita\u021bie la un vals obscen. <em>\u00cen alte vie\u021bi, un z\u00e2mbet cald, feciorelnic, z\u00e2mbetul stelelor.<\/em> Nimeni \u00een turnul str\u0103jii. Cu\u0219tile c\u00e2inilor, deteriorate \u0219i goale. Z\u0103pada \u00een curtea pietruit\u0103 cu marmuri romane pirotea, neprimenit\u0103, de evuri.\/\/ Palatul ducelui Alier de Arras era de\u0219ert.\u201d (25) Stilul nu este numai ornamental ci \u0219i epistemic, fiind dificil de procesat pentru un lector mediu. \u00cen ciuda splendorii luxuriante, Cr\u00e2znic nu este str\u0103in de o anume ascez\u0103, de o rigoare abisal\u0103, ce \u00eei permite s\u0103-\u0219i adape proza de la izvorul oniric.<\/p>\n<p style=\"text-align: justify;\">O constant\u0103 tematic\u0103 <em>Ceasului fantasmelor<\/em> este o explorare temeinic\u0103 a arhetipului animei (<em>Lenore Arras,<\/em> <em>Pivni\u021bele palatului Charron, Transport periculos, Ellen Lee,<\/em> etc.). <em>\u00cens\u00e2ngerat\u0103, luna <\/em>\u2013 din punctul meu de vedere cea mai reu\u0219it\u0103 pies\u0103, al\u0103turi de <em>Trec\u0103toarea<\/em> \u2013 reprezint\u0103 o sintetic\u0103 incursiune \u00een terenul arhetipului contrasexual, \u00een \u201eEva interioar\u0103\u201d a b\u0103rbatului.<\/p>\n<p style=\"text-align: justify;\">\u201e<em>Nu v\u0103 uita\u021bi la <strong>ia<\/strong><\/em><strong> &#8230; <\/strong><em>altfel o s\u0103 v\u0103 fure inima.\/\/ <strong>Ia.<\/strong> <\/em>Nu<em> <strong>ea<\/strong>.<\/em> Asta spusese localnicul. \u0218i, \u00eentr-adev\u0103r, fata lua inimi.\/\/ Am ridicat pumnalul \u0219i mantia \u0219i alunec\u0103 de pe umeri \u0219i am sc\u0103pat arma c\u00e2nd zei\u021ba m\u0103 \u00eembr\u0103\u021bi\u0219\u0103 cald\u0103 \u0219i goal\u0103 \u0219i \u00eemi \u0219opti vorbe vr\u0103jite la ureche. \u0218ocul veni totu\u0219i abia sim\u021bit, \u0219i c\u00e2nd se trase \u00een spate z\u00e2mbind eu am r\u0103mas cl\u0103tinat pe picioare, cu cadavrele putrezite \u0219i moi lovindu-mi-se lin de genunchi.\/\/ \u00cen m\u00e2na cu unghiile delicate \u0219i lungi, <em>ia<\/em> \u021binea o inim\u0103 \u00eens\u00e2ngerat\u0103 \u0219i ro\u0219ie care b\u0103tea \u00eenc\u0103.\u201d (53)<\/p>\n<p style=\"text-align: justify;\">Fiica Lunii, din punct de vedere simbolic o divinitate htonian\u0103 care \u00eenf\u0103\u021bi\u0219eaz\u0103 \u00ad\u2013 printre altele \u2013 fertilitatea, care iube\u0219te omor\u00e2nd (ne amintim de conexiunea romantic\u0103 a <em>LiebesTod<\/em>-ului), care conjug\u0103 raptul cu specificul feminin (<em>ia<\/em> cu <em>ea<\/em>), este o personificare autentic\u0103, periculoas\u0103 \u0219i charismatic\u0103 a arhetipului men\u021bionat. \u201e<em>Ia<\/em> \u021binea o inim\u0103 \u00eens\u00e2ngerat\u0103 \u0219i ro\u0219ie care b\u0103tea \u00eenc\u0103\u201d: imaginea sufletului (anima) se hr\u0103ne\u0219te cu inimi (o nou\u0103 conjunc\u021bie, cea dintre sufletul metafizic \u0219i cel material: <em>psych\u00e9 \u2013 kard<\/em><em>\u00ed<\/em><em>a<\/em>).<\/p>\n<p style=\"text-align: justify;\">\u00cen \u00eencheiere, a\u0219 men\u021biona c\u0103 povestirea <em>Tempus fugit <\/em>\u00eemi aminte\u0219te de <em>Strania moarte a profesorului Antena<\/em> de M\u00e1rio de S\u00e1-Carneiro, <em>Imora<\/em> de filmul <em>Predestination<\/em> iar izbutita <em>Spiridu\u0219ii albi <\/em>de serialul <em>Supernatural<\/em>. De altfel, proza lui Cr\u00e2znic are un imens capital cinematografic prin nara\u021biunile sale tensionate \u0219i deznod\u0103m\u00e2ntul deseori ambiguu. Mai mult, a\u0219 vrea s\u0103 observ propensiunea autorului pentru filosofie (dincolo de cea pentru ocultism), ceea ce nu poate dec\u00e2t s\u0103 adauge un plus de semnifica\u021bie operei sale multiple \u0219i fascinante. \u201eC\u00e2nd vremea e rea \u0219i locul e r\u0103u, clipele trec toate deodat\u0103 \u0219i seam\u0103n\u0103 teribil una cu alta. Astfel, nici m\u0103car ve\u0219nicia nu dureaz\u0103 mult\u201d (151-2).<\/p>\n<p style=\"text-align: justify;\">#<\/p>\n<p style=\"text-align: justify;\">o variant\u0103 anterioar\u0103 a acestui text a ap\u0103rut pentru prima dat\u0103 \u00een Revista <em>Mozaicul<\/em><\/p>\n<p>&nbsp;<\/p>\n","protected":false},"excerpt":{"rendered":"<p>[Oliviu Cr\u00e2znic, Ceasul fantasmelor, Ed. Crux, 2015] de \u0218tefan Bolea \u00a0Oliviu Cr\u00e2znic (n. 1978), autorul romanului cult &#8230; \u0218i la sf\u00e2r\u0219it a mai r\u0103mas co\u0219marul (Editura Vremea, 2010), una din primele \u00eencerc\u0103ri (neo)gothice din literatura noastr\u0103, revine \u00een 2015 cu Ceasul fantasmelor (Editura Crux), un volum de proz\u0103 scurt\u0103, \u00een care \u00eent\u00e2lnim subgenuri variate \u0219i [&hellip;]<\/p>\n","protected":false},"author":2,"featured_media":0,"comment_status":"open","ping_status":"open","sticky":false,"template":"","format":"standard","meta":{"jetpack_post_was_ever_published":false,"_jetpack_newsletter_access":"","_jetpack_dont_email_post_to_subs":false,"_jetpack_newsletter_tier_id":0,"_jetpack_memberships_contains_paywalled_content":false,"_jetpack_memberships_contains_paid_content":false,"footnotes":""},"categories":[8,1224],"tags":[1113,1225,636,39],"class_list":["post-11390","post","type-post","status-publish","format-standard","hentry","category-critica","category-egophobia-47","tag-critica","tag-egophobia-47","tag-oliviu-craznic","tag-stefan-bolea"],"jetpack_featured_media_url":"","jetpack_sharing_enabled":true,"jetpack_shortlink":"https:\/\/wp.me\/p6DakB-2XI","_links":{"self":[{"href":"https:\/\/egophobia.ro\/index.php?rest_route=\/wp\/v2\/posts\/11390","targetHints":{"allow":["GET"]}}],"collection":[{"href":"https:\/\/egophobia.ro\/index.php?rest_route=\/wp\/v2\/posts"}],"about":[{"href":"https:\/\/egophobia.ro\/index.php?rest_route=\/wp\/v2\/types\/post"}],"author":[{"embeddable":true,"href":"https:\/\/egophobia.ro\/index.php?rest_route=\/wp\/v2\/users\/2"}],"replies":[{"embeddable":true,"href":"https:\/\/egophobia.ro\/index.php?rest_route=%2Fwp%2Fv2%2Fcomments&post=11390"}],"version-history":[{"count":4,"href":"https:\/\/egophobia.ro\/index.php?rest_route=\/wp\/v2\/posts\/11390\/revisions"}],"predecessor-version":[{"id":13783,"href":"https:\/\/egophobia.ro\/index.php?rest_route=\/wp\/v2\/posts\/11390\/revisions\/13783"}],"wp:attachment":[{"href":"https:\/\/egophobia.ro\/index.php?rest_route=%2Fwp%2Fv2%2Fmedia&parent=11390"}],"wp:term":[{"taxonomy":"category","embeddable":true,"href":"https:\/\/egophobia.ro\/index.php?rest_route=%2Fwp%2Fv2%2Fcategories&post=11390"},{"taxonomy":"post_tag","embeddable":true,"href":"https:\/\/egophobia.ro\/index.php?rest_route=%2Fwp%2Fv2%2Ftags&post=11390"}],"curies":[{"name":"wp","href":"https:\/\/api.w.org\/{rel}","templated":true}]}}