{"id":11436,"date":"2016-10-04T19:49:25","date_gmt":"2016-10-04T17:49:25","guid":{"rendered":"http:\/\/egophobia.ro\/?p=11436"},"modified":"2016-10-04T19:49:25","modified_gmt":"2016-10-04T17:49:25","slug":"poeme-de-roberto-bolano","status":"publish","type":"post","link":"https:\/\/egophobia.ro\/?p=11436","title":{"rendered":"poeme de Roberto Bola\u00f1o"},"content":{"rendered":"<p style=\"text-align: right;\">traducere:\u00a0Mina Decu<\/p>\n<p><strong>Poet chinez \u00een Barcelona<\/strong><\/p>\n<p>Un poet chinez d\u0103 t\u00e2rcoale<br \/>\nunui cuv\u00e2nt, neajung\u00e2nd s\u0103-l ating\u0103,<br \/>\nneajung\u00e2nd s\u0103-l priveasc\u0103, ne-<br \/>\najung\u00e2nd s\u0103-l prind\u0103.<br \/>\n\u00cen spatele poetului sunt mun\u021bi<br \/>\ngalbeni \u015fi usca\u021bi, b\u0103tu\u021bi de<br \/>\nv\u00e2nt,<br \/>\nploi r\u0103zle\u021be,<br \/>\nrestaurante ieftine,<br \/>\nnori albi ce se destram\u0103.<!--more--><br \/>\n&nbsp;<\/p>\n<p>&nbsp;<\/p>\n<p><strong>C\u00e2inii romantici <\/strong><\/p>\n<p>Pe vremea aia aveam dou\u0103zeci de ani<br \/>\n\u015fi eram nebun.<br \/>\nPierdusem o \u021bar\u0103<br \/>\ndar c\u00e2\u015ftigasem un vis.<br \/>\n\u015ei dac\u0103 aveam visul \u0103sta<br \/>\nnimic nu mai conta.<br \/>\nNici s\u0103 lucrez, nici s\u0103 m\u0103 rog<br \/>\nnici s\u0103 mai studiez \u00een zori<br \/>\nal\u0103turi de c\u00e2inii romantici.<br \/>\n\u015ei visul tr\u0103ia \u00een spa\u021biul spiritului meu.<br \/>\nO \u00eenc\u0103pere de lemn,<br \/>\n\u00een penumbr\u0103,<br \/>\n\u00eentr-unul din pl\u0103m\u00e2nii tropicului.<br \/>\n\u015ei uneori m\u0103 \u00eentorceam \u00een mine<br \/>\n\u015fi vizitam visul: statuie eternizat\u0103<br \/>\n\u00een g\u00e2nduri lichide,<br \/>\nun vierme alb zv\u00e2rcolindu-se<br \/>\n\u00een dragoste.<br \/>\nO iubire turbat\u0103.<br \/>\nUn vis \u00eenl\u0103untrul unui alt vis.<br \/>\n\u015ei co\u015fmarul \u00eemi spunea: vei cre\u015fte.<br \/>\nVei l\u0103sa \u00een urm\u0103 imaginile durerii \u015fi ale labirintului<br \/>\n\u015fi vei uita.<br \/>\nDar \u00een acele vremuri s\u0103 cresc ar fi fost o crim\u0103.<br \/>\nSunt aici, am spus, cu c\u00e2inii romantici<br \/>\n\u015ei aici o s\u0103 r\u0103m\u00e2n.<\/p>\n<p>&nbsp;<\/p>\n<p>&nbsp;<\/p>\n<p>&nbsp;<\/p>\n<p><strong>\u00cen realitate cel care se teme mai mult sunt eu<\/strong><\/p>\n<p>\u00cen realitate cel care se teme mai mult sunt eu<\/p>\n<p>chiar dac\u0103 nu ar\u0103t\u00a0\u00a0\u00a0\u00a0\u00a0\u00a0\u00a0\u00a0\u00a0 \u00cen \u00eenserarea<\/p>\n<p>din Barcelona\u00a0\u00a0\u00a0\u00a0\u00a0 Una sau dou\u0103 sau trei sticle<\/p>\n<p>de bere neagr\u0103\u00a0\u00a0\u00a0\u00a0 Frumoasa Edna at\u00e2t de departe<\/p>\n<p>Farurile m\u0103tur\u0103 de trei ori ora\u0219ul<\/p>\n<p>Ora\u0219ul \u0103sta imaginar\u00a0\u00a0\u00a0\u00a0 O dat\u0103, de dou\u0103, de trei ori<\/p>\n<p>spuse Edna\u00a0\u00a0 Indic\u00e2nd o or\u0103 misterioas\u0103<\/p>\n<p>pentru dormit\u00a0\u00a0 Gata cu reg\u0103sirile<\/p>\n<p>O dat\u0103 pentru totdeauna<\/p>\n<p>&nbsp;<\/p>\n<p>&nbsp;<\/p>\n<p>&nbsp;<\/p>\n<p><strong>O s\u0103-\u021bi d\u0103ruiesc un abis, spuse ea<\/strong><\/p>\n<p>O s\u0103-\u021bi d\u0103ruiesc un abis, spuse ea,<\/p>\n<p>dar \u00eentr-un fel at\u00e2t de subtil \u00eenc\u00e2t \u00eel vei percepe<\/p>\n<p>abia c\u00e2nd vor fi trecut mul\u021bi ani<\/p>\n<p>\u015fi vei fi fiind departe de Mexic \u015fi de mine.<\/p>\n<p>C\u00e2nd vei avea mai mare nevoie de el, \u00eel vei descoperi<\/p>\n<p>\u015fi \u0103sta nu va fi<\/p>\n<p>finalul fericit,<\/p>\n<p>va fi \u00eens\u0103 o clip\u0103 de gol \u015fi fericire.<\/p>\n<p>\u015ei poate c\u0103 atunci \u00ee\u021bi vei aminti de mine,<\/p>\n<p>de\u015fi nu mult.<\/p>\n<p>&nbsp;<\/p>\n<p>&nbsp;<\/p>\n<p>&nbsp;<\/p>\n<p><strong>Lisa<\/strong><br \/>\nC\u00e2nd Lisa mi-a zis c\u0103 f\u0103cuse dragoste<\/p>\n<p>cu altul, \u00een vechea cabina telefonic\u0103\u00a0 din<\/p>\n<p>depozitul \u0103la din Tepeyac, am crezut c\u0103 lumea<\/p>\n<p>se sf\u00e2\u015fe\u015fte pentru mine. Un tip \u00eenalt \u015fi slab,<\/p>\n<p>cu p\u0103rul lung \u015fi cu o scul\u0103 lung\u0103, care nu a a\u015fteptat<\/p>\n<p>mai mult de o \u00eent\u00e2lnire pentru a o penetra p\u00e2n\u0103 \u00een ad\u00e2ncuri.<\/p>\n<p>Nu e ceva serios, spusese ea, dar este<\/p>\n<p>cel mai bun mod de a te scoate din via\u021ba mea.<\/p>\n<p>Parm\u00e9nides Garc\u00eda Salda\u00f1a avea p\u0103rul lung \u015fi ar fi putut<\/p>\n<p>fi amantul Lisei, dar dup\u0103 c\u00e2\u021biva<\/p>\n<p>ani am aflat c\u0103 murise \u00eentr-o clinic\u0103 psihiatric\u0103<\/p>\n<p>sau c\u0103 se sinucisese. Lisa nu mai voia<\/p>\n<p>s\u0103 se culce cu distru\u015fi. C\u00e2teodat\u0103 o visez<\/p>\n<p>\u015fi o v\u0103d fericit\u0103 \u015fi rece \u00eentr-un Mexic<\/p>\n<p>desenat de Lovecraft. Am ascultat muzic\u0103<\/p>\n<p>(Canned Heat, una dintre trupele preferate<\/p>\n<p>ale lui Parm\u00e9nides Garc\u00eda Salda\u00f1a) \u015fi apoi am f\u0103cut<\/p>\n<p>dragoste de trei ori. Prima dat\u0103 a terminat \u00een mine,<\/p>\n<p>a doua oar\u0103 a terminat \u00een gura mea \u015fi a treia, aproape un fir<\/p>\n<p>de ap\u0103, un fir scurt de undi\u021b\u0103, \u00eentre s\u00e2nii mei. \u015ei totul<\/p>\n<p>\u00een dou\u0103 ore, a spus Lisa. Cele mai nenorocite dou\u0103 ore din via\u021ba mea,<\/p>\n<p>am spus eu, la cap\u0103tul cel\u0103lalt al firului.<\/p>\n","protected":false},"excerpt":{"rendered":"<p>traducere:\u00a0Mina Decu Poet chinez \u00een Barcelona Un poet chinez d\u0103 t\u00e2rcoale unui cuv\u00e2nt, neajung\u00e2nd s\u0103-l ating\u0103, neajung\u00e2nd s\u0103-l priveasc\u0103, ne- ajung\u00e2nd s\u0103-l prind\u0103. \u00cen spatele poetului sunt mun\u021bi galbeni \u015fi usca\u021bi, b\u0103tu\u021bi de v\u00e2nt, ploi r\u0103zle\u021be, restaurante ieftine, nori albi ce se destram\u0103.<\/p>\n","protected":false},"author":2,"featured_media":0,"comment_status":"open","ping_status":"open","sticky":false,"template":"","format":"standard","meta":{"jetpack_post_was_ever_published":false,"_jetpack_newsletter_access":"","_jetpack_dont_email_post_to_subs":false,"_jetpack_newsletter_tier_id":0,"_jetpack_memberships_contains_paywalled_content":false,"_jetpack_memberships_contains_paid_content":false,"footnotes":""},"categories":[1224,13],"tags":[1225,1242,1114,1241,72],"class_list":["post-11436","post","type-post","status-publish","format-standard","hentry","category-egophobia-47","category-poezie","tag-egophobia-47","tag-mina-decu","tag-poezie","tag-roberto-bolano","tag-traducere"],"jetpack_featured_media_url":"","jetpack_sharing_enabled":true,"jetpack_shortlink":"https:\/\/wp.me\/p6DakB-2Ys","_links":{"self":[{"href":"https:\/\/egophobia.ro\/index.php?rest_route=\/wp\/v2\/posts\/11436","targetHints":{"allow":["GET"]}}],"collection":[{"href":"https:\/\/egophobia.ro\/index.php?rest_route=\/wp\/v2\/posts"}],"about":[{"href":"https:\/\/egophobia.ro\/index.php?rest_route=\/wp\/v2\/types\/post"}],"author":[{"embeddable":true,"href":"https:\/\/egophobia.ro\/index.php?rest_route=\/wp\/v2\/users\/2"}],"replies":[{"embeddable":true,"href":"https:\/\/egophobia.ro\/index.php?rest_route=%2Fwp%2Fv2%2Fcomments&post=11436"}],"version-history":[{"count":1,"href":"https:\/\/egophobia.ro\/index.php?rest_route=\/wp\/v2\/posts\/11436\/revisions"}],"predecessor-version":[{"id":11437,"href":"https:\/\/egophobia.ro\/index.php?rest_route=\/wp\/v2\/posts\/11436\/revisions\/11437"}],"wp:attachment":[{"href":"https:\/\/egophobia.ro\/index.php?rest_route=%2Fwp%2Fv2%2Fmedia&parent=11436"}],"wp:term":[{"taxonomy":"category","embeddable":true,"href":"https:\/\/egophobia.ro\/index.php?rest_route=%2Fwp%2Fv2%2Fcategories&post=11436"},{"taxonomy":"post_tag","embeddable":true,"href":"https:\/\/egophobia.ro\/index.php?rest_route=%2Fwp%2Fv2%2Ftags&post=11436"}],"curies":[{"name":"wp","href":"https:\/\/api.w.org\/{rel}","templated":true}]}}