{"id":11447,"date":"2016-09-21T09:40:37","date_gmt":"2016-09-21T07:40:37","guid":{"rendered":"http:\/\/egophobia.ro\/?p=11447"},"modified":"2016-10-13T09:42:13","modified_gmt":"2016-10-13T07:42:13","slug":"poeme-de-emanuel-pope","status":"publish","type":"post","link":"https:\/\/egophobia.ro\/?p=11447","title":{"rendered":"poeme de Emanuel Pope"},"content":{"rendered":"<p><strong>\u00a0Mi-a murit munca <\/strong><\/p>\n<p style=\"text-align: right;\"><em>lui Bonifacio Caraluna<\/em><\/p>\n<p>&nbsp;<\/p>\n<p>azi mi-a murit st\u0103p\u00e2na<\/p>\n<p>nimic nu anun\u021ba dispari\u021bia ei<\/p>\n<p>s-a trezit cu acela\u0219i chef de via\u021b\u0103<\/p>\n<p>cum obi\u0219nuia\u00a0\u00een fiecare diminea\u021b\u0103<!--more--><\/p>\n<p>nimic nou p\u00e2n\u0103 aici&#8230;<\/p>\n<p>\u0219i-a preg\u0103tit cafeaua ei neagr\u0103, \u00eenfior\u0103tor de neagr\u0103<\/p>\n<p>pentru ea \u00eenvior\u0103toare, pentru mine dezgust\u0103toare,<\/p>\n<p>de c\u00e2te ori \u00eei sim\u021beam aroma<\/p>\n<p>mi-a\u0219 fi v\u0103rsat \u0219i ma\u021bele din mine<\/p>\n<p>\u00eens\u0103 nu-i ar\u0103tam, a\u0219teptam cuminte la picioarele ei\u00a0semnalul<\/p>\n<p>p\u00eeinea de zi cu zi\u00a0eliberatoare<\/p>\n<p>din c\u00e2nd \u00een c\u00e2nd \u00eei d\u0103deam de-n\u021beles c\u0103 sunt viu<\/p>\n<p>doar c\u00e2t s\u0103 \u0219tie c\u0103 m\u0103 pot umili cu entuziasm \u00een via\u021b\u0103.<\/p>\n<p>banii-mi erau calcula\u021bi la s\u0103pt\u0103m\u00e2n\u0103<\/p>\n<p>\u0219i ritualul \u0103sta ar fi ucis pe oricine<\/p>\n<p>fuma \u00eentotdeauna numai \u021big\u0103ri fine<\/p>\n<p>pe mine m\u0103 privea ironic<\/p>\n<p>pe fereastr\u0103 privea melancolic<\/p>\n<p>peisajul era acolo, \u00eentreg, dispus, gata de tot efortul,<\/p>\n<p>nimic care s\u0103-i dea de b\u0103nuit, niciun semn<\/p>\n<p>sau poate era,<\/p>\n<p>dar creierul ei rula deja \u00een alt\u0103 parte<\/p>\n<p>g\u00e2ndindu-mi plenar ziua de trud\u0103,<\/p>\n<p>c\u00e2t va cheltui \u0219i c\u00e2t va agonisi cu mine<\/p>\n<p>pieptu&#8217; -i tres\u0103lta de bucurie<\/p>\n<p>cu fiecare idee str\u0103lucit\u0103 care-i venea<\/p>\n<p>fumul, \u0219i el,\u00a0ce s\u0103 fac\u0103?!<\/p>\n<p>desena \u00een jurul ei, reveren\u021bios, doar cercuri olimpice<\/p>\n<p>ca o inim\u0103 slab\u0103<\/p>\n<p>auzeam scrumul zb\u0103t\u00e2ndu-se \u00een cavitatea scrumierei<\/p>\n<p>\u0219i nu v\u0103 mai spun ce reverbera\u021bie producea<\/p>\n<p>tot acest consum \u00een mine<\/p>\n<p>\u0219tiam c\u0103 p\u00e2n\u0103 la\u00a0<em>impact\u00a0<\/em>mai aveam exact 3 minute<\/p>\n<p>\u00eencercam s\u0103 le folosesc c\u00e2t mai bine<\/p>\n<p>vis\u00e2nd st\u00e2njenei \u00a0\u0219i un parfum delicat de femeie.<\/p>\n<p>deodat\u0103<\/p>\n<p>Doamna a \u00eenceput neobi\u0219nuit s\u0103 se agite<\/p>\n<p>nu-n\u021belegeam ce-mi spune,\u00a0scotea sunete noi<\/p>\n<p>(via\u021ba mereu \u0219i-a g\u0103sit primul novice \u00een mine)<\/p>\n<p>am ridicat privirea,<\/p>\n<p>\u021bigara miraculos \u00eei disp\u0103ruse pe undeva<\/p>\n<p>b\u0103tr\u00e2na horc\u0103ia.<\/p>\n<p>nu \u0219tiam dac\u0103 era nimerit s\u0103 latru sau nu<\/p>\n<p>c\u0103uta\u00a0<em>un sprijin \u00een mas\u0103<\/em><\/p>\n<p>\u00eenregistram totul f\u0103r\u0103 niciun sentiment<\/p>\n<p>la fel \u0219i ceasul din buc\u0103tarie: 6:28 a.m<\/p>\n<p>lucrurile se-nc\u0103p\u0103\u021b\u00e2nau a avea greutate\u00a0chiar \u0219i a\u0219a<\/p>\n<p>mai ales pentru ea<\/p>\n<p>dup\u0103 un timp s-a pr\u0103bu\u0219it la podea<\/p>\n<p>pu\u021bin a lipsit s\u0103 nu m\u0103 loveasc\u0103<\/p>\n<p>m-am ferit<\/p>\n<p>6: 29 de minute<\/p>\n<p>acolo am mai privit-o<\/p>\n<p>pentru ultima oar\u0103 cred<\/p>\n<p>timp de c\u00e2teva secunde<\/p>\n<p>(ceasul nu avea secundar)<\/p>\n<p>dup\u0103 care \u021beasta\u00a0i s-a desprins de trup<\/p>\n<p>\u0219i din motive misterioase<\/p>\n<p>s-a rostogolit spre mijlocul \u00eenc\u0103perii<\/p>\n<p>cu zgomotul unei anvelope uzate<\/p>\n<p>ceasul 6 \u0219i 31 de minute<\/p>\n<p>timpul era singurul de fa\u021b\u0103<\/p>\n<p>care nu se pierduse cu firea<\/p>\n<p>asta-mi insufla curaj<\/p>\n<p>6 \u0219i 45 de minute<\/p>\n<p>nu c\u00e2t s\u0103-mi pot schimba pozi\u021bia<\/p>\n<p>st\u0103team \u00een\u021bepenit \u0219i \u00eencercam s\u0103-n\u021beleg<\/p>\n<p>7 si jum\u0103tate sau opt f\u0103r\u0103 un sfert<\/p>\n<p><strong><em>eram liber<\/em><\/strong><\/p>\n<p>11 \u0219i 55 de minute<\/p>\n<p><strong><em>s\u0103 mor fl\u0103m\u00e2nd \u00a0<\/em><\/strong><\/p>\n<p>trecut de ora dou\u0103 din noapte<\/p>\n<p><strong><em>\u00een libertate.<\/em><\/strong><\/p>\n<p><em>\u00a0<\/em><\/p>\n<p><em>\u00a0<\/em><\/p>\n<p><strong>\u00a0<\/strong><\/p>\n<p><strong>\u00a0Cocktail colectiv <\/strong><\/p>\n<p><strong>\u00a0<\/strong><\/p>\n<p>se ia un mojar c\u00e2t inima ta de mare<\/p>\n<p>se r\u0103stoarn\u0103 \u00een el to\u021bi\u00a0anii de \u0219coal\u0103,<\/p>\n<p>de munc\u0103<\/p>\n<p>\u0219i cam tot ce ai \u00eenv\u0103\u021bat de la via\u021b\u0103<\/p>\n<p>se amestec\u0103 bine apoi\u00a0totul p\u00e2n\u0103 la disperare<\/p>\n<p>&#8230; p\u00e2n\u0103 se face past\u0103<\/p>\n<p>dup\u0103 care se adaug\u0103 un gram de pulbere fin\u0103<\/p>\n<p>din toate replicile dragi de prin filme,<\/p>\n<p>c\u00e2teva refrene, bip-uri \u2026poate s\u0103 fie \u0219i un c\u00e2ntec \u00eentreg,<\/p>\n<p>primul s\u0103rut de asemeni<\/p>\n<p>jur\u0103mintele de care-\u021bi mai aduci aminte,<\/p>\n<p>mersul \u00eempreun\u0103\u00a0cu prietenii la bar,<\/p>\n<p>prima ta b\u0103utur\u0103 \u0219i aura aerului de acolo<\/p>\n<p>se taie-n \u00een buc\u0103\u021bi c\u00e2t mai mici<\/p>\n<p>al\u0103turi de fotografia bunicului c\u0103zut \u00een r\u0103zboi<\/p>\n<p>-te rog, nu-i spune asta mamei!-,<\/p>\n<p>din zgomotul t\u0103cut al coridoarelor mor\u021bii din pu\u0219c\u0103riile comuniste<\/p>\n<p>po\u021bi culege t\u0103cerea (<em>ad\u0103ug\u0103 \u0219i imaginea lui Arsenie Boca dac\u0103-\u021bi face bine<\/em>)<\/p>\n<p>toac\u0103 m\u0103runt \u00een\u0103untru c\u00e2teva titluri din &#8221;<em>Sc\u00e2nteia<\/em>&#8221;-oricare num\u0103r-<\/p>\n<p>c\u00e2teva versuri d-ale lui Ciurunga<\/p>\n<p>\u0219i\u00a0o band\u0103 de magnetofon\u00a0cu\u00a0ordinele de foc de la Timi\u0219oara,<\/p>\n<p>pl\u00e2nsul mamelor \u00eengrop\u00e2ndu-\u0219i copiii \u00een\u00a0decembrie\u201989<\/p>\n<p>urletul pie\u021bei<em>\u00a0la kilometrul zero,\u00a0<\/em><\/p>\n<p><em>nu uita IMEDIAT DEASUPRA<\/em><\/p>\n<p><em>\u00a0s\u0103 torni \u00een form\u0103 lichid\u0103\u00a0<\/em><\/p>\n<p><em>r\u00e2njetul lui Iliescu\u00a0\u0219i toat\u0103 politica de mai apoi,\u00a0\u00a0<\/em><\/p>\n<p><em>toat\u0103 batjocura\u00a0<\/em><strong><em>LOR\u00a0<\/em><\/strong>precum \u0219i c\u00e2\u0163iva dolari sau euro dac\u0103 ai prin cas\u0103,<\/p>\n<p>(nu \u00een sume mari)\u00a0primi\u021bi de la p\u0103rin\u021bi prin\u00a0<em>western union<\/em><\/p>\n<p>stai lini\u0219tit infrac\u021biunea ta va fi mic\u0103.<\/p>\n<p>adaug\u0103 f\u0103r\u0103 s\u0103 tulburi con\u021binutul, cu grij\u0103, \u0219i ceva culoare albastr\u0103<\/p>\n<p>nu din steag \u0219i nici din cerul zilei de-afar\u0103\u00a0-\u0219tiu albastrul de Vorone\u021b este inimitabil-<\/p>\n<p>ia \u015fi o bucat\u0103 din rochia femeii b\u0103tut\u0103 la mineriad\u0103 (acum \u00een v\u00e2rst\u0103 de 64 de ani)<\/p>\n<p>e\u0219ecul t\u0103u \u00een prima zi de \u0219coal\u0103 va fi astfel \u0219i mai pu\u021bin comestibil<\/p>\n<p>din candelele Lunii adun\u0103 mirosul de carne ucis\u0103, ars\u0103,<\/p>\n<p>zilele tale toate &#8230;str\u00e2nse cu u\u0219a\u00a0p\u00e2n\u0103 la pragul sinuciderii colective<\/p>\n<p>amestec\u0103 <strong>\u00ceN FINAL totul\u00a0<\/strong>repede,<\/p>\n<p>p\u00e2n\u0103 dai de\u00a0<strong>CULOARE<\/strong>,<\/p>\n<p>apoi\u00a0cu\u00a0o pensul\u0103\u00a0printre lacrimi<\/p>\n<p>scrie pe fa\u021ba unui ambalaj g\u0103sit la tomberonul din spatele blocului<\/p>\n<p>at\u00e2t:<\/p>\n<p><strong># colectiv<\/strong><\/p>\n<p>dup\u0103 care ie\u0219i \u00een strad\u0103 \u0219i strig\u0103\u00a0c\u00e2t po\u021bi de tare<\/p>\n<p>c\u0103tre to\u021bi cei ce se<\/p>\n","protected":false},"excerpt":{"rendered":"<p>\u00a0Mi-a murit munca lui Bonifacio Caraluna &nbsp; azi mi-a murit st\u0103p\u00e2na nimic nu anun\u021ba dispari\u021bia ei s-a trezit cu acela\u0219i chef de via\u021b\u0103 cum obi\u0219nuia\u00a0\u00een fiecare diminea\u021b\u0103<\/p>\n","protected":false},"author":2,"featured_media":0,"comment_status":"open","ping_status":"open","sticky":false,"template":"","format":"standard","meta":{"jetpack_post_was_ever_published":false,"_jetpack_newsletter_access":"","_jetpack_dont_email_post_to_subs":false,"_jetpack_newsletter_tier_id":0,"_jetpack_memberships_contains_paywalled_content":false,"_jetpack_memberships_contains_paid_content":false,"footnotes":""},"categories":[1224,13],"tags":[1225,1245,1114],"class_list":["post-11447","post","type-post","status-publish","format-standard","hentry","category-egophobia-47","category-poezie","tag-egophobia-47","tag-emanuel-pope","tag-poezie"],"jetpack_featured_media_url":"","jetpack_sharing_enabled":true,"jetpack_shortlink":"https:\/\/wp.me\/p6DakB-2YD","_links":{"self":[{"href":"https:\/\/egophobia.ro\/index.php?rest_route=\/wp\/v2\/posts\/11447","targetHints":{"allow":["GET"]}}],"collection":[{"href":"https:\/\/egophobia.ro\/index.php?rest_route=\/wp\/v2\/posts"}],"about":[{"href":"https:\/\/egophobia.ro\/index.php?rest_route=\/wp\/v2\/types\/post"}],"author":[{"embeddable":true,"href":"https:\/\/egophobia.ro\/index.php?rest_route=\/wp\/v2\/users\/2"}],"replies":[{"embeddable":true,"href":"https:\/\/egophobia.ro\/index.php?rest_route=%2Fwp%2Fv2%2Fcomments&post=11447"}],"version-history":[{"count":1,"href":"https:\/\/egophobia.ro\/index.php?rest_route=\/wp\/v2\/posts\/11447\/revisions"}],"predecessor-version":[{"id":11448,"href":"https:\/\/egophobia.ro\/index.php?rest_route=\/wp\/v2\/posts\/11447\/revisions\/11448"}],"wp:attachment":[{"href":"https:\/\/egophobia.ro\/index.php?rest_route=%2Fwp%2Fv2%2Fmedia&parent=11447"}],"wp:term":[{"taxonomy":"category","embeddable":true,"href":"https:\/\/egophobia.ro\/index.php?rest_route=%2Fwp%2Fv2%2Fcategories&post=11447"},{"taxonomy":"post_tag","embeddable":true,"href":"https:\/\/egophobia.ro\/index.php?rest_route=%2Fwp%2Fv2%2Ftags&post=11447"}],"curies":[{"name":"wp","href":"https:\/\/api.w.org\/{rel}","templated":true}]}}