{"id":11463,"date":"2016-09-16T15:44:56","date_gmt":"2016-09-16T13:44:56","guid":{"rendered":"http:\/\/egophobia.ro\/?p=11463"},"modified":"2016-10-16T15:49:54","modified_gmt":"2016-10-16T13:49:54","slug":"poerezii-de-sorin-mihai-grad","status":"publish","type":"post","link":"https:\/\/egophobia.ro\/?p=11463","title":{"rendered":"poerezii de Sorin-Mihai Grad"},"content":{"rendered":"<p>[din volumul <em>outSider<\/em>, \u00een curs de apari\u021bie la Editura Aius]<\/p>\n<p>&nbsp;<\/p>\n<p><strong>larevederelumecrud<\/strong><strong>\u0103<\/strong><\/p>\n<p>&nbsp;<\/p>\n<p>nici milionar p\u00e2n\u0103 la dou\u0103zeci de ani<\/p>\n<p>nici nobelizat p\u00e2n\u0103-n treizeci<\/p>\n<p>egofob \u0219i degrab\u0103 uit\u0103tor<\/p>\n<p>sublim\u00e2ndu-\u0219i sechelele-n surogate<\/p>\n<p>c\u00e2t \u021bi-a luat s\u0103 m\u0103 recuno\u0219ti?<!--more--><\/p>\n<p>&nbsp;<\/p>\n<p>tu lume minunat\u0103<\/p>\n<p>\u00een care po\u021bi g\u0103si<\/p>\n<p>doar copii<\/p>\n<p>zombir\u0103t\u0103cind aleator<\/p>\n<p>dar at\u00e2t de original<\/p>\n<p>&nbsp;<\/p>\n<p>totul mergea la fel de perfect<\/p>\n<p>ca niciodat\u0103<\/p>\n<p>flutura\u0219ii ciripeau miere \u00een lapte<\/p>\n<p>\u00eengera\u0219ii \u00eengerau \u00eengere\u0219te<\/p>\n<p>covrigi cozi paradis p\u0103ci fericime<\/p>\n<p>&nbsp;<\/p>\n<p>p\u00e2n\u0103 ce ne-am pomenit<\/p>\n<p>z\u0103c\u00e2nd<\/p>\n<p>r\u0103sufla\u021bi goi acri matufi<\/p>\n<p>de p\u0103r\u021bi diferite<\/p>\n<p>ale nimicului<\/p>\n<p>&nbsp;<\/p>\n<p>de atunci suntem ca alfa \u0219i omega<\/p>\n<p>f\u0103r\u0103 omicron delta \u0219i al\u021bi parazi\u021bi<\/p>\n<p>pierdu\u021bi<\/p>\n<p>pisici ilegale b\u00e2ntuind prin \u0219an\u021buri<\/p>\n<p>pe creierul nim\u0103nui<\/p>\n<p>&nbsp;<\/p>\n<p>despre mine toate<\/p>\n<p>cuvintele mint la fel<\/p>\n<p>m\u0103sluind ghilimelele<\/p>\n<p>iar de tine r\u00e2d to\u021bi<\/p>\n<p>du\u0219manii t\u0103i imaginari<\/p>\n<p>&nbsp;<\/p>\n<p>adio lume crud\u0103<\/p>\n<p>ne vom revedea poate<\/p>\n<p>c\u00e2nd unul din noi<\/p>\n<p>se va coace<\/p>\n<p>amin<\/p>\n<p>&nbsp;<\/p>\n<p>&nbsp;<\/p>\n<p>&nbsp;<\/p>\n<p><strong>carnagiale<\/strong><\/p>\n<p>&nbsp;<\/p>\n<p>dependent de mor\u021biletale m\u0103 complac<\/p>\n<p>imit\u00e2ndu-le ca un phoenix plictisitor<\/p>\n<p>ale c\u0103rui arderi nu-mi mai spun nimic<\/p>\n<p>&nbsp;<\/p>\n<p>acum \u00een sf\u00e2r\u0219it am mai murit o dat\u0103<\/p>\n<p>scurt \u0219i la obiect f\u0103r\u0103 pove\u0219ti<\/p>\n<p>semnabile de orice sandan maro<\/p>\n<p>&nbsp;<\/p>\n<p>\u00eens\u0103 pretextul sinuciderii de azi mi-e cam neclar<\/p>\n<p>din turnul moscheii se aude <em>interna\u021bionala<\/em><\/p>\n<p>dar sigur nu despre asta-i vorba<\/p>\n<p>&nbsp;<\/p>\n<p>\u00ees at\u00e2t de singuratic c\u0103-mi sunt chiar eu \u00een plus uneori<\/p>\n<p>ca un c\u00e2ine cu pene exilat \u00eentre glume fictive<\/p>\n<p>despre arbori cu ochi tulburi \u0219i carne neagr\u0103<\/p>\n<p>&nbsp;<\/p>\n<p>\u00eens\u0103 nu pot vorbi de carne \u00een textele mele<\/p>\n<p>eu nu am carne chiar dac\u0103 uneori m\u0103 simt<\/p>\n<p>precum un cotlet de amintiri<\/p>\n<p>&nbsp;<\/p>\n<p>c\u00e2ndva scrisesem c\u0103 pe moartea ta<\/p>\n<p>voi altoi o noapte f\u0103r\u0103 s\u0103 \u0219tiu<\/p>\n<p>c\u0103-mi comunicam mie \u00eensumi ceva<\/p>\n<p>&nbsp;<\/p>\n<p>ce n-am \u0219tiut niciodat\u0103 s\u0103 pricep<\/p>\n<p>oric\u00e2te straturi de firimituri de r\u00e2s am \u00eengr\u0103m\u0103dit<\/p>\n<p>\u00eentre aceea\u0219i pere\u021bi ai capului meu<\/p>\n<p>&nbsp;<\/p>\n<p>&nbsp;<\/p>\n<p>&nbsp;<\/p>\n<p><strong>ple<\/strong><strong>ci<\/strong><\/p>\n<p>&nbsp;<\/p>\n<p>pe vremea ta<\/p>\n<p>scoteai r\u0103d\u0103cini dodecaedrice<\/p>\n<p>din pove\u0219ti funebre<\/p>\n<p>schimb\u00e2nd finaluri<\/p>\n<p>\u0219i personaje<\/p>\n<p>precum usturoiul \u0219i cimbrul<\/p>\n<p>aromele din crati\u021b\u0103<\/p>\n<p>t\u0103iai<\/p>\n<p>felii de realitate<\/p>\n<p>cu at\u00e2ta succes<\/p>\n<p>\u00eenc\u00e2t lumea te felicita<\/p>\n<p>c\u00e2nd mimai b\u0103t\u0103i cu z\u0103pad\u0103<\/p>\n<p>sub soare de august<\/p>\n<p>sau renun\u021bai public<\/p>\n<p>s\u0103 mai suferi de<\/p>\n<p>hippopotomonstrosesquippedaliofobie<\/p>\n<p>vindeai asigur\u0103ri<\/p>\n<p>de via\u021b\u0103<\/p>\n<p>la \u00eenmorm\u00e2nt\u0103ri<\/p>\n<p>promi\u021b\u00e2nd vedenii cu camioane dans\u00e2nd<\/p>\n<p>\u0219i fantome cu burka<\/p>\n<p>oricui \u00ee\u021bi p\u0103rea de \u00eencredere<\/p>\n<p>dar practicai \u0219i t\u0103ceri<\/p>\n<p>din care nu \u0219tiai ie\u0219i<\/p>\n<p>ne\u00eentrebat<\/p>\n<p>&nbsp;<\/p>\n<p>acum stai<\/p>\n<p>s\u0103 mori<\/p>\n<p>dar nu-\u021bi fie fric\u0103<\/p>\n<p>\u00een sarcofagul t\u0103u<\/p>\n<p>vei g\u0103si<\/p>\n<p>un atom dezosat<\/p>\n<p>minutul \u0219i scorul<\/p>\n<p>o m\u00e2n\u0103 de fotoni<\/p>\n<p>stin\u0219i<\/p>\n<p>o pic\u0103tur\u0103 de nimic<\/p>\n<p>iar pentru erele glaciare<\/p>\n<p>cel mai fierbinte c\u00e2ntec<\/p>\n<p>al momentului<\/p>\n<p>fix cum \u021bi-ai dorit<\/p>\n<p>c\u00e2nd povesteam despre<\/p>\n<p>vremuri care nu-\u021bi vor mai apar\u021bine<\/p>\n<p>urmeaz\u0103-\u021bi lini\u0219tit drumul<\/p>\n<p>uitarea nu e ceva<\/p>\n<p>unde-a\u0219 risca cu tine<\/p>\n<p>s\u0103 fiu b\u00e2ntuit<\/p>\n<p>de vreo fantom\u0103 de-a ta<\/p>\n<p>nu-i chiar planul meu<\/p>\n<p>ideal de viitor<\/p>\n","protected":false},"excerpt":{"rendered":"<p>[din volumul outSider, \u00een curs de apari\u021bie la Editura Aius] &nbsp; larevederelumecrud\u0103 &nbsp; nici milionar p\u00e2n\u0103 la dou\u0103zeci de ani nici nobelizat p\u00e2n\u0103-n treizeci egofob \u0219i degrab\u0103 uit\u0103tor sublim\u00e2ndu-\u0219i sechelele-n surogate c\u00e2t \u021bi-a luat s\u0103 m\u0103 recuno\u0219ti?<\/p>\n","protected":false},"author":2,"featured_media":0,"comment_status":"open","ping_status":"open","sticky":false,"template":"","format":"standard","meta":{"jetpack_post_was_ever_published":false,"_jetpack_newsletter_access":"","_jetpack_dont_email_post_to_subs":false,"_jetpack_newsletter_tier_id":0,"_jetpack_memberships_contains_paywalled_content":false,"_jetpack_memberships_contains_paid_content":false,"footnotes":""},"categories":[1224,13],"tags":[1225,1114,116],"class_list":["post-11463","post","type-post","status-publish","format-standard","hentry","category-egophobia-47","category-poezie","tag-egophobia-47","tag-poezie","tag-sorin-mihai-grad"],"jetpack_featured_media_url":"","jetpack_sharing_enabled":true,"jetpack_shortlink":"https:\/\/wp.me\/p6DakB-2YT","_links":{"self":[{"href":"https:\/\/egophobia.ro\/index.php?rest_route=\/wp\/v2\/posts\/11463","targetHints":{"allow":["GET"]}}],"collection":[{"href":"https:\/\/egophobia.ro\/index.php?rest_route=\/wp\/v2\/posts"}],"about":[{"href":"https:\/\/egophobia.ro\/index.php?rest_route=\/wp\/v2\/types\/post"}],"author":[{"embeddable":true,"href":"https:\/\/egophobia.ro\/index.php?rest_route=\/wp\/v2\/users\/2"}],"replies":[{"embeddable":true,"href":"https:\/\/egophobia.ro\/index.php?rest_route=%2Fwp%2Fv2%2Fcomments&post=11463"}],"version-history":[{"count":1,"href":"https:\/\/egophobia.ro\/index.php?rest_route=\/wp\/v2\/posts\/11463\/revisions"}],"predecessor-version":[{"id":11464,"href":"https:\/\/egophobia.ro\/index.php?rest_route=\/wp\/v2\/posts\/11463\/revisions\/11464"}],"wp:attachment":[{"href":"https:\/\/egophobia.ro\/index.php?rest_route=%2Fwp%2Fv2%2Fmedia&parent=11463"}],"wp:term":[{"taxonomy":"category","embeddable":true,"href":"https:\/\/egophobia.ro\/index.php?rest_route=%2Fwp%2Fv2%2Fcategories&post=11463"},{"taxonomy":"post_tag","embeddable":true,"href":"https:\/\/egophobia.ro\/index.php?rest_route=%2Fwp%2Fv2%2Ftags&post=11463"}],"curies":[{"name":"wp","href":"https:\/\/api.w.org\/{rel}","templated":true}]}}