{"id":11532,"date":"2016-12-29T23:39:18","date_gmt":"2016-12-29T21:39:18","guid":{"rendered":"http:\/\/egophobia.ro\/?p=11532"},"modified":"2017-01-12T16:12:07","modified_gmt":"2017-01-12T14:12:07","slug":"poeme-de-fradique-mendes","status":"publish","type":"post","link":"https:\/\/egophobia.ro\/?p=11532","title":{"rendered":"poeme de Fradique Mendes"},"content":{"rendered":"<p style=\"text-align: right;\">de Jaime Batalha Reis<\/p>\n<p style=\"text-align: right;\">traducere: Cristina Petrescu<\/p>\n<p><strong>Ve\u0219nica \u00eendoial\u0103<\/strong><\/p>\n<p>&nbsp;<\/p>\n<p>&nbsp;<\/p>\n<p>\u0218tiu c\u0103 sufletu-adap\u0103 materia-nsetat\u0103;<\/p>\n<p>C\u0103 eul se-ofile\u0219te c\u00e2nd corpul brusc se sfarm\u0103;<\/p>\n<p>C\u0103 Dumnezeu e o stea ce se destram\u0103<\/p>\n<p>Palid\u0103, \u00een nesf\u00e2r\u0219irea constelat\u0103.<\/p>\n<p>&nbsp;<\/p>\n<p><!--more--><\/p>\n<p>C\u0103-n univers aceast\u0103 mas\u0103 eterat\u0103<\/p>\n<p>Ce lumile-mpresoar\u0103 \u0219i ce str\u0103bate calm\u0103<\/p>\n<p>\u00centregul infinit, stinge vaietu-n flam\u0103<\/p>\n<p>Ce omu-l sloboze\u0219te \u00een sfera-ndep\u0103rtat\u0103.<\/p>\n<p>&nbsp;<\/p>\n<p>\u00cen lume totul e numai at\u00e2t: substan\u021b\u0103;<\/p>\n<p>Materie ce se transform\u0103 ne-ncetat,<\/p>\n<p>Corpuri ce se lupt\u0103 la mii de ani distan\u021b\u0103.<\/p>\n<p>&nbsp;<\/p>\n<p>\u0218i totu\u0219i, de-i corect ce cred, ce-am cugetat,<\/p>\n<p>\u00centreb eu c\u0103tre avida mea speran\u021b\u0103:<\/p>\n<p>Ce-o fi oare acest glas ce-n mine-a cuv\u00e2ntat?<\/p>\n<p>&nbsp;<\/p>\n<p>&nbsp;<\/p>\n<p>&nbsp;<\/p>\n<p>&nbsp;<\/p>\n<p><strong>Viziuni<\/strong><\/p>\n<p>&nbsp;<\/p>\n<p>&nbsp;<\/p>\n<p>Inima uman\u0103 posed\u0103 ra\u021biune:<\/p>\n<p>Izvor lucid \u0219i viu, energic, de-ac\u021biune. \u2014<\/p>\n<p>\u2014 Dar alt\u0103 v\u00e2n\u0103, ce-i palid conturat\u0103:<\/p>\n<p>Idei, sunete vagi, lumin\u0103 tulburat\u0103,<\/p>\n<p>Neguri plumburii de inim\u0103-ncercat\u0103<\/p>\n<p>Hr\u0103ne\u0219te visu-acest: \u2014\u00a0 e sumbra viziune.<\/p>\n<p>&nbsp;<\/p>\n<p>C\u0103ci uneori \u00een via\u021b\u0103, prin aerul cel fin,<\/p>\n<p>Se-ascult\u0103 viziuni, se-aude, saturnin,<\/p>\n<p>C\u00e2ntul trist \u0219i vag,\u00a0 imens, de armonii<\/p>\n<p>Ce trece \u00een superbe haine fumurii.<\/p>\n<p>Doruri, idealuri, triste\u021bi \u0219i fantezii,<\/p>\n<p>Vibra\u021bii vagi de ancestral suspin.<\/p>\n<p>&nbsp;<\/p>\n<p>Spiritul pare,\u00a0 prin lume r\u0103t\u0103cind,<\/p>\n<p>S\u0103 afle-n ori\u0219icine simbolul cel profund<\/p>\n<p>Al unui vis incert, defunct \u0219i ideal.<\/p>\n<p>Din to\u021bi se-nal\u021b\u0103, sumbru,\u00a0 glasul cel fatal&#8230;<\/p>\n<p>Nici eu nu \u0219tiu ce groaz\u0103, ce jind senzorial,<\/p>\n<p>Ne face s\u0103 vedem \u00een toate-un muribund.<\/p>\n<p>&nbsp;<\/p>\n<p>La lun\u0103, -n umbr\u0103, \u00een lumini t\u00e2nguitoare,<\/p>\n<p>\u00cen bruma ce vibreaz\u0103 vis\u00e2nd la dep\u0103rtare,<\/p>\n<p>\u00cen cea\u021b\u0103\u2014 v\u0103lul alb, ce-i rupt de vagi mul\u021bimi\u2014<\/p>\n<p>\u00cen lumina ce, fugind, se sparge de-n\u0103l\u021bimi,<\/p>\n<p>\u00cen inimile negre, -n luciri de heruvimi,<\/p>\n<p>E-un strop din visul spectrelor hoinare.<\/p>\n<p>&nbsp;<\/p>\n<p>Pe-aceste umbre vagi, miraje nebuloase,<\/p>\n<p>Am vrut s\u0103 le notez\u00a0 \u00een carte. Silen\u021bioase<\/p>\n<p>Inimi ce poart\u0103 \u00een\u0103untru c\u00e2ntece de-amor,<\/p>\n<p>Ce\u00a0 nicic\u00e2nd n-au dat lumii vreun pic din pl\u00e2nsul lor,<\/p>\n<p>Poate c\u0103-a pl\u00e2nge aici e-un gest consolator \u2014<\/p>\n<p>\u00cen vise, viziuni, legende l\u0103crimoase.<\/p>\n<p>&nbsp;<\/p>\n<p>Pe l\u00e2ng\u0103 maica-\u021bi \u2014 ra\u021biunea \u2014 ce-\u021bi cere s-o urmezi,<\/p>\n<p>Tu cre\u0219ti, o viziune!\u2014 \u0219i vii c\u00e2nd nimeni, vezi,<\/p>\n<p>R\u0103nile nu le mai poate cur\u0103\u021ba de r\u0103u&#8230;<\/p>\n<p>\u00cen timp ce m\u0103 dezmierzi eu vreau s\u0103 fiu al t\u0103u&#8230;<\/p>\n<p>S\u0103 nu mai fiu al fanteziei mele eu c\u0103l\u0103u&#8230;<\/p>\n<p>O spirit al durerii! \u0218i eu am s\u0103 visez!<\/p>\n<p>&nbsp;<\/p>\n<p>&nbsp;<\/p>\n<p>&nbsp;<\/p>\n<p><strong>Pe strada mea<\/strong><\/p>\n<p><strong>\u00a0<\/strong><\/p>\n<p>La fereastr\u0103 a\u0219ezat\u0103<\/p>\n<p>\u00cen \u00eenalt de caldar\u00e2m<\/p>\n<p>Ca un ofilit salc\u00e2m<\/p>\n<p>St\u0103teai\u00a0 trist\u0103, -ncovoiat\u0103.<\/p>\n<p>&nbsp;<\/p>\n<p>V\u00e2ntul iute c\u00e2nd trecea<\/p>\n<p>\u00ce\u021bi punea-n obraz culoare<\/p>\n<p>Tu-ncercai s-aduni, u\u0219oare,<\/p>\n<p>M\u00e2inile spre-a te ruga \u2014<\/p>\n<p>&nbsp;<\/p>\n<p>Ochii t\u0103i scobi\u021bi de pl\u00e2ns<\/p>\n<p>Se-nchideau din c\u00e2nd \u00een c\u00e2nd<\/p>\n<p>\u0218i la piept duceai, oft\u00e2nd<\/p>\n<p>Bra\u021bele \u021binute str\u00e2ns.<\/p>\n<p>&nbsp;<\/p>\n<p>Peste apusul ro\u0219 trecea<\/p>\n<p>Chiar \u00een preajma casei tale<\/p>\n<p>Gaia cu aripi regale<\/p>\n<p>Ce nocturn\u0103 str\u0103lucea.<\/p>\n<p>&nbsp;<\/p>\n<p>Iar\u0103 frunza ce pornea<\/p>\n<p>Din ulmul pustiu \u00een v\u00e2nt<\/p>\n<p>B\u0103tea la geamu-\u021bi pl\u0103p\u00e2nd<\/p>\n<p>\u0218i aproape te-ajungea.<\/p>\n<p>&nbsp;<\/p>\n<p>Ochii-ndat\u0103-\u021bi aprindeau<\/p>\n<p>Pe chip manii vechi,\u00a0 dureri&#8230;<\/p>\n<p>C\u00e2nd z\u00e2mbeai spre nic\u0103ieri<\/p>\n<p>Lacrimele-n \u0219ir curgeau.<\/p>\n<p>&nbsp;<\/p>\n<p>Zidurile ridicate<\/p>\n<p>L\u00e2ng\u0103-a ta sinistr\u0103 poart\u0103<\/p>\n<p>Se f\u0103leau cu-o plant\u0103 moart\u0103<\/p>\n<p>Sau cu frunze-nfometate.<\/p>\n<p>&nbsp;<\/p>\n<p>Norul ce \u00een dep\u0103rtare<\/p>\n<p>P\u0103rea aurit \u0219i m\u00e2ndru<\/p>\n<p>\u00ce\u0219i punea v\u0103lul cel sumbru<\/p>\n<p>La poalele casei tale.<\/p>\n<p>&nbsp;<\/p>\n<p>Pe fa\u021badele-obosite<\/p>\n<p>Ale ochilor goli\u021bi<\/p>\n<p>Umbrele celor z\u0103ri\u021bi<\/p>\n<p>Se fixau, \u00eencremenite.<\/p>\n<p>&nbsp;<\/p>\n<p>Te priveau mereu cu mil\u0103<\/p>\n<p>To\u021bi cei din\u00a0 \u00eemprejurime<\/p>\n<p>Te \u0219tiau singur\u0103-n lume&#8230;<\/p>\n<p>\u0218i aproape o copil\u0103<\/p>\n<p>&nbsp;<\/p>\n<p>Ai iubit at\u00e2t, o clip\u0103<\/p>\n<p>(Strig\u0103t divin de lumin\u0103)<\/p>\n<p>C\u0103ci inima feminin\u0103<\/p>\n<p>E ca frunza-n v\u00e2nt gonit\u0103!<\/p>\n<p>&nbsp;<\/p>\n<p>Ai plecat, ne-nduplecat\u0103<\/p>\n<p>Uit\u00e2nd de al t\u0103u amant&#8230;<\/p>\n<p>&#8230;&#8230;&#8230;&#8230;&#8230;&#8230;&#8230;&#8230;&#8230;&#8230;&#8230;&#8230;.<\/p>\n<p>Noaptea cerul radiant<\/p>\n<p>Arde inima-ntristat\u0103!<\/p>\n<p>&nbsp;<\/p>\n<p>De atunci, eu te z\u0103resc<\/p>\n<p>Tot la geamul usc\u0103\u021biv<\/p>\n<p>\u0218i chipul t\u0103u convulsiv<\/p>\n<p>R\u00e2de-un r\u00e2s ce nu-i firesc.<\/p>\n<p>&nbsp;<\/p>\n<p>Biat\u0103, palid\u0103 nebun\u0103<\/p>\n<p>Te-nsp\u0103im\u00e2nt\u0103 orice apus<\/p>\n<p>\u0218i sub luna de august<\/p>\n<p>Doar suspinul t\u0103u r\u0103sun\u0103.<\/p>\n<p>&nbsp;<\/p>\n<p>A\u0219teapt\u0103&#8230;acolo a\u0219ezat\u0103<\/p>\n<p>Ca moartea c\u00e2ndva s\u0103 vin\u0103<\/p>\n<p>\u0218i ai s\u0103-i z\u00e2mbe\u0219ti, senin\u0103<\/p>\n<p>\u0218i-ai s\u0103 cazi inanimat\u0103.<\/p>\n<p>&nbsp;<\/p>\n<p>Ochii t\u0103i sticlo\u0219i, livizi<\/p>\n<p>Iscodesc \u00een aer, bl\u00e2nd,<\/p>\n<p>Moartea ce-ar\u00a0 putea, trec\u00e2nd<\/p>\n<p>S\u0103 te scape-ndat de griji!<\/p>\n","protected":false},"excerpt":{"rendered":"<p>de Jaime Batalha Reis traducere: Cristina Petrescu Ve\u0219nica \u00eendoial\u0103 &nbsp; &nbsp; \u0218tiu c\u0103 sufletu-adap\u0103 materia-nsetat\u0103; C\u0103 eul se-ofile\u0219te c\u00e2nd corpul brusc se sfarm\u0103; C\u0103 Dumnezeu e o stea ce se destram\u0103 Palid\u0103, \u00een nesf\u00e2r\u0219irea constelat\u0103. &nbsp;<\/p>\n","protected":false},"author":2,"featured_media":0,"comment_status":"open","ping_status":"open","sticky":false,"template":"","format":"standard","meta":{"jetpack_post_was_ever_published":false,"_jetpack_newsletter_access":"","_jetpack_dont_email_post_to_subs":true,"_jetpack_newsletter_tier_id":0,"_jetpack_memberships_contains_paywalled_content":false,"_jetpack_memberships_contains_paid_content":false,"footnotes":""},"categories":[1247,13],"tags":[1180,1248,1182,1251,1114,72],"class_list":["post-11532","post","type-post","status-publish","format-standard","hentry","category-egophobia-48","category-poezie","tag-cristina-petrescu","tag-egophobia-48","tag-fradique-mendes","tag-jaime-batalha-reis","tag-poezie","tag-traducere"],"jetpack_featured_media_url":"","jetpack_sharing_enabled":true,"jetpack_shortlink":"https:\/\/wp.me\/p6DakB-300","_links":{"self":[{"href":"https:\/\/egophobia.ro\/index.php?rest_route=\/wp\/v2\/posts\/11532","targetHints":{"allow":["GET"]}}],"collection":[{"href":"https:\/\/egophobia.ro\/index.php?rest_route=\/wp\/v2\/posts"}],"about":[{"href":"https:\/\/egophobia.ro\/index.php?rest_route=\/wp\/v2\/types\/post"}],"author":[{"embeddable":true,"href":"https:\/\/egophobia.ro\/index.php?rest_route=\/wp\/v2\/users\/2"}],"replies":[{"embeddable":true,"href":"https:\/\/egophobia.ro\/index.php?rest_route=%2Fwp%2Fv2%2Fcomments&post=11532"}],"version-history":[{"count":5,"href":"https:\/\/egophobia.ro\/index.php?rest_route=\/wp\/v2\/posts\/11532\/revisions"}],"predecessor-version":[{"id":11618,"href":"https:\/\/egophobia.ro\/index.php?rest_route=\/wp\/v2\/posts\/11532\/revisions\/11618"}],"wp:attachment":[{"href":"https:\/\/egophobia.ro\/index.php?rest_route=%2Fwp%2Fv2%2Fmedia&parent=11532"}],"wp:term":[{"taxonomy":"category","embeddable":true,"href":"https:\/\/egophobia.ro\/index.php?rest_route=%2Fwp%2Fv2%2Fcategories&post=11532"},{"taxonomy":"post_tag","embeddable":true,"href":"https:\/\/egophobia.ro\/index.php?rest_route=%2Fwp%2Fv2%2Ftags&post=11532"}],"curies":[{"name":"wp","href":"https:\/\/api.w.org\/{rel}","templated":true}]}}