{"id":11726,"date":"2017-05-31T17:28:50","date_gmt":"2017-05-31T15:28:50","guid":{"rendered":"http:\/\/egophobia.ro\/?p=11726"},"modified":"2017-08-14T09:27:57","modified_gmt":"2017-08-14T07:27:57","slug":"miniinterviu-cu-augustin-cupsa","status":"publish","type":"post","link":"https:\/\/egophobia.ro\/?p=11726","title":{"rendered":"miniinterviu cu Augustin Cup\u015fa"},"content":{"rendered":"<p style=\"text-align: justify;\"><strong>[miniinterviuri cu invita\u021bii EgoPHobia din numerele precedente]<\/strong><\/p>\n<ol style=\"text-align: justify;\">\n<li>Ce-ai mai scris\/publicat de c\u00e2nd ai ap\u0103rut ca invitat \u00een EgoPHobia?<\/li>\n<\/ol>\n<p style=\"text-align: justify;\">Am avut a\u0219a un flashback c\u00e2nd am citit prima \u00eentrebare din interviu&#8230; pentru c\u0103 pe EgoPHobia am publicat primul grupaj de proze din \u201eMarile bucurii \u0219i marile tristeti\u201c. Dou\u0103 sau chiar trei mai fuseser\u0103 publicate \u00een alte reviste \u00eencep\u00e2nd cu 2009 dar \u00een forme incipiente, de lucru, care au fost mult revizuite\/ rescrise \u0219i, \u00een plus, fiind disparate nu anun\u021bau direc\u021bia de mers. De abia \u00een EgoPHobia s-a putut ghici \u00eentregul. Totu\u0219i, manuscrisul a avut un traiect sinuos, din tot felul de motive, \u0219i a ap\u0103rut de abia c\u0103tre sf\u00e2r\u0219itul lui 2013 la editura Trei. Pe urm\u0103 am f\u0103cut pauz\u0103 \u0219i am avut c\u00e2teva colabor\u0103ri pe scenarii, unele care nu s-au mai filmat, altele care au intrat \u00een produc\u021bie \u0219i au \u0219i rulat. Dou\u0103 scurtmetraje merg pe pia\u021b\u0103 anul \u0103sta \u2013 <em>Cea\u021b\u0103 <\/em>(deja intrat pe la festivaluri) \u0219i <em>Fructe necoapte <\/em>(cu titlu provizoriu) care va intra \u00een filmare la var\u0103. Literatur\u0103 am re\u00eenceput s\u0103 scriu doar de vreo doi ani, destul de \u00eencet, cu tot felul de \u00eentreruperi \u0219i reveniri. Continuitate am avut cu o nuvel\u0103 extins\u0103\/ microroman din care am publicat c\u00e2teva fragmente. Are un titlu cam lung, e un vers dintr-un psalm \u2013 <em>C\u0103 am t\u0103cut, au \u00eemb\u0103tr\u00e2nit oasele mele<\/em>. S-a cam speriat editura.<\/p>\n<p style=\"text-align: justify;\"><!--more--><\/p>\n<ol style=\"text-align: justify;\" start=\"2\">\n<li>Care consideri c\u0103 e cel mai important text pe care l-ai publicat p\u00e2n\u0103 acum?<\/li>\n<\/ol>\n<p style=\"text-align: justify;\"><em>Perforatorii <\/em>e un cornerstone, poate doar pentru c\u0103 e prima carte, c\u0103 prin ea am ie\u0219it \u00een lume, a fost \u0219i ceva agita\u021bie \u00een jurul ei la vremea respectiv\u0103. Acum mi se pare r\u0103mas\u0103 <em>acolo<\/em>, nu m\u0103 mai g\u00e2ndesc la con\u021binutul ei, ci numai la imaginea ei, ca la un fel de reper; n-am mai \u021binut firul\/ registrul, dar poate o s\u0103 m\u0103 \u00eentorc <em>acolo<\/em> \u00eentr-o zi. Cel pu\u021bin a\u0219a era planul ini\u021bial. Ce-i sigur \u00eens\u0103 e c\u0103 borna aia are ata\u0219at\u0103 o stare de libertate \u0219i de oarecare naivitate, n-am respectat nicio formul\u0103 \u0219i nu mi-am ajustat discursul pentru un anumit segment de public sau critic\u0103. Asta e starea mea bun\u0103, pe care am pus-o cumva la cutie \u0219i am reu\u0219it s-o reactivez pentru noua carte. De\u0219i e diferit\u0103 de <em>Perforatorii<\/em>, \u00een sensul c\u0103 p\u0103streaz\u0103 linia realist\u0103 a ultimilor ani, are \u00een ea aceea\u0219i doz\u0103 de libertate auto-administrat\u0103, am c\u0103utat s\u0103 men\u021bin acel raport cu mine \u00een timp ce scriam. S\u0103-mi dau voie s\u0103 nu m\u0103 stresez, s\u0103 nu m\u0103 g\u00e2ndesc la nimeni \u00een afar\u0103 de mine, \u0219i pentru asta a trebuit s\u0103 uit, s\u0103 pun \u00eentre paranteze multe. \u00cen plus, cartea asta e \u0219i despre (a)cas\u0103, \u0219i despre Dumnezeu, de asta \u00eei dau o valoare sentimental\u0103 sporit\u0103.<\/p>\n<p style=\"text-align: justify;\"><img data-recalc-dims=\"1\" loading=\"lazy\" decoding=\"async\" class=\"aligncenter size-medium\" src=\"https:\/\/i0.wp.com\/vgy.me\/ov8a4T.jpg?resize=532%2C532&#038;ssl=1\" width=\"532\" height=\"532\" \/><\/p>\n<p style=\"text-align: center;\">[\u00a9 Laura Bara]<\/p>\n<ol style=\"text-align: justify;\" start=\"3\">\n<li>Te intereseaz\u0103 p\u0103rerile \u0219i calificativele acordate c\u0103r\u021bilor (tale, dar nu numai) pe site-uri precum <em>goodreads<\/em> ori pe bloguri sau \u021bii seama doar de recenziile criticilor consacra\u021bi?<\/li>\n<\/ol>\n<p style=\"text-align: justify;\">Nu prea \u0219tiu ce se \u00eent\u00e2mpl\u0103 pe <em>goodreads<\/em> \u0219i nici pe bloguri; b\u0103nuiesc c\u0103 nu po\u021bi s\u0103 afli lucrurile astea dac\u0103 nu faci search, iar eu prefer s\u0103 aflu de la al\u021bii. E o lume mic\u0103 lumea noastr\u0103 literar\u0103 \u0219i, mai devreme sau mai t\u00e2rziu, afli tot ce te intereseaz\u0103 (\u0219i ce nu te intereseaz\u0103) despre tine\/ ce publici. \u00cen momentul \u00een care \u00eencepi s\u0103 te cau\u021bi pe internet, faci lumea asta \u0219i mai mic\u0103. Recenziile criticilor importan\u021bi, care fac cronic\u0103 num\u0103r de num\u0103r \u00eentr-o revist\u0103 consacrat\u0103, \u00eemi sunt cele mai accesibile. Asta pentru c\u0103 oricum r\u0103sfoiesc c\u00e2teva reviste pentru content-ul general, de\u0219i c\u00e2t am fost plecat din \u021bar\u0103 am cam pierdut \u0219irul. Mai toate au \u0219i edi\u021bie online, doar c\u0103 eu nu prea aveam stare(a). Nici c\u0103r\u021bi rom\u00e2ne\u0219ti n-am citit foarte multe.<\/p>\n<ol style=\"text-align: justify;\" start=\"4\">\n<li>Preferi s\u0103 cite\u0219ti pe h\u00e2rtie sau \u00een format electronic?<\/li>\n<\/ol>\n<p style=\"text-align: justify;\">Always on paper. Am citit \u0219i pe e-reader, citesc si pdf-uri pe laptop, ce-mi trimit al\u021bii pentru c\u00e2te un sfat, eu, la r\u00e2ndul meu, scriu pe calculator \u0219i, binen\u021beles, recitesc (de foarte multe ori) ce am scris, tot citire se cheam\u0103, dar astea sunt necesit\u0103\u021bi, exploateaz\u0103 dimensiunea tehnic\u0103 \u0219i practic\u0103 a tot ce \u00eenseam\u0103 munc\u0103 \u00een literatur\u0103, \u00eens\u0103 cititul ca lectur\u0103, \u00een cazul meu, e doar atunci c\u00e2nd \u021bin o carte \u00een m\u00e2n\u0103, dac\u0103 ating h\u00e2rtia. Nu sunt un colec\u021bionar de c\u0103r\u021bi, nu \u021bin s\u0103 adun cine \u0219tie ce bibliotec\u0103. Am crescut \u00eentre rafturi de c\u0103r\u021bi, mul\u021bi dintre cunoscu\u021bii mei scriitori au \u0219i acest feti\u0219<em>, <\/em>ajung prin casele lor \u0219i le admir bibliotecile, c\u0103r\u021bi de colec\u021bie, rare, edi\u021bii princeps, etc. Aici fac diferen\u021ba \u0219i dincoace de linia asta m\u0103 opresc eu. Mie \u00eemi trebuie cartea la \u00eendem\u00e2n\u0103 c\u00e2nd o citesc, obiectualitate \u00eemi d\u0103 o oarecare u\u0219urin\u021b\u0103 la lectur\u0103 \u0219i siguran\u021b\u0103. Apoi pot s\u0103 m\u0103 dispensez de carte. Poate \u0219i din motivul \u0103sta n-am reu\u0219it s\u0103 str\u00e2ng, ca tata, o bibliotec\u0103.<\/p>\n<ol style=\"text-align: justify;\" start=\"5\">\n<li>Te rug\u0103m s\u0103 ne recomanzi o carte \u00een limba rom\u00e2n\u0103 ap\u0103rut\u0103 \u00een ultimul an. \u00ce\u021bi mul\u021bumim!<\/li>\n<\/ol>\n<p style=\"text-align: justify;\">\u00cenainte s\u0103 plec \u00een Paris am prins c\u00e2teva din c\u0103r\u021bile anului trecut. Acolo nu mi-am dus c\u0103r\u021bi tip\u0103rite, era ultimele lucruri care mi-ar fi \u00eenc\u0103put \u00een geamantane (\u0219i au fost destule pentru c\u0103 am stat mult timp). Dar n-am dus lips\u0103 de c\u0103r\u021bi, sunt chiar prea multe acolo. M-am cam deconectat de la scena rom\u00e2neasc\u0103, doar c\u00e2teva pdf-uri venite pe mail, dou\u0103 numere din Iocan primite de la un prieten \u0219i alte proze scurte pe internet. Cu foarte pu\u021bin \u00eenainte s\u0103 plec am apucat s\u0103 citesc <em>Spre v\u0103i de jad \u0219i s\u0103lb\u0103\u021bie<\/em> de la Veronica D. Niculescu, iar acum revenind \u00een \u021bar\u0103 mi-a venit s\u0103 recitesc c\u00e2teva pagini. O amintire frumoas\u0103, care s-a p\u0103strat la fel de intens\u0103.<\/p>\n<p>&nbsp;<\/p>\n","protected":false},"excerpt":{"rendered":"<p>[miniinterviuri cu invita\u021bii EgoPHobia din numerele precedente] Ce-ai mai scris\/publicat de c\u00e2nd ai ap\u0103rut ca invitat \u00een EgoPHobia? Am avut a\u0219a un flashback c\u00e2nd am citit prima \u00eentrebare din interviu&#8230; pentru c\u0103 pe EgoPHobia am publicat primul grupaj de proze din \u201eMarile bucurii \u0219i marile tristeti\u201c. Dou\u0103 sau chiar trei mai fuseser\u0103 publicate \u00een alte [&hellip;]<\/p>\n","protected":false},"author":2,"featured_media":0,"comment_status":"open","ping_status":"open","sticky":false,"template":"","format":"standard","meta":{"jetpack_post_was_ever_published":false,"_jetpack_newsletter_access":"","_jetpack_dont_email_post_to_subs":false,"_jetpack_newsletter_tier_id":0,"_jetpack_memberships_contains_paywalled_content":false,"_jetpack_memberships_contains_paid_content":false,"footnotes":""},"categories":[1273,125],"tags":[558,1274,132,1129,116],"class_list":["post-11726","post","type-post","status-publish","format-standard","hentry","category-egophobia-49-50","category-invitat","tag-augustin-cupsa","tag-egophobia-49-50","tag-interviu","tag-invitat","tag-sorin-mihai-grad"],"jetpack_featured_media_url":"","jetpack_sharing_enabled":true,"jetpack_shortlink":"https:\/\/wp.me\/p6DakB-338","_links":{"self":[{"href":"https:\/\/egophobia.ro\/index.php?rest_route=\/wp\/v2\/posts\/11726","targetHints":{"allow":["GET"]}}],"collection":[{"href":"https:\/\/egophobia.ro\/index.php?rest_route=\/wp\/v2\/posts"}],"about":[{"href":"https:\/\/egophobia.ro\/index.php?rest_route=\/wp\/v2\/types\/post"}],"author":[{"embeddable":true,"href":"https:\/\/egophobia.ro\/index.php?rest_route=\/wp\/v2\/users\/2"}],"replies":[{"embeddable":true,"href":"https:\/\/egophobia.ro\/index.php?rest_route=%2Fwp%2Fv2%2Fcomments&post=11726"}],"version-history":[{"count":4,"href":"https:\/\/egophobia.ro\/index.php?rest_route=\/wp\/v2\/posts\/11726\/revisions"}],"predecessor-version":[{"id":11847,"href":"https:\/\/egophobia.ro\/index.php?rest_route=\/wp\/v2\/posts\/11726\/revisions\/11847"}],"wp:attachment":[{"href":"https:\/\/egophobia.ro\/index.php?rest_route=%2Fwp%2Fv2%2Fmedia&parent=11726"}],"wp:term":[{"taxonomy":"category","embeddable":true,"href":"https:\/\/egophobia.ro\/index.php?rest_route=%2Fwp%2Fv2%2Fcategories&post=11726"},{"taxonomy":"post_tag","embeddable":true,"href":"https:\/\/egophobia.ro\/index.php?rest_route=%2Fwp%2Fv2%2Ftags&post=11726"}],"curies":[{"name":"wp","href":"https:\/\/api.w.org\/{rel}","templated":true}]}}