{"id":11733,"date":"2017-05-31T17:04:06","date_gmt":"2017-05-31T15:04:06","guid":{"rendered":"http:\/\/egophobia.ro\/?p=11733"},"modified":"2017-08-14T09:25:27","modified_gmt":"2017-08-14T07:25:27","slug":"miniinterviu-cu-ioana-morpurgo","status":"publish","type":"post","link":"https:\/\/egophobia.ro\/?p=11733","title":{"rendered":"miniinterviu cu Ioana Morpurgo"},"content":{"rendered":"<p style=\"text-align: justify;\"><strong>[miniinterviuri cu invita\u021bii EgoPHobia din numerele precedente]<\/strong><\/p>\n<ol style=\"text-align: justify;\">\n<li>Ce-ai mai scris\/publicat de c\u00e2nd ai ap\u0103rut ca invitat\u0103 \u00een EgoPHobia?<\/li>\n<\/ol>\n<p style=\"text-align: justify;\">A trecut ceva vreme&#8230;Am scris \u015fi eu ca tot autorul \u2013 cuvinte cuvinte, mii de cuvinte&#8230; Printre ele dou\u0103 romane \u2013 <em>Imigran<\/em><em>\u021b<\/em><em>ii \u2013 <\/em>publicat la Editura Polirom \u00een 2011 \u015fi <em>Schije<\/em>, prima parte dintr-o trilogie, pe care tocmai l-am terminat.<\/p>\n<p style=\"text-align: justify;\"><em>Imigran<\/em><em>\u021b<\/em><em>ii <\/em>urm\u0103re\u015fte pove\u015ftile a cinci rom\u0203ni care tr\u0103iesc \u00een Londra \u00een 2010: un doctorand pe drepturile omului la UCL care cerceteaz\u0103 existen\u021ba <em>black<\/em> <em>site<\/em>-urilor pe teritoriul Rom\u00ad\u0203niei \u015fi Poloniei \u00een timpul r\u0103zboiului din Iraq, o pictori\u021b\u0103 de m\u0203na a doua m\u0103ritat\u0103 cu un <em>dealer<\/em> de art\u0103 conceptual\u0103, un broker \u00eensingurat, o asistent\u0103 medical\u0103 care are grij\u0103 de un b\u0103tr\u0203n bolnav \u015fi suporter UKIP \u015fi un \u021bigan \u00eendr\u0103gostit.<\/p>\n<p style=\"text-align: justify;\"><em>Schije<\/em> este un roman despre masculinitate, memorie, con\u015ftiin\u021b\u0103, Sindromul de \u0218oc Post Traumatic \u015fi For\u021bele Speciale rom\u0203ne din Afganistan<em>. <\/em><\/p>\n<p style=\"text-align: justify;\"><!--more--><\/p>\n<ol style=\"text-align: justify;\" start=\"2\">\n<li>Care consideri c\u0103 e cel mai important text pe care l-ai publicat p\u00e2n\u0103 acum?<\/li>\n<\/ol>\n<p style=\"text-align: justify;\"><em>Imigran<\/em><em>\u021b<\/em><em>ii<\/em>, mai ales primul capitol \u2013 al lui R\u0103zvan. Toat\u0103 viziunea mea politic\u0103 e \u00een textul \u0103sta.<\/p>\n<p style=\"text-align: justify;\"><img data-recalc-dims=\"1\" loading=\"lazy\" decoding=\"async\" class=\"aligncenter size-medium\" src=\"https:\/\/i0.wp.com\/vgy.me\/lQTDCj.jpg?resize=812%2C1089&#038;ssl=1\" width=\"812\" height=\"1089\" \/><\/p>\n<ol style=\"text-align: justify;\" start=\"3\">\n<li>Te intereseaz\u0103 p\u0103rerile \u0219i calificativele acordate c\u0103r\u021bilor (tale, dar nu numai) pe site-uri precum <em>goodreads<\/em> ori pe bloguri sau \u021bii seama doar de recenziile criticilor consacra\u021bi?<\/li>\n<\/ol>\n<p style=\"text-align: justify;\">M\u0103 intereseaz\u0103 \u00eens\u0103 nu le consider \u00eentotdeauna <em>prima<\/em> <em>facie<\/em>. Uneori \u2013 \u015fi asta se \u00eent\u0203mpl\u0103 \u015fi \u00een cazul criticilor consacra\u021bi \u2013 anumite comentarii negative \u00eemi recomand\u0103 o carte mai degrab\u0103 dec\u0203t s\u0103 mi-o \u015ftearg\u0103 din vizor. \u0218i invers \u2013 anumite p\u0103reri literare pozitive \u00eemi pot anula elanul de lectur\u0103. Exist\u0103 c\u0203\u021biva critici literari \u00een Rom\u0203nia pe care \u00eenc\u0103 \u00eei a\u015ftept cu o recenzie pozitiv\u0103 la o carte care s\u0103-mi contrazic\u0103 scepticismul c\u0103 acea carte merit\u0103 citit\u0103 (sau chiar scris\u0103).<\/p>\n<ol style=\"text-align: justify;\" start=\"4\">\n<li>Preferi s\u0103 cite\u0219ti pe h\u00e2rtie sau \u00een format electronic?<\/li>\n<\/ol>\n<p style=\"text-align: justify;\">H\u0203rtie, dar nu fac mofturi.<\/p>\n<ol style=\"text-align: justify;\" start=\"5\">\n<li>Te rug\u0103m s\u0103 ne recomanzi o carte \u00een limba rom\u00e2n\u0103 ap\u0103rut\u0103 \u00een ultimul an. \u00ce\u021bi mul\u021bumim!<\/li>\n<\/ol>\n<p style=\"text-align: justify;\">Destul de greu de ales doar o singur\u0103 carte. A\u015f zice <em>De ce este Rom<\/em><em>\u0203<\/em><em>nia astfel? \u2013 Avatarurile excep<\/em><em>\u021b<\/em><em>ionalismului rom<\/em><em>\u0203<\/em><em>nesc \u2013 <\/em>o antologie de eseuri coordonat\u0103 de maestrul sociolog Vintil\u0103 Mih\u0103ilescu, proasp\u0103t\u0103 la Polirom.<\/p>\n","protected":false},"excerpt":{"rendered":"<p>[miniinterviuri cu invita\u021bii EgoPHobia din numerele precedente] Ce-ai mai scris\/publicat de c\u00e2nd ai ap\u0103rut ca invitat\u0103 \u00een EgoPHobia? A trecut ceva vreme&#8230;Am scris \u015fi eu ca tot autorul \u2013 cuvinte cuvinte, mii de cuvinte&#8230; Printre ele dou\u0103 romane \u2013 Imigran\u021bii \u2013 publicat la Editura Polirom \u00een 2011 \u015fi Schije, prima parte dintr-o trilogie, pe care [&hellip;]<\/p>\n","protected":false},"author":2,"featured_media":0,"comment_status":"open","ping_status":"open","sticky":false,"template":"","format":"standard","meta":{"jetpack_post_was_ever_published":false,"_jetpack_newsletter_access":"","_jetpack_dont_email_post_to_subs":false,"_jetpack_newsletter_tier_id":0,"_jetpack_memberships_contains_paywalled_content":false,"_jetpack_memberships_contains_paid_content":false,"footnotes":""},"categories":[1273,125],"tags":[1274,132,1129,324,116],"class_list":["post-11733","post","type-post","status-publish","format-standard","hentry","category-egophobia-49-50","category-invitat","tag-egophobia-49-50","tag-interviu","tag-invitat","tag-ioana-morpurgo","tag-sorin-mihai-grad"],"jetpack_featured_media_url":"","jetpack_sharing_enabled":true,"jetpack_shortlink":"https:\/\/wp.me\/p6DakB-33f","_links":{"self":[{"href":"https:\/\/egophobia.ro\/index.php?rest_route=\/wp\/v2\/posts\/11733","targetHints":{"allow":["GET"]}}],"collection":[{"href":"https:\/\/egophobia.ro\/index.php?rest_route=\/wp\/v2\/posts"}],"about":[{"href":"https:\/\/egophobia.ro\/index.php?rest_route=\/wp\/v2\/types\/post"}],"author":[{"embeddable":true,"href":"https:\/\/egophobia.ro\/index.php?rest_route=\/wp\/v2\/users\/2"}],"replies":[{"embeddable":true,"href":"https:\/\/egophobia.ro\/index.php?rest_route=%2Fwp%2Fv2%2Fcomments&post=11733"}],"version-history":[{"count":3,"href":"https:\/\/egophobia.ro\/index.php?rest_route=\/wp\/v2\/posts\/11733\/revisions"}],"predecessor-version":[{"id":11838,"href":"https:\/\/egophobia.ro\/index.php?rest_route=\/wp\/v2\/posts\/11733\/revisions\/11838"}],"wp:attachment":[{"href":"https:\/\/egophobia.ro\/index.php?rest_route=%2Fwp%2Fv2%2Fmedia&parent=11733"}],"wp:term":[{"taxonomy":"category","embeddable":true,"href":"https:\/\/egophobia.ro\/index.php?rest_route=%2Fwp%2Fv2%2Fcategories&post=11733"},{"taxonomy":"post_tag","embeddable":true,"href":"https:\/\/egophobia.ro\/index.php?rest_route=%2Fwp%2Fv2%2Ftags&post=11733"}],"curies":[{"name":"wp","href":"https:\/\/api.w.org\/{rel}","templated":true}]}}