{"id":11735,"date":"2017-05-31T17:31:10","date_gmt":"2017-05-31T15:31:10","guid":{"rendered":"http:\/\/egophobia.ro\/?p=11735"},"modified":"2017-08-14T09:27:28","modified_gmt":"2017-08-14T07:27:28","slug":"miniinterviu-cu-catalin-ghita","status":"publish","type":"post","link":"https:\/\/egophobia.ro\/?p=11735","title":{"rendered":"miniinterviu cu C\u0103t\u0103lin Ghi\u0163\u0103"},"content":{"rendered":"<p style=\"text-align: justify;\"><strong>[miniinterviuri cu invita\u021bii EgoPHobia din numerele precedente]<\/strong><\/p>\n<ol style=\"text-align: justify;\">\n<li>Ce-ai mai scris\/publicat de c\u00e2nd ai ap\u0103rut ca invitat \u00een EgoPHobia?<\/li>\n<\/ol>\n<p style=\"text-align: justify;\">Am scris \u0219i publicat destul de mult pentru gustul meu, dar se pare c\u0103, neconfiscat de jocurile de culise care fac deliciul vie\u021bii universitare de la noi, condamn\u00e2ndu-i pe protagoni\u0219ti la sterilitate \u0219i invidie (personal, cunosc o sum\u0103 de astfel de personaje sulfuroase), am suficient timp la dispozi\u021bie ca s\u0103 duc la bun sf\u00e2r\u0219it ceea ce \u00eemi propun. Ca s\u0103 men\u021bionez doar volumele, nu \u0219i studiile ap\u0103rute \u00een periodice \u0219tiin\u021bifice, dup\u0103 <em>Deimografia. Scenarii ale terorii \u00een proza rom\u00e2neasc\u0103<\/em> (Ia\u0219i: Ed. Institutul European, 2011), am mai publicat <em>Orientul Europei romantice. Alteritatea ca exotism \u00een poezia englez\u0103, francez\u0103 \u0219i rom\u00e2n\u0103<\/em> (Bucure\u0219ti: Ed. Tracus Arte, 2013), <em>Estetica umbrelor mi\u0219c\u0103toare. Altfel despre filme<\/em> (Craiova: Ed. Aius, 2014), <em>Demiurgul din Londra. Introducere \u00een poetica lui William Blake<\/em> (Ia\u0219i: Ed. Institutul European, 2014) \u0219i <em>Litere f\u0103r\u0103 obstacole. Ipostaze ale actului critic 2<\/em> (Bucure\u0219ti: Ed. Ideea European\u0103, 2017). Un alt volum va ap\u0103rea \u00een vara lui 2017, \u00een Polonia: este vorba despre <em>Fear and Big Ideas: A Short Introduction to an Inter-Disciplinary Relationship<\/em>. Dintre volumele editate, a\u0219 men\u021biona trei c\u0103r\u021bi ap\u0103rute ca rezultat al unei serii de conferin\u021be \u0219tiin\u021bifice despre frici \u0219i anxiet\u0103\u021bi din lumea contemporan\u0103, serie pe care am ini\u021biat-o \u0219i condus-o la Mansfield College, Oxford, al\u0103turi de o coleg\u0103 din Polonia: <em>At the Nexus of Fear, Horror and Terror: Contemporary Readings<\/em>. Co-editor: Joseph H. Campos II (Oxford: The Inter-Disciplinary Press, 2013), <em>Fears and Anxieties in the 21<sup>st<\/sup> Century: The European Context and Beyond<\/em>. Co-editor: Robert Beshara (Oxford: The Inter-Disciplinary Press, 2015) \u0219i <em>Strangers on Our Doorstep and Strangers in Our House: Inter-Disciplinary Approaches to Fears and Anxieties<\/em>. Co-editors: Magdalena Hodalska, Izabela Dixon (Oxford: The Inter-Disciplinary Press, 2016). Alte dou\u0103 c\u0103r\u021bi editate, ce-\u0219i au originea \u00een aceea\u0219i serie de conferin\u021be oxoniene, vor ap\u0103rea \u00een anii care urmeaz\u0103 la Ed. Brill din Leiden, Olanda.<\/p>\n<p style=\"text-align: justify;\"><!--more--><\/p>\n<ol style=\"text-align: justify;\" start=\"2\">\n<li>Care consideri c\u0103 e cel mai important text pe care l-ai publicat p\u00e2n\u0103 acum?<\/li>\n<\/ol>\n<p style=\"text-align: justify;\">Ca s\u0103-l parafrazez pe Creang\u0103, nu \u0219tiu al\u021bii cum sunt, dar eu sunt de p\u0103rere c\u0103 volumul pe care-l am \u00een lucru este \u00eentotdeauna cel mai important. \u00cen spe\u021b\u0103, acum definitivez o carte care se nume\u0219te <em>Coliba din mijlocul palatului. Frica \u0219i marile idei<\/em> \u0219i care reprezint\u0103 nu numai o restructurare, ci de-a dreptul o rescriere a sus-men\u021bionatului volum \u00een limba englez\u0103, aflat, spuneam, \u00een curs de apari\u021bie \u00een Polonia. Cartea \u00een limba rom\u00e2n\u0103 este adaptat\u0103 la un public-\u021bint\u0103 autohton \u0219i rezultatul nu va fi o traducere, ci, practic, o alt\u0103 lucrare, cu o miz\u0103 intelectual\u0103 diferit\u0103.<\/p>\n<p style=\"text-align: justify;\"><img data-recalc-dims=\"1\" loading=\"lazy\" decoding=\"async\" class=\"aligncenter size-medium\" src=\"https:\/\/i0.wp.com\/vgy.me\/fr2vB6.jpg?resize=411%2C600&#038;ssl=1\" width=\"411\" height=\"600\" \/><\/p>\n<ol style=\"text-align: justify;\" start=\"3\">\n<li>Te intereseaz\u0103 p\u0103rerile \u0219i calificativele acordate c\u0103r\u021bilor (tale, dar nu numai) pe site-uri precum <em>goodreads<\/em> ori pe bloguri sau \u021bii seama doar de recenziile criticilor consacra\u021bi?<\/li>\n<\/ol>\n<p style=\"text-align: justify;\">Nu m\u0103 intereseaz\u0103 deloc nici calificativele, nici p\u0103rerile altora. Nu scriu at\u00e2t pentru al\u021bii (sau, ca s\u0103 fiu sincer, nu scriu dec\u00e2t pentru o m\u00e2n\u0103 de oameni care, sunt pe deplin convins, \u00eemi apreciaz\u0103 ideile, chiar dac\u0103 nu le \u00eemp\u0103rt\u0103\u0219esc \u00eentotdeauna), c\u00e2t pentru mine \u00eensumi. Scrisul este o metod\u0103 terapeutic\u0103, de a-mi lua pulsul intelectual \u00een diverse faze ale vie\u021bii, de a m\u0103 \u00een\u021belege mai bine \u0219i, \u00een ultim\u0103 instan\u021b\u0103, de a m\u0103 ajuta s\u0103 duc o via\u021b\u0103 corect\u0103, \u00een acord cu propriile mele valori, \u0219i, la cap\u0103tul ei, de a accepta senin sf\u00e2r\u0219itul.<\/p>\n<ol style=\"text-align: justify;\" start=\"4\">\n<li>Preferi s\u0103 cite\u0219ti pe h\u00e2rtie sau \u00een format electronic?<\/li>\n<\/ol>\n<p style=\"text-align: justify;\">Categoric prefer h\u00e2rtia, cu materialitatea ei poroas\u0103, deci imperfect\u0103, chiar dac\u0103 nu sunt \u0219i nu voi fi niciodat\u0103 un senzorial: \u00eemi plac prea mult sinteticul \u0219i artificialul ca s\u0103 cedez reveriilor naturiste \u0219i s\u0103 fac apologia plimb\u0103rilor descul\u021b prin iarba \u00eenrourat\u0103. \u00cens\u0103, odat\u0103 cu explozia dispozitivelor electronice de lectur\u0103, precum Kindle, a\u0219 putea garanta c\u0103 diferen\u021ba dintre cele dou\u0103 suporturi vizuale nu este prea mare (de fapt, un Kindle Paperwhite este deosebit de comod, mai ales \u00een c\u0103l\u0103toriile lungi).<\/p>\n<ol style=\"text-align: justify;\" start=\"5\">\n<li>Te rug\u0103m s\u0103 ne recomanzi o carte \u00een limba rom\u00e2n\u0103 ap\u0103rut\u0103 \u00een ultimul an. \u00ce\u021bi mul\u021bumim!<\/li>\n<\/ol>\n<p style=\"text-align: justify;\">Mi-a pl\u0103cut foarte mult ultima carte a lui Doris Mironescu, intitulat\u0103 <em>Un secol al memoriei. Literatur\u0103 \u0219i con\u0219tiin\u021b<\/em><em>\u0103<\/em><em> comunitar\u0103 \u00een epoca romantic\u0103<\/em> (Ia\u0219i: Ed. Universit\u0103\u021bii \u201eAlexandru Ioan Cuza\u201d, 2016). Este un superb eseu, cum rareori apar la noi, combin\u00e2nd perfect rigoarea sintetic\u0103 a acribiei academice cu imagina\u021bia analitic\u0103 a eseisticii libere. Volumul lectorului universitar ie\u0219ean este, simultan, o delectare pentru speciali\u0219ti \u0219i un instrument de lucru obligatoriu pentru doctoranzi.<\/p>\n","protected":false},"excerpt":{"rendered":"<p>[miniinterviuri cu invita\u021bii EgoPHobia din numerele precedente] Ce-ai mai scris\/publicat de c\u00e2nd ai ap\u0103rut ca invitat \u00een EgoPHobia? Am scris \u0219i publicat destul de mult pentru gustul meu, dar se pare c\u0103, neconfiscat de jocurile de culise care fac deliciul vie\u021bii universitare de la noi, condamn\u00e2ndu-i pe protagoni\u0219ti la sterilitate \u0219i invidie (personal, cunosc o [&hellip;]<\/p>\n","protected":false},"author":2,"featured_media":0,"comment_status":"open","ping_status":"open","sticky":false,"template":"","format":"standard","meta":{"jetpack_post_was_ever_published":false,"_jetpack_newsletter_access":"","_jetpack_dont_email_post_to_subs":false,"_jetpack_newsletter_tier_id":0,"_jetpack_memberships_contains_paywalled_content":false,"_jetpack_memberships_contains_paid_content":false,"footnotes":""},"categories":[1273,125],"tags":[746,1274,132,1129,116],"class_list":["post-11735","post","type-post","status-publish","format-standard","hentry","category-egophobia-49-50","category-invitat","tag-catalin-ghita","tag-egophobia-49-50","tag-interviu","tag-invitat","tag-sorin-mihai-grad"],"jetpack_featured_media_url":"","jetpack_sharing_enabled":true,"jetpack_shortlink":"https:\/\/wp.me\/p6DakB-33h","_links":{"self":[{"href":"https:\/\/egophobia.ro\/index.php?rest_route=\/wp\/v2\/posts\/11735","targetHints":{"allow":["GET"]}}],"collection":[{"href":"https:\/\/egophobia.ro\/index.php?rest_route=\/wp\/v2\/posts"}],"about":[{"href":"https:\/\/egophobia.ro\/index.php?rest_route=\/wp\/v2\/types\/post"}],"author":[{"embeddable":true,"href":"https:\/\/egophobia.ro\/index.php?rest_route=\/wp\/v2\/users\/2"}],"replies":[{"embeddable":true,"href":"https:\/\/egophobia.ro\/index.php?rest_route=%2Fwp%2Fv2%2Fcomments&post=11735"}],"version-history":[{"count":2,"href":"https:\/\/egophobia.ro\/index.php?rest_route=\/wp\/v2\/posts\/11735\/revisions"}],"predecessor-version":[{"id":11846,"href":"https:\/\/egophobia.ro\/index.php?rest_route=\/wp\/v2\/posts\/11735\/revisions\/11846"}],"wp:attachment":[{"href":"https:\/\/egophobia.ro\/index.php?rest_route=%2Fwp%2Fv2%2Fmedia&parent=11735"}],"wp:term":[{"taxonomy":"category","embeddable":true,"href":"https:\/\/egophobia.ro\/index.php?rest_route=%2Fwp%2Fv2%2Fcategories&post=11735"},{"taxonomy":"post_tag","embeddable":true,"href":"https:\/\/egophobia.ro\/index.php?rest_route=%2Fwp%2Fv2%2Ftags&post=11735"}],"curies":[{"name":"wp","href":"https:\/\/api.w.org\/{rel}","templated":true}]}}