{"id":11742,"date":"2017-05-31T17:03:00","date_gmt":"2017-05-31T15:03:00","guid":{"rendered":"http:\/\/egophobia.ro\/?p=11742"},"modified":"2017-08-14T09:26:09","modified_gmt":"2017-08-14T07:26:09","slug":"miniinterviu-cu-claudiu-komartin","status":"publish","type":"post","link":"https:\/\/egophobia.ro\/?p=11742","title":{"rendered":"miniinterviu cu Claudiu Komartin"},"content":{"rendered":"<p style=\"text-align: justify;\"><strong>[miniinterviuri cu invita\u021bii EgoPHobia din numerele precedente]<\/strong><\/p>\n<ol style=\"text-align: justify;\">\n<li>Ce-ai mai scris\/publicat de c\u00e2nd ai ap\u0103rut ca invitat \u00een EgoPHobia?<\/li>\n<\/ol>\n<p style=\"text-align: justify;\">Am fost invitatul num\u0103rului 3, de la sf\u00e2r\u0219itul anului 2004&#8230; Era o vreme romantic\u0103 pentru scrisul meu \u2013 \u0219i cred c\u0103, \u00een egal\u0103 m\u0103sur\u0103, pentru <em>EgopHobia<\/em>. S-au \u00eent\u00e2mplat destule de atunci, mi-au ie\u0219it volumele de poezie <em>Circul domestic<\/em> (Cartea Rom\u00e2neasc\u0103, 2005), o a doua edi\u021bie a c\u0103r\u021buliei cu care debutasem (<em>P\u0103pu\u0219arul \u0219i alte insomnii<\/em>, Editura Vinea, 2003, 2007), apoi <em>Un anotimp \u00een Berceni <\/em>(Cartier, 2009, 2010) \u0219i <em>cobalt <\/em>(Casa de Editur\u0103 Max Blecher, 2013).<\/p>\n<p style=\"text-align: justify;\">Pe l\u00e2ng\u0103 ele, multe articole critice \u0219i eseuri \u00eempr\u0103\u0219tiate prin reviste, selec\u021bii \u00een c\u00e2teva antologii (re\u021bin <em>Compania poe\u021bilor tineri \u00een 100 de titluri alese de Dan Coman \u0219i Petru Romo\u0219an<\/em>, din 2011) \u0219i trei c\u0103r\u021bi care mi-au ap\u0103rut \u00een afara Rom\u00e2niei: <em>Und wir werden die Maschinen f\u00fcr uns weinen lassen<\/em> (Ed. Korrespondenzen, Viena, 2012),\u00a0<em>Vrpce potaman za balu mesa<\/em>\u00a0(Tre\u0107i Trg, Belgrad, 2015) \u0219i\u00a0<em>Bir Garip Roman<\/em>\u00a0(Yitik \u00dclke Yay\u0131nlar\u0131, Istanbul, 2015).<\/p>\n<p style=\"text-align: justify;\">Ar trebui, cred, s\u0103 trec \u00een catastif \u0219i c\u0103, \u00eencep\u00e2nd din 2010, am editat \u00een jur de 70 de c\u0103r\u021bi \u0219i antologii, ca redactor-\u0219ef al Casei de Editur\u0103 Max Blecher, \u00eens\u0103 am lucrat \u0219i cu alte edituri, precum Tracus Arte (seria <em>Cele mai frumoase poeme<\/em>, \u00een colaborare cu Radu Vancu, \u00een 2011, 2012 \u0219i 2013), Cartier (antologia <em>Oameni obosi\u021bi<\/em> de Andrei Bodiu, 2016) sau Triade (o superb\u0103 carte-obiect cu 10 poeme \u0219i 10 gravuri, intitulat\u0103 <em>euforia din <\/em><em>timpul, grea\u021ba de dup\u0103<\/em>, 2016).<\/p>\n<p style=\"text-align: justify;\"><!--more--><\/p>\n<ol style=\"text-align: justify;\" start=\"2\">\n<li>Care consideri c\u0103 e cel mai important text pe care l-ai publicat p\u00e2n\u0103 acum?<\/li>\n<\/ol>\n<p style=\"text-align: justify;\">Cel mai important e mereu cel care \u00eenc\u0103 n-a ap\u0103rut. Sau cel pu\u021bin g\u00e2ndul \u0103sta e motorul care m\u0103 face s\u0103 continui. Cred c\u0103 am poeme bune \u00een fiecare din c\u0103r\u021bile pe care le-am publicat (sau tradus), precum \u0219i articole sau eseuri literare pe care le recitesc f\u0103r\u0103 s\u0103-mi crape obrazul de ru\u0219ine.<\/p>\n<p style=\"text-align: justify;\"><img data-recalc-dims=\"1\" loading=\"lazy\" decoding=\"async\" class=\"aligncenter size-medium\" src=\"https:\/\/i0.wp.com\/vgy.me\/oHO4sS.jpg?resize=812%2C812&#038;ssl=1\" width=\"812\" height=\"812\" \/><\/p>\n<ol style=\"text-align: justify;\" start=\"3\">\n<li>Te intereseaz\u0103 p\u0103rerile \u0219i calificativele acordate c\u0103r\u021bilor (tale, dar nu numai) pe site-uri precum <em>goodreads<\/em> ori pe bloguri sau \u021bii seama doar de recenziile criticilor consacra\u021bi?<\/li>\n<\/ol>\n<p style=\"text-align: justify;\">\u201eCriticii consacra\u021bi\u201d sunt o fic\u021biune. Exist\u0103 buni cititori de poezie \u00een stare s\u0103 \u0219i scrie lucruri relevante, din care ai cu ce r\u0103m\u00e2ne, despre c\u0103r\u021bile tale. Ei pot fi la r\u00e2ndul lor poe\u021bi (a\u0219 spune c\u0103 o bun\u0103 parte dintre cronicarii care m\u0103 intereseaz\u0103, fiindc\u0103 scriu cu acurate\u021be \u0219i maxim\u0103 exigen\u021b\u0103 despre c\u0103r\u021bile altora, sunt ei \u00een\u0219i\u0219i poe\u021bi) sau bloggeri \/ recenzen\u021bi internau\u021bi; nu am niciun fel de prejudecat\u0103 sau de \u201eexclusivism\u201d c\u00e2nd vine vorba de asta. Probabil c\u0103 acum sunt \u00eentr-o faz\u0103 de tranzi\u021bie, \u00een care nu m\u0103 mai preocup\u0103 at\u00e2t de mult \u201ereceptarea critic\u0103\u201d \u2013 poate o s\u0103 ajung cu timpul s\u0103 nu mai am niciun fel de ata\u0219ament fa\u021b\u0103 de jocul \u0103sta de societate, parazitat at\u00e2t de des de parade \u0219i strategii literare, diverse exhibi\u021bionisme gratuite, poli\u021be de pl\u0103tit etc., dar \u00eenc\u0103 m\u0103 intereseaz\u0103 (f\u0103r\u0103 s\u0103 absolutizez sau s\u0103 o iau ca pe ceva implacabil sau imposibil de ocolit) cum sunt citit.<\/p>\n<ol style=\"text-align: justify;\" start=\"4\">\n<li>Preferi s\u0103 cite\u0219ti pe h\u00e2rtie sau \u00een format electronic?<\/li>\n<\/ol>\n<p style=\"text-align: justify;\">H\u00e2rtie.<\/p>\n<ol style=\"text-align: justify;\" start=\"5\">\n<li>Te rug\u0103m s\u0103 ne recomanzi o carte \u00een limba rom\u00e2n\u0103 ap\u0103rut\u0103 \u00een ultimul an. \u00ce\u021bi mul\u021bumim!<\/li>\n<\/ol>\n<p style=\"text-align: justify;\">Antologia <em>Regele dimine\u021bii<\/em>, din poezia unuia dintre cei mai mari scriitori 80-i\u0219ti, Alexandru Mu\u0219ina. A fost alc\u0103tuit\u0103 de Radu Vancu \u0219i a ap\u0103rut la Editura Cartier din Chi\u0219in\u0103u \u00een 2016. Nu se poate vorbi despre ce a dat mai valoros poezia rom\u00e2neasc\u0103 dintre 1980 \u0219i 2010 f\u0103r\u0103 Mu\u0219ina.<\/p>\n","protected":false},"excerpt":{"rendered":"<p>[miniinterviuri cu invita\u021bii EgoPHobia din numerele precedente] Ce-ai mai scris\/publicat de c\u00e2nd ai ap\u0103rut ca invitat \u00een EgoPHobia? Am fost invitatul num\u0103rului 3, de la sf\u00e2r\u0219itul anului 2004&#8230; Era o vreme romantic\u0103 pentru scrisul meu \u2013 \u0219i cred c\u0103, \u00een egal\u0103 m\u0103sur\u0103, pentru EgopHobia. S-au \u00eent\u00e2mplat destule de atunci, mi-au ie\u0219it volumele de poezie Circul [&hellip;]<\/p>\n","protected":false},"author":2,"featured_media":0,"comment_status":"open","ping_status":"open","sticky":false,"template":"","format":"standard","meta":{"jetpack_post_was_ever_published":false,"_jetpack_newsletter_access":"","_jetpack_dont_email_post_to_subs":false,"_jetpack_newsletter_tier_id":0,"_jetpack_memberships_contains_paywalled_content":false,"_jetpack_memberships_contains_paid_content":false,"footnotes":""},"categories":[1273,125],"tags":[320,1274,132,1129,116],"class_list":["post-11742","post","type-post","status-publish","format-standard","hentry","category-egophobia-49-50","category-invitat","tag-claudiu-komartin","tag-egophobia-49-50","tag-interviu","tag-invitat","tag-sorin-mihai-grad"],"jetpack_featured_media_url":"","jetpack_sharing_enabled":true,"jetpack_shortlink":"https:\/\/wp.me\/p6DakB-33o","_links":{"self":[{"href":"https:\/\/egophobia.ro\/index.php?rest_route=\/wp\/v2\/posts\/11742","targetHints":{"allow":["GET"]}}],"collection":[{"href":"https:\/\/egophobia.ro\/index.php?rest_route=\/wp\/v2\/posts"}],"about":[{"href":"https:\/\/egophobia.ro\/index.php?rest_route=\/wp\/v2\/types\/post"}],"author":[{"embeddable":true,"href":"https:\/\/egophobia.ro\/index.php?rest_route=\/wp\/v2\/users\/2"}],"replies":[{"embeddable":true,"href":"https:\/\/egophobia.ro\/index.php?rest_route=%2Fwp%2Fv2%2Fcomments&post=11742"}],"version-history":[{"count":3,"href":"https:\/\/egophobia.ro\/index.php?rest_route=\/wp\/v2\/posts\/11742\/revisions"}],"predecessor-version":[{"id":11841,"href":"https:\/\/egophobia.ro\/index.php?rest_route=\/wp\/v2\/posts\/11742\/revisions\/11841"}],"wp:attachment":[{"href":"https:\/\/egophobia.ro\/index.php?rest_route=%2Fwp%2Fv2%2Fmedia&parent=11742"}],"wp:term":[{"taxonomy":"category","embeddable":true,"href":"https:\/\/egophobia.ro\/index.php?rest_route=%2Fwp%2Fv2%2Fcategories&post=11742"},{"taxonomy":"post_tag","embeddable":true,"href":"https:\/\/egophobia.ro\/index.php?rest_route=%2Fwp%2Fv2%2Ftags&post=11742"}],"curies":[{"name":"wp","href":"https:\/\/api.w.org\/{rel}","templated":true}]}}