{"id":11751,"date":"2017-05-31T11:39:10","date_gmt":"2017-05-31T09:39:10","guid":{"rendered":"http:\/\/egophobia.ro\/?p=11751"},"modified":"2017-08-14T09:33:52","modified_gmt":"2017-08-14T07:33:52","slug":"arta-sub-arme-si-teroare","status":"publish","type":"post","link":"https:\/\/egophobia.ro\/?p=11751","title":{"rendered":"Arta sub arme \u015fi teroare"},"content":{"rendered":"<p style=\"text-align: right;\">de\u00a0Adrian Grauenfels<\/p>\n<p style=\"text-align: justify;\"><em>De peste 6 ani urm\u0103rim cu nelini\u015fte \u015fi \u00eengrijorare haosul care s-a produs dup\u0103 a\u015fa numit\u0103 &#8220;Prim\u0103var\u0103 Arab\u0103&#8221;, \u00eenceput\u0103 \u00een anul 2010, care a zdruncinat total Orientul Mijlociu \u015fi a dus, printre altele la apari\u0163ia mi\u015fc\u0103rii ISIS \u015fi a unor f\u0103r\u0103 de precedent migra\u0163ii de refugia\u0163i spre Europa, cu repercursiuni viitoare, imposibile de evaluat. <\/em><em>La cap\u0103tul acestui fenomen social &#8211; cultural-demografic se afl\u0103 Tunisia, care a dat semnalul primei revolte contra dictaturii militare iar la cel\u0103lalt, r\u0103zboiul fratricid din Siria, angajat\u0103 \u00eentr-un conflict s\u00e2ngeros, catastrofal popula\u0163iei civile care, cu milioanele, a ales calea refugiului. Despre saga \u015fi tragedia popula\u0163iilor deplasate, \u015fi al celor care pl\u0103tesc cu via\u0163a pentru aceste ciocniri multina\u0163ionale, inter-rasiale, presa, re\u0163elele sociale de pe net, c\u00e2t \u015fi guvernele amestecate \u00een conflicte relateaz\u0103 pe larg. Dar nic\u0103ieri nu se pomene\u015fte despre via\u0163a cultural\u0103 \u015fi spiritual\u0103 a celor afla\u0163i de ani \u00een nesiguran\u0163\u0103. Revista noastr\u0103 \u00ee\u015fi propune s\u0103 arunce o modest\u0103 lumin\u0103 asupra a doi arti\u015fti, un poet tunisian \u015fi un pictor Sirian influen\u0163a\u0163i de tragedia celor r\u0103ma\u015fi sub ocupa\u0163ie, sau nomazi spre un refugiu cu incerte \u015fanse de salvare.<\/em><!--more--><\/p>\n<p style=\"text-align: justify;\"><img data-recalc-dims=\"1\" loading=\"lazy\" decoding=\"async\" class=\"aligncenter size-medium\" src=\"https:\/\/i0.wp.com\/vgy.me\/5FR5hQ.jpg?resize=360%2C469&#038;ssl=1\" width=\"360\" height=\"469\" \/><\/p>\n<p style=\"text-align: justify;\"><strong>Mohamed al-Sghaier Ouled Ahmed <\/strong>(1955 &#8211; 2016)<\/p>\n<p style=\"text-align: justify;\">Este un poet tunisian, renumit intelectual de st\u00e2nga. A militat contra regimului Bourghiba. A fost apoi oprimat de Ben Ali (El Abidine Ben Ali &#8211; al doilea pre\u015fedinte la Tunisiei \u00eentre 1987-2011) \u00een multiple reprize, pentru opiniile sale progresiste. Mult timp \u00eenaintea revolu\u0163iei Tunisiene din 2010, poezia sa profetiza r\u0103scoala popular\u0103 care va pune cap\u0103t dictaturii. Umorul negru marcheaz\u0103 o bun\u0103 parte din textele sale critice. Cu timpul, acest umor devine o arm\u0103 stilistic\u0103 care confer\u0103 putere cuvintelor sale. De exemplu, iat\u0103 o butad\u0103 despre propria sa via\u0163\u0103:<\/p>\n<p style=\"text-align: justify;\">&#8220;Expectan\u0163a de via\u0163\u0103 a unui Tunisian este doi pre\u015fedin\u0163i \u015fi o jum\u0103tate&#8221;.<\/p>\n<p>\u00cen 1993 poetul refuz\u0103 Ordinul Na\u0163ional pentru merit cultural, decernat de Ben Ali. Prefer\u0103 \u00een schimb s\u0103 glorifice revolu\u0163ia la care ia parte:<\/p>\n<p>Se-anun\u0163\u0103 o furtun\u0103 mare \u015fi toate acoperi\u015furile lor sunt din paie \u015fi din stuf<br \/>\nPalma furiei, love\u015fte dur\u0103, \u00een ferestrele lor fragile<br \/>\nNu fi\u0163i m\u00e2hni\u0163i, fra\u0163i ai mei, niciodat\u0103!<\/p>\n<p style=\"text-align: justify;\">Tunisia \u015fi problemele sale va fi prezent\u0103 \u00een mai toate poeziile poetului:<\/p>\n<p>&nbsp;<\/p>\n<p style=\"text-align: justify;\"><strong>H\u00e2rtie <\/strong><br \/>\nM-am vindecat de poezie<br \/>\nnu mai mi-e r\u0103u,<br \/>\n\u00een ciuda grijii pentru o na\u0163iune nelini\u015ftit\u0103<br \/>\nUn lucru simplu m\u0103 fr\u0103m\u00e2nt\u0103:<br \/>\nVersul, poezia sunt la putere<br \/>\nM-am dus de multe ori la cimitir<br \/>\ndar am fost v\u00e2nat&#8230;<br \/>\nsingur\u0103, h\u00e2rtia, doar ea m\u0103 suport\u0103&#8230;<\/p>\n<p style=\"text-align: justify;\">&#8220;Cum nimeni n-o iube\u015fte&#8221; este o poezie bine cunoscut\u0103, \u00een toat\u0103 lumea arab\u0103. De fapt un imn, a inspirat o serie de piese muzicale scrise de compozitori Tunisieni moderni.<\/p>\n<p><strong><br \/>\nCum nimeni n-o iube\u015fte <\/strong><\/p>\n<p style=\"text-align: justify;\"><strong><br \/>\n<\/strong>ne iubim \u0163ara<br \/>\ncum nimeni n-o iube\u015fte<br \/>\ndiminea\u0163a, seara, duminica<br \/>\n\u015ei de ne-or omor\u00e2,<br \/>\na\u015fa cum au mai f\u0103cut-o,<br \/>\nVom reveni s\u0103 cucerim \u0163ara asta.<\/p>\n<p><em>&#8220;Femeile \u0163\u0103rii mele&#8221; a devenit imnul feminist sau al femeilor de r\u00e2nd din Tunisia. Este intonat la toate adun\u0103rile stradale, manifesta\u0163ii sau<\/em><br \/>\n<em>proteste ocazionale.<\/em><br \/>\n<strong><br \/>\nFemeile \u0163\u0103rii mele <\/strong><\/p>\n<p style=\"text-align: justify;\"><strong><br \/>\n<\/strong>am scris, ce mult am scris<br \/>\nscisori obositoare \u015fi note<br \/>\nam descris, c\u00e2t am descris&#8230;<br \/>\n\u015fi iar am scris<br \/>\nepuiz\u00e2nd ineditul<br \/>\neu spun, deci, \u00een dou\u0103 cuvinte<br \/>\n(m\u0103 refer la femeile \u0163\u0103rii mele)<br \/>\ncare fiecare valoreaz\u0103 c\u00e2t<br \/>\no femeie \u015fi jum\u0103tate.<\/p>\n<p style=\"text-align: justify;\"><em>&#8220;Dumnezeul meu ajut\u0103-m\u0103 contra lor&#8221; &#8211; acesta este un pamflet scris contra celor fanatici care nu admit dec\u00e2t o singur\u0103 conduit\u0103, impun\u00e2nd-o cu for\u0163a celor de alt\u0103 credin\u0163\u0103 sau p\u0103rere..<\/em><\/p>\n<p style=\"text-align: justify;\"><strong><br \/>\nDumnezeul meu ajut\u0103-m\u0103 contra lor <\/strong><\/p>\n<p style=\"text-align: justify;\"><strong><br \/>\n<\/strong>Dumnezeul meu<br \/>\nbiletele de ieri,<br \/>\npentru clasa celor &#8220;ale\u015fi&#8221;<br \/>\nau fost toate v\u00e2ndute.<br \/>\n\u015fi n-am g\u0103sit<br \/>\nnici timp, nici bani<br \/>\n\u015fi nici pretextul care s\u0103-mi permit\u0103<br \/>\ns\u0103 cump\u0103r o Indulgen\u0163\u0103<br \/>\nsau s\u0103 critic Doamne fere\u015fte,<br \/>\nfaptele lor bune<br \/>\nComori, zic ei, care-mi vor lini\u015fti inima..<\/p>\n<p><em>Celor care prosl\u0103vesc takfirismul (takfir = expulzarea \u00een infern a tinerilor care beau), poezia &#8220;N-am probleme&#8221; opune filosofia seren\u0103 a poetului, care se comport\u0103 liber, neascult\u00e2nd de legile a\u015fa zisului &#8220;ora\u015f perfect&#8221;: <\/em><\/p>\n<p>&nbsp;<\/p>\n<p><strong>N-am probleme <\/strong><\/p>\n<p style=\"text-align: justify;\"><strong><br \/>\n<\/strong>de loc nu am probleme<br \/>\ndup\u0103 10 sticle de bere<br \/>\nvoi pune elementele de baz\u0103 ale ora\u015fului meu perfect<br \/>\nvoi decreta regulile de convie\u0163uire.<br \/>\napoi poezia mea va dicta legile<br \/>\nVoi aminti solda\u0163ilor datoria lor sentimental\u0103<br \/>\nca s\u0103 m\u0103 pot apoi \u00eentoarce<br \/>\nla paharul meu abandonat..<\/p>\n<p>&#8230;c\u00e2nd voi muri<br \/>\nsingurii ce m\u0103 vor conduce pe ultimul drum<br \/>\nvor fi peni\u0163a mea,<br \/>\nai mei pantofi<br \/>\n\u015fi amintirea maltrat\u0103rilor&#8230;<\/p>\n<p style=\"text-align: justify;\"><em>Poezia de dragoste este alt\u0103 fa\u0163et\u0103 a poetului, despre care un critic francez scrie: &#8221; distrage, \u00eenal\u0163\u0103, indeamn\u0103 \u015fi duce la descoperirea a lirismului care p\u00e2n\u0103 atunci nu a fost niciodat\u0103 crezut posibil&#8221;. Iat\u0103 poezia &#8220;Vino&#8221; un poem al trubadurului care \u00eencearc\u0103 s\u0103 atrag\u0103 femeia dorit\u0103:<\/em><\/p>\n<p><strong>Vino <\/strong><\/p>\n<p style=\"text-align: justify;\"><strong><br \/>\n<\/strong>Vino.. Fie c\u0103 visul s\u0103 te aduc\u0103<br \/>\nvino&#8230; Eu sunt buza interzis\u0103<br \/>\nlipe\u015fte obrazul meu de al t\u0103u pentru un an<br \/>\n\u015ei dormi&#8230; Nu mai avem cuvinte de spus<br \/>\neu sunt vizionarul .. trei sunt c\u0103ile mele:<br \/>\n\u00een fa\u0163a noastr\u0103 \u015fi de acum \u00eenainte, numai \u00eenainte<\/p>\n<p style=\"text-align: justify;\"><strong>Bahram Hajo &#8211; Siria<\/strong><\/p>\n<p style=\"text-align: justify;\"><img data-recalc-dims=\"1\" loading=\"lazy\" decoding=\"async\" class=\"aligncenter size-medium\" src=\"https:\/\/i0.wp.com\/vgy.me\/LSWHY9.jpg?resize=368%2C416&#038;ssl=1\" width=\"368\" height=\"416\" \/><\/p>\n<p style=\"text-align: justify;\"><em>Bucuria e un proiect &#8211; nimeni nu va locui \u00een el &#8211; Doar durerea-mi de a fi singur f\u0103r\u0103 tine ..<\/em><\/p>\n<p style=\"text-align: justify;\"><img data-recalc-dims=\"1\" loading=\"lazy\" decoding=\"async\" class=\"aligncenter size-medium\" src=\"https:\/\/i0.wp.com\/vgy.me\/PFOJh5.jpg?resize=495%2C683&#038;ssl=1\" width=\"495\" height=\"683\" \/><\/p>\n<p style=\"text-align: justify;\"><strong><em><a href=\"http:\/\/api.ning.com\/files\/K*6yCKTfahQqBGq8r8FIxTDldapFLs82mXHqPlP-Q1reVcLk2pTdIHov6sH-K-HAI1ZktqjB4CmsBsFidRbw-g4ld9rM7O5J\/77769_173533139451054_647735608_o.jpghttp:\/api.ning.com\/files\/K*6yCKTfahQqBGq8r8FIxTDldapFLs82mXHqPlP-Q1reVcLk2pTdIHov6sH-K-HAI1ZktqjB4CmsBsFidRbw-g4ld9rM7O5J\/77769_173533139451054_647735608_o.jpgArtistul\">Artistul<\/a><\/em><\/strong> plastic Bahram Hajo s-a n\u0103scut \u00een Siria \u00een 1952. A f\u0103cut studii de art\u0103 la Bagdad apoi la Praga \u015fi \u00een final \u00een Germania unde se \u015fi stabile\u015fte, la Munster. Studiaz\u0103 arheolgie, iar din 1989 se dedic\u0103 total desenului \u015fi picturii.<\/p>\n<p style=\"text-align: justify;\"><img data-recalc-dims=\"1\" loading=\"lazy\" decoding=\"async\" class=\"aligncenter size-medium\" src=\"https:\/\/i0.wp.com\/vgy.me\/6lx58w.jpg?resize=400%2C344&#038;ssl=1\" width=\"400\" height=\"344\" \/><\/p>\n<p style=\"text-align: justify;\">&#8220;Tigrul \u015fi Eufratul izvor\u0103sc din ochii mei, ca s\u0103 inunde penele cuibului meu, oferindu-mi nevoia impetuoas\u0103 s\u0103 desenez omul \u015fi peisajul din jurul sau&#8221;.<br \/>\nPoezie sau pictur\u0103, arta lui Bahram traduce marile vizuni ale poeziei \u00eentr-o pictur\u0103 care parc\u0103 ne vorbe\u015fte. Dac\u0103 studiem ultimii 10 ani de crea\u0163ie, vom descoperii c\u0103 artistul este obsedat de o viziune. Subiectul artei sale este singur\u0103tatea fiin\u0163ei umane.<\/p>\n<p style=\"text-align: justify;\"><img data-recalc-dims=\"1\" decoding=\"async\" class=\"aligncenter\" src=\"https:\/\/i0.wp.com\/vgy.me\/ahTj7h.jpg?w=812&#038;ssl=1\" \/><\/p>\n<p style=\"text-align: justify;\">Viziunea sa vom vedea, devine pictur\u0103, o medie aflat\u0103 mult peste limbajul tradus \u00een simboluri plastice. Motivele se \u00een\u015firuie \u00eentr-o litanie impresionant\u0103: fe\u0163e, trupuri, camere goale, turnuri inaccesibile, case jefuite. Peisajele sunt b\u00e2ntuite de himere sau de for\u0163ele naturii. Prin anii 80 pictura sa avea accente realistice. Dup\u0103 1993 pictorul abordeaz\u0103 o atitudine expresionist\u0103, \u00een care fe\u0163ele devin persecutate, ochii privesc de jos \u00een sus, de multe ori f\u0103r\u0103 vreo expresie, poate sunt m\u0103\u015fti masive, amenin\u0163\u0103toare. Privirile nu se \u00eent\u00e2lnesc, m\u00e2inile caut\u0103 s\u0103ating\u0103 intangibilul cu degete lungi r\u0103sfirate. \u00cen lumea pictural\u0103 propus\u0103 nu vom g\u0103si corpuri schinguite sau b\u0103tute sadistic ci percepem o ironie la adresa civiliza\u0163iei care \u00ee\u015fi \u0163ine cet\u0103\u0163enii \u00een las\u0103 \u015fi zgard\u0103. E o lume fantastic\u0103 \u00een care capete \u015fi trupuri zac de-a valma. O fa\u0163\u0103 cu ochi sfredelitori contrasteaz\u0103 cu alt\u0103 figur\u0103 f\u0103r\u0103 ochi. Cuplurile sunt separate de bariere invizibile. Mai toate tablourile ne vorbesc de o sentin\u0163\u0103 dat\u0103 oamenilor, un verdict adresat omenirii. Libertatea sugerat\u0103 de spa\u0163ii \u015fi culoare se dizolv\u0103. Se simte, undeva, r\u0103zboiul.<\/p>\n<p style=\"text-align: justify;\"><img data-recalc-dims=\"1\" decoding=\"async\" class=\"aligncenter\" src=\"https:\/\/i0.wp.com\/vgy.me\/Ja5wGi.jpg?w=812&#038;ssl=1\" \/><\/p>\n<p style=\"text-align: justify;\">Imaginea omenirii devine un monument al vulnerabilit\u0103\u0163ii sale. Lumina, apa, \u0163\u0103r\u00e2na \u015fi norii sunt ve\u015fnic prezen\u0163i, \u00eenainte de apari\u0163ia indivizilor. Ei se vor na\u015fte din haos, de parc\u0103 aceste elemente promordiale sunt motorul apari\u0163iei omului. Bahram este un creator dramatic al unei lumi dramatice, plin\u0103 de profe\u0163ia unei dureri iminente. Subtil dialog \u00eentre frica de singur\u0103tate, dragoste, libertate.<\/p>\n<p style=\"text-align: justify;\"><img data-recalc-dims=\"1\" decoding=\"async\" class=\"aligncenter\" src=\"https:\/\/i0.wp.com\/vgy.me\/zuSHjj.jpg?w=812&#038;ssl=1\" \/><\/p>\n<p style=\"text-align: justify;\">For\u0163a artei sale st\u0103 \u00een libertatea de expresie \u015fi necondi\u0163ionata dorin\u0163\u0103 de dialog cu spectatorul.<br \/>\nA participat la numeroase expozi\u0163ii \u00een Fran\u0163a, Ungaria, New York.<\/p>\n<p style=\"text-align: justify;\"><img data-recalc-dims=\"1\" decoding=\"async\" class=\"aligncenter\" src=\"https:\/\/i0.wp.com\/vgy.me\/Ox3DL1.jpg?w=812&#038;ssl=1\" \/><\/p>\n<p style=\"text-align: justify;\">#<\/p>\n<p style=\"text-align: justify;\">Surse fotografii: Internet, Prof. Dr. Christoph Miething<\/p>\n<p>&nbsp;<\/p>\n","protected":false},"excerpt":{"rendered":"<p>de\u00a0Adrian Grauenfels De peste 6 ani urm\u0103rim cu nelini\u015fte \u015fi \u00eengrijorare haosul care s-a produs dup\u0103 a\u015fa numit\u0103 &#8220;Prim\u0103var\u0103 Arab\u0103&#8221;, \u00eenceput\u0103 \u00een anul 2010, care a zdruncinat total Orientul Mijlociu \u015fi a dus, printre altele la apari\u0163ia mi\u015fc\u0103rii ISIS \u015fi a unor f\u0103r\u0103 de precedent migra\u0163ii de refugia\u0163i spre Europa, cu repercursiuni viitoare, imposibile de [&hellip;]<\/p>\n","protected":false},"author":2,"featured_media":0,"comment_status":"open","ping_status":"open","sticky":false,"template":"","format":"standard","meta":{"jetpack_post_was_ever_published":false,"_jetpack_newsletter_access":"","_jetpack_dont_email_post_to_subs":false,"_jetpack_newsletter_tier_id":0,"_jetpack_memberships_contains_paywalled_content":false,"_jetpack_memberships_contains_paid_content":false,"footnotes":""},"categories":[1273,118],"tags":[87,1274,1127],"class_list":["post-11751","post","type-post","status-publish","format-standard","hentry","category-egophobia-49-50","category-imagini","tag-adrian-grauenfels","tag-egophobia-49-50","tag-imagini"],"jetpack_featured_media_url":"","jetpack_sharing_enabled":true,"jetpack_shortlink":"https:\/\/wp.me\/p6DakB-33x","_links":{"self":[{"href":"https:\/\/egophobia.ro\/index.php?rest_route=\/wp\/v2\/posts\/11751","targetHints":{"allow":["GET"]}}],"collection":[{"href":"https:\/\/egophobia.ro\/index.php?rest_route=\/wp\/v2\/posts"}],"about":[{"href":"https:\/\/egophobia.ro\/index.php?rest_route=\/wp\/v2\/types\/post"}],"author":[{"embeddable":true,"href":"https:\/\/egophobia.ro\/index.php?rest_route=\/wp\/v2\/users\/2"}],"replies":[{"embeddable":true,"href":"https:\/\/egophobia.ro\/index.php?rest_route=%2Fwp%2Fv2%2Fcomments&post=11751"}],"version-history":[{"count":4,"href":"https:\/\/egophobia.ro\/index.php?rest_route=\/wp\/v2\/posts\/11751\/revisions"}],"predecessor-version":[{"id":11852,"href":"https:\/\/egophobia.ro\/index.php?rest_route=\/wp\/v2\/posts\/11751\/revisions\/11852"}],"wp:attachment":[{"href":"https:\/\/egophobia.ro\/index.php?rest_route=%2Fwp%2Fv2%2Fmedia&parent=11751"}],"wp:term":[{"taxonomy":"category","embeddable":true,"href":"https:\/\/egophobia.ro\/index.php?rest_route=%2Fwp%2Fv2%2Fcategories&post=11751"},{"taxonomy":"post_tag","embeddable":true,"href":"https:\/\/egophobia.ro\/index.php?rest_route=%2Fwp%2Fv2%2Ftags&post=11751"}],"curies":[{"name":"wp","href":"https:\/\/api.w.org\/{rel}","templated":true}]}}