{"id":11944,"date":"2017-08-29T22:21:19","date_gmt":"2017-08-29T20:21:19","guid":{"rendered":"http:\/\/egophobia.ro\/?p=11944"},"modified":"2017-08-31T22:25:16","modified_gmt":"2017-08-31T20:25:16","slug":"doua-reconsiderari","status":"publish","type":"post","link":"https:\/\/egophobia.ro\/?p=11944","title":{"rendered":"Dou\u0103 reconsider\u0103ri"},"content":{"rendered":"<p style=\"text-align: justify;\"><span style=\"color: green;\">(pricina\u015ful de serviciu)<\/span><\/p>\n<p style=\"text-align: right;\" align=\"right\">de Radu-Ilarion Munteanu<\/p>\n<p style=\"text-align: justify;\">Scriam, cu 31 de luni \u00een urm\u0103: <em>Elena Udrea. Alt prototip. Al neamprostiei \u00eembog\u0103\u0163ite. Evit\u0103m a face referire, dintr-o minim\u0103 decen\u0163\u0103, la am\u0103nunte semnificative din biografia ei real\u0103, neoficial\u0103. Nici la alte vorbe de clac\u0103. Renun\u0163\u0103m la specula\u0163ii sub demnitatea noastr\u0103, de\u015fi ce ar putea avea \u00een comun cele dou\u0103 Elene, \u00een afara prenumelui, ar servi evalu\u0103rii pe care ne-o propunem. Contribu\u0163ia negativ\u0103 a acestei doamne (sic) la starea Rom\u00e2niei nu e nul\u0103, precum a precedentei Elene, dar e m\u0103runt\u0103. A unui reprezentant standard a mafiei fierului vechi, constructoare de castele ce ur\u00e2\u0163esc cumplit peisajul \u015fi a industriei cer\u015fetoritului \/ g\u0103in\u0103riei \u00een Europa ce ne poart\u0103 amarnic de grij\u0103, e mult mai mare. Iar dac\u0103 e \u015fi fin al fratelui pre\u015fedintelui\u2026 Iar \u00een anumite condi\u0163ii, \u00een care i-ar piere sus\u0163inerea, devine de-a dreptul neglijabil\u0103. <\/em>(Topul Elenelor malefice). Eroarea de apreciere se cere asumat\u0103, admis\u0103 \u015fi corectat\u0103. Pilon fundamental al regimului de putere personal\u0103 model Putin \u00een mic, construit \u00een ultimii 10 ani, campion al investi\u0163iilor absurde ca ministru al dezvlt\u0103rii regionale \u015fi turismului (parcuri \u00een p\u0103dure, terenuri de fotbal \u00een pant\u0103, telegondole \u00een zone lipsite de infrastructur\u0103 \u015fi pe alocuri chiar de p\u00e2rtii, bazine de nata\u0163ie nefolosite, finan\u0163ate inclusiv cu fonduri europene, contributoare cu greutate la generalizarea sistemului mafiotic al a\u015fa numitului parand\u0103r\u0103t, genereaz\u0103, acum, c\u00e2nd se joac\u0103 comedia tracas\u0103rii ei de c\u0103tre DNA \u015fi justi\u0163ie, ipoteza c\u0103 ar fi fost plasat\u0103 de aceea\u015fi mafie \u00een proximitatea fostului pre\u015fedinte. Cu scopul protec\u0163iei acesteia pe de o parte \u015fi al fuziunii integratoare cu mafiile clanului expreziden\u0163ial. Cea portuar\u0103 \u015fi, prin \u00eencuscrire \u015fi support electoral, cea a fierului vechi.<!--more--><\/p>\n<p style=\"text-align: justify;\">Ipoteza nu pare cu totul absurd\u0103, dar \u00eemi pare mai pu\u0163in probabil\u0103. Nu deoarece ar p\u0103rea un simptom conjunctural al teoriei conspira\u0163iei. Ci deoarece apropierea cu expre\u015fedintele dateaz\u0103 de dinainte de accederea acestui ala func\u0163ia preziden\u0163ial\u0103. \u00cenc\u0103 din mandatul la prim\u0103ria general\u0103 a Bucure\u015ftilor. C\u00e2nd blonda din Ple\u015fcoi, avocat de meserie, era, la propor\u0163iile de atunci, tot unul din pilonii de baz\u0103 ai afacerilor oneroase girate de primarul general, care au iesit, treptat, la iveal\u0103 abia de la jum\u0103tatea primului mandat preziden\u0163al \u00eencoace. Ipoteza \u00een discu\u0163ie ar putea fi considerat\u0103 totu\u015fi \u00eentr-o dinamic\u0103 a dezvolt\u0103rii conjugate a liniilor de putere implicate.<\/p>\n<p style=\"text-align: justify;\">Dac\u0103 ceva nu poate fi exclus, e tocmai modificarea tabloului, \u00een timp. Posibil cu vitez\u0103 spectacular\u0103. E posibil ca ce s-a aflat p\u00e2n\u0103 acum s\u0103 fie dep\u0103\u015fit de ce se va mai afla.<\/p>\n<p>Cum acest text e o errata, de fapt doar un dublu erratum, inchei subiectul primului. Admit lipsa mea de p\u0103trundere, manifestat\u0103 \u00een articolul din iulie 2012. Faptul c\u0103 nimeni n-a intuit atunci mersul lucrurilor c\u0103tre o pozi\u0163ie tip <em>cabinetul 2 <\/em>a favoritei <em>zupremului \u00a0<\/em>nu e un alibi. C\u0103ci, dac\u0103 nu-\u0163i propui s\u0103 dep\u0103\u015fe\u015fti \u00een concuren\u0163\u0103 deschis\u0103 comentatori omologi de mult mai mare notorietate, nu intri \u00een joc.<\/p>\n<p style=\"text-align: justify;\">Al doilea erratum e din cu totul alt film. Iat\u0103 ce scriam, la finele c\u0103r\u0163ii <em>365<\/em> <em>\u00bc<\/em>: <em>Printr-o ironie a istoriei, dou\u0103 ora\u015fe europene au fost pierdute de Hitler aproape simultan: Bucure\u015fti \u015fi Paris. Dac\u0103 pierderea primului a scurtat, dup\u0103 calcule strategice minu\u0163ioase, cu 6 luni durata r\u0103zboiului, d\u00e2nd complet peste cap sistemul defensiv german pe Carpa\u0163i \u015fi f\u0103c\u00e2nd inutil\u0103 linia fortificat\u0103 Foc\u015fani \u2013 N\u0103moloasa \u2013 Gala\u0163i, alia\u0163ii occidentali au tras numai ponoase de pe urma necesit\u0103\u0163ii conjuncturale de a ocupa prematur Parisul. Exact cota de benzin\u0103 consumat\u0103 suplimentar i-a lipsit lui Patton s\u0103 ajung\u0103 la Rin \u00een septembrie. Alia\u0163ii au pierdut \u015fansa militar\u0103 de a termina r\u0103zboiul \u00eenainte de Cr\u0103ciun. Dar e lesne s\u0103 faci calcule, c\u00e2nd \u015ftii c\u0103 tabloul era b\u0103tut \u00een cuie cu un an mai devreme, la Teheran. Con\u015ftiin\u0163a acestei predestin\u0103ri convenite politic, iresponsabil, de c\u0103tre Alia\u0163i, a\u015f spune, din perspectiva noastr\u0103, ca victime coloniale, nu-mi d\u0103 pace. C\u0103ci coinciden\u0163a cronologic\u0103 avu efecte \u00eentr-un singur sens: ajut\u0103 armata ro\u015fie s\u0103 sar\u0103 peste o \u0163ar\u0103, dar fr\u00e2n\u0103 fatal ofensiva de var\u0103 a Alia\u0163ilor, dup\u0103 ie\u015fierea din capul de pod al plajelor de debarcare. Totu\u015fi ceva r\u0103m\u00e2ne din experien\u0163a ora\u015fului \u2013 lumin\u0103. Comuni\u015ftii declan\u015faser\u0103 unilateral o insurec\u0163ie pe care nu aveau cum s-o duc\u0103 la bun sf\u00e2r\u015fit, risc\u00e2nd nu numai distrugerea unei monumentalit\u0103\u0163i seculare \u015fi simbolice, ci mai ales o hecatomb\u0103. Nu-i interesa dec\u00e2t s\u0103 ia puterea, \u00een numele lui Stalin, fie \u015fi peste o ruin\u0103 \u015fi un cimitir. Un singur om a reu\u015fit, cu seniorial\u0103 determinare, s\u0103 smulg\u0103 at\u00e2t americanilor c\u00e2t mai ales comuni\u015ftilor \u015fansa de a conduce o riscant\u0103 defilare a doua zi dup\u0103 ocuparea Parisului de c\u0103tre o divizie francez\u0103, fie ea \u015fi \u00eencadrat\u0103 \u00eentr-o armat\u0103 american\u0103: De Gaulle. Dar nu el este personajul acestei schi\u0163e: ci un triumvirat sui generis: consulul suedez, Raoul Nordling, un agent Abwehr \u015fi generalul von Choltitz, comandantul regiunii pariziene. Ace\u015ftia 3 sunt singurii oameni care, timp de o s\u0103pt\u0103m\u00e2n\u0103, au avut ca unic\u0103 preocupare sabotarea ordinelor demente de distrugere semnate de Hitler \u015fi salvgardarea ora\u015fului simbol. Lor le este dedicat acest text, o glum\u0103 piezi\u015f\u0103 a autorului, reprezent\u00e2nd acel sfert de zi de dup\u0103 365. C\u0103ci dac\u0103 nu are nimic comun \u00een plan formal cu un aforism, \u00een el e depozitat\u0103 o cantitate de credin\u0163\u0103 cel pu\u0163in egal\u0103 cu cea \u00eenc\u0103rcat\u0103 \u00een toate cele 365 de g\u00e2nduri.<\/em><\/p>\n<p style=\"text-align: justify;\">Bun, n-am parcurs dec\u00e2t un ne\u00eensemnat fragment din imensa bibliografie de istorie militar\u0103 a celui de-al doilea r\u0103zboi mondial. Ia, acolo, cam 2 metri de rafturi. Coinciden\u0163a cronologic\u0103 fu remarcat\u0103 de pu\u0163ini autori de gen, care au atins momentul eliber\u0103rii Parisului. \u00centre care un fost realizator TV de dinainte de 90, istoric de profesie, care mai publicase c\u00e2te un articol prin <em>Magazin istoric<\/em> \u015fi <em>Lumea<\/em>. \u00cen prefa\u0163a la traducerea rom\u00e2neasc\u0103 (Ed. Politic\u0103, 1970) a excelentei reproduceri, moment cu moment, om cu om, a celor opt zile, dintre 19 \u015fi 26 august 1944: Paris <em>brule\u2019t il?<\/em> Autori Dominique Lapierre \u015fi Larry Collins, Ed Robert Lafont, 1964. Ecranizat\u0103 \u00een 1966, sub regia lui Ren\u00e9 Clement, cu o distribu\u0163ie interna\u0163ional\u0103 de nivel. Dar observa\u0163ia efectelor \u00een acela\u015fi sens, anume pro Stalin, a celor dou\u0103 evenimente aproape sincrone, pe cele dou\u0103 fronturi, n-am mai \u00eent\u00e2lnit-o pe teritoriul restr\u00e2nsei mele bibliografii. De\u015fi cred c\u0103 sare \u00een ochi. Mie mi-au trebuit, totu\u015fi, 15-20 de ani s-o cristalizez. Iar textul plasat ca \u00eencununare a unei c\u0103r\u0163ulii care-mi condenseaz\u0103 multe zeci de ani de reflec\u0163ie, pe multe coordonate, e forma cea mai concentrat\u0103 a \u00eendelungatului proces de decantare a subiectului.<\/p>\n<p style=\"text-align: justify;\">Abia de cur\u00e2nd tentez o ipotez\u0103: dac\u0103 Stalin ar fi transmis, prin structurile Komintern, partidului comunist francez, ordinul de a sabota strategia lui Eisenhower de a \u00eent\u00e2rzia la maximum eliberarea Parisului, prin \u00eencercuirea acestuia? Decizia a fost luat\u0103 la \u00eenceputul lui august, iar informa\u0163ia asupra ei a ajuns imediat la Jaques Chaban-Delmas, reprezentantul militar al lui De Gaulle \u00een Fran\u0163a ocupat\u0103. Viitorul premier al Fran\u0163ei de peste o genera\u0163ie a f\u0103cut, din ordinul liderului Fran\u0163ei Libere, toate eforturile posibile pentru a bloca, apoi de a \u00eenghe\u0163a insurec\u0163ia preg\u0103tit\u0103 de Rezisten\u0163a dominat\u0103 \u00een Paris de comuni\u015fti. De\u015fi Parisul era cheia strategiei lui De Gaulle \u00eensu\u015fi, pentru a prelua controlul politic al Fran\u0163ei \u00een decurs de eliberare. Logica omului care lansase, pe 18 iunie 1940, apelul la rezisten\u0163\u0103, solidar\u0103 cu componenta gaullist\u0103 a Rezisten\u0163ei ca mi\u015fcare subversiv\u0103, era evident\u0103: r\u0103spunderea fa\u0163\u0103 de popula\u0163ia parizian\u0103 \u015fi fa\u0163\u0103 de ora\u015ful \u00eensu\u015fi, pe care era de prev\u0103zut c\u0103 Hitler, \u00een demen\u0163a lui, era dispus s\u0103-l distrug\u0103. Cum distrusese Var\u015fovia, \u00een urma insurec\u0163iei premature. Numirea c\u0103l\u0103ului Var\u015foviei \u00een func\u0163ia de comandant al regiunii pariziene, cu puteri depline, nu putea fi interpretat\u0103 altfel. Logica lui Stalin, \u00een condi\u0163iile date, conform acestei ipoteze, ar fi avut \u00een vedere declan\u015farea unui lan\u0163 de evenimente ineluctabile: avea controlul asupra comuni\u015ftilor din toat\u0103 Europa, desfiin\u0163area Kominternului \u00een anul anterior fiind formal\u0103, de ochii alia\u0163ilor occidentali. Iar partidul comunist francez era cel mai puternic din \u0163\u0103rile \u00eenc\u0103 ocupate. Putea ordona deci declan\u015farea, \u00eempotriva opozi\u0163iei gaulliste, insurec\u0163ia \u00een Paris. \u015eansele armatei umbrelor de a \u00eenvinge dispozitivul militar al comandamentului german, p\u00e2n\u0103 c\u00e2nd ora\u015fului lumin\u0103 i-ar fi venit r\u00e2ndul \u00een strategia lui Eisenhower s\u0103 fie ocupat, erau nule. Iar sub imperiul riscului prefacerii Parisului \u00eentr-un morman de ruine, alia\u0163ii ar fi fost obliga\u0163i s\u0103-\u015fi modifice strategia care le-ar fi asigurat atingerea liniei Rinului p\u00e2n\u0103-n toamn\u0103. Astfel Stalin ar fi avut garan\u0163ia respect\u0103rii, de c\u0103tre alia\u0163i, a liniilor de \u00eemp\u0103r\u0163ire a Germaniei \u00eenvinse, linii decise \u00een acela\u015fi an anterior, 1943, la Teheran. Anul\u00e2nd orice tenta\u0163ie a alia\u0163ilor de a cuceri Berlinul \u00eenainte \u015fi orice \u015fans\u0103 militar\u0103 \u00een acest sens.<\/p>\n<p style=\"text-align: justify;\">Ceea ce, p\u00e2n\u0103 la urm\u0103, s-a \u015fi \u00eent\u00e2mplat.<\/p>\n<p style=\"text-align: justify;\">Din perspectiva lui Stalin, un strateg rece, extrem de determinat, cu o g\u00e2ndire pe termen simultan lung \u015fi imediat, ipoteza sugerat\u0103 ar fi avut \u015fi un obiectiv secundar: maximizarea \u015fanselor comuni\u015ftilor de a lua puterea \u00eentr-o \u0163ar\u0103 occidental\u0103 aliat\u0103, cu posibilitatea unei fracturi politice postbelice \u00een Europa occidental\u0103. Iar dac\u0103 alia\u0163ii n-ar fi ajuns la timp \u00een Paris, resentimentele antianglosaxone ale tuturor popula\u0163iilor din Europa ocupa\u0163\u0103, nu numai ale francezilor, ar fi s\u0103pat o pr\u0103pastie avantajoas\u0103 pe termen lung \u00een tab\u0103ra aliat\u0103. B\u0103nuit\u0103 de Stalin a fi adversar\u0103 postbelic\u0103. Ceea ce, har cerului, nu s-a mai \u00eent\u00e2mplat. Gra\u0163ie reflexului tactic prompt \u015fi flexibilit\u0103\u0163ii adaptative a comandamentului aliat, a prev\u0103z\u0103toarei echip\u0103ri a diviziei gaulliste Leclerc \u00een organica grupului de armate 12 \u015fi, nu \u00een ultimul r\u00e2nd, a lui De Gaulle \u00eensu\u015fi, care, \u00eempotriva manevrelor ostile ale lui Roosevelt, a ajuns la Paris \u00een seara capitul\u0103rii generalului german comandant.<\/p>\n<p style=\"text-align: justify;\">Simplul fapt c\u0103 desf\u0103\u015furarea evenimentelor a urmat fidel plauzibilul calcul al lui Stalin e foarte departe de a fi o dovad\u0103 c\u0103 acesta din urm\u0103 chiar a transmis liderilor comuni\u015fti din Paris ordinul de a declan\u015fa insurec\u0163ia prematur\u0103 \u015fi \u00eentruc\u00e2tva iresponsabil\u0103. Dar, cu ochii de dup\u0103, foarte patriotic\u0103. E la fel de posibil ca declan\u015farea s\u0103 fi fost simpla urmare a evalu\u0103rii respectivilor comuni\u015fti a m\u0103surii \u00een care ei controlau organiza\u0163iile Rezisten\u0163ei \u00een general, a lupt\u0103torilor aduna\u0163i \u00een Paris, cam 25,000 \u015fi a armamentului \u015fi muni\u0163iei acumulate, \u00een ciuda ordinelor severe ale lui De Gaulle, prin generalul Pierre Koenig, comandantul de la Londra al tuturor organizatiilor Rezisten\u0163ei, de a se evita, pe c\u00e2t posibil, para\u015futarea de material militar \u00een zonele controlate de comuni\u015fti.<\/p>\n<p style=\"text-align: justify;\">De altfel un am\u0103nunt consemnat ca atare de lucr\u0103rile pe care am avut ocazia de a le parcurge, dar a c\u0103rui relevan\u0163\u0103 specific\u0103 n-a fost subliniat\u0103 de nici una, e c\u0103, de\u015fi comuni\u015ftii au controlat o bun\u0103 parte din insurec\u0163ie, oamenii acesteia n-au luptat cu brasarde FTP (Franctireur et Partisans), sigl\u0103 comunist\u0103, ci FFI (Forces Fran\u00e7aises de l\u2019Interieur) sigl\u0103 cuprinz\u0103toare a Rezisten\u0163ei, dar \u00een principiu noncomunist\u0103. \u00cen timp ce acea parte dinpoli\u0163ia parizian\u0103 controilat\u0103 de gaulli\u015fti arbora brasarde cu Crucea de Lorena, sigla Fran\u0163ei Libere, din 43 Fran\u0163a Combatant\u0103, sub egida c\u0103reia luptau \u015fi trupele galulliste regulate, \u00eencorporate \u00een dispozitivul anglo-americano-canadian. Semnifica\u0163ia am\u0103nuntului e transparent\u0103. Comuni\u015ftii inten\u0163ionau astfel ca pe primul plan s\u0103 fie sentimentele patriotice \u015fi c\u0103 insurec\u0163ia for\u0163at\u0103 de ei avea ca adversar du\u015fmanul comun, ocupantul.<\/p>\n<p style=\"text-align: justify;\">\u00centrebarea care se pune e dece aceast\u0103 ipotez\u0103 plauzibil\u0103, \u00een contextul logicii evenimentelor, n-a ap\u0103rut \u00een nici o lucrare accesibil\u0103 dup\u0103 90. C\u0103ci dac\u0103 mi-a trecut mie prin minte socot exclus s\u0103 nu fi trecut prim minte nici unui istoric militar profesionist. Nu am nici un r\u0103spuns la aceast\u0103 \u00eentrebare.<\/p>\n<p style=\"text-align: justify;\">Cititorii se vor \u00eentreba, \u00eens\u0103, dece am montat cele dou\u0103 subiecte \u00een acela\u015fi text, a c\u0103rui organicitate o clamam, fie \u015fi discret. Simpl\u0103 sincronizare a recunoa\u015fterii erorii majore de evaluare, cu 3 ani \u00een urm\u0103, a unui personaj public care \u0163ine afi\u015ful \u015fi-l va mai \u0163ine, cu sau f\u0103r\u0103 rost revelator, pe de o parte, cu lipsa, tot pe vremea respectivei evalu\u0103ri, a lic\u0103ririi mentale care m-a dus, mai mult sau mai pu\u0163in conjunctural, tot acum, la ipoteza derulat\u0103 mai sus. Dac\u0103 cele dou\u0103 subiecte sunt cu totul lipsite de contingen\u0163\u0103 mutual\u0103, dincolo de paralelismul cronologic, au, totu\u015fi, ceva comun \u00een ad\u00e2nc. Vorbesc despre mecanisme ale puterii, din <em>partea obscur\u0103 a For\u0163ei<\/em>. \u015ei de reconsiderarea permanent\u0103 a imaginii mentale a unor lucruri importante, oric\u00e2t de diferite.<\/p>\n","protected":false},"excerpt":{"rendered":"<p>(pricina\u015ful de serviciu) de Radu-Ilarion Munteanu Scriam, cu 31 de luni \u00een urm\u0103: Elena Udrea. Alt prototip. Al neamprostiei \u00eembog\u0103\u0163ite. Evit\u0103m a face referire, dintr-o minim\u0103 decen\u0163\u0103, la am\u0103nunte semnificative din biografia ei real\u0103, neoficial\u0103. Nici la alte vorbe de clac\u0103. Renun\u0163\u0103m la specula\u0163ii sub demnitatea noastr\u0103, de\u015fi ce ar putea avea \u00een comun cele [&hellip;]<\/p>\n","protected":false},"author":2,"featured_media":0,"comment_status":"open","ping_status":"open","sticky":false,"template":"","format":"standard","meta":{"jetpack_post_was_ever_published":false,"_jetpack_newsletter_access":"","_jetpack_dont_email_post_to_subs":false,"_jetpack_newsletter_tier_id":0,"_jetpack_memberships_contains_paywalled_content":false,"_jetpack_memberships_contains_paid_content":false,"footnotes":""},"categories":[55,1286,109],"tags":[1120,1287,114,110],"class_list":["post-11944","post","type-post","status-publish","format-standard","hentry","category-articole","category-egophobia-51","category-pricinaul-de-serviciu","tag-articole","tag-egophobia-51","tag-pricinasul-de-serviciu","tag-radu-ilarion-munteanu"],"jetpack_featured_media_url":"","jetpack_sharing_enabled":true,"jetpack_shortlink":"https:\/\/wp.me\/p6DakB-36E","_links":{"self":[{"href":"https:\/\/egophobia.ro\/index.php?rest_route=\/wp\/v2\/posts\/11944","targetHints":{"allow":["GET"]}}],"collection":[{"href":"https:\/\/egophobia.ro\/index.php?rest_route=\/wp\/v2\/posts"}],"about":[{"href":"https:\/\/egophobia.ro\/index.php?rest_route=\/wp\/v2\/types\/post"}],"author":[{"embeddable":true,"href":"https:\/\/egophobia.ro\/index.php?rest_route=\/wp\/v2\/users\/2"}],"replies":[{"embeddable":true,"href":"https:\/\/egophobia.ro\/index.php?rest_route=%2Fwp%2Fv2%2Fcomments&post=11944"}],"version-history":[{"count":1,"href":"https:\/\/egophobia.ro\/index.php?rest_route=\/wp\/v2\/posts\/11944\/revisions"}],"predecessor-version":[{"id":11945,"href":"https:\/\/egophobia.ro\/index.php?rest_route=\/wp\/v2\/posts\/11944\/revisions\/11945"}],"wp:attachment":[{"href":"https:\/\/egophobia.ro\/index.php?rest_route=%2Fwp%2Fv2%2Fmedia&parent=11944"}],"wp:term":[{"taxonomy":"category","embeddable":true,"href":"https:\/\/egophobia.ro\/index.php?rest_route=%2Fwp%2Fv2%2Fcategories&post=11944"},{"taxonomy":"post_tag","embeddable":true,"href":"https:\/\/egophobia.ro\/index.php?rest_route=%2Fwp%2Fv2%2Ftags&post=11944"}],"curies":[{"name":"wp","href":"https:\/\/api.w.org\/{rel}","templated":true}]}}