{"id":12000,"date":"2017-12-20T07:15:47","date_gmt":"2017-12-20T05:15:47","guid":{"rendered":"http:\/\/egophobia.ro\/?p=12000"},"modified":"2017-12-20T00:17:52","modified_gmt":"2017-12-19T22:17:52","slug":"perlele-bucovinei","status":"publish","type":"post","link":"https:\/\/egophobia.ro\/?p=12000","title":{"rendered":"Perlele Bucovinei"},"content":{"rendered":"<p style=\"text-align: justify;\"><span style=\"color: green;\">(pricina\u015ful de serviciu)<\/span><\/p>\n<p style=\"text-align: right;\" align=\"right\">de Radu-Ilarion Munteanu<\/p>\n<p style=\"text-align: justify;\">\u00a0\u00a0\u00a0\u00a0\u00a0\u00a0\u00a0\u00a0\u00a0 O ocazie profesional\u0103 m-a adus, \u00een apropiere de S\u00e2nziene, \u00een preajma m\u00e2n\u0103stirilor bucovinene. Mai \u00eent\u00e2i a fost Dragomirna, \u00eenfiin\u0163at\u0103, zice ghidesa (doctorat \u00een specialitate) de un fost soldat, nu rar model mediaval. Ca prim contact cu specificul, remarc apropierea zidurilor de incint\u0103 de biseric\u0103 \u015fi \u00eembr\u0103\u0163i\u015farea str\u00e2ns\u0103 a dealurilor \u00eenconjur\u0103toare. A doua zi, dup\u0103 amaiz\u0103, conjugat armonic cu aspectul profesional, dou\u0103 muzee: cel jude\u0163ean din Suceava \u015fi un surprinz\u0103tor muzeu al apelor, \u00een F\u0103lticeni, \u00eentemeiat de academicianul Mihai B\u0103cescu. \u00cen\u0103untru, o bijuterie rar\u0103: un glob p\u0103m\u00e2ntesc, cu diametru de cca 2 m, cu relief la scar\u0103: 1 cm \u00een\u0103l\u0163ime = 2000 m. relieful se prelunge\u015fte sub oglinda, de plastic transparent, a oceanului planetar. Dorsalele oceanice se v\u0103d ca o imagine de satelit, prelucrat\u0103 de calculator. Gazdele ne dau \u00eent\u00e2lnire, cu humor, peste 1 milion de ani, c\u00e2nd Atlanticul va lua locul Pacificului, ca \u00eentindere. Intermezzo \u00een casa \u2013 muzeu Ion Irimescu. Maestrul a l\u0103sat dalta dup\u0103 90 de ani. Un superb bust de bronz, simbol al Bucovinei, pentru care pare s\u0103-i fi pozat Sofia Vicoveanca.<!--more--><\/p>\n<p style=\"text-align: justify;\">\u00a0\u00a0\u00a0\u00a0\u00a0\u00a0\u00a0\u00a0\u00a0 A treia zi e exclusiv cultural\u0103. Putna, Sucevi\u0163a, Moldovi\u0163a, Vorone\u0163ul. La Putna, impresioneaz\u0103, \u00een muzeul m\u00e2n\u0103stirii, piesele textile, cu nume complicat, care \u00eempodobiser\u0103, cu jum\u0103tate de mileniu \u00een urm\u0103, mormintele lui \u015etefan \u015fi a 2-3 so\u0163ii. Conservarea aprinde discu\u0163ii. Se cade de acord c\u0103 cel mai probabil model e ionizarea, fie \u015fi \u00een doze infime, a metalelor pre\u0163ioase trase \u00een fire, al\u0103turi de l\u00e2nuri. Se cunosc propriet\u0103\u0163ile bactericide \u015fi fungicide ale argintului ionic, otrav\u0103 catalitic\u0103. O hart\u0103 a Moldovei de pe timpul lui Wladislaw Jagello \u015fi Alexandru cel Bun, c\u00e2nd liftele (lituanienii) erau abia cre\u015ftina\u0163i. La Sucevi\u0163a, ctitorie a Moghile\u015ftilor, se simte, paradoxal, umbra lui Mihai Viteazu\u2019, adversar al lui Ieremia. Afl\u0103m c\u0103 tricolorul provine de la Rudolf II, \u00eemp\u0103ratul la curtea c\u0103ruia Johannes Kepler, pe l\u00e2ng\u0103 sinecura astrologic\u0103, a avut timp s\u0103 potrivesc\u0103 tabelele planetare, mo\u015ftenite de la Tycho Brahe, pe elipsele celor 3 legi. M\u00e2n\u0103stirea e ctitorit\u0103 la c\u00e2\u0163iva ani dup\u0103 deja dep\u0103rtata asasinare a lui Mihai, \u00een chiar anul public\u0103rii celei de-a 3-a legi. Ro\u015fu, galben \u015fi albastru au fost culorile de email (smal\u0163) ale blazonului lui Mihai. Conexiunea e imediat\u0103: Tricolorul, inventat la 1848, de francmasonii na\u0163ionali\u015fti, nu poate proveni dec\u00e2t de la fratele B\u0103lcescu, doctor \u00een Mihai Viteazu. Pa\u015fopti\u015ftii au ales un inspirat simbol amintind de uniunea politic\u0103 avant la lettre. Ghidesa admite ra\u0163ionamentul ca fiind plauzibil. Picturile sunt din ce \u00een ce mai colorate, dar p\u0103streaz\u0103 aerul de miniaturi tipografice. Me\u015fterii medievali au preluat o doz\u0103 discret\u0103 de bizantinism. Moldovi\u0163a e cea mai apropiat\u0103 de ideea de gr\u0103din\u0103, parc\u0103 \u00een ciuda vecin\u0103t\u0103\u0163ii concentra\u0163ionare pentru a\u015fa zi\u015fii chiaburi din anii \u201950.<\/p>\n<p style=\"text-align: justify;\">\u00a0\u00a0\u00a0\u00a0\u00a0\u00a0\u00a0\u00a0\u00a0 \u015ei, \u00een sf\u00e2r\u015fit, perla Vorone\u0163ului. Primul \u015foc: imediat \u00een afara zidurilor, mai p\u0103r\u0103ginite dec\u00e2t ale tuturor celorlalte, un mic obor, cu kitsch-uri folcloroide. Se zice c\u0103 \u00een zi de t\u00e2rg nici nu se mai aude toaca m\u00e2n\u0103stirii. De altfel, \u00een toate celelalte, c\u0103lug\u0103rii sunt pu\u0163ini, din genera\u0163ii care nu prea mai au habar de mare lucru, comer\u0163ul cu pliante \u015fi iconi\u0163e kitsch parazit\u00e2nd senin atmosfera \u00eenc\u0103 natural\u0103, gra\u0163ie doar soarelui \u015fi ploii. \u015ei, totu\u015fi, ploaia \u00ee\u015fi ia dijma. Infiltra\u0163iile de umiditate din p\u0103m\u00e2nt au dep\u0103\u015fit temelia \u015fi un strat de un sfert de metru de la baza frescei a transformat ireversibil celebrul albastru de Vorone\u0163 \u00een verzui coclit. \u00cen\u0103untru se lucreaz\u0103 la restaurare, schel\u0103ria ocup\u0103 naosul \u015fi celebrul portret al lui \u015etefan nu e accesibil. Pe zidul exterior din spatele altarului, o alegorie aporistic\u0103 a Judec\u0103\u0163ii de apoi: Sf\u00e2ntul Petru, piatra pe care M\u00e2ntuitorul avea s\u0103 construiasc\u0103 Biserica Universal\u0103 e la good guys, pe c\u00e2nd latinii a\u015fteapt\u0103 r\u00e2ndul la focul gheenei. Spiritul vindicativ al dreptei credin\u0163e se conserv\u0103 peste secole mai bine ca textilele tombale: ghidesa aminte\u015fte singurei catolice din grup de cruciada din secolul XIII. Ecumenismul nu pare s\u0103 aib\u0103 \u015fanse \u00een inima simbolurilor spirituale ale unui \u0163inut de vis. \u015ei, totu\u015fi, \u00een plin\u0103 Suceav\u0103, Biserica Catolic\u0103, afi\u015feaz\u0103, cu discret\u0103 m\u00e2ndrie, numele c\u00e2te unui monsenior cu nume germanic, iar contemporanii recunosc (ghidesa y compris) urmele l\u0103sate de nem\u0163i, ca ordine \u015fi tot ce decurge de aici.<\/p>\n<p style=\"text-align: justify;\">\u00a0\u00a0\u00a0\u00a0\u00a0\u00a0\u00a0\u00a0\u00a0 Bucovina ospitalier\u0103 nu e atins\u0103 de secet\u0103 \u00een m\u0103sura B\u0103r\u0103ganului. Simbolurile sufletului carpatin, privite de aproape, se relativizeaz\u0103 ineluctabil, iar privite de suficient de departe nici nu s-or vedea.<\/p>\n","protected":false},"excerpt":{"rendered":"<p>(pricina\u015ful de serviciu) de Radu-Ilarion Munteanu \u00a0\u00a0\u00a0\u00a0\u00a0\u00a0\u00a0\u00a0\u00a0 O ocazie profesional\u0103 m-a adus, \u00een apropiere de S\u00e2nziene, \u00een preajma m\u00e2n\u0103stirilor bucovinene. Mai \u00eent\u00e2i a fost Dragomirna, \u00eenfiin\u0163at\u0103, zice ghidesa (doctorat \u00een specialitate) de un fost soldat, nu rar model mediaval. Ca prim contact cu specificul, remarc apropierea zidurilor de incint\u0103 de biseric\u0103 \u015fi \u00eembr\u0103\u0163i\u015farea str\u00e2ns\u0103 a [&hellip;]<\/p>\n","protected":false},"author":2,"featured_media":0,"comment_status":"open","ping_status":"open","sticky":false,"template":"","format":"standard","meta":{"jetpack_post_was_ever_published":false,"_jetpack_newsletter_access":"","_jetpack_dont_email_post_to_subs":false,"_jetpack_newsletter_tier_id":0,"_jetpack_memberships_contains_paywalled_content":false,"_jetpack_memberships_contains_paid_content":false,"footnotes":""},"categories":[55,1297,109],"tags":[1120,1299,114,110],"class_list":["post-12000","post","type-post","status-publish","format-standard","hentry","category-articole","category-egophobia-52","category-pricinaul-de-serviciu","tag-articole","tag-egophobia-52","tag-pricinasul-de-serviciu","tag-radu-ilarion-munteanu"],"jetpack_featured_media_url":"","jetpack_sharing_enabled":true,"jetpack_shortlink":"https:\/\/wp.me\/p6DakB-37y","_links":{"self":[{"href":"https:\/\/egophobia.ro\/index.php?rest_route=\/wp\/v2\/posts\/12000","targetHints":{"allow":["GET"]}}],"collection":[{"href":"https:\/\/egophobia.ro\/index.php?rest_route=\/wp\/v2\/posts"}],"about":[{"href":"https:\/\/egophobia.ro\/index.php?rest_route=\/wp\/v2\/types\/post"}],"author":[{"embeddable":true,"href":"https:\/\/egophobia.ro\/index.php?rest_route=\/wp\/v2\/users\/2"}],"replies":[{"embeddable":true,"href":"https:\/\/egophobia.ro\/index.php?rest_route=%2Fwp%2Fv2%2Fcomments&post=12000"}],"version-history":[{"count":1,"href":"https:\/\/egophobia.ro\/index.php?rest_route=\/wp\/v2\/posts\/12000\/revisions"}],"predecessor-version":[{"id":12001,"href":"https:\/\/egophobia.ro\/index.php?rest_route=\/wp\/v2\/posts\/12000\/revisions\/12001"}],"wp:attachment":[{"href":"https:\/\/egophobia.ro\/index.php?rest_route=%2Fwp%2Fv2%2Fmedia&parent=12000"}],"wp:term":[{"taxonomy":"category","embeddable":true,"href":"https:\/\/egophobia.ro\/index.php?rest_route=%2Fwp%2Fv2%2Fcategories&post=12000"},{"taxonomy":"post_tag","embeddable":true,"href":"https:\/\/egophobia.ro\/index.php?rest_route=%2Fwp%2Fv2%2Ftags&post=12000"}],"curies":[{"name":"wp","href":"https:\/\/api.w.org\/{rel}","templated":true}]}}