{"id":12007,"date":"2017-12-29T15:43:15","date_gmt":"2017-12-29T13:43:15","guid":{"rendered":"http:\/\/egophobia.ro\/?p=12007"},"modified":"2017-12-29T15:43:15","modified_gmt":"2017-12-29T13:43:15","slug":"poeme-de-derek-walcott-2","status":"publish","type":"post","link":"https:\/\/egophobia.ro\/?p=12007","title":{"rendered":"poeme de Derek Walcott"},"content":{"rendered":"<p><span style=\"color: green;\">(egoRainbow)<\/span><\/p>\n<p style=\"text-align: right;\">traducere &amp; prezentare: Monica Manolachi<\/p>\n<p style=\"text-align: justify;\">Derek Walcott (1930-2017) este un autor din Caraibe, n\u0103scut \u00een insula Santa Lucia. \u00cen 1992, i s-a acordat premiul Nobel pentru literatur\u0103 dup\u0103 ce publicase mai multe volume de poezie \u0219i teatru \u0219i, \u00een special, dup\u0103 poemul epic intitulat\u00a0<em>Omeros<\/em>\u00a0(1990). Ultimul volum de poezie,\u00a0<em>White Egrets<\/em>, a fost r\u0103spl\u0103tit cu premiul T. S. Eliot. \u00cen tinere\u021be, a studiat la Universitatea Indiilor de Vest, din Kingston, capitala insulei Jamaica. De-a lungul carierei sale, a fost profesor la Universitatea Boston din Statele Unite ale Americii, la Universitatea din Alberta, \u00een Canada, \u0219i la Universitatea din Essex din Marea Britanie. Familia sa are origini africane \u0219i europene, ceea ce reflect\u0103 cultura \u0219i istoria hibrid\u0103 a insulelor caraibe. \u00cen lucr\u0103rile sale poetice \u0219i dramatice a explorat condi\u021bia colonial\u0103 \u0219i postcolonial\u0103, av\u00e2nd \u00een vedere specificitatea local\u0103, dar \u0219i relevan\u021ba pentru lumea occidental\u0103 \u0219i african\u0103.<\/p>\n<p>&nbsp;<\/p>\n<p style=\"text-align: justify;\"><strong>Nume<\/strong><\/p>\n<p style=\"text-align: justify;\"><em>Pentru Edward Brathwaite<\/em><\/p>\n<p style=\"text-align: justify;\">I<\/p>\n<p style=\"text-align: justify;\">Rasa mea a \u00eenceput ca marea,<\/p>\n<p style=\"text-align: justify;\">f\u0103r\u0103 substantive, f\u0103r\u0103 orizont,<\/p>\n<p style=\"text-align: justify;\">aveam pietricele sub limb\u0103,<\/p>\n<p style=\"text-align: justify;\">iar a\u0219trii erau alinia\u021bi altfel.<!--more--><\/p>\n<p style=\"text-align: justify;\">Dar acum rasa mea e aici,<\/p>\n<p style=\"text-align: justify;\">\u00een uleiul trist al ochilor levantini,<\/p>\n<p style=\"text-align: justify;\">\u00een steagurile c\u00e2mpiilor indiene.<\/p>\n<p style=\"text-align: justify;\">Am \u00eenceput f\u0103r\u0103 memorie,<\/p>\n<p style=\"text-align: justify;\">am \u00eenceput f\u0103r\u0103 viitor,<\/p>\n<p style=\"text-align: justify;\">dar am c\u0103utat momentul acela<\/p>\n<p style=\"text-align: justify;\">c\u00e2nd orizontul a t\u0103iat ideea \u00een dou\u0103.<\/p>\n<p style=\"text-align: justify;\">Nu am g\u0103sit niciodat\u0103 clipa aceea<\/p>\n<p style=\"text-align: justify;\">c\u00e2nd orizontul a t\u0103iat ideea \u00een dou\u0103 \u2013<\/p>\n<p style=\"text-align: justify;\">pentru aurarul din Benares<\/p>\n<p style=\"text-align: justify;\">\u0219i pietrarul din Canton,<\/p>\n<p style=\"text-align: justify;\">orizontul se scufund\u0103 \u00een memorie<\/p>\n<p style=\"text-align: justify;\">a\u0219a cum se scufund\u0103 firul de undi\u021b\u0103.<\/p>\n<p style=\"text-align: justify;\">Oare am disp\u0103rut \u00eentr-o oglind\u0103,<\/p>\n<p style=\"text-align: justify;\">l\u0103s\u00e2nd-ne sufletele \u00een urm\u0103?<\/p>\n<p style=\"text-align: justify;\">Aurarul din Benares,<\/p>\n<p style=\"text-align: justify;\">pietrarul din Canton,<\/p>\n<p style=\"text-align: justify;\">bronzierul din Benin.<\/p>\n<p style=\"text-align: justify;\">Un vultur de mare \u021bip\u0103 de pe o st\u00e2nc\u0103,<\/p>\n<p style=\"text-align: justify;\">rasa mea a \u00eenceput ca un vultur pescar,<\/p>\n<p style=\"text-align: justify;\">cu \u021bip\u0103tul acela,<\/p>\n<p style=\"text-align: justify;\">vocala aceea \u00eenfior\u0103toare,<\/p>\n<p style=\"text-align: justify;\">acel io!<\/p>\n<p style=\"text-align: justify;\">Cerul s-a \u00eendoit \u00een spatele nostru<\/p>\n<p style=\"text-align: justify;\">la fel ca istoria \u00een fa\u021ba firului de undi\u021b\u0103,<\/p>\n<p style=\"text-align: justify;\">iar spuma s-a risipit<\/p>\n<p style=\"text-align: justify;\">\u0219i am r\u0103mas cu m\u00e2inile goale.<\/p>\n<p style=\"text-align: justify;\">Ne-a r\u0103mas doar un b\u0103\u021b<\/p>\n<p style=\"text-align: justify;\">cu care ne scriem numele pe nisip \u2013<\/p>\n<p style=\"text-align: justify;\">marea le \u0219terge, de indiferen\u021bi ce suntem.<\/p>\n<p style=\"text-align: justify;\">II<\/p>\n<p style=\"text-align: justify;\">Iar c\u00e2nd au numit aceste golfuri<\/p>\n<p style=\"text-align: justify;\">golfuri,<\/p>\n<p style=\"text-align: justify;\">a fost nostalgie sau ironie?<\/p>\n<p style=\"text-align: justify;\">\u00cen p\u0103durea nepiept\u0103nat\u0103,<\/p>\n<p style=\"text-align: justify;\">prin iarba netuns\u0103,<\/p>\n<p style=\"text-align: justify;\">unde altundeva era elegan\u021ba<\/p>\n<p style=\"text-align: justify;\">dec\u00e2t \u00een b\u0103taia lor de joc?<\/p>\n<p style=\"text-align: justify;\">Unde erau cur\u021bile Castiliei?<\/p>\n<p style=\"text-align: justify;\">Colonadele de la Versailles<\/p>\n<p style=\"text-align: justify;\">au fost \u00eenlocuite cu palmieri<\/p>\n<p style=\"text-align: justify;\">cu motive corintiene,<\/p>\n<p style=\"text-align: justify;\">diminutive bagatelizante,<\/p>\n<p style=\"text-align: justify;\">iar mai apoi micul Versailles<\/p>\n<p style=\"text-align: justify;\">a \u00eensemnat grajdul porcului,<\/p>\n<p style=\"text-align: justify;\">nume pentru merele acre<\/p>\n<p style=\"text-align: justify;\">\u0219i strugurii verzi<\/p>\n<p style=\"text-align: justify;\">ai exilului.<\/p>\n<p style=\"text-align: justify;\">Memoria lor s-a acrit,<\/p>\n<p style=\"text-align: justify;\">dar numele au r\u0103mas.<\/p>\n<p style=\"text-align: justify;\">Valencia lic\u0103re\u0219te<\/p>\n<p style=\"text-align: justify;\">\u00een felinarele portocalilor,<\/p>\n<p style=\"text-align: justify;\">\u00een candelabrele cu fructe de cacao<\/p>\n<p style=\"text-align: justify;\">ale virusului Mayaro.<\/p>\n<p style=\"text-align: justify;\">Fiind oameni, nu puteau tr\u0103i<\/p>\n<p style=\"text-align: justify;\">f\u0103r\u0103 ca mai \u00eent\u00e2i s\u0103 reclame<\/p>\n<p style=\"text-align: justify;\">dreptul fiec\u0103rui lucru de a fi substantiv.<\/p>\n<p style=\"text-align: justify;\">Africanul le-a acceptat tacit,<\/p>\n<p style=\"text-align: justify;\">le-a repetat \u0219i le-a schimbat.<\/p>\n<p style=\"text-align: justify;\">Asculta\u021bi, copii, spune\u021bi dup\u0103 mine:<\/p>\n<p style=\"text-align: justify;\"><em>moubain<\/em>: jobo,<\/p>\n<p style=\"text-align: justify;\"><em>cerise<\/em>: cire\u0219e de p\u0103dure,<\/p>\n<p style=\"text-align: justify;\"><em>baie-la<\/em>: golf,<\/p>\n<p style=\"text-align: justify;\">cu glasuri cristaline \u0219i inocente,<\/p>\n<p style=\"text-align: justify;\">care odinioar\u0103 chiar erau ale lor<\/p>\n<p style=\"text-align: justify;\">a\u0219a cum \u0219i v\u00e2ntul ne preface<\/p>\n<p style=\"text-align: justify;\">pronun\u021bia natural\u0103.<\/p>\n<p style=\"text-align: justify;\">Ace\u0219ti palmieri sunt mai mari dec\u00e2t palatul Versailles,<\/p>\n<p style=\"text-align: justify;\">fiindc\u0103 nu oamenii i-au creat,<\/p>\n<p style=\"text-align: justify;\">coloanele lor c\u0103zute sunt mai mari dec\u00e2t Castilia,<\/p>\n<p style=\"text-align: justify;\">fiindc\u0103 nu oamenii le-au d\u0103r\u00e2mat,<\/p>\n<p style=\"text-align: justify;\">ci viermele, care nu poart\u0103 coif,<\/p>\n<p style=\"text-align: justify;\">dar a fost mereu \u00eemp\u0103rat,<\/p>\n<p style=\"text-align: justify;\">dar, copii, ia uita\u021bi-v\u0103 la acele stele<\/p>\n<p style=\"text-align: justify;\">peste p\u0103durea Valenciei!<\/p>\n<p style=\"text-align: justify;\">Nu-s nici Orion, nici Betelgeuse.<\/p>\n<p style=\"text-align: justify;\">Spune\u021bi-mi, cu ce seam\u0103n\u0103?<\/p>\n<p style=\"text-align: justify;\">R\u0103spunde\u021bi, pui de arabi nenoroci\u021bi!<\/p>\n<p style=\"text-align: justify;\">Domnule, sunt licurici prin\u0219i \u00een melas\u0103.<\/p>\n<p style=\"text-align: justify;\"><strong>Vulcan<\/strong><\/p>\n<p style=\"text-align: justify;\">Lui Joyce nu-i pl\u0103ceau tunetele,<\/p>\n<p style=\"text-align: justify;\">dar c\u00e2nd l-au \u00eenmorm\u00e2ntat r\u0103geau leii<\/p>\n<p style=\"text-align: justify;\">de la gr\u0103dina zoologic\u0103 din Z\u00fcrich.<\/p>\n<p style=\"text-align: justify;\">Era din Z\u00fcrich sau din Trieste?<\/p>\n<p style=\"text-align: justify;\">Ce mai conteaz\u0103? Sunt legende, a\u0219a cum<\/p>\n<p style=\"text-align: justify;\">legend\u0103 este \u0219i moartea lui Joyce<\/p>\n<p style=\"text-align: justify;\">ori zvonul potrivit c\u0103ruia Conrad<\/p>\n<p style=\"text-align: justify;\">a murit \u0219i c\u0103 <em>Victory<\/em> este un roman ironic.<\/p>\n<p style=\"text-align: justify;\">La marginea orizontului nocturn,<\/p>\n<p style=\"text-align: justify;\">din c\u0103su\u021ba de pe plaja unui \u021b\u0103rm abrupt<\/p>\n<p style=\"text-align: justify;\">se v\u0103d de-acum \u0219i p\u00e2n\u0103 \u00een zori<\/p>\n<p style=\"text-align: justify;\">cum str\u0103lucesc dou\u0103 turle de foraj<\/p>\n<p style=\"text-align: justify;\">\u00een dep\u0103rtare, pe mare. Parc\u0103<\/p>\n<p style=\"text-align: justify;\">sunt jarul unui trabuc<\/p>\n<p style=\"text-align: justify;\">\u0219i lava vulcanului<\/p>\n<p style=\"text-align: justify;\">de la sf\u00e2r\u0219itul romanului <em>Victory<\/em>.<\/p>\n<p style=\"text-align: justify;\">Po\u021bi abandona scrisul<\/p>\n<p style=\"text-align: justify;\">pentru a urma semnalele celor mari<\/p>\n<p style=\"text-align: justify;\">consumate lent, ca s\u0103 fii<\/p>\n<p style=\"text-align: justify;\">cititorul lor ideal, meditativ,<\/p>\n<p style=\"text-align: justify;\">vorace, prefer\u00e2nd dragostea pentru marile opere<\/p>\n<p style=\"text-align: justify;\">dorin\u021bei de a le repeta,<\/p>\n<p style=\"text-align: justify;\">de a le dep\u0103\u0219i,<\/p>\n<p style=\"text-align: justify;\">devenind astfel cel mai mare cititor din lume.<\/p>\n<p style=\"text-align: justify;\">E nevoie de respect amestecat cu team\u0103,<\/p>\n<p style=\"text-align: justify;\">ceea ce s-a cam pierdut \u00een zilele noastre.<\/p>\n<p style=\"text-align: justify;\">At\u00e2t de mul\u021bi le-au v\u0103zut ei pe toate,<\/p>\n<p style=\"text-align: justify;\">at\u00e2t de mul\u021bi sunt capabili s\u0103 prezic\u0103,<\/p>\n<p style=\"text-align: justify;\">at\u00e2t de mul\u021bi refuz\u0103 t\u0103cerea<\/p>\n<p style=\"text-align: justify;\">victoriei, indiferen\u021ba<\/p>\n<p style=\"text-align: justify;\">ce arde \u00een interior,<\/p>\n<p style=\"text-align: justify;\">at\u00e2t de mul\u021bi nu mai sunt dec\u00e2t<\/p>\n<p style=\"text-align: justify;\">\u00eenalt\u0103 cenu\u0219\u0103, ca trabucul,<\/p>\n<p style=\"text-align: justify;\">at\u00e2t de mul\u021bi nu se mai \u00eendoiesc de tunet.<\/p>\n<p style=\"text-align: justify;\">Ce ne-am mai obi\u0219nuit cu fulgerul,<\/p>\n<p style=\"text-align: justify;\">s-au pierdut mon\u0219trii marini<\/p>\n<p style=\"text-align: justify;\">pentru c\u0103 nu-i mai c\u0103ut\u0103m!<\/p>\n<p style=\"text-align: justify;\">Pe vremuri existau gigan\u021bi.<\/p>\n<p style=\"text-align: justify;\">Odinioar\u0103 se fabricau trabucuri bune.<\/p>\n<p style=\"text-align: justify;\">Trebuie s\u0103-i citesc cu mai mare aten\u021bie.<\/p>\n<p style=\"text-align: justify;\"><strong>\u00cen concluzie<\/strong><\/p>\n<p style=\"text-align: justify;\">Tr\u0103iesc pe ape,<\/p>\n<p style=\"text-align: justify;\">singur. F\u0103r\u0103 so\u021bie, f\u0103r\u0103 copii.<\/p>\n<p style=\"text-align: justify;\">Am \u00eencercuit toate posibilit\u0103\u021bile<\/p>\n<p style=\"text-align: justify;\">ca s\u0103 ajung aici:<\/p>\n<p style=\"text-align: justify;\">o cas\u0103 modest\u0103 pe ape cenu\u0219ii,<\/p>\n<p style=\"text-align: justify;\">cu ferestre mereu deschise<\/p>\n<p style=\"text-align: justify;\">spre vl\u0103guita mare. Aceste lucruri nu se aleg,<\/p>\n<p style=\"text-align: justify;\">ci suntem ceea ce facem.<\/p>\n<p style=\"text-align: justify;\">Suferim, anii trec,<\/p>\n<p style=\"text-align: justify;\">pierdem \u00een greutate, dar nu \u0219i nevoia de a duce<\/p>\n<p style=\"text-align: justify;\">povara p\u00e2n\u0103 la cap\u0103t. Dragostea e o st\u00e2nc\u0103<\/p>\n<p style=\"text-align: justify;\">scufundat\u0103 pe fundul m\u0103rii<\/p>\n<p style=\"text-align: justify;\">sub apele cenu\u0219ii. Acum, de la poezie<\/p>\n<p style=\"text-align: justify;\">nu-mi doresc dec\u00e2t sentiment adev\u0103rat,<\/p>\n<p style=\"text-align: justify;\">nu mil\u0103, nici faim\u0103, nici vindecare. So\u021bie t\u0103cut\u0103,<\/p>\n<p style=\"text-align: justify;\">putem r\u0103m\u00e2ne s\u0103 privim apa cenu\u0219ie,<\/p>\n<p style=\"text-align: justify;\">iar via\u021ba sc\u0103ldat\u0103 de valuri<\/p>\n<p style=\"text-align: justify;\">mediocre \u0219i murdare<\/p>\n<p style=\"text-align: justify;\">s\u0103 o tr\u0103im ca st\u00e2ncile.<\/p>\n<p style=\"text-align: justify;\">Voi uita ce \u00eenseamn\u0103 sim\u021birea,<\/p>\n<p style=\"text-align: justify;\">voi uita darul meu. A\u0219a ceva e mai mult<\/p>\n<p style=\"text-align: justify;\">\u0219i mai greu dec\u00e2t ceea ce pare a fi via\u021b\u0103.<\/p>\n<p style=\"text-align: justify;\">(din volumul<em> Sea Grapes, <\/em>1976)<\/p>\n","protected":false},"excerpt":{"rendered":"<p>(egoRainbow) traducere &amp; prezentare: Monica Manolachi Derek Walcott (1930-2017) este un autor din Caraibe, n\u0103scut \u00een insula Santa Lucia. \u00cen 1992, i s-a acordat premiul Nobel pentru literatur\u0103 dup\u0103 ce publicase mai multe volume de poezie \u0219i teatru \u0219i, \u00een special, dup\u0103 poemul epic intitulat\u00a0Omeros\u00a0(1990). Ultimul volum de poezie,\u00a0White Egrets, a fost r\u0103spl\u0103tit cu premiul [&hellip;]<\/p>\n","protected":false},"author":2,"featured_media":0,"comment_status":"open","ping_status":"open","sticky":false,"template":"","format":"standard","meta":{"jetpack_post_was_ever_published":false,"_jetpack_newsletter_access":"","_jetpack_dont_email_post_to_subs":false,"_jetpack_newsletter_tier_id":0,"_jetpack_memberships_contains_paywalled_content":false,"_jetpack_memberships_contains_paid_content":false,"footnotes":""},"categories":[1297,952,13],"tags":[1018,1299,1162,807,1114,72],"class_list":["post-12007","post","type-post","status-publish","format-standard","hentry","category-egophobia-52","category-egorainbow","category-poezie","tag-derek-walcott","tag-egophobia-52","tag-egorainbow","tag-monica-manolachi","tag-poezie","tag-traducere"],"jetpack_featured_media_url":"","jetpack_sharing_enabled":true,"jetpack_shortlink":"https:\/\/wp.me\/p6DakB-37F","_links":{"self":[{"href":"https:\/\/egophobia.ro\/index.php?rest_route=\/wp\/v2\/posts\/12007","targetHints":{"allow":["GET"]}}],"collection":[{"href":"https:\/\/egophobia.ro\/index.php?rest_route=\/wp\/v2\/posts"}],"about":[{"href":"https:\/\/egophobia.ro\/index.php?rest_route=\/wp\/v2\/types\/post"}],"author":[{"embeddable":true,"href":"https:\/\/egophobia.ro\/index.php?rest_route=\/wp\/v2\/users\/2"}],"replies":[{"embeddable":true,"href":"https:\/\/egophobia.ro\/index.php?rest_route=%2Fwp%2Fv2%2Fcomments&post=12007"}],"version-history":[{"count":1,"href":"https:\/\/egophobia.ro\/index.php?rest_route=\/wp\/v2\/posts\/12007\/revisions"}],"predecessor-version":[{"id":12008,"href":"https:\/\/egophobia.ro\/index.php?rest_route=\/wp\/v2\/posts\/12007\/revisions\/12008"}],"wp:attachment":[{"href":"https:\/\/egophobia.ro\/index.php?rest_route=%2Fwp%2Fv2%2Fmedia&parent=12007"}],"wp:term":[{"taxonomy":"category","embeddable":true,"href":"https:\/\/egophobia.ro\/index.php?rest_route=%2Fwp%2Fv2%2Fcategories&post=12007"},{"taxonomy":"post_tag","embeddable":true,"href":"https:\/\/egophobia.ro\/index.php?rest_route=%2Fwp%2Fv2%2Ftags&post=12007"}],"curies":[{"name":"wp","href":"https:\/\/api.w.org\/{rel}","templated":true}]}}