{"id":12060,"date":"2017-12-30T01:53:05","date_gmt":"2017-12-29T23:53:05","guid":{"rendered":"http:\/\/egophobia.ro\/?p=12060"},"modified":"2018-12-15T21:18:18","modified_gmt":"2018-12-15T19:18:18","slug":"senzational","status":"publish","type":"post","link":"https:\/\/egophobia.ro\/?p=12060","title":{"rendered":"Senza\u021bional"},"content":{"rendered":"<p><span style=\"color: green;\">(egoZaur)<\/span><\/p>\n<p style=\"text-align: right;\">de Sorin-Mihai Grad<\/p>\n<p style=\"text-align: justify;\">\nSenza\u021bional, EgoPHobia apare f\u0103r\u0103 sec\u021biunea &#8220;invitat&#8221;! Dup\u0103 ce l-am folosit eu pe cel mai evident, oare ce titluri ar folosi tabloidele c\u00e2nd se vor referi la actualul num\u0103r al revistei noastre? Desigur, \u00een ipotetica situa\u021bie \u00een care ar fi interesate de soarta unei reviste literare \u00een care au ap\u0103rut, ce-i drept, \u0219i ceva nuduri c\u00e2ndva. Continu\u00e2nd ideea, poate c\u0103 ar fi cazul ca printre cei care s-ar inflama \u00een leg\u0103tur\u0103 cu op\u021biunea noastr\u0103 din acest num\u0103r al EgoPHobia s\u0103 existe \u0219i cineva care s\u0103 \u00eentrebe retoric ce-ar avea de spus fondatorii revistei despre halul \u00een care a ajuns. Iar un comentator cu sim\u021b investigativ ar putea \u00eencerca s\u0103 rezolve enigma legat\u0103 de cine sunt cei care ne-au refuzat invita\u021bia de-am ajuns s\u0103 ap\u0103rem f\u0103r\u0103 invitat.<!--more--><\/p>\n<p style=\"text-align: justify;\">\nN-ar conta c\u0103 acest num\u0103r con\u021bine multe materiale interesante \u00een celelalte sec\u021biuni, nici c\u0103 nu ne-a refuzat nimeni acum pentru c\u0103 pur \u0219i simplu n-am invitat pe nimeni pentru acest num\u0103r. Pentru cei interesa\u021bi: \u00een cei treisprezece ani \u0219i jum\u0103tate de c\u00e2nd apare EgoPHobia doar cinci scriitori pe care i-am invitat n-au ap\u0103rut \u00een revist\u0103 (mai precis: unuia nu i-a convenit c\u0103-i publicasem c\u00e2ndva ceva cuiva pe care-l considera du\u0219man, cineva ne-a refuzat f\u0103r\u0103 explica\u021bii, altcineva din motive&#8230; religioase, un t\u00e2n\u0103r scriitor ne-a rugat s\u0103-l \u00een\u021belegem c\u0103 nu se sim\u021bea suficient de important pentru a ap\u0103rea \u00een cadrul sec\u021biunii &#8220;invitat&#8221; unde publicasem deja autori pe care-i considera mult superiori sie\u0219i \u0219i a mai existat un caz \u00een care nu ni s-a r\u0103spuns la nici un mesaj de\u0219i am trimis invita\u021bia pe mai multe c\u0103i).<\/p>\n<p style=\"text-align: justify;\">\nDin fericire, EgoPHobia este ignorat\u0103 de tabloide \u0219i v\u00e2n\u0103tori de senza\u021bional, iar voi, cei care ne citi\u021bi nu ne lua\u021bi la \u00eentreb\u0103ri. Unii dintre voi v-a\u021bi alarmat c\u00e2nd am <a href=\"http:\/\/egophobia.ro\/?p=11802\">anun\u021bat<\/a> c\u0103 urmau ni\u0219te schimb\u0103ri. Nu a fost nici o clip\u0103 vorba de \u00eencetarea apari\u021biei EgoPHobia. Am renun\u021bat pentru moment la sec\u021biunile &#8220;invitat&#8221; \u0219i &#8220;imagini&#8221;. C\u00e2nd \u0219i dac\u0103 vor reveni r\u0103m\u00e2ne de v\u0103zut. E posibil s\u0103 mai dispar\u0103, temporar sau definitiv, vreo sec\u021biune sau s\u0103 pornim una nou\u0103, idei sunt, timpul e du\u0219manul \u00een aceast\u0103 ecua\u021bie. Pentru noul an ne propunem s\u0103 lans\u0103m la fiecare trei luni c\u00e2te un num\u0103r al revistei noastre, s\u0103 ajungem \u00een sf\u00e2r\u0219it la o predictibilitate a apari\u021biilor pe care o c\u0103ut\u0103m de at\u00e2\u021bia ani. Urm\u0103torul num\u0103r va ap\u0103rea \u00een martie 2018, iar planul e s\u0103 anun\u021b\u0103m data exact\u0103 cu m\u0103car dou\u0103 s\u0103pt\u0103m\u00e2ni \u00eenainte.<\/p>\n","protected":false},"excerpt":{"rendered":"<p>(egoZaur) de Sorin-Mihai Grad Senza\u021bional, EgoPHobia apare f\u0103r\u0103 sec\u021biunea &#8220;invitat&#8221;! Dup\u0103 ce l-am folosit eu pe cel mai evident, oare ce titluri ar folosi tabloidele c\u00e2nd se vor referi la actualul num\u0103r al revistei noastre? Desigur, \u00een ipotetica situa\u021bie \u00een care ar fi interesate de soarta unei reviste literare \u00een care au ap\u0103rut, ce-i drept, [&hellip;]<\/p>\n","protected":false},"author":2,"featured_media":0,"comment_status":"open","ping_status":"open","sticky":false,"template":"","format":"standard","meta":{"jetpack_post_was_ever_published":false,"_jetpack_newsletter_access":"","_jetpack_dont_email_post_to_subs":false,"_jetpack_newsletter_tier_id":0,"_jetpack_memberships_contains_paywalled_content":false,"_jetpack_memberships_contains_paid_content":false,"footnotes":""},"categories":[55,1297,115],"tags":[1120,1299,1126,116],"class_list":["post-12060","post","type-post","status-publish","format-standard","hentry","category-articole","category-egophobia-52","category-egozaur","tag-articole","tag-egophobia-52","tag-egozaur","tag-sorin-mihai-grad"],"jetpack_featured_media_url":"","jetpack_sharing_enabled":true,"jetpack_shortlink":"https:\/\/wp.me\/p6DakB-38w","_links":{"self":[{"href":"https:\/\/egophobia.ro\/index.php?rest_route=\/wp\/v2\/posts\/12060","targetHints":{"allow":["GET"]}}],"collection":[{"href":"https:\/\/egophobia.ro\/index.php?rest_route=\/wp\/v2\/posts"}],"about":[{"href":"https:\/\/egophobia.ro\/index.php?rest_route=\/wp\/v2\/types\/post"}],"author":[{"embeddable":true,"href":"https:\/\/egophobia.ro\/index.php?rest_route=\/wp\/v2\/users\/2"}],"replies":[{"embeddable":true,"href":"https:\/\/egophobia.ro\/index.php?rest_route=%2Fwp%2Fv2%2Fcomments&post=12060"}],"version-history":[{"count":1,"href":"https:\/\/egophobia.ro\/index.php?rest_route=\/wp\/v2\/posts\/12060\/revisions"}],"predecessor-version":[{"id":12061,"href":"https:\/\/egophobia.ro\/index.php?rest_route=\/wp\/v2\/posts\/12060\/revisions\/12061"}],"wp:attachment":[{"href":"https:\/\/egophobia.ro\/index.php?rest_route=%2Fwp%2Fv2%2Fmedia&parent=12060"}],"wp:term":[{"taxonomy":"category","embeddable":true,"href":"https:\/\/egophobia.ro\/index.php?rest_route=%2Fwp%2Fv2%2Fcategories&post=12060"},{"taxonomy":"post_tag","embeddable":true,"href":"https:\/\/egophobia.ro\/index.php?rest_route=%2Fwp%2Fv2%2Ftags&post=12060"}],"curies":[{"name":"wp","href":"https:\/\/api.w.org\/{rel}","templated":true}]}}