{"id":12195,"date":"2018-06-13T18:48:49","date_gmt":"2018-06-13T16:48:49","guid":{"rendered":"http:\/\/egophobia.ro\/?p=12195"},"modified":"2018-06-13T18:48:49","modified_gmt":"2018-06-13T16:48:49","slug":"poeme-de-calin-manitiu","status":"publish","type":"post","link":"https:\/\/egophobia.ro\/?p=12195","title":{"rendered":"poeme de C\u0103lin Mani\u021biu"},"content":{"rendered":"<p style=\"text-align: justify;\"><span style=\"color: green;\">(Lecturi potrivite\/recomandate de Alexandra)<\/span><\/p>\n<p style=\"text-align: right;\">\n<p><strong><em>Suflete albe, suflete negre<\/em><\/strong><\/p>\n<p>&nbsp;<\/p>\n<p>Prin fa\u021ba mea se plimb\u0103 chipuri<\/p>\n<p>Pierdute,<\/p>\n<p>Obosite,<\/p>\n<p>Schimonosite,<\/p>\n<p>At\u00e2t de palide \u00eentr-un univers<\/p>\n<p>Care nu cunoa\u0219te altceva<\/p>\n<p>Dec\u00e2t alb \u015fi negru.<\/p>\n<p><!--more--><\/p>\n<p>Ne fr\u00e2ngem \u015fi murim \u00eentr-un final<\/p>\n<p>Unii \u00eeneca\u021bi \u00een negru,<\/p>\n<p>Al\u021bii mai albi ca norii de pe cer<\/p>\n<p>C\u0103ut\u00e2nd s\u0103 dep\u0103\u0219easc\u0103 spectrul luminii,<\/p>\n<p>S\u0103 ating\u0103 pentru o secund\u0103 auriul<\/p>\n<p>Din aureolele sfin\u021bilor.<\/p>\n<p>&nbsp;<\/p>\n<p>Dar nu acum,<\/p>\n<p>E prea devreme.<\/p>\n<p>C\u00e2ndva, undeva,<\/p>\n<p>E posibil ca<\/p>\n<p>Albul s\u0103 devin\u0103 auriu<\/p>\n<p>Str\u0103lucitor,<\/p>\n<p>Vindec\u0103tor,<\/p>\n<p>\u015ei s\u0103 nu mai fim doar un amestec neomogen<\/p>\n<p>De alb \u015fi negru.<\/p>\n<p>&nbsp;<\/p>\n<p>&nbsp;<\/p>\n<p>&nbsp;<\/p>\n<p><strong><em>Alter ego<\/em><\/strong><\/p>\n<p>&nbsp;<\/p>\n<p>\u00cengerii \u00eemi z\u00e2mbesc din icoane,<\/p>\n<p>Amintindu-mi de bine,<\/p>\n<p>Nu doar\u00a0 de r\u0103u.<\/p>\n<p>&nbsp;<\/p>\n<p>\u00cei invidiez pentru c\u0103 eu, un muritor,<\/p>\n<p>\u00cenc\u0103tu\u0219at sub semnul mor\u021bii stau<\/p>\n<p>Ajung\u00e2nd o umbr\u0103-a ceea ce eram<\/p>\n<p>\u00cen lumea asta at\u00e2t de ne\u00eendur\u0103toare.<\/p>\n<p>&nbsp;<\/p>\n<p>Am aripi de flutur<\/p>\n<p>\u015ei vreau aripi de \u00eenger<\/p>\n<p>S\u0103 pot zbura mai sus,<\/p>\n<p>C\u00e2t mai sus,<\/p>\n<p>Acolo unde nu ajunge r\u0103ul<\/p>\n<p>Nici durerea<\/p>\n<p>Nici suferin\u021ba \u015fi \u00eentristarea.<\/p>\n<p>&nbsp;<\/p>\n<p>A\u0219 vrea s\u0103 uit de mine<\/p>\n<p>S\u0103 m\u0103 confund cu Universul<\/p>\n<p>S\u0103 tac eu \u015fi el s\u0103 vorbeasc\u0103.<\/p>\n<p>&nbsp;<\/p>\n<p>De ce exist\u0103 imposibil?<\/p>\n<p>De ce exist\u0103 cer, p\u0103m\u00e2nt?<\/p>\n<p>Sunt \u00eentreb\u0103ri pe care sor\u021bii i le pun<\/p>\n<p>F\u0103r\u0103 r\u0103spuns.<\/p>\n<p>&nbsp;<\/p>\n<p>V\u0103d aripi de \u00eengeri ce pleac\u0103<\/p>\n<p>Ca nu cumva<\/p>\n<p>Din ceruri ploaia s\u0103 le ude<\/p>\n<p>\u015ei s\u0103 nu mai poat\u0103 zbura.<\/p>\n<p>&nbsp;<\/p>\n<p>Aud strigarea ve\u0219niciei ce se pierde-n zare<\/p>\n<p>Mai iute ca o n\u0103luc\u0103-n goan\u0103,<\/p>\n<p>\u00cei deslu\u0219esc pa\u0219ii<\/p>\n<p>Pierdu\u021bi \u00een profan.<\/p>\n<p>&nbsp;<\/p>\n<p><strong><em>\u00a0<\/em><\/strong><\/p>\n<p><strong><em>\u00a0<\/em><\/strong><\/p>\n<p><strong><em>Oglinzi<\/em><\/strong><\/p>\n<p>&nbsp;<\/p>\n<p>Prin coridoarele lungi,<\/p>\n<p>Interminabile,<\/p>\n<p>Ale sufletului meu,<\/p>\n<p>Am avut un vis.<\/p>\n<p>Se f\u0103cea c\u0103 eram nebun.<\/p>\n<p>Nebun de legat.<\/p>\n<p>Sau poate asta m-au f\u0103cut s\u0103 cred.<\/p>\n<p>Strigam \u0219i urlam \u0219i nimeni nu m\u0103 auzea<\/p>\n<p>Erau prea ocupa\u021bi s\u0103 sacrifice cultura,<\/p>\n<p>Prea be\u021bi de mirosul de h\u00e2rtie ars\u0103<\/p>\n<p>Ce se \u00eempr\u0103\u0219tia \u00een atmosfer\u0103 f\u0103r\u0103 s\u0103 \u00eel pot opri,<\/p>\n<p>\u0218i o otr\u0103vea \u00eencet.<\/p>\n<p>M\u0103 uitam \u0219i pl\u00e2ngeam \u0219i strigam<\/p>\n<p>\u201cV\u0103 implor, ave\u021bi mil\u0103!\u201d<\/p>\n<p>Fl\u0103c\u0103rile mistuiau cunoa\u0219terea,<\/p>\n<p>Ardeau aripile Luceaf\u0103rului<\/p>\n<p>Crescute \u00een cer.<\/p>\n<p>\u0218i suferind, cu o ultim\u0103 strigare<\/p>\n<p>Muri \u00een agonie.<\/p>\n<p>\u00cencercau s\u0103 m\u0103 conving\u0103 c\u0103 e maximul,<\/p>\n<p>V\u00e2rful evolu\u021biei umane.<\/p>\n<p>I-am privit \u0219i am r\u00e2s<\/p>\n<p>\u0218i mi-au dat diagnosticul final-<\/p>\n<p>Nebun.<\/p>\n<p>Nebun de legat<\/p>\n<p>Era un joc al nebuniei s\u00e2ngeroase<\/p>\n<p>Prelungite \u00een monstruozitate.<\/p>\n<p>P\u00e2n\u0103 c\u00e2nd schingiui\u021bi cultura<\/p>\n<p>P\u00e2n\u0103 c\u00e2nd d\u0103r\u00e2ma\u021bi cupolele templelor ei<\/p>\n<p>\u0218i ucide\u021bi cu molozul lor pe Aristotel<\/p>\n<p>Homer sau Platon?<\/p>\n<p>Glasul celor pe care i-a\u021bi ascuns,<\/p>\n<p>\u00cenchi\u0219i \u00een temni\u021be obscure<\/p>\n<p>Strig\u0103<\/p>\n<p>Se r\u0103scoal\u0103 \u0219i vor birui.<\/p>\n<p>Se vor ridica \u00een\u021belep\u021bii \u0219i vor zdrobi<\/p>\n<p>Lan\u021burile uit\u0103rii.<\/p>\n<p>Vor \u00eenvia.<\/p>\n<p>\u201cE nebun\u201d, au zis<\/p>\n<p>\u0218i i-au ars pe rug pe cei care-au sc\u0103pat.<\/p>\n<p>\u201cV\u0103 implor, ave\u021bi mil\u0103 de voi,<\/p>\n<p>Ave\u021bi mil\u0103 de noi!\u201d<\/p>\n<p>&nbsp;<\/p>\n<p>&nbsp;<\/p>\n<p>&nbsp;<\/p>\n<p><strong><em>Calea Lactee doarme<\/em><\/strong><\/p>\n<p>&nbsp;<\/p>\n<p>De pe colina Palatin\u0103 a Romei,<\/p>\n<p>De unde Cezarul \u00ee\u0219i privea imperiul,<\/p>\n<p>M\u0103 \u00eentrebam<\/p>\n<p>De ce<\/p>\n<p>V\u0103d zilnic at\u00e2tea con\u0219tiin\u021be<\/p>\n<p>Adormite,<\/p>\n<p>R\u0103t\u0103cite<\/p>\n<p>Ori bete de vinul prea tare<\/p>\n<p>Al indiferen\u021bei.<\/p>\n<p>Din cupele mari ale lui Bachus<\/p>\n<p>Se scurge \u00eencet,<\/p>\n<p>Insesizabil<\/p>\n<p>B\u0103utura dulce ce face con\u0219tiin\u021bele<\/p>\n<p>S\u0103 adoarm\u0103.<\/p>\n<p>Stau l\u0103\u021bite peste tot<\/p>\n<p>Aproape diforme,<\/p>\n<p>Incapabile s\u0103 vorbeasc\u0103,<\/p>\n<p>S\u0103 se \u00eempotriveasc\u0103.<\/p>\n<p>Dar oare c\u00e2nd se vor trezi<\/p>\n<p>Din somnul lor tragic?<\/p>\n<p>C\u00e2nd totul e o iluzie?<\/p>\n<p>Fascinant\u0103,<\/p>\n<p>Ademenitoare<\/p>\n<p>Prea frumoas\u0103 s\u0103 se termine vreodat\u0103.<\/p>\n<p>Vor fi mereu mahmure?<\/p>\n<p>Sau \u00ee\u0219i vor bea cafeaua \u015fi se vor trezi<\/p>\n<p>Prea t\u00e2rziu&#8230;<\/p>\n<p>&nbsp;<\/p>\n<p>#<\/p>\n<p style=\"text-align: justify;\"><strong>Despre autor:<\/strong><\/p>\n<p style=\"text-align: justify;\">N\u0103scut la 9 decembrie 2000 \u00een frumosul t\u0103r\u00e2m al Transilvaniei, la Or\u0103\u0219tie, jude\u021bul Hunedoara, C\u0103lin Mani\u021biu \u0219i-a descoperit pasiunea pentru literatur\u0103 \u00eenc\u0103 de mic copil, debut\u00e2nd ca scriitor \u00een revista \u201eM\u0103iastra\u201d a Colegiului unde studiaz\u0103, cu c\u00e2teva eseuri, interviuri, dar \u0219i o cronic\u0103 de film. Parte din articolele sale au fost preluate se de s\u0103pt\u0103m\u00e2nalul \u201eVorba\u201d, din ora\u0219ul s\u0103u natal. De asemenea, a publicat c\u00e2teva articole de natur\u0103 teologic\u0103 pe site-ul \u201ealtarulcredintei.md\u201d, platforma online a revistei \u201eAltarul Credin\u021bei\u201d. \u00cen prezent urmeaz\u0103 cursurile Colegiului Na\u021bional \u201eAurel Vlaicu\u201d din Or\u0103\u0219tie, iar de cur\u00e2nd a ob\u021binut premiul al II-lea la Concursul Na\u021bional \u201eTinere Condeie\u201d, la care se adaug\u0103 premii la Olimpiada \u201eLectura ca abilitate de via\u021b\u0103\u201d, c\u00e2t \u0219i la numeroase concursuri de crea\u021bie literar\u0103 \u0219i nu numai. Este pasionat de literatura rom\u00e2n\u0103 \u0219i cea rus\u0103, de chimie \u0219i teologie.<\/p>\n","protected":false},"excerpt":{"rendered":"<p>(Lecturi potrivite\/recomandate de Alexandra) Suflete albe, suflete negre &nbsp; Prin fa\u021ba mea se plimb\u0103 chipuri Pierdute, Obosite, Schimonosite, At\u00e2t de palide \u00eentr-un univers Care nu cunoa\u0219te altceva Dec\u00e2t alb \u015fi negru.<\/p>\n","protected":false},"author":2,"featured_media":0,"comment_status":"open","ping_status":"open","sticky":false,"template":"","format":"standard","meta":{"jetpack_post_was_ever_published":false,"_jetpack_newsletter_access":"","_jetpack_dont_email_post_to_subs":false,"_jetpack_newsletter_tier_id":0,"_jetpack_memberships_contains_paywalled_content":false,"_jetpack_memberships_contains_paid_content":false,"footnotes":""},"categories":[1322,1279,13],"tags":[1328,1324,1280,1114],"class_list":["post-12195","post","type-post","status-publish","format-standard","hentry","category-egophobia-54","category-lecturi-potrivite","category-poezie","tag-calin-manitiu","tag-egophobia-54","tag-lecturi-potrivite","tag-poezie"],"jetpack_featured_media_url":"","jetpack_sharing_enabled":true,"jetpack_shortlink":"https:\/\/wp.me\/p6DakB-3aH","_links":{"self":[{"href":"https:\/\/egophobia.ro\/index.php?rest_route=\/wp\/v2\/posts\/12195","targetHints":{"allow":["GET"]}}],"collection":[{"href":"https:\/\/egophobia.ro\/index.php?rest_route=\/wp\/v2\/posts"}],"about":[{"href":"https:\/\/egophobia.ro\/index.php?rest_route=\/wp\/v2\/types\/post"}],"author":[{"embeddable":true,"href":"https:\/\/egophobia.ro\/index.php?rest_route=\/wp\/v2\/users\/2"}],"replies":[{"embeddable":true,"href":"https:\/\/egophobia.ro\/index.php?rest_route=%2Fwp%2Fv2%2Fcomments&post=12195"}],"version-history":[{"count":1,"href":"https:\/\/egophobia.ro\/index.php?rest_route=\/wp\/v2\/posts\/12195\/revisions"}],"predecessor-version":[{"id":12196,"href":"https:\/\/egophobia.ro\/index.php?rest_route=\/wp\/v2\/posts\/12195\/revisions\/12196"}],"wp:attachment":[{"href":"https:\/\/egophobia.ro\/index.php?rest_route=%2Fwp%2Fv2%2Fmedia&parent=12195"}],"wp:term":[{"taxonomy":"category","embeddable":true,"href":"https:\/\/egophobia.ro\/index.php?rest_route=%2Fwp%2Fv2%2Fcategories&post=12195"},{"taxonomy":"post_tag","embeddable":true,"href":"https:\/\/egophobia.ro\/index.php?rest_route=%2Fwp%2Fv2%2Ftags&post=12195"}],"curies":[{"name":"wp","href":"https:\/\/api.w.org\/{rel}","templated":true}]}}