{"id":12220,"date":"2018-06-12T21:48:20","date_gmt":"2018-06-12T19:48:20","guid":{"rendered":"http:\/\/egophobia.ro\/?p=12220"},"modified":"2018-06-15T21:51:29","modified_gmt":"2018-06-15T19:51:29","slug":"crima-de-la-putul-sec","status":"publish","type":"post","link":"https:\/\/egophobia.ro\/?p=12220","title":{"rendered":"Crima de la Pu\u021bul Sec"},"content":{"rendered":"<p style=\"text-align: right;\">de Alexandru Dr\u0103g\u0103noaia<\/p>\n<p style=\"text-align: justify;\">Ioana, la vreo \u0219aptezeci de ani, femeie totu\u0219i \u00een putere, obi\u0219nuit\u0103 cu munca grea de la \u021bar\u0103, tocmai s-a \u00eentors cu ceilal\u021bi de la culesul porumbului:<\/p>\n<p style=\"text-align: justify;\">-Eu o s\u0103 m\u0103 dau un pic \u00een pat, m\u0103 cam doare capul, zise c\u0103tre ai casei.<\/p>\n<p style=\"text-align: justify;\">Pe sear\u0103 cineva observ\u0103:<\/p>\n<p style=\"text-align: justify;\">-B\u0103, da mult mai doarme a b\u0103tr\u00e2n\u0103, trezi\u021bi-o s\u0103 m\u00e2nc\u0103m \u0219i noi cu to\u021bii.<\/p>\n<p style=\"text-align: justify;\">Au g\u0103sit-o mai mult moart\u0103 dec\u00e2t vie.<!--more--><\/p>\n<p style=\"text-align: justify;\">-Mam\u0103 ce ai, m\u0103, te doare ceva?<\/p>\n<p style=\"text-align: justify;\">-N-am nimic, nu m\u0103 doare nimic.<\/p>\n<p style=\"text-align: justify;\">Vorbe\u0219te greoi, cu voce stins\u0103 \u0219i are gura str\u00e2mb\u0103. Au chemat salvarea.<\/p>\n<p style=\"text-align: justify;\">-A f\u0103cut accident vascular cerebral, le d\u0103du medicul vestea proast\u0103, dar sper\u0103m s-o recuper\u0103m.<\/p>\n<p style=\"text-align: justify;\">Au internat-o. Dup\u0103 dou\u0103 zile de tratament intensiv \u00eenc\u0103 e la pat, dar\u00a0 pare c\u0103 se simte mai bine, ba chiar c\u00e2nt\u0103, poveste\u0219te fel-de-fel \u0219i r\u00e2de cu poft\u0103.<\/p>\n<p style=\"text-align: justify;\">Ai familiei sunt nedumeri\u021bi. Medicul \u00eei ia deoparte:<\/p>\n<p style=\"text-align: justify;\">-E o schimbare \u00een comportamentul ei, e de la boal\u0103. N-o s\u0103 \u0219tie mult timp ce e cu ea, iar amintirile de demult \u00eei vor deveni foarte vii, dar bizareriile astea or s\u0103-i treac\u0103 p\u00e2n\u0103 la urm\u0103.<\/p>\n<p style=\"text-align: justify;\">B\u0103tr\u00e2na c\u00e2nt\u0103 \u00een gura mare iar c\u00e2nd nu c\u00e2nt\u0103 poveste\u0219te:<\/p>\n<p style=\"text-align: justify;\">&#8211;\u00a0\u00cel aveam pe Ion mic, uite a\u0219a-l arunca tac-su-mare \u00een sus, iar c\u00e2nd \u00eei da n\u0103dragii pe el \u00eei zicea: \u201e\u0219i picioru\u2019 \u0103sta \u0219i p-\u0103sta\u201d&#8230;<\/p>\n<p style=\"text-align: justify;\">\u0218i iar se pune pe r\u00e2s&#8230;<\/p>\n<p style=\"text-align: justify;\">Ast\u0103zi, l\u00e2ng\u0103 ea, o asistent\u0103 \u0219i medicul. Bolnava turuie:<\/p>\n<p style=\"text-align: justify;\">-&#8230;D-ap\u0103i c\u00e2nd l-a luat fii-miu Ion pe M\u0103rin Burcic\u0103 l-a \u0219i pr\u0103v\u0103lit \u00een pu\u021bul sec din valea Burzii. Am aruncat apoi bolovani \u0219i crengi deasupra, mul\u021bi bolovani.<\/p>\n<p style=\"text-align: justify;\">Cei doi \u00eenlemnir\u0103.<\/p>\n<p style=\"text-align: justify;\">-Asta trebuie s\u0103 ajung\u0103 la urechile cui trebuie, \u0219opti medicul.<\/p>\n<p style=\"text-align: justify;\">-Vre\u021bi s\u0103 spune\u021bi c\u0103&#8230;<\/p>\n<p style=\"text-align: justify;\">B\u0103rbatul aprob\u0103 din cap apoi duse degetul ar\u0103t\u0103tor la buze: \u201eDeocamdat\u0103 r\u0103m\u00e2ne \u00eentre noi.\u201d<\/p>\n<p style=\"text-align: justify;\">Dup\u0103 c\u00e2teva zile, l\u00e2ng\u0103 patul bolnavei: cei doi plus un poli\u021bist \u0219i Ion, fiul b\u0103tr\u00e2nei.<\/p>\n<p style=\"text-align: justify;\">-Mamaie, mai zi p-aia cu pu\u021bul sec c\u0103 tare frumos poveste\u0219ti, \u00eendemn\u0103 asistenta.<\/p>\n<p style=\"text-align: justify;\">Ion se a\u0219ez\u0103 pe singurul scaun din salon, ceilal\u021bi stau \u00een picioare.<\/p>\n<p style=\"text-align: justify;\">-Aaa, p\u0103i&#8230;, \u0219i \u00eencepu b\u0103tr\u00e2na de-a fir a p\u0103r&#8230;<\/p>\n<p style=\"text-align: justify;\">To\u021bi se \u00eentoarser\u0103 cu fa\u021ba spre Ion.<\/p>\n<p style=\"text-align: justify;\">-\u0218ti\u021bi cumva despre ce e vorba? \u00eel \u00eentreb\u0103 poli\u021bistul.<\/p>\n<p style=\"text-align: justify;\">-Doar nu crede\u021bi dodiile unei femei bolnave.<\/p>\n<p style=\"text-align: justify;\">-Domnule, \u00een\u021belege\u021bi c\u0103 putem foarte u\u0219or s\u0103 verific\u0103m. M\u0103 g\u00e2ndeam c\u0103 vre\u021bi s\u0103 se consemneze c\u0103 a\u021bi fost de bun\u0103credin\u021b\u0103 \u0219i a\u021bi colaborat.<\/p>\n<p style=\"text-align: justify;\">Ion \u00ee\u0219i lu\u0103 fa\u021ba \u00een palme, se ridic\u0103 brusc, merse l\u00e2ng\u0103 patul femeii, se l\u0103s\u0103 pe genunchi, \u00ee\u0219i puse capul \u00een poala ei. Ramase a\u0219a un timp. \u00cen salon o t\u0103cere grea se a\u0219ternu. Lu\u0103 m\u00e2inile bolnavei \u0219i \u00eencepu s\u0103 le s\u0103rute &#8211; din toat\u0103 scena, femeia, este clar c\u0103 nu \u00een\u021belege nimic &#8211; apoi se ridic\u0103, se uit\u0103 \u00een ochii poli\u021bistului:<\/p>\n<p style=\"text-align: justify;\">-S\u0103 meregem.<\/p>\n<p style=\"text-align: justify;\">\u00cen timp ce ies pe u\u0219\u0103, b\u0103tr\u00e2na, dup\u0103 ei cu glas vesel:<\/p>\n<p style=\"text-align: justify;\">-Ioane, s\u0103 le poveste\u0219ti cum \u00ee\u021bi da tac-tu-mare n\u0103dragii pe tine c\u00e2nd erai mic \u0219i cum \u00ee\u021bi zicea: \u201e\u0219i picioru\u2019 \u0103sta \u0219i p-\u0103sta&#8230;<\/p>\n<p style=\"text-align: justify;\">\n<p style=\"text-align: justify;\">\n","protected":false},"excerpt":{"rendered":"<p>de Alexandru Dr\u0103g\u0103noaia Ioana, la vreo \u0219aptezeci de ani, femeie totu\u0219i \u00een putere, obi\u0219nuit\u0103 cu munca grea de la \u021bar\u0103, tocmai s-a \u00eentors cu ceilal\u021bi de la culesul porumbului: -Eu o s\u0103 m\u0103 dau un pic \u00een pat, m\u0103 cam doare capul, zise c\u0103tre ai casei. Pe sear\u0103 cineva observ\u0103: -B\u0103, da mult mai doarme [&hellip;]<\/p>\n","protected":false},"author":2,"featured_media":0,"comment_status":"open","ping_status":"open","sticky":false,"template":"","format":"standard","meta":{"jetpack_post_was_ever_published":false,"_jetpack_newsletter_access":"","_jetpack_dont_email_post_to_subs":false,"_jetpack_newsletter_tier_id":0,"_jetpack_memberships_contains_paywalled_content":false,"_jetpack_memberships_contains_paid_content":false,"footnotes":""},"categories":[1322,15],"tags":[1227,1324,1115],"class_list":["post-12220","post","type-post","status-publish","format-standard","hentry","category-egophobia-54","category-proza","tag-alexandru-draganoaia","tag-egophobia-54","tag-proza"],"jetpack_featured_media_url":"","jetpack_sharing_enabled":true,"jetpack_shortlink":"https:\/\/wp.me\/p6DakB-3b6","_links":{"self":[{"href":"https:\/\/egophobia.ro\/index.php?rest_route=\/wp\/v2\/posts\/12220","targetHints":{"allow":["GET"]}}],"collection":[{"href":"https:\/\/egophobia.ro\/index.php?rest_route=\/wp\/v2\/posts"}],"about":[{"href":"https:\/\/egophobia.ro\/index.php?rest_route=\/wp\/v2\/types\/post"}],"author":[{"embeddable":true,"href":"https:\/\/egophobia.ro\/index.php?rest_route=\/wp\/v2\/users\/2"}],"replies":[{"embeddable":true,"href":"https:\/\/egophobia.ro\/index.php?rest_route=%2Fwp%2Fv2%2Fcomments&post=12220"}],"version-history":[{"count":1,"href":"https:\/\/egophobia.ro\/index.php?rest_route=\/wp\/v2\/posts\/12220\/revisions"}],"predecessor-version":[{"id":12221,"href":"https:\/\/egophobia.ro\/index.php?rest_route=\/wp\/v2\/posts\/12220\/revisions\/12221"}],"wp:attachment":[{"href":"https:\/\/egophobia.ro\/index.php?rest_route=%2Fwp%2Fv2%2Fmedia&parent=12220"}],"wp:term":[{"taxonomy":"category","embeddable":true,"href":"https:\/\/egophobia.ro\/index.php?rest_route=%2Fwp%2Fv2%2Fcategories&post=12220"},{"taxonomy":"post_tag","embeddable":true,"href":"https:\/\/egophobia.ro\/index.php?rest_route=%2Fwp%2Fv2%2Ftags&post=12220"}],"curies":[{"name":"wp","href":"https:\/\/api.w.org\/{rel}","templated":true}]}}