{"id":12414,"date":"2018-12-15T15:15:15","date_gmt":"2018-12-15T13:15:15","guid":{"rendered":"http:\/\/egophobia.ro\/?p=12414"},"modified":"2021-09-04T11:58:26","modified_gmt":"2021-09-04T09:58:26","slug":"12414","status":"publish","type":"post","link":"https:\/\/egophobia.ro\/?p=12414","title":{"rendered":"Serile Yalom"},"content":{"rendered":"\r\n<p style=\"text-align: right;\">de <a href=\"http:\/\/egophobia.ro\/?tag=stefan-bolea\">\u0218tefan Bolea<\/a><\/p>\r\n\r\n\r\n\r\n\r\n\r\n<p><strong>I Serile Yalom<\/strong><\/p>\r\n<p style=\"text-align: justify;\">Organizate de libr\u0103ria C\u0103rture\u0219ti, ATU Consulting \u0219i HUMANCO, cele trei seri dedicate psihoterapeutului existen\u021bialist Irvin D. Yalom au str\u00e2ns un public numeros la Cluj. Datorit\u0103 num\u0103rului mare de participan\u021bi, evenimentul a fost mutat de la Iulius Mall la Platinia, unde s-au adunat \u00een jur de 200 de persoane interesate. G\u00e2ndite ca evenimente interdisciplinare, pentru c\u0103 existen\u021bialismul este un curent care s-a concretizat \u00een mai multe discipline \u2013 fiind uneori mai elocvent \u00een literatur\u0103 dec\u00e2t \u00een filosofie \u2013,\u00a0 cele trei conferin\u021be interactive dedicate lui Yalom au fost \u021binute de doi psihoterapeu\u021bi (Liana Don \u0219i Paul Chetreanu), un biolog (Alexandru Stermin) \u0219i un filosof (\u0218tefan Bolea).<!--more--><\/p>\r\n\r\n\r\n\r\n<figure class=\"wp-block-image\"><img data-recalc-dims=\"1\" decoding=\"async\" src=\"https:\/\/i0.wp.com\/vgy.me\/i0UJQw.jpg?w=812&#038;ssl=1\" \/>\r\n<figcaption><br \/><strong>Foto: Dan T\u0103u\u021ban<\/strong><\/figcaption>\r\n<\/figure>\r\n\r\n\r\n\r\n<p style=\"text-align: justify;\">\u00a0<\/p>\r\n\r\n\r\n\r\n<p style=\"text-align: justify;\">Liana Don, psihiatru, psihoterapeut, formator \u00een psihoterapie pozitiv\u0103, a \u00eendreptat dezbaterea legat\u0103 de subiectul primei seri (libertatea) pe distinc\u021bia dintre libertate (responsabil\u0103, din punct de vedere existen\u021bial) \u0219i facticitate. \u00cen cea de-a doua sear\u0103, pornind de la o alt\u0103 distinc\u021bie, cea dintre singur\u0103tate \u0219i solitudine (altfel spus, dintre <em>lonely<\/em> \u0219i <em>alone<\/em>), Liana Don a abordat subiectul umbrei jungiene \u2013 care corespunde aproximativ <em>id<\/em>-ului freudian \u2013 \u0219i al antitezei dintre identitate \u0219i alteritate. \u201eInfernul sunt ceilal\u021bi\u201d, sloganul lui Sartre din <em>Cu u\u0219ile \u00eenchise<\/em>, amintit de Liana, pare s\u0103 indice preferin\u021ba acesteia c\u0103tre solitudinea care \u00eempline\u0219te, c\u0103tre identitatea cu un nucleu puternic, impermeabil\u0103 la valurile de post-structuralism \u201eschizoid\u201d \u0219i \u201edeleuzian\u201d. Paul Chetreanu, psihoterapeut, poet, filosof \u0219i fost mare baschetbalist (a participat \u0219i la All Star Game), cunoscut pentru stilul s\u0103u defensiv agresiv, asem\u0103n\u0103tor cu cel al lui Dennis Rodman, a fost moderatorul conferin\u021belor. \u00cemi amintesc cu pl\u0103cere de incursiunile sale \u00een filosofia lui Nietzsche (prin intermediul celebrului roman al lui Yalom), \u00een fenomenologia heideggerian\u0103 (ne g\u00e2ndim la <em>Geworfenheit<\/em>), \u00een teoria temporalit\u0103\u021bii husserliene \u0219i mai ales de exerci\u021biul hipnotic din ultima \u00eent\u00e2lnire dedicat\u0103 mor\u021bii, dac\u0103 e s\u0103 refuz\u0103m limbajul eufemistic.<\/p>\r\n\r\n\r\n\r\n<p style=\"text-align: justify;\">Sincer s\u0103 fiu, Alexandru Stermin era probabil singurul om de \u0219tiin\u021b\u0103 prezent printre noi. Pentru c\u0103 filosofia oscileaz\u0103 \u00eentre \u0219tiin\u021b\u0103, religie \u0219i literatur\u0103 \u2013 pe c\u00e2nd psihologia nu poate avea un statut de \u0219tiin\u021b\u0103, at\u00e2ta vreme c\u00e2t nu define\u0219te precis <em>psyche<\/em>-le \u0219i c\u00e2t nu cunoa\u0219te \u2013 prin neuroimagistic\u0103 de pild\u0103 \u00ad\u2013 cauza precis\u0103 a nebuniei. Or, psihoterapia, care se bazeaz\u0103 pe empatie, compasiune (a recunoa\u0219te propria esen\u021b\u0103 \u00een cel\u0103lalt) \u0219i pe un soi de <em>dialog \u00eentre suflete<\/em> ori <em>relevarea unui adev\u0103r ascuns<\/em>, \u00eemi pare mai apropiat\u0103 de magie. \u00ce\u021bi trebuie nu numai preg\u0103tire clinic\u0103 pentru a deveni terapeut, ci un miros extrem de fin (o intui\u021bie special\u0103) \u0219i capacitatea de a nu te min\u021bi niciodat\u0103 pe tine. Alexandru Stermin, un biolog excelent, care se formeaz\u0103 \u0219i ca terapeut \u0219i care pl\u0103nuie\u0219te un doctorat \u00een filosofie, a demontat c\u00e2teva din miturile existen\u021bialismului privind libertatea, autenticitatea, singur\u0103tatea \u0219i moartea imanent\u0103 vie\u021bii, ghid\u00e2ndu-ne spre \u201eprincipiul realit\u0103\u021bii\u201d biologice, de care uit\u0103m at\u00e2t de des \u00een specula\u021biile noastre. C\u00e2t despre autorul acestor r\u00e2nduri, vreau doar s\u0103 spun c\u0103 am sim\u021bit o mare nevoie de existen\u021bialism (ca psihologie \u0219i filosofie practic\u0103) \u00een r\u00e2ndul publicului \u0219i c\u0103 a\u0219 vrea s\u0103 le reamintesc celor interesa\u021bi de acest curent ideea din <em>Ikiru<\/em> al lui Kurosawa: \u201eL\u0103comia nu este un viciu, mai ales l\u0103comia de via\u021b\u0103\u201d. \u00cen partea secund\u0103 a editorialului, voi reaminti c\u00e2teva reflec\u021bii legate de ostracizare cu aplicare direct\u0103 pe homosexualitate \u0219i familie tradi\u021bional\u0103 din cadrul serilor Yalom.<\/p>\r\n\r\n\r\n\r\n<p style=\"text-align: justify;\"><strong>Prima sear\u0103 Yalom (video integral) <\/strong><\/p>\r\n<p><div class=\"jetpack-video-wrapper\"><span class=\"embed-youtube\" style=\"text-align:center; display: block;\"><iframe loading=\"lazy\" class=\"youtube-player\" width=\"812\" height=\"457\" src=\"https:\/\/www.youtube.com\/embed\/VYKBLUwMzUM?version=3&#038;rel=1&#038;showsearch=0&#038;showinfo=1&#038;iv_load_policy=1&#038;fs=1&#038;hl=en-US&#038;autohide=2&#038;wmode=transparent\" allowfullscreen=\"true\" style=\"border:0;\" sandbox=\"allow-scripts allow-same-origin allow-popups allow-presentation allow-popups-to-escape-sandbox\"><\/iframe><\/span><\/div><\/p>\r\n\r\n\r\n\r\n<p style=\"text-align: justify;\"><strong>II Homosexualitate &amp; familie tradi\u021bional\u0103<\/strong><\/p>\r\n\r\n\r\n\r\n<p style=\"text-align: justify;\">Referindu-ne la ostracizare din perspectiv\u0103 jungian\u0103, cel care are o persona deficient\u0103 va fi \u021binta proiec\u021biilor generale (exemplul \u021bapului isp\u0103\u0219itor). Cel care are mai pu\u021bin\u0103 masc\u0103 este cel care minte cel mai pu\u021bin. Ne amintim de distinc\u021bia lui Sanford dintre Jekyll (persona) \u0219i Hyde (umbra). \u00cen ochii lui Dumnezeu, Hyde (personajul negativ) este mai autentic, pentru c\u0103 Jekyll, cu falsitatea lui, este un mort viu, un cadavru neputrezit.<\/p>\r\n\r\n\r\n\r\n<p style=\"text-align: justify;\">Dup\u0103 Jung, umbra este \u00eenc\u0103rcat\u0103 afectiv. Atunci c\u00e2nd ur\u00e2m pe cineva intens, ur\u00e2m o parte din noi pe care o proiect\u0103m \u00een cel\u0103lalt. Astfel, cel care este violent homofob, se confrunt\u0103 cu propria homosexualitate refulat\u0103. De asemenea, cel care este violent anticre\u0219tin, se confrunt\u0103 cu propriul cre\u0219tinism neconsumat. Sf\u00e2r\u0219itul lui Nietzsche e hristic. \u00cembr\u0103\u021bi\u0219eaz\u0103 un cal biciuit \u00een Piazza Carlo Alberto din Torino: se prosterneaz\u0103 \u00een fa\u021ba inferiorului, a m\u0103runtului, a celui dezavantajat.<\/p>\r\n\r\n\r\n\r\n<p style=\"text-align: justify;\">Dup\u0103 Freud, to\u021bi suntem de la natur\u0103 bisexuali. Mai mult, \u00een orice prietenie intervine un element homoerotic: ne select\u0103m de multe ori prietenii pe criterii estetice. Revenind la concep\u021bia jungian\u0103 asupra umbrei, violen\u021ba fa\u021b\u0103 de cel\u0103lalt, este un simptom al r\u0103zboiului cu mine \u00eensumi. Trat\u00e2ndu-l pe cel\u0103lalt cu bl\u00e2nde\u021be, ne vindec\u0103m pe noi \u00een\u0219ine.<\/p>\r\n\r\n\r\n\r\n<p style=\"text-align: justify;\">Referindu-ne la <em>familia tradi\u021bional\u0103<\/em>&#8230;<\/p>\r\n\r\n\r\n\r\n<p style=\"text-align: justify;\">Tradi\u021bia ne-a \u00eenv\u0103\u021bat<\/p>\r\n\r\n\r\n\r\n<ul class=\"wp-block-list\" style=\"text-align: justify;\">\r\n<li>s\u0103 ardem oameni pe rug;<\/li>\r\n<li>s\u0103 sp\u00e2nzur\u0103m vr\u0103jitoare;<\/li>\r\n<li>c\u0103 nu exist\u0103 nici o tangen\u021b\u0103 \u00eentre maimu\u021b\u0103 \u0219i om;<\/li>\r\n<li>c\u0103 femeile sunt inferioare b\u0103rba\u021bilor;<\/li>\r\n<li>c\u0103 proletarii au porniri criminale;<\/li>\r\n<li>c\u0103 rasa alb\u0103 merit\u0103 s\u0103 domine p\u0103m\u00e2ntul;<\/li>\r\n<li>c\u0103 soarele se \u00eenv\u00e2rte \u00een jurul planetei noastre;<\/li>\r\n<li>c\u0103 b\u0103taia e rupt\u0103 din rai.<\/li>\r\n<\/ul>\r\n\r\n\r\n\r\n<p style=\"text-align: justify;\">Or tradi\u021bia trebuie amendat\u0103, altfel am fi r\u0103mas \u0219i azi sub nivelul ei.<\/p>\r\n\r\n\r\n\r\n<p style=\"text-align: justify;\">Jean Genet sus\u021binea c\u0103 familia e prima celul\u0103 criminal\u0103. N-a\u0219 merge at\u00e2t de departe, dar familia poate fi caracterizat\u0103 ca un soi de <em>egoism \u00een 2, 3, 4<\/em> etc., cum arat\u0103 Mill. \u0218i trebuie s\u0103 transcendem c\u00e2ndva c\u0103tu\u0219a familial\u0103. Pe de alt\u0103 parte, familia poate s\u0103 sufoce dezvoltarea individual\u0103. Dac\u0103 sunt produsul genelor p\u0103rin\u021bilor mei, nu trebuie s\u0103 fiu \u0219i produsul deciziilor p\u0103rin\u021bilor mei.<\/p>\r\n\r\n\r\n\r\n<p style=\"text-align: justify;\">Mai mult, \u00een discu\u021bia privind referendumul se tot amintea de Adam \u0219i Eva. Nu era nimic tradi\u021bional \u00een mariajul primilor oameni. Ne putem imagina un <em>threesome<\/em> cu Adam, Eva \u0219i \u0218arpele (venerat de ofi\u021bi) sau chiar un <em>foursome<\/em> cu Lilith, mama lui Cain, dup\u0103 anumite evanghelii apocrife. Deci n-a\u0219 zice chiar <em>fuck tradition<\/em> \u2013 de\u0219i e o op\u021biune serioas\u0103 \u2013, dar nici nu m\u0103 pot \u00eenclina \u00een fa\u021ba unei tradi\u021bii a urii.\u00a0<\/p>\r\n","protected":false},"excerpt":{"rendered":"<p>de \u0218tefan Bolea I Serile Yalom Organizate de libr\u0103ria C\u0103rture\u0219ti, ATU Consulting \u0219i HUMANCO, cele trei seri dedicate psihoterapeutului existen\u021bialist Irvin D. Yalom au str\u00e2ns un public numeros la Cluj. Datorit\u0103 num\u0103rului mare de participan\u021bi, evenimentul a fost mutat de la Iulius Mall la Platinia, unde s-au adunat \u00een jur de 200 de persoane interesate. [&hellip;]<\/p>\n","protected":false},"author":2,"featured_media":0,"comment_status":"open","ping_status":"open","sticky":false,"template":"","format":"standard","meta":{"jetpack_post_was_ever_published":false,"_jetpack_newsletter_access":"","_jetpack_dont_email_post_to_subs":false,"_jetpack_newsletter_tier_id":0,"_jetpack_memberships_contains_paywalled_content":false,"_jetpack_memberships_contains_paid_content":false,"footnotes":""},"categories":[124,1356],"tags":[1128,1357,39],"class_list":["post-12414","post","type-post","status-publish","format-standard","hentry","category-editorial","category-egophobia-56","tag-editorial","tag-egophobia-56","tag-stefan-bolea"],"jetpack_featured_media_url":"","jetpack_sharing_enabled":true,"jetpack_shortlink":"https:\/\/wp.me\/s6DakB-12414","_links":{"self":[{"href":"https:\/\/egophobia.ro\/index.php?rest_route=\/wp\/v2\/posts\/12414","targetHints":{"allow":["GET"]}}],"collection":[{"href":"https:\/\/egophobia.ro\/index.php?rest_route=\/wp\/v2\/posts"}],"about":[{"href":"https:\/\/egophobia.ro\/index.php?rest_route=\/wp\/v2\/types\/post"}],"author":[{"embeddable":true,"href":"https:\/\/egophobia.ro\/index.php?rest_route=\/wp\/v2\/users\/2"}],"replies":[{"embeddable":true,"href":"https:\/\/egophobia.ro\/index.php?rest_route=%2Fwp%2Fv2%2Fcomments&post=12414"}],"version-history":[{"count":6,"href":"https:\/\/egophobia.ro\/index.php?rest_route=\/wp\/v2\/posts\/12414\/revisions"}],"predecessor-version":[{"id":13761,"href":"https:\/\/egophobia.ro\/index.php?rest_route=\/wp\/v2\/posts\/12414\/revisions\/13761"}],"wp:attachment":[{"href":"https:\/\/egophobia.ro\/index.php?rest_route=%2Fwp%2Fv2%2Fmedia&parent=12414"}],"wp:term":[{"taxonomy":"category","embeddable":true,"href":"https:\/\/egophobia.ro\/index.php?rest_route=%2Fwp%2Fv2%2Fcategories&post=12414"},{"taxonomy":"post_tag","embeddable":true,"href":"https:\/\/egophobia.ro\/index.php?rest_route=%2Fwp%2Fv2%2Ftags&post=12414"}],"curies":[{"name":"wp","href":"https:\/\/api.w.org\/{rel}","templated":true}]}}