{"id":12439,"date":"2018-12-15T07:23:48","date_gmt":"2018-12-15T05:23:48","guid":{"rendered":"http:\/\/egophobia.ro\/?p=12439"},"modified":"2018-12-15T00:36:22","modified_gmt":"2018-12-14T22:36:22","slug":"clipire","status":"publish","type":"post","link":"https:\/\/egophobia.ro\/?p=12439","title":{"rendered":"Clipire"},"content":{"rendered":"<p style=\"text-align: right;\">de\u00a0Corneliu Negru<\/p>\n<p style=\"text-align: right;\"><a href=\"http:\/\/egophobia.ro\/?p=12444\">English version<\/a><\/p>\n<p style=\"text-align: justify;\">Nu \u00eenchide ochii, p\u0103streaz\u0103 mereu lumina in fa\u021ba ochilor.<\/p>\n<p style=\"text-align: justify;\">\u2013 Dar \u00eencerc s\u0103 fac acest lucru.<\/p>\n<p style=\"text-align: justify;\">\u2013 Poate nu \u00eencerci \u00eendeajuns.<\/p>\n<p style=\"text-align: justify;\">\u2013 De unde \u0219tii asta?<!--more--><\/p>\n<p style=\"text-align: justify;\">\u2013 Dar n-am spus c\u0103 \u0219tiu, dar sigur ai \u00eencercat \u00eendeajuns?<\/p>\n<p style=\"text-align: justify;\">\u2013 Nu \u0219tiu s\u0103 r\u0103spund, dar c\u00e2nd \u00eenchizi ochii ce vezi?<\/p>\n<p style=\"text-align: justify;\">\u2013 Nu v\u0103d nimic, dar simt.<\/p>\n<p style=\"text-align: justify;\">\u2013 P\u0103i \u0219i ce sim\u021bi?<\/p>\n<p style=\"text-align: justify;\">\u2013 Simt \u00eentunericul din mine, simt precum ar cre\u0219te un vierme \u00een mine, un vierme ce m\u0103 consum\u0103 \u0219i-n acela\u0219i timp se consum\u0103 \u0219i pe el.<\/p>\n<p style=\"text-align: justify;\">\u2013 \u0218i de ce crezi c\u0103 ai ajuns \u00een aceast\u0103 situa\u021bie?<\/p>\n<p style=\"text-align: justify;\">\u2013 La ce te referi? Parc\u0103 discutam despre lumin\u0103 sau \u00eentuneric.<\/p>\n<p style=\"text-align: justify;\">\u2013 Da, despre \u00eentuneric, ai dreptate, \u0219i cum a ap\u0103rut acel vierme?<\/p>\n<p style=\"text-align: justify;\">\u2013 Nu \u0219tiu sigur, cred c\u0103 m-am n\u0103scut cu el.<\/p>\n<p style=\"text-align: justify;\">\u2013 Aha, crezi c\u0103 a plantat cineva acel vierme?<\/p>\n<p style=\"text-align: justify;\">\u2013 La ce te referi c\u00e2nd spui asta? Ce insinuezi prin aceast\u0103 afirma\u021bie?<\/p>\n<p style=\"text-align: justify;\">\u2013 Nu \u0219tiu sigur, crezi c\u0103 exist\u0103 un D-zeu, crezi c\u0103 suntem blestema\u021bi?<\/p>\n<p style=\"text-align: justify;\">\u2013 Nu m-am g\u00e2ndit la asta p\u00e2n\u0103 acum.<\/p>\n<p style=\"text-align: justify;\">\u2013 Nu crezi c\u0103 ar trebui s\u0103 o faci?<\/p>\n<p style=\"text-align: justify;\">\u2013 Mi-e fric\u0103&#8230;<\/p>\n<p style=\"text-align: justify;\">\u2013 De ce?<\/p>\n<p style=\"text-align: justify;\">\u2013 Mi-e fric\u0103 s\u0103 caut un r\u0103spuns&#8230;<\/p>\n<p style=\"text-align: justify;\">\u2013 Dar nu ai auzit?<\/p>\n<p style=\"text-align: justify;\">\u2013 Ce s\u0103 aud?<\/p>\n<p style=\"text-align: justify;\">\u2013 Nu ai auzit c\u0103 adev\u0103rul elibereaz\u0103?<\/p>\n<p style=\"text-align: justify;\">\u2013 E\u0219ti sigur?<\/p>\n<p style=\"text-align: justify;\">\u2013 Da, a\u0219a spun marii \u00een\u021belep\u021bi.<\/p>\n<p style=\"text-align: justify;\">\u2013 Nu \u0219tiu ce s\u0103 spun, singurul lucru de care sunt sigur este c\u0103 m\u0103 simt devorat.<\/p>\n<p style=\"text-align: justify;\">\u2013 Se pare c\u0103 ne \u00eentoarcem \u00een acela\u0219i punct&#8230;<\/p>\n<p style=\"text-align: justify;\">\u2013 Da, acela\u0219i punct.<\/p>\n<p style=\"text-align: justify;\">\u2013 Ai \u00eencercat s\u0103 te \u00eempaci cu viermele din tine?<\/p>\n<p style=\"text-align: justify;\">\u2013 Dar nu reu\u0219esc s\u0103 ajung la el.<\/p>\n<p style=\"text-align: justify;\">\u2013 Ce vrei s\u0103 spui cu asta?<\/p>\n<p style=\"text-align: justify;\">\u2013 P\u0103i&#8230; nu-mi r\u0103spunde.<\/p>\n<p style=\"text-align: justify;\">\u2013 \u0218i ce ai de g\u00e2nd s\u0103 faci?<\/p>\n<p style=\"text-align: justify;\">\u2013 Nu cred c\u0103 am de g\u00e2nd s\u0103 fac ceva. \u00cencep s\u0103 m\u0103 \u00eempac cu aceast\u0103 condi\u021bie.<\/p>\n<p style=\"text-align: justify;\">\u2013 C\u00e2t crezi c\u0103 po\u021bi rezista f\u0103r\u0103 s\u0103 \u00eenchizi ochii?<\/p>\n<p style=\"text-align: justify;\">\u2013 Am rezistat \u0219i zile \u00eentregi. (nu \u0219tiu)<\/p>\n<p style=\"text-align: justify;\">\u2013 Nu sim\u021bi nevoia s\u0103 dormi?<\/p>\n<p style=\"text-align: justify;\">\u2013 Ba da, dar nu am timp s\u0103 fac asta.<\/p>\n<p style=\"text-align: justify;\">\u2013 Auzi, cine crezi c\u0103 a inventat \u00eentunericul?<\/p>\n<p style=\"text-align: justify;\">\u2013 Cred c\u0103 \u00eentrebarea ta este absurd\u0103.<\/p>\n<p style=\"text-align: justify;\">\u2013 Absurd\u0103 da&#8230; a\u0219a este. Dar blestemul care se afl\u0103 asupra ta, ce crezi despre el?<\/p>\n<p style=\"text-align: justify;\">\u2013 Dar nu cred c\u0103 este un blestem. Cred c\u0103 este o \u00eencercare.<\/p>\n<p style=\"text-align: justify;\">\u2013 Ce fel de \u00eencercare?<\/p>\n<p style=\"text-align: justify;\">\u2013 O \u00eencercare \u00een a vedea c\u00e2t pot rezista f\u0103r\u0103 s\u0103 clipesc.<\/p>\n<p style=\"text-align: justify;\">\u2013 \u0218i nu crezi c\u0103 aceast\u0103 condi\u021bie este absurd\u0103?<\/p>\n<p style=\"text-align: justify;\">\u2013 Ba da, este absurd\u0103, dar n-am ce s\u0103 fac.<\/p>\n<p style=\"text-align: justify;\">\u2013 Ai \u00eencercat s\u0103 te sinucizi?<\/p>\n<p style=\"text-align: justify;\">\u2013 Nu pot.<\/p>\n<p style=\"text-align: justify;\">\u2013 De ce nu po\u021bi?<\/p>\n<p style=\"text-align: justify;\">\u2013 N-am curajul s\u0103 fac asta.<\/p>\n<p style=\"text-align: justify;\">\u2013 Deci e\u0219ti un la\u0219?<\/p>\n<p style=\"text-align: justify;\">\u2013 Nu, doar nu am curajul s\u0103 o fac.<\/p>\n<p style=\"text-align: justify;\">\u2013 Auzi, \u0219i ce crezi c\u0103 se \u00eent\u00e2mpl\u0103 dac\u0103 nu mai deschizi ochii?<\/p>\n<p style=\"text-align: justify;\">\u2013 Cred c\u0103 am s\u0103 mor.<\/p>\n<p style=\"text-align: justify;\">\u2013 De ce spui asta?<\/p>\n<p style=\"text-align: justify;\">\u2013 \u00cen fiecare clipire \u0219i fiecare moment \u00een care \u00eemi \u021bin ochii \u00eenchi\u0219i, viermele din interiorul meu m\u0103 consum\u0103.<\/p>\n<p style=\"text-align: justify;\">\u2013 Dar ce crezi c\u0103 vrea de la tine?<\/p>\n<p style=\"text-align: justify;\">\u2013 Nu \u0219tiu s\u0103 r\u0103spund, tu ce crezi?<\/p>\n<p style=\"text-align: justify;\">\u2013 Cred c\u0103 vrea s\u0103 nu mai fie, pare c\u0103 vrea s\u0103 moar\u0103 \u0219i el.<\/p>\n<p style=\"text-align: justify;\">\u2013 Atunci, de ce a luat na\u0219tere \u00een mine?<\/p>\n<p style=\"text-align: justify;\">\u2013 Tind s\u0103 cred c\u0103 e\u0219ti condamnat&#8230;<\/p>\n<p style=\"text-align: justify;\">\u2013 Dar n-am f\u0103cut nimic.<\/p>\n<p style=\"text-align: justify;\">\u2013 Poate din acest motiv. Dar ai vrea s\u0103 faci ceva?<\/p>\n<p style=\"text-align: justify;\">\u2013 Nu \u0219tiu sigur ce a\u0219 putea s\u0103 fac, m-am luptat mereu s\u0103 nu \u00eenchid ochii, n-am avut timp s\u0103 m\u0103 g\u00e2ndesc \u0219i la altceva.<\/p>\n<p style=\"text-align: justify;\">\u2013 Crezi c\u0103 viermele este ira\u021bional?<\/p>\n<p style=\"text-align: justify;\">\u2013 De ce spui asta?<\/p>\n<p style=\"text-align: justify;\">\u2013 De ce ar vrea s\u0103 te consume pe tine \u0219i pe el \u00een acela\u0219i timp?<\/p>\n<p style=\"text-align: justify;\">\u2013 A\u0219a se manifest\u0103 el.<\/p>\n<p style=\"text-align: justify;\">\u2013 Este aceast\u0103 manifestare ra\u021bional\u0103?<\/p>\n<p style=\"text-align: justify;\">\u2013 A\u0219 vrea s\u0103 cred c\u0103 da.<\/p>\n<p style=\"text-align: justify;\">\u2013 Crezi c\u0103 \u021bi-ar fi mai bine f\u0103r\u0103 el?<\/p>\n<p style=\"text-align: justify;\">\u2013 Probabil c\u0103 nu.<\/p>\n<p style=\"text-align: justify;\">\u2013 Dar de ce spui asta?<\/p>\n<p style=\"text-align: justify;\">\u2013 Acesta sunt eu. A\u0219a am fost mereu. Acesta este felul meu de a fi.<\/p>\n<p style=\"text-align: justify;\">2<\/p>\n<p style=\"text-align: justify;\">\n","protected":false},"excerpt":{"rendered":"<p>de\u00a0Corneliu Negru English version Nu \u00eenchide ochii, p\u0103streaz\u0103 mereu lumina in fa\u021ba ochilor. \u2013 Dar \u00eencerc s\u0103 fac acest lucru. \u2013 Poate nu \u00eencerci \u00eendeajuns. \u2013 De unde \u0219tii asta?<\/p>\n","protected":false},"author":2,"featured_media":0,"comment_status":"open","ping_status":"open","sticky":false,"template":"","format":"standard","meta":{"jetpack_post_was_ever_published":false,"_jetpack_newsletter_access":"","_jetpack_dont_email_post_to_subs":false,"_jetpack_newsletter_tier_id":0,"_jetpack_memberships_contains_paywalled_content":false,"_jetpack_memberships_contains_paid_content":false,"footnotes":""},"categories":[1356,27],"tags":[1291,1357,1117],"class_list":["post-12439","post","type-post","status-publish","format-standard","hentry","category-egophobia-56","category-filosofie","tag-corneliu-negru","tag-egophobia-56","tag-filosofie"],"jetpack_featured_media_url":"","jetpack_sharing_enabled":true,"jetpack_shortlink":"https:\/\/wp.me\/s6DakB-clipire","_links":{"self":[{"href":"https:\/\/egophobia.ro\/index.php?rest_route=\/wp\/v2\/posts\/12439","targetHints":{"allow":["GET"]}}],"collection":[{"href":"https:\/\/egophobia.ro\/index.php?rest_route=\/wp\/v2\/posts"}],"about":[{"href":"https:\/\/egophobia.ro\/index.php?rest_route=\/wp\/v2\/types\/post"}],"author":[{"embeddable":true,"href":"https:\/\/egophobia.ro\/index.php?rest_route=\/wp\/v2\/users\/2"}],"replies":[{"embeddable":true,"href":"https:\/\/egophobia.ro\/index.php?rest_route=%2Fwp%2Fv2%2Fcomments&post=12439"}],"version-history":[{"count":2,"href":"https:\/\/egophobia.ro\/index.php?rest_route=\/wp\/v2\/posts\/12439\/revisions"}],"predecessor-version":[{"id":12446,"href":"https:\/\/egophobia.ro\/index.php?rest_route=\/wp\/v2\/posts\/12439\/revisions\/12446"}],"wp:attachment":[{"href":"https:\/\/egophobia.ro\/index.php?rest_route=%2Fwp%2Fv2%2Fmedia&parent=12439"}],"wp:term":[{"taxonomy":"category","embeddable":true,"href":"https:\/\/egophobia.ro\/index.php?rest_route=%2Fwp%2Fv2%2Fcategories&post=12439"},{"taxonomy":"post_tag","embeddable":true,"href":"https:\/\/egophobia.ro\/index.php?rest_route=%2Fwp%2Fv2%2Ftags&post=12439"}],"curies":[{"name":"wp","href":"https:\/\/api.w.org\/{rel}","templated":true}]}}