{"id":12486,"date":"2019-02-25T08:12:54","date_gmt":"2019-02-25T06:12:54","guid":{"rendered":"http:\/\/egophobia.ro\/?p=12486"},"modified":"2019-02-24T21:36:47","modified_gmt":"2019-02-24T19:36:47","slug":"the-human-being-the-image-of-its-socially-induced-immitigable-destiny-and-the-yellow-vests","status":"publish","type":"post","link":"https:\/\/egophobia.ro\/?p=12486","title":{"rendered":"The human being, the image of its socially induced immitigable destiny and the \u201cyellow vests\u201d"},"content":{"rendered":"<p style=\"text-align: right;\">by\u00a0Ana Bazac<\/p>\n<p style=\"text-align: justify;\">Yes, when we are tempted to chitchatting about how clumsy are some people who cry \u201cwe can no longer stand all of that\u201d, we should think of our \u201chumanism\u201d cherishing the Man. But if we chatter \u201cin a humanistic mood\u201d, it means that we are comfortable doing this and, in our blindness framed by the nest of our speculative armchair, we imagine that \u201c<em>we<\/em> are the world\/the human beings\u201d in the name of whose we would be entitled to speak. Magnanimously, we would even concede that \u201ca man = a man\u201d, but we proudly expect that the <em>other<\/em> man we \u201crepresent\u201d to gladly accepts this representation, namely absolutely annulling its uniqueness that requires direct expression, and to being happy to being a \u201cwithout face\u201d illustration of the countless number of humans aligning behind \u201cthe man <em>we<\/em> are\u201d.<\/p>\n<p style=\"text-align: justify;\">More dryly, the fact that we cannot put ourselves in the situation of the other man but that, at the same time and with the recklessness given by conscience of our \u201csuperior\u201d place, we expect it does \u201cput itself in our situation\u201d and accept that this \u201cequivalence\u201d is normal and entitles us to being the only \u201crepresentatives\u201d of the humans, worth to be heard, shows the emptiness and vanity of the \u201chumanism\u201d we profess.<!--more--><\/p>\n<p style=\"text-align: justify;\">\n<p style=\"text-align: justify;\"><strong>***<\/strong><\/p>\n<p style=\"text-align: justify;\">\n<p style=\"text-align: justify;\"><strong>Who are the \u201cyellow vests\u201d?<\/strong><\/p>\n<p style=\"text-align: justify;\">\n<p style=\"text-align: justify;\">So, the \u201cyellow vests\u201d are mostly <em>petty wage earners, including part-time<\/em> \u2013 <em>workers <\/em>and <em>office workers<\/em> from the under middle classes, including those impoverished, paid with the minima\/social allocations \u2013 and very <em>vulnerable independents\/subcontractors<\/em> (as shopkeepers, artisans, <em>farmers<\/em>, little employers, and free lance contract technicians and artists)<a href=\"#_edn1\" name=\"_ednref1\">[1]<\/a>, all of them <em>not succeeding<\/em>, having or not families, <em>to make both ends meet<\/em>, <em>not having the safety of life that would allow the founding of a family and raising children<\/em>; and they began to protest less than three months ago. This majority was called \u2013 somehow after the model of international centre-periphery relations \u2013 \u201cthe peripheral France\u201d\/country, i.e. the poor urban and rural alike, now <em>socially<\/em> united, while before they were opposed, in front of the \u201ccentre\u201d of cities inhabited by the well-offs<a href=\"#_edn2\" name=\"_ednref2\">[2]<\/a>. But now, both the rural and urban poor \u2013 the so-called \u201cpopular neighbourhoods\u201d in the big cities \u2013 are more and more <em>politically<\/em> united in their protest<a href=\"#_edn3\" name=\"_ednref3\">[3]<\/a>: though there is still much to be done in this respect.<\/p>\n<p style=\"text-align: justify;\">Obviously, for the economic and political ruling \u201celites\u201d the mass and repeated manifestations of au fond \u201cintegrated\u201d ruled within the neo-liberal policies for more than three decades now were unexpected and considered to be dangerous. And because all the polls have showed that the majority of the French agreed with the \u201cyellow vests\u201d, the government has used the card of<\/p>\n<ul style=\"text-align: justify;\">\n<li><em>physical repression<\/em><a href=\"#_edn4\" name=\"_ednref4\">[4]<\/a> \u2013 \u201cpre-emptively\u201d attacking the \u201cyellow vests\u201d with tear gas, water guns and grenades and balls wounding, including gravely, thousands of them, in order to intimidate not only them but also all those who would have desired to join them \u2013 and<\/li>\n<li><em>legal repression<\/em>, infringing the limits of democratic laws<a href=\"#_edn5\" name=\"_ednref5\">[5]<\/a>, at the same time<\/li>\n<li><em>depicting them all, with the help of conscious lies <\/em>(called today \u201cfake news\u201d)<em> in the most repugnant colours <\/em>(as \u00a0racists, anti-Semites, sexists, intolerants)<a href=\"#_edn6\" name=\"_ednref6\">[6]<\/a>.<\/li>\n<\/ul>\n<p style=\"text-align: justify;\">The \u201cyellow vests\u201d manifest only on Saturdays, since they work hard all the week, and some of them have \u201coccupied\u201d traffic roundabouts in order to remember us that they do not quit (but since mid-December 2018, they were evacuated from there). \u00a0Since many of these petty wage earners are on the minimum and on part-time it\u2019s plausible that some ones of them may be violent, throwing stones or even Molotov cocktails at the police, and even wanting to break the signs of opulence, but though <em>in principle<\/em> they <em>never harmed people\/policemen without being attacked<\/em><a href=\"#_edn7\" name=\"_ednref7\">[7]<\/a><em> (on 9 February, the police officers being attacked first\u00a0 time since the beginning of the movement<\/em><a href=\"#_edn8\" name=\"_ednref8\"><em><strong>[8]<\/strong><\/em><\/a>, in fact <em>small groups<\/em> between them have produced harms<a href=\"#_edn9\" name=\"_ednref9\">[9]<\/a> and useless vandalism (as the overturning the bins, and the destruction of cars) which it\u2019s doubtful they will produce much empathy and from now on. Because though the burning of some cars is nothing in front of the ravages made by the 30 years of neo-liberalism<a href=\"#_edn10\" name=\"_ednref10\">[10]<\/a>, in fact the destruction of personal goods and also of public ones (as the bins) is irrational and harmful even for the \u201cyellow vests\u201d. \u00a0As it is well-known, <strong><em>the establishment covers with the violent facts \u2013 which obviously do not characterise the movement \u2013 its logic and reasons<\/em><\/strong>.\u00a0 And it is important that, though there are no <em>proofs <\/em>of the provocations \u2013 including of vandalism \u2013 made by police personnel, at the same time the involvement of this personnel in popular demonstrations in order to divert them is well-known<a href=\"#_edn11\" name=\"_ednref11\">[11]<\/a>. Anyway, and as a manner to show the gradual organization of the \u201cyellow vests\u201d, see the constitution of their own ordination service during manifestations<a href=\"#_edn12\" name=\"_ednref12\">[12]<\/a>, but also the fact that the <em>casseurs<\/em> were never halted by demonstrators. And the own ordination service is not permanent, thus efficient: there was the overturning of bins and other street violence even on February 9<sup>th<\/sup> and 16<sup>th<\/sup>. And even though it\u2019s plausible that the government as such would have had an interest in showing the ugly face of the \u201cyellow vests\u201d movement in its already 13<sup>th<\/sup> act, in fact <em>all the serious injures suffered by the demonstrators<\/em><a href=\"#_edn13\" name=\"_ednref13\"><em><strong>[13]<\/strong><\/em><\/a><em>, as well as the attacks to police officers, and the vandalism, do not serve the interests of the yellow vests<\/em> \u2013 on the very contrary \u2013 and <em>show only their fatigue, somehow exasperation (they were much lesser demonstrators on 9 February 9<sup>th<\/sup>) to manifest without any positive concrete end<\/em>. <strong><em>Does this fact urge them to pass to a new level of their attitude?<\/em><\/strong><\/p>\n<p style=\"text-align: justify;\">As active labour force \u2013 but also as unemployed\/never forgetting the spectre of unemployment \u2013 and pensioners of these humble social layers, the \u201cyellow vests\u201d are what were called the \u201cpopular classes\u201d, various groups marked by the service jobs they occupy in very fragmented work places, with corresponding levels of education and technical means. At first glance, we could call the popular classes as <em>proletarians<\/em>, i.e. those who have no\/no enough means of production in order to survive and thus are obliged to sell their capacity to work (so, <em>the proletarians are not only the classical workers in factories, but also \u2013 and the more so nowadays \u2013 those from the service sectors<\/em>, \u201cthe McDonalds workers becoming the steel workers of the twenty-first century\u201d<a href=\"#_edn14\" name=\"_ednref14\">[14]<\/a>). But because their appearance is not homogenous since they have different work and living places etc., and thus because their social fragmentation has led until now to political separation an vulnerability \u2013 they being not able to understand their proletarian nature \u2013 neither they have assumed this identity and nor the sociologists have described them as proletarians<a href=\"#_edn15\" name=\"_ednref15\">[15]<\/a>. However, the \u201csubaltern\u201d position in economy and work place is not enough to explain their dominated position: au fond, the violinists too, in an orchestra, do obey to the bandmaster, do they? Taking over this comparison from a famous one (in Marx), and thus making a difference between the \u201ctechnical\u201d submission and the social (as economic and political) one, we ought to assert that our first sight, that the <em>popular classes are proletarians<\/em>, is fully rightful. The problem is not the technical subaltern position, but the <em>class relations<\/em>.<\/p>\n<p style=\"text-align: justify;\">It was said that the \u201cyellow vests\u201d would represent rather the French white wage-earners and petty-bourgeois who denounce the infringement of their social contract as citizens with and in the state \u2013 and this national aspect might be used by the extreme-right forces to confiscate the movement \u2013<a href=\"#_edn16\" name=\"_ednref16\">[16]<\/a>: and since they were not yet massively joined by the mass of immigrant origin French<a href=\"#_edn17\" name=\"_ednref17\">[17]<\/a>, and that in fact the proportion of \u201cyellow vests\u201d who voted the extreme-right is significant<a href=\"#_edn18\" name=\"_ednref18\">[18]<\/a>, as well as of the supporters<a href=\"#_edn19\" name=\"_ednref19\">[19]<\/a>, would it not be absurd to deny the sundry character of the yellow vests and not only the <em>danger<\/em> to being confiscated by the extreme-right, but also the <strong>imperative to ask for forgiveness from all the immigrant origin co-nationals towards whose fight they did not show solidarity<\/strong>? As well as the <strong>imperative to<\/strong> <strong>ask for forgiveness from all the peoples from the \u201cSouth\u201d\/ countries imperialistically dominated though explicit colonial relations and different new neo-colonial ones?<\/strong><\/p>\n<p style=\"text-align: justify;\">The \u201cyellow vests\u201d\u2019 open discussion of all of these aspects is absolutely necessary: <strong>only through this discussion they may strengthen their unity, and not by ignoring them<\/strong>. In this discussion, they may emphasise that the different particularistic cultural standpoints \u2013 glorifying the national origin, the uncritically seen traditions, the original or different religions, or even other types of identities as the sexual ones \u2013 assumed by the immigrant origin French, but <em>not only by them<\/em>, have as root the <strong><em>weak consideration of the universal social criteria by the capitalist state and system<\/em><\/strong>. And just <strong><em>the capitalist state and system have induced the particularistic standpoints<\/em>: <em>in order to make the bulk of common people<\/em><\/strong> \u2013 of French or immigrant origin alike \u2013 <strong><em>to forget the necessity and their propensity toward universal values<\/em><\/strong>. There is not about a simple substitution of universal values with those of particular ones, and in no way are the cultures of differences the response to the \u201crevolutionary despotism\u201d of the French Revolution and its follow-ups \u2013 as Alain Finkielkraut stated<a href=\"#_edn20\" name=\"_ednref20\">[20]<\/a> \u2013 but about the transformation of the dominant ideologies (yes, <em>ideology<\/em><a href=\"#_edn21\" name=\"_ednref21\">[21]<\/a>, and not only \u201cculture\u201d) according to the conditions and interests of the dominant layers, whose spokespersons were the intellectuals, and certainly about the <em>from up to down transmission of the convenient dominant ideologies<\/em>. The fact that nowadays both some French and immigrant origin French \u2013 but certainly, here France is only a model corresponding to all the countries \u2013 have different xenophobic attitudes is caused just by the above explained phenomena. And since <strong><em>no xenophobic attitude is better than other one<\/em><\/strong> \u2013 see Alain Finkielkraut\u2019s attitude<a href=\"#_edn22\" name=\"_ednref22\">[22]<\/a> and his disclosing by Alain Badiou who has showed not only the opposition between humanistic universal values and the Alain Finkielkraut\u2019s particularistic national and ethnical identity, but also the evilness of the opposition of Finkielkraut\u2019s particularistic national and ethnical identity to the \u201cabstract and abject universality of the capitalist world market\u201d<a href=\"#_edn23\" name=\"_ednref23\">[23]<\/a> \u2013 the \u201cyellow vests\u201d must openly declare that, though there are between them some ones who express their social angry though xenophobic phrases, <strong>the \u201cyellow vests\u201d\u2019 ideology is directed toward the <em>causes<\/em> of these outcomes which they resolutely reject \u2013 as they already said \u2013<\/strong>, and thus those <strong>outcomes as such will disappear in the struggle against their causes<\/strong>. <strong>Only if the movement will be defeated, the ire at its basis<\/strong> \u2013 as at the basis of the general, even though vague, rejection of the system \u2013 <strong>might manifest through the form of particularistic hate<\/strong>: <strong><em>in no way is the movement as such a nursery of this hate, as the right-wing dominant media assert<\/em><\/strong><a href=\"#_edn24\" name=\"_ednref24\">[24]<\/a>.<\/p>\n<p style=\"text-align: justify;\">Yes, the \u201cyellow vests\u201d have considered with reserve the precise and inherently left-wing slogans which obviously <strong><em>exceed<\/em><\/strong> the <em>first demands related to taxes<\/em> (only to a more equitable distribution \u2013 but we know already from Marx that the separation of distribution from production\/from the property relations is absurd<a href=\"#_edn25\" name=\"_ednref25\">[25]<\/a> \u2013): but while <em>the first demands were similar to all the fiscal revolts as <\/em><em>Jacqueries<\/em>, <strong><em>the present conditions are different, so it was possible to change\/enlarge the demands<\/em><\/strong>. But the reserve of \u201cyellow vests\u201d towards precise left-wing slogans was the result that <em>they knew their amalgamate structure and feared to alienate a part without which their power would have been lesser<\/em><a href=\"#_edn26\" name=\"_ednref26\">[26]<\/a>. But since the social-economic condition of all lays under the same spectre of impoverishment, is it not <strong>the sign that they must surpass and abhor their old prejudices received from above<\/strong>? Indeed, the simple suspension of identities\/peculiarity of discourses does not give per se a \u201cyellow vest\u201d identity, but it is only its limit<a href=\"#_edn27\" name=\"_ednref27\">[27]<\/a>.<\/p>\n<p style=\"text-align: justify;\">And, just in order to attain their concrete economic demands of decent wages and pensions, does it not seem clear to them that <strong>they must outstrip them by addressing just the general features of the dominant policies, as social inequality, and the structural causes of these features<\/strong>? If <em>some demands may be transformed and reduced by the government in order to integrate them within the capitalist logic<\/em><a href=\"#_edn28\" name=\"_ednref28\">[28]<\/a>, at least for a while, <strong>is it not imperative to address the structural causes of their situation and of the never ending play with the late adjustment of wages to inflation<\/strong>?<\/p>\n<p style=\"text-align: justify;\">Is it not imperative to know that <strong>no deferment of the other neo-liberal reforms necessary to the present capitalism is sufficient neither to alleviate the situation of the many \u2013 and even letting aside the lack of future for them and their children \u2013 and nor to solve the huge global problems<\/strong>?<\/p>\n<p style=\"text-align: justify;\">\n<p style=\"text-align: justify;\"><strong>The extremely difficult road of coagulation<\/strong><\/p>\n<p style=\"text-align: justify;\">\n<p style=\"text-align: justify;\">Until February 5<sup>th<\/sup>, the \u201cyellow vests\u201d have manifested <em>alone<\/em>: because <em>no \u201cleft-wing\u201d party and union has expressed the solidarity with them<\/em>.<\/p>\n<p style=\"text-align: justify;\">This situation has double causes: <strong><em>one<\/em> <\/strong>is that nowadays the prevalent, very skilled, type of labour in the enterprises and the enterprises as such based on the competition of employees for less and less jobs do no longer favour the unity of employees; rather this unity is forged along the information channels (social media networks) and in the larger and common habitat (towns, villages\u2026), beyond the specific professional identities they have; and the <strong><em>other<\/em><\/strong> is, obviously, the <em>bureaucratic<\/em> character of all the \u201cleft-wing\u201d\/social-democratic type parties and unions, or rather of their <em>leadership<\/em> \u2013 the <em>official<\/em> \u201cleft-wing\u201d unmistakably <strong><em>representing<\/em> the interests of the employers\/dominant layers of society and seeking only to <em>adapt<\/em> the working classes to these interests, thus to forge a \u201cmanageable consensus\u201d, if not even to reject class antagonism<\/strong>; while the unofficial left-wing not being able to offer solutions, including because of the permanent quarrel and splitting of its branches \u2013.<\/p>\n<p style=\"text-align: justify;\">Only late, (January 25<sup>th<\/sup>) the CGT (Conf\u00e9d\u00e9ration G\u00e9n\u00e9rale des Travailleurs), but <strong><em>only pushed by the rank and file<\/em><\/strong>, has called for common manifestations, including for the general strike initiated by the \u201cyellow vests\u201d for February 5<sup>th<\/sup>, certainly with precise goals. In this call, the CGT would have succeeded to unite also the other unions<a href=\"#_edn29\" name=\"_ednref29\">[29]<\/a>. However, as the February 5<sup>th<\/sup> demonstrations show, though there were delegates from different \u201cleft-wing parties\u201d which wanted a \u201cconvergence\u201d with the \u201cyellow vests\u201d, the simple \u2013 and late, do not forget \u2013 desire to manifest near the vests, i.e. to signal that these parties would already have a mass support, just something which they lacked for decades, <strong><em>does offer nothing concrete to the \u201cyellow vests\u201d<\/em><\/strong>. \u00a0The duplicitous position of the unions \u2013 and parties \u2013 eventually pushed only by the simple members \u2013 is illustrated by both their positions towards internal and external situations<a href=\"#_edn30\" name=\"_ednref30\">[30]<\/a>. Even after the February 5<sup>th<\/sup> event, the leadership of CGT has distorted the real facts, showing not only its will to maintain the <em>exclusive focus on material demands<\/em>, but also its \u201cleadership of the \u201cyellow vests\u201d<a href=\"#_edn31\" name=\"_ednref31\">[31]<\/a>. It\u2019s thus no wonder that, at least until now, the \u201cyellow vests\u201d have directly expressed a deep rejection of (all) the parties, including the \u201cleft-wing\u201d ones, and unions, which all of them have these last decades only supported, even by mimicking opposition, the neo-liberal policies of the explicit right-wing.<\/p>\n<p style=\"text-align: justify;\">\u00a0Instead of being confident in the \u201cleft-wing\u201d party and unions bureaucracies, <em>some <\/em>of the \u201cyellow vests\u201d have gradually organized themselves by themselves: in local and departmental <strong><em>assemblies<\/em><\/strong> \u2013 which have met in an \u201cassembly of assemblies\u201d at the end of January and decided to organize new such assemblies of assemblies \u2013 and around <strong><em>Houses of the People<\/em><\/strong><a href=\"#_edn32\" name=\"_ednref32\">[32]<\/a>, calling also to a new national constituent assembly<a href=\"#_edn33\" name=\"_ednref33\">[33]<\/a>. This coagulation is similar to the tableau sketched by Sartre in his <em>Critique de la raison dialectique <\/em>where, working on Marx\u2019s model of class <em>in itself<\/em> and class <em>for itself<\/em>, he shows the transition of the humans from their existence <em>in series<\/em> (isolated, not recognising each other, not communicating each other) to that in <em>groups<\/em> (already communicating but only temporarily recognising each other) and in <em>organisations<\/em> (demonstrating their class conscience, but jeopardised by the \u2013 Sartre thought then that it\u2019s inherent \u2013 <em>bureaucratisation<\/em> of all type of organisations, namely <em>the distancing of their leadership from the slogans of consistent social transformation, and their explicit assumption of class consensus<\/em>).<\/p>\n<p style=\"text-align: justify;\">However, we must to worry: only few \u201cyellow vests\u201d have showed the above coagulation. Most of them seem to floating in the track dug by the wheels of the dominant ideology: \u201cwe are neither left nor right, we are the people\u201d, <em>as if<\/em> \u201cthe people\u201d would surpass class oppositions.\u00a0 But just this position \u2013 in fact, one of both extreme-right and self-destructive \u2013 of \u201cavoiding the left-wing goals and not competing the good reforms prepared by the government, because the movement of the vests is only a citizen one\u201d<a href=\"#_edn34\" name=\"_ednref34\">[34]<\/a> is giving them the final shot.<\/p>\n<p style=\"text-align: justify;\">At the same time, the \u201cyellow vests\u201d diverge concerning their future behaviour:<\/p>\n<ul style=\"text-align: justify;\">\n<li>to continue to manifest \u2013 and we saw the 13<sup>th<\/sup> act too full of vandalism, seeming just to inciting the right-wing rejection of the entire \u201cyellow vests\u201d movement \u2013, or<\/li>\n<li>to make a party (Jacqueline Mouraud and its<em> Les Emergents<\/em> \u2013 opposed to \u201cthe radicals\u201d of the movement<a href=\"#_edn35\" name=\"_ednref35\">[35]<\/a>), or<\/li>\n<li>to present nominees at the European elections<a href=\"#_edn36\" name=\"_ednref36\">[36]<\/a>, or<\/li>\n<li>to participate to the president Macron\u2019s debate<a href=\"#_edn37\" name=\"_ednref37\">[37]<\/a>,<\/li>\n<li>to refuse any political structuring remaining only at the level of <em>citizens<\/em>, as in the French Revolution of 1789<a href=\"#_edn38\" name=\"_ednref38\">[38]<\/a>;<\/li>\n<\/ul>\n<p style=\"text-align: justify;\">this divergence being not only a normal moment of their internal debate, but also the sign of divergence related to the <em>choice of a revolutionary way<\/em> and thus, the sign of the <strong><em>immense difficulty of surpassing the habitual fear of independent way in order to dislocating the existing rules<\/em><\/strong>.<\/p>\n<p style=\"text-align: justify;\">And if the \u201cyellow vests\u201d continue only to manifest (by showing all the above mentioned shortcomings, including because of the na\u00efve hope but also counterproductive blindness of some \u201cleft-wing\u201d intellectuals who do not mention them), the present \u201c<em>organic crisis<\/em>\u201d of the hegemony of the dominant class \u2013 with the disarticulation of the ways and institutions assuring the relative social cohesion of society, and with the loss of authority of all the institutions (showing their arbitrary behaviour, including their reinforcement, towards the legal one, and the increasing role of repression, including the imposition of the state of exception<a href=\"#_edn39\" name=\"_ednref39\">[39]<\/a>) \u2013 does not transform into a \u201c<em>revolutionary crisis<\/em>\u201d that supposes just the efficient level of organisation of the ruled<a href=\"#_edn40\" name=\"_ednref40\">[40]<\/a>.<\/p>\n<p style=\"text-align: justify;\">\n<p style=\"text-align: justify;\">Once more, from a descriptive sociological standpoint, the \u201cyellow vests\u201d represent the lower strata of the middle class, those which bear the <em>casualization <\/em>and <em>impoverishment<\/em> generated by the reduction of the post-war welfare state, the <strong><em>difference between these lower middle strata and the classical working class submitted to the same rules and policies being already ungraspable<\/em>. <\/strong><\/p>\n<p style=\"text-align: justify;\">From an activist sociological viewpoint, the \u201cyellow vests\u201d emphasize that, when the different <em>class organizations<\/em> \u2013 in parties and unions \u2013 <em>do no longer work<\/em>, i.e. when the bureaucracies from the leadership of these organizations have deceived their members<strong>, the need of <em>independent<\/em> (from these bureaucracies) organisation<\/strong> is essential and hence the <strong>need of <em>radical change <\/em>of society<\/strong>.<\/p>\n<p style=\"text-align: justify;\">Indeed and inherently \u2013 and letting here aside the political common hate towards Macron, a <em>political symbol<\/em> of both the upper strata and the \u201cneutral\u201d technocracy that implements their goals<a href=\"#_edn41\" name=\"_ednref41\">[41]<\/a> \u2013 the \u201cyellow vests\u201d <em>began<\/em> their revolt in the name of some demands related to internal tax economic policies<a href=\"#_edn42\" name=\"_ednref42\">[42]<\/a>. But <strong><em>some of them<\/em><\/strong> quickly enlarged their pattern \u2013 <em>from demands to clear objectives<\/em>: though these ones refer to internal policies, they are intertwined with the <em>international <\/em>politics (as in the document manifesto for a constituent assembly)<a href=\"#_edn43\" name=\"_ednref43\">[43]<\/a>. In this manifesto, an interesting theorization explains that <em>since the global capitalism has unified the entire world<\/em>, the <strong><em>class struggles too are related and continue each other<\/em><\/strong>. Consequently, the \u201cyellow vests\u201d movement is not \u201canti-globalization\u201d \u2013 as some right-wing analyses said \u2013 and is conscious about and open to the <em>complex character and multi-valence of globalization<\/em>. At the same time, the manifesto declared that \u201cit is not the institutional reforms like the popular initiative referendum which will change the economic order that gives shape to this policy in the service of the predators and exploiters\u201d and, as in the very important document announcing <strong><em>radical<\/em><\/strong> goals<a href=\"#_edn44\" name=\"_ednref44\">[44]<\/a>, the exit from NATO, European Union and euro was underlined, as necessary condition for a new type of politics. In other words, even though these aspects concern only partially the international relations, they <strong><em>already question not only the national but also the international militarist policy, the arm race, the wars<\/em><\/strong><a href=\"#_edn45\" name=\"_ednref45\">[45]<\/a>, thus how is a <strong>restructuring of production toward <em>use values<\/em><\/strong> possible, stating that it is <strong><em>possible only<\/em> <em>outside and opposed to this capitalist politics<\/em><\/strong>. And finally, that <strong><em>only the above strategic transformation will<\/em><\/strong><strong><em> annul the distinctions of origin and colour which make absurd and harmful divisions between people<\/em><\/strong><a href=\"#_edn46\" name=\"_ednref46\">[46]<\/a>.<\/p>\n<p style=\"text-align: justify;\">The <strong><em>internationalist <\/em><\/strong>tendency is not \u201cone between many\u201d in the popular movements, only showing the \u201cnormal diversity of points of view\u201d, but the only that emphasises the <strong><em>core<\/em><\/strong><a href=\"#_edn47\" name=\"_ednref47\">[47]<\/a> of capitalist logic and thus the <strong><em>direction<\/em><\/strong> of the popular attacks against it, in this way substantiating the <em>large solidarity every local anti-capitalist movement needs<\/em>. Indeed, and as long ago the Marxian writings have demonstrated, capitalism is a <em>world<\/em> system<a href=\"#_edn48\" name=\"_ednref48\">[48]<\/a> and its component <strong><em>structural<\/em> <\/strong>relations \u2013 <strong><em>exploitation<\/em><\/strong> of the labour force and <strong><em>competition<\/em><\/strong> between both capital owners and members of the working classes \u2013 take place including on world scale, so <em>another structural relation<\/em> is the one of (as later on they were called) <strong><em>centre<\/em> <\/strong>capitalist countries\/dominant layers and <strong><em>peripheral<\/em> <\/strong>or dependent countries and their labour forces. Accordingly, <strong><em>capitalism is inherently imperialist<\/em><\/strong>, namely capitalism seeks for larger and larger \u201c<em>Lebensraum<\/em>\u201d, different colony <em>types<\/em> countries, as a basis of as cheaper as possible raw materials, but also markets, for its profit. Certainly, only the stronger dominant layers\/countries exert imperialism in a visible way, but are all the capitalist \u201ccomparative advantage\u201d (Ricardo) exchanges not the manifestation of theses world imperialist relations? Hence the <strong><em>necessity of trans-national<\/em><\/strong><em>\/ <strong>internationalist solidarity<\/strong><\/em> of all the oppressed classes: starting just from the trans-national interests of the oppressed classes\/from the <strong>trans-national position of these classes in front of the world capital<\/strong>.<\/p>\n<p style=\"text-align: justify;\">Thereupon, the internationalist solidarity requires the explicit recognition by the popular layers from the imperialist countries that they have difficultly arrived to the understanding of imperialist relations because they have benefited from them and were willing to appropriate the imperialist ideologies legitimating the imperialist relations. This recognition means to not accept at all the imperialist warfare, i.e. to not put the attitude towards the imperialist relations only at a secondary place (\u201dthe first being the welfare of the citizens\u201d of the imperialist country): on the contrary, an <strong>internationalist standpoint excludes any hierarchy of the values of internal and international policies<\/strong><a href=\"#_edn49\" name=\"_ednref49\">[49]<\/a>.<\/p>\n<p style=\"text-align: justify;\">Therefore, we must clarify that within the \u201cyellow vests\u201d movement there is also a <em>tendency <\/em>that is not\/no longer an anti-tax movement, neither an anti-globalization, neither an anti-UE movement, and nor only an \u201canti-neo-liberal\u201d one (as if only neo-liberalism would be harmful, and would be an \u201caccident\u201d that may be eradicated). \u00a0It is a raising <em>internationalist<\/em> tendency<a href=\"#_edn50\" name=\"_ednref50\">[50]<\/a> that, <em>if prevails<\/em>, is the <strong>only that builds the success of all the sentiments of revolt and aspirations to a dignified life<\/strong>. \u00a0The above-mentioned document about the <strong><em>radical<\/em><\/strong> goals declares:<\/p>\n<ul style=\"text-align: justify;\">\n<li>the necessity to nationalize and socialize the activity of banks, pharmaceutical structures, the public services, the information,<\/li>\n<li>to organize permanent local assemblies everywhere,<\/li>\n<li>to organize the economy according to the production of <em>use values<\/em> and not of exchange values;<\/li>\n<\/ul>\n<p style=\"text-align: justify;\">in other words, an <strong>explicit <em>anti-capitalist<\/em> character<\/strong>, and just around this possible anti-capitalist turn there are nowadays the harshest battle of the establishment, that to temper this revolutionary posture. At the same time, as the entire movement is in progress, <strong>its more explicit <em>internationalist<\/em> tendency must be advanced and provided: just in order to perform the anti-capitalist character, i.e. the <em>efficiency<\/em>, actually the <em>reason to be<\/em> of the entire raising<\/strong>.<\/p>\n<p style=\"text-align: justify;\">Consequently, the only move of the \u201cyellow vests\u201d that would prevent them not deterring and dissolving is their <strong>organization around <em>class<\/em> and <em>international <\/em>goals<\/strong>. The <em>organization is more than a movement<\/em>, being much more democratic<a href=\"#_edn51\" name=\"_ednref51\">[51]<\/a> and efficient than a permanent protest, and more than a Forum of discussions<a href=\"#_edn52\" name=\"_ednref52\">[52]<\/a>. As well as, <strong>the class organisation of the \u201cyellow vests\u201d<\/strong> \u2013 while logically showing that the suppression of the big owners of capital <em>as class<\/em> is certainly a violent principle but the <em>concrete violence of this suppression depends only on the opposition of the dominant layers<\/em> \u2013 <strong><em>excludes any useless violence that only harms this class organisation<\/em><\/strong><a href=\"#_edn53\" name=\"_ednref53\">[53]<\/a>. From this standpoint, the observations of Susan George in 2004 are very pertinent: \u201c\u2018They\u2019 will try to incite us to practice violence (..against small shops and ordinary people\u2019s cars..) because it is dangerous\u2026for ourselves and the goals we profess to defend\u2026(it) directs the media and therefore the public away from the message of ninety-nine percent of the movement and attract attention only to the actions of a tiny minority\u2026violent groups are usually dressed alike and masked and are thus easily infiltrate by police and fascist elements\u2026it is not terribly intelligent, tactically speaking, to confront the state where it is strongest, on the terrain of its \u2018monopoly of legitimate violence\u2019\u2026violence discourages many people from participating in mass demonstrations\u2026contrary to what violent elements claim, violence against people and property strengthens rather than weakens capitalism\u2026\u201d<a href=\"#_edn54\" name=\"_ednref54\">[54]<\/a>. And just because of this higher level of understanding, have the \u201cyellow vests\u201d expressed their firm condemnation of all types of racism expressed within their movement, although this movement was characterised from its beginning as racist etc. by the officials who should have defended the right to manifest \u2013 and for good reasons<a href=\"#_edn55\" name=\"_ednref55\">[55]<\/a>.<\/p>\n<p style=\"text-align: justify;\">This means the understanding by the \u201cyellow vests\u201d of the <strong>necessity of <em>class<\/em> and <em>internationalist<\/em> goals<\/strong>: <strong>only these goals and their understanding <em>generate the concrete forms of organisation and organisms<\/em><\/strong>.\u00a0 Only these goals and their understanding arrive to suppressing the power of domination\/as we call it, the power of dominant classes and of their institutions: and to <strong>substituting this <em>power of domination <\/em><\/strong>\u2013 generating arbitrariness of decisions through\/because of just this power of domination \u2013<strong> with the <em>power of authority of logical arguments in the service of the abrogation of the socially induced suffering of the many<\/em><\/strong>. Therefore,\u00a0 it is not here about a simple substitution of the power of domination from some bearers to other ones \u2013 nothing such as the ancient Saturnalia when the Roman slaves were served by their masters three days \u2013 but about the <strong>suppression of the power of domination as such<\/strong>, about the <strong>transformation<\/strong> of the <strong><em>criteria<\/em><\/strong> of the necessary <strong><em>technical authority<\/em><\/strong>, <strong><em>organisation<\/em><\/strong> thus <strong><em>hierarchy<\/em><\/strong>: these <strong>transformed<\/strong> criteria are efficient at the same time from the standpoint of the whole system and from the viewpoint of each human individual.<\/p>\n<p style=\"text-align: justify;\">\n<p style=\"text-align: justify;\"><strong>The time factor, obstacles and generators<\/strong><\/p>\n<p style=\"text-align: justify;\"><strong>\u00a0<\/strong><\/p>\n<p style=\"text-align: justify;\">But again, and though the movement is young, the big problem is <strong><em>to not waste time<\/em><\/strong>: for if the time is \/will not be densely full of promising <strong><em>contents<\/em><\/strong> for the millions of \u201cyellow vests\u201d, contents which will show <strong><em>that the destiny of their life may be changed<\/em><\/strong> and <strong><em>they will be the authors<\/em><\/strong>, many of them will discourage. And <em>their lives will unwind under the sign of sorrow<\/em>.<\/p>\n<p style=\"text-align: justify;\">\n<p style=\"text-align: justify;\">Just to not waste time \u2013 and although there is an inherent <em>continuity<\/em> of the struggle <em>within the system<\/em> and the struggle <em>against the system<\/em> \u2013 just on the basis of this <em>continuity<\/em> the <strong>explicit <em>goals must be revolutionary<\/em><\/strong>. But it\u2019s very difficult. And it\u2019s possible to lose the present, indeed, pre-revolutionary moment.<\/p>\n<p style=\"text-align: justify;\">We must state: <strong><em>to blame for the losing of the present moment <\/em><\/strong>\u2013 <strong>cardinal for the survival of the human species and the Earth too<\/strong> \u2013 for the drifts and breakdown of the \u201cyellow vests\u201d, <strong><em>if their movement proves to be inefficient<\/em><\/strong>, <strong>are the <em>left-wing parties\u2019 and unions\u2019 bureaucratic leaderships<\/em> which betrayed the mass of their organizations<\/strong>, which never understood that <strong>there is no \u201cthe third way\u201d between capitalism and socialism<\/strong>; and the <strong>so-called <em>\u201cprogressive\u201d\/even \u201cleftist\u201d intellectuals<\/em><\/strong>. All of these intellectuals <strong><em>sought to avoid<\/em><\/strong>, through the medium of their speculations, the possibility \u2013 and certainly the necessity \u2013 of the abolition of capitalism. These intellectuals \u2013 whose main subliminal message was and is \u201clook what a clever man I am\u201d \u2013 showed\/show how <em>theoretically deficient<\/em> are their finds <strong><em>stopping<\/em><\/strong> at the level of criticism of capitalism\/of capitalist culture (and <strong><em>as if<\/em> this culture would have nothing to do with the capitalist structural relations<\/strong>), of criticism of the old theories about proletarians and of the present \u201cinadequacy\u201d of the popular classes to the goal of structural change; and speaking about the abstract man desired by \u201creforms\u201d and \u201cdemocracy\u201d; and diverting the attention <em>from the agenda of the popular classes<\/em> to <em>the agenda of those able<\/em> to give the good hierarchy of information, as Macron said<a href=\"#_edn56\" name=\"_ednref56\">[56]<\/a>, and the <em>permanent discussion about persons<\/em> and not about policies<a href=\"#_edn57\" name=\"_ednref57\">[57]<\/a>.<\/p>\n<p style=\"text-align: justify;\">Actually, <em>all of these intellectuals have contributed to the both subliminal and explicit watchword of the powerful: \u201cthere is no alternative\u201d<\/em>.\u00a0 (See, for example, the taking over by these intellectuals of the dominant agenda where the \u201cpolitically correctness\u201d is \u201cspecialised\u201d and where there is no place for rational arguments against irrationality and barbarism, but only for a simple rejection (with or without marches etc.) that, obviously, does not attain the \u201cright to opinion\u201d and \u201cpluralism\u201d<a href=\"#_edn58\" name=\"_ednref58\">[58]<\/a>). \u00a0But <strong><em>the deep tendency of the \u201cyellow vests\u201d, just through the tenacity of not stopping, has signalled that \u201cyes, there is an alternative\u201d.<\/em><\/strong><\/p>\n<p style=\"text-align: justify;\">Imagine that such an intellectual said that both Macron and the \u201cyellow vests\u201d \u201cignore\u201d how to fit the \u201cecological transition\u201d and the \u201csocial justice\u201d; <strong><em>what kind of \u201cecological transition\u201d that leaves untouched the destruction of environment by wars and all the connected activities?<\/em><\/strong> \u00a0And what is the value of focus on the \u201csocial justice\u201d \u201cin a country\u201d<a href=\"#_edn59\" name=\"_ednref59\">[59]<\/a>, so lying within the world capitalist ocean? May a policy of social justice taking place in a country operating according to the capitalist principles of searching and aiming at the exchange value, last for long? And with which results: for both the environment and other peoples?<\/p>\n<p style=\"text-align: justify;\">Most of these intellectuals criticize the system through is manifestations and results, i.e. <em>the phenomena<\/em>, but <strong><em>do not arrive to their structural causes<\/em><\/strong>.\u00a0 There are few who point these structural causes, but they remain within the pattern of emphasizing the difficulty of the revolutionary transformation of capitalism, and the necessary compromise to both accept the standpoint of Western \u201cuniversal\u201d human rights<a href=\"#_edn60\" name=\"_ednref60\">[60]<\/a> and the <em>ex machina<\/em> leaders who will \u201cshow\u201d to the popular classes that they cannot realize their demands in the present system<a href=\"#_edn61\" name=\"_ednref61\">[61]<\/a>.\u00a0 All of these intellectuals are far from the real compassion Schopenhauer has emphasized long ago, and postpones the development of solutions.<\/p>\n<p style=\"text-align: justify;\">But the <em>model <\/em>of \u201cyellow vests\u201d movement\/ their attitudes is very important to understanding the <em>general political conscience<\/em>. And the model of \u201cyellow vests\u201d shows that, though it is difficult to grasp the causes and articulations of contradictory aspects within the capitalist system \u2013 on the one hand, <strong>the system itself exhibits its horribly irrational and destructive faces<\/strong>, and on the other hand it comprises benevolent people, benevolent discourses and beneficial practices \u2013 and thus the reaction to simply protest and claim would seem to being the only one possible, <strong><em>just the present moment, after experiencing many years of the prevalence of the irrational and destructive faces over the beneficial ones, is that of the general awakening<\/em><\/strong>. And although the official intellectuals still emit the idea of <em>differences and separation<\/em> <em>between requests<\/em>, and thus the idea of and <em>separation between policies<\/em> \u2013 and \u201creforms\u201d alleviating the problems being the objects of requests \u2013 <strong><em>as if<\/em> the ecological problems would nothing to do with the capitalist logic<\/strong>, or the problems of distribution of wealth would nothing to do with the capitalist property \u2013 actually, they not only do but <strong>people are\/have to understanding the imperative of acting together against capitalism as such<\/strong>.<\/p>\n<p style=\"text-align: justify;\">At the same time with the yellow vests protests, the raising of a <strong>youth strike climate<\/strong> movement<a href=\"#_edn62\" name=\"_ednref62\">[62]<\/a>, and irrespective of the manoeuvres used at its beginning \u2013 capitalism trying to using as its own instrument every criticism and opposition \u2013<a href=\"#_edn63\" name=\"_ednref63\">[63]<\/a>, has already spread in many countries and is aiming at the \u201cchange of the rules\u201d and not only at begging the leaders<a href=\"#_edn64\" name=\"_ednref64\">[64]<\/a>. The youth are the sons and daughters of the \u201c\u201dyellow vests\u201d and thus both <strong><em>have to unite around radical goals understood by both<\/em><\/strong><a href=\"#_edn65\" name=\"_ednref65\">[65]<\/a>.<\/p>\n<p style=\"text-align: justify;\">\n<p style=\"text-align: justify;\"><strong>Decisive questions in a decisive moment<\/strong><\/p>\n<p style=\"text-align: justify;\">\n<p style=\"text-align: justify;\">The present moment is historical, indeed, a bifurcating one. The determination of the establishment <em>manifests through repression without mercy. <strong>The leaders are arrested and jailed<\/strong>. <\/em><strong>What next<\/strong>?<\/p>\n<p style=\"text-align: justify;\">To all the <strong><em>variants avoiding the revolutionary way<\/em><\/strong> we have to put the <strong><em>pragmatic<\/em> <\/strong>questions:<\/p>\n<p style=\"text-align: justify;\"><em>&#8211; <\/em><strong>What do they expect for\/what do they expect from all these variants<\/strong>, from simple manifestations, or from strikes \u2013 even general \u2013, or from petitions signed by as many as it\u2019s possible<a href=\"#_edn66\" name=\"_ednref66\">[66]<\/a>, or from the election in the European Parliament<a href=\"#_edn67\" name=\"_ednref67\">[67]<\/a>, as well as in the national one, or from the discourses of Macron in his \u201cgrand national debate\u201d where he wants to better integrate the common people by allocating more money to suburbs<a href=\"#_edn68\" name=\"_ednref68\">[68]<\/a> and regions, but <strong><em>without changing the processes <\/em><\/strong>which led to the exasperation of people<strong>?<\/strong><\/p>\n<p style=\"text-align: justify;\">&#8211; The official behaviour, including a formidable discursive manipulation and the promise of reforms accepting the \u201cyellow vests\u201d demands, directs the general state of mind toward the halting of the movement\/at least, the manifestations. Well, <strong>what do people expect from this halting?<\/strong> And how would they explain both the starting and the halting of the movement? <strong>What for<\/strong>\/ <strong>what is the reason to be of all this huge expenditure of human energy?<\/strong><\/p>\n<p style=\"text-align: justify;\">And <strong>would it not be to betray the wounded in the previous demonstrations if one only continues to taking the street <em>without other finality than to wait for\/to obtain a reduction of taxes at the common people, a more progressive tax law and a little reallocation of money, or other miracle<\/em>? <\/strong><\/p>\n<p style=\"text-align: justify;\"><strong>How can we protest against plants\u2019 closures<\/strong> (as now in the USA, Mexico and Canada) \u00a0when the logical capitalist answer is that, simply, the cars and other merchandises produced there can no longer be sold, thus their production is not efficient? And in fact, <strong><em>does this capitalist answer not show that capitalism itself prepares its own disappearance<\/em>?<\/strong> <strong>May we limit ourselves at the call of solidarity against the closures of plants, without understanding that <em>no general solidarity of workers is enough to solve the problem of irrational capitalist production for profit, without being solidarity to overthrow capitalism as such<\/em>? <\/strong><\/p>\n<p style=\"text-align: justify;\">\u00a0<strong>How can we protest for jobs when we perfectly know that both the present level of technology and the present tendency in consume <em>limit the number of jobs in the capitalist regime of economy<\/em>?<\/strong> <strong>How can we protest for a \u201creal politics of growth\u201d<\/strong> (as in Italy on February 10<sup>th<\/sup>), <strong>we perfectly knowing that this politics has malign results on the environment and simply it is no longer possible, because of the huge development of technology and productivity everywhere and thus because of the huge international competition?<\/strong><\/p>\n<p style=\"text-align: justify;\"><strong>Is it not clear that our unification for <em>our demands in the frame of capitalist economy has no efficiency<\/em>, and thus that <em>we need to propose anti-system models<\/em>?<\/strong><\/p>\n<p style=\"text-align: justify;\">Do we not risk to looking as children who only pretend, without understanding the causes and situations? Who\/which institutions are interested to make us so unintelligent? So, <strong>is it not <em>more logical and efficient to act on the causes<\/em>, and thus to transform the goals and logic of economy so as the end to be the production of <em>use values<\/em>, and not of exchange values?<\/strong> And <strong>in order to make this transformation is it not necessary to <em>everywhere<\/em> nationalize the big means of production and economy? <\/strong><\/p>\n<p style=\"text-align: justify;\"><strong>What do we expect from the partial, local and <em>insufficient<\/em> ecological measures even at this level that leaves untouchable the <em>waste<\/em> of matter, energy and information from the <em>war<\/em> production and also from the advertisement industry<\/strong><a href=\"#_edn69\" name=\"_ednref69\">[69]<\/a> <strong>that, in capitalism, exceeds the costs and importance of production and social services? <\/strong><\/p>\n<p style=\"text-align: justify;\"><strong>How to call for \u201ca peaceful solution of the political crisis of Venezuela\u201d, i.e. \u201cUS and EU Must Refrain from Interfering in the Domestic Affairs of Venezuela<\/strong><a href=\"#_edn70\" name=\"_ednref70\">[70]<\/a>\u201d, <strong>when we all of us have seen that the <em>interference, irrespective of its forms, is a structural<\/em>, because efficient, means of capitalism to impose the zero sum pattern of relations in favour of, obviously, the strongest, thus lasting, capitalism?<\/strong><\/p>\n<p style=\"text-align: justify;\"><strong><em>How can we think that the capitalist \u201cbusiness as usual\u201d, proven to be irrational and harmful both internally and worldwide would bring something \u201cmore\u201d\/good?<\/em><\/strong><\/p>\n<p style=\"text-align: justify;\"><strong>How can we hope that the irrationality of hyper-consume<\/strong><a href=\"#_edn71\" name=\"_ednref71\">[71]<\/a>, <strong>of rules infringement by the companies<\/strong><a href=\"#_edn72\" name=\"_ednref72\">[72]<\/a>, <strong>of ecological rules and the deep ecological crisis, of waste and ignorance of the secondary\/undesirable output of economic activities (as the nuclear waste) would disappear while <em>at the same time we expect the continuation of capitalist growth<\/em>?<\/strong> <strong>Do we not understand that in order to solve the aberrant economic and social phenomena, <em>we have to re-orientate the ends and mechanic of economy<\/em>? Do we not understand that in order to no longer externalize in society the economic losses we need to consider the social gains as economic gains? <\/strong><\/p>\n<p style=\"text-align: justify;\"><strong>How may one pass to the production of <em>use values<\/em> without the demolition of capitalism<\/strong>, and <strong>how may one solve the \u201cinadequacy of capital accumulation\u201d because of the \u201ctapping off\u201d the \u201cstocks of natural deposits, of various forms of free energy and above all of that peculiar energy which is accumulated in the body of living organisms\u201d<a href=\"#_edn73\" name=\"_ednref73\">[73]<\/a> otherwise than by the transition to use values?<\/strong><\/p>\n<p style=\"text-align: justify;\">And <strong>how may one solve the thermodynamic equilibrium of the globe and outer space \/ the use and exhaustion of stocks and energies, including by wasting them, without a \u201cminimal bioeconomic program\u201d<\/strong> \u2013 i.e. <strong><em>\u201cthe production of all instruments of war, not only of war itself, should be prohibited completely\u201d<\/em><\/strong>, <strong><em>\u201cwell-planned and sincerely intended measures\u201d<\/em><\/strong>, transition to \u201c<strong><em>organic agriculture<\/em><\/strong>\u201d worldwide, \u201c<strong><em>all waste of energy &#8212; by overheating, overcooling, overspeeding, overlighting, etc. &#8212; should be carefully avoided, and if necessary, strictly regulated<\/em><\/strong>\u201d, \u201c<strong><em>durable goods be made still more durable by being designed so as to be repairable<\/em><\/strong>\u201d, to have \u201c<strong><em>a substantial amount of leisure spent in an intelligent manner<\/em><\/strong>\u201d<a href=\"#_edn74\" name=\"_ednref74\">[74]<\/a> \u2013 <strong>thus, otherwise than by the transition from capitalism to socialism? Or may we expect a permanent material progress through the progress of technology \u2013 the \u201cfaster and easier\u201d deplored by Georgescu-Roegen, and integrated in what Stengers said to be the present science subordinated to the (present stage of) capitalist system<\/strong><a href=\"#_edn75\" name=\"_ednref75\">[75]<\/a><strong> \u2013 and by extorting more and more matter and energy from our environment in order to expand the wasteful individual consume as being the <em>reason to be<\/em> of the human animals? Do we not know that the technological progress does not allow the reduction of material waste and disequilibria<\/strong><a href=\"#_edn76\" name=\"_ednref76\">[76]<\/a><strong>? Do we not need of <em>ideals<\/em> related to this <em>reason to be<\/em> of the humans and every human individual?<\/strong><\/p>\n<p style=\"text-align: justify;\"><strong>\u00a0<\/strong><\/p>\n<p style=\"text-align: justify;\"><strong>Perils of blind alleys<\/strong><\/p>\n<p style=\"text-align: justify;\"><strong>\u00a0<\/strong><\/p>\n<p style=\"text-align: justify;\">If the \u201cyellow vests\u201d and all the forces which protest do not offer a clear <strong><em>alternative programme<\/em><\/strong>, but only some demands concerning the purchasing power of the many and a referendum initiated by citizens, they will really lose and disappear. Even though their focus on the purchasing power is not only the result of their precarious condition \u2013 that objectively leads to demands related to the support of life itself \u2013, but also <strong><em>the signal that only through \u201cinstitutional measures\u201d<\/em><\/strong> \u2013 as the government and president intend (see the \u201cgrand debate\u201d around taxes, ecological transition, democracy and citizenship) \u2013 <strong><em>it\u2019s not possible to smoothing the present deep social conflict<\/em><\/strong>: this is accepted even by the ruling strata of employers<a href=\"#_edn77\" name=\"_ednref77\">[77]<\/a>.<\/p>\n<p style=\"text-align: justify;\">\u00a0\u00a0 \u00a0\u00a0\u00a0\u00a0\u00a0\u00a0\u00a0\u00a0 Unfortunately, there are some benevolent intellectuals who \u2013 by correctly criticising those \u201carrogant\u201d public intellectuals who oppose to the grassroots attempts of the \u201cyellow vests\u201d to being, nor alone, of course, a valuable opposition force to the present capitalist governance<em> only ideas<\/em>, and no involvement into the movement, and ideas concerning <em>only the critique<\/em> of the \u201cyellow vests\u201d\u2019 demands and inconsistencies \u2013 at the same time induce to the vests some very incorrect\/inefficient hopes.<\/p>\n<p style=\"text-align: justify;\">The article of Boris Kagarlitsky is illustrative and very useful for all of us. Indeed, the author rightfully criticises \u017di\u017eek \u2013 who denounces \u201cpopulism\u201d without defining it but suggesting that the popular demands would be \u201cpopulist\u201d\/ so worth to be rejected; thus \u017di\u017eek behaves as a non-philosopher, since he does consider neither the historical and social origin of the concept of populism and nor its different and opposed meanings \u2013 but unfortunately adopts an inconsistent standpoint. For yes, \u017di\u017eek is <em>right when saying that the decent and meaningful life of the many is not possible in the present system<\/em> and he does not doubt about the complexity of step by step attempts to practically understand and impose efficient measures of social control, he only deems that the type of \u201cyellow vests\u201d\u2019 demands are, on the one hand, no longer possible to be meet in the present phase of capitalism and on the other hand, denote the contradictory character and reductionism the ruled have been formed by capitalism. And he is right, with all his aphoristic speech.<\/p>\n<p style=\"text-align: justify;\">Or, Kagarlitsky thinks that \u201cyellow vests\u201d\u2019 demands may be meet because there were times when these demands were fulfilled, and only the ugly neo-liberalism from the last 30 years has overthrown the previous social reforms; thus, it would be possible to have them \u201cwithin capitalism\u201d.<\/p>\n<p style=\"text-align: justify;\">Well, if the author would joke he would be welcomed. More is the pity he does not. He considers \u2013 in the same line with right-wing liberals criticising globalisation and thinking that the return of a Keynesian economics would bee possible by the taxing of land and polluters (Stiglitz<a href=\"#_edn78\" name=\"_ednref78\">[78]<\/a>), but also with all the \u201cleft-wing\u201d parties and unions\u2019 bureaucracies protesting in the name of the former welfare state \u2013 that it would\/will be a hard work in order to create \u201cnew forms and new possibilities for its (i.e. welfare state\u2019s) development\u201d, but nevertheless it is possible, and even easy. For the author, the problem is thus not the financial revenues from which the mass welfare may be fulfilled \u201cwithin the existing capitalist economy\u201d: \u201cOne can create effective state enterprises, and use the profits for social needs. One can increase taxes on large corporations, or at least take away some of the tax benefits the transnationals enjoyed in almost all countries in the last decade. One can reduce the benefits for the upper layers of bureaucracy, and stop wasting resources on the meaningless \u2018prestigious\u2019 projects, one can cut spending on the repressive apparatus, or one can fight corruption more effectively\u201d; the problem is simply that the ruling elites want not because those measures would \u201ccontradict their interests\u201d. But why do the ruling elite not want those measures? The author does not descend to this trivial aspect; but just this aspect emphasises that <strong><em>in the present phase of capitalism, with so many suppliers on the world market, thus a so huge competition, as well as a so high technical level and thus productivity, the profit rate generally decreases<\/em><\/strong> and the only means of capitalists to compensate it is to economize all the money which are not private profit, on a priority basis necessary to reinvest in speculation and the buying of common goods. (And obviously, no <em>reduction<\/em> of benefits of the upper layers of bureaucracy and no cuts in the costs of the repressive apparatus may be done, since the upper layers of bureaucracy are part and parcel of the ruling elites, while the repressive apparatus is necessary to them as the air is).<\/p>\n<p style=\"text-align: justify;\">The fact that most of the demands were realised during the welfare state was the result of the <em>national <\/em>character of capital-labour force: namely, the capital had at its disposal only the national labour force that ought to be controlled through welfare in order to be aligned to the dominant policies; as well as the capital had at its disposal only the national labour force as source of demand\/market, and as this source had a higher demand as the continuity of the economic process of profit generation was more stable. But the gallop of the search of capital to being autonomous towards the national labour force, i.e. the gallop of trans-nationalisation (delocalisation, deregulation, financialisation) of economic processes<a href=\"#_edn79\" name=\"_ednref79\">[79]<\/a>, led that the trans-national capital to having at is disposal the labour force and the markets from all over the world.<\/p>\n<p style=\"text-align: justify;\">But, with all trans-nationalisation \u2013 this meaning the entering of capitalism in a new, trans-national phase \u2013 capitalism is at the same time in <em>system crisis<\/em>. This crisis manifests not only in all the domains but it shows contradictions which are not all manageable<a href=\"#_edn80\" name=\"_ednref80\">[80]<\/a> and is the result of the fact that <strong><em>the capitalist structural relations already have malign consequences in all the domains, including in the development of productive forces, which exceed by far the stimuli they had before on these forces<a href=\"#_edn81\" name=\"_ednref81\">[81]<\/a><\/em><\/strong>. \u00a0Thus, the solution of \u201cyellow vests\u201d \u2013 and generally, the necessary solution for the popular demands \u2013 is not to demand some economic alleviation<a href=\"#_edn82\" name=\"_ednref82\">[82]<\/a> objectively impossible today within the system, but <strong>to force the abolition of those malign consequences which just the popular masses support and are more harmed by them<\/strong>.<\/p>\n<p style=\"text-align: justify;\">The idea that the welfare reforms are still possible has thus a quite reactionary feature: it confuses people and prevents them to understand what kind of demands they must promote. And letting aside the irony of Macron\u2019s responses, when answering that the demands of \u201cyellow vests\u201d are impossible, <strong><em>the system itself helps to understanding that just its demolition is necessary<\/em><\/strong>. Therefore, indeed only the class struggle may obtain the popular demands, but only <em>outside<\/em> the system, <em>against<\/em> it, not <em>in<\/em> the system. From this standpoint, the obstinate demands of economic alleviation are not at all a \u201ctransitional programme\u201d, but only one which is doomed to failure.<\/p>\n<p style=\"text-align: justify;\">Finally, we have to remember that \u2013 if the national liberation movements from Asia, Africa, Latin America were not only heroic<a href=\"#_edn83\" name=\"_ednref83\">[83]<\/a> but also waged at least by most of their fighters in the name of <em>social <\/em>liberation too \u2013 the countries\/political regimes generated by these movements have followed a way of double mistake: they do not consistently aim at the social values and, especially when they did but not only, they have assumed an <em>extractivist<\/em> policy of intensive exploitation of their raw materials (including oil)<a href=\"#_edn84\" name=\"_ednref84\">[84]<\/a>, not only by being confronted to the extractivist imperialism<a href=\"#_edn85\" name=\"_ednref85\">[85]<\/a> but also by considering the extractivist policy as the rapid means to attain their development goals<a href=\"#_edn86\" name=\"_ednref86\">[86]<\/a>. But they did not succeed at all. On the contrary. The <strong><em>history of the former colonial and present neo-colonial countries\/caught in an exhausted and \u201cinsufficient\u201d extractivism should have been a warning for those who advice the (impossible) accomplishment of the alleviation of the situation of the many in the present system<\/em><\/strong>: because, as the above extractivist model, <strong>the alleviation<\/strong> \u2013 if it would take place at all \u2013 <strong>would mean the continuation of capitalism<\/strong>. Or, this continuation as such is malign, including for the standard of living.<\/p>\n<p style=\"text-align: justify;\"><strong>\u00a0<\/strong><\/p>\n<p style=\"text-align: justify;\"><strong>Three points showed by philosophy<\/strong><\/p>\n<p style=\"text-align: justify;\">\n<ol style=\"text-align: justify;\">\n<li><strong>a)<\/strong> The epistemology of all the modern history of <em>political attitudes of the ruled<\/em> shows as their main methodological causes and features the <strong><em>fragmentation<\/em>, <em>separation<\/em> and <em>isolation<\/em> of the opposition of the popular classes<\/strong>. This is, obviously, a threefold problem: of <em>technological means<\/em> to surpass these causes and features, of <em>power of manipulation by the dominant ideologies<\/em> and their bearers, and of <em>clear theories<\/em> educating the <em>new contents<\/em> of the worldviews of the people. And <strong>b)<\/strong> the epistemology of all the modern history of <em>political attitudes of the ruled<\/em> shows the <strong><em>cardinal importance of rational arguments \u201call the way\u201d for the changing of the condition of being dominated<\/em><\/strong>. Since the ruling class opposes this changing, it certainly opposes the rational arguments \u201call the way\u201d. A conscious epistemological fallacy it professes is the lack of differentiation between \u2013 let\u2019s use Kant\u2019s differentiations \u2013 the judgements of taste and the empirical judgements (which are so complicated that they are synthetic). The dominant class treats the social \u2013 economic, political \u2013 problems <em>as if<\/em> they would be the result of choices according to judgements of taste, subjective, without concept but claiming universal\/general validity. Or, the rational argumentation \u201call the way\u201d does undertake at the same time the questioning of the claims of universal\/general validity, the genealogy of the subjective choices and the construction of criteria for action according to their consequences.<\/li>\n<\/ol>\n<p style=\"text-align: justify;\">\n<ol style=\"text-align: justify;\" start=\"2\">\n<li>Social philosophy implies to know <em>political economy<\/em>. Or, according to the critical analyses in a dissident manner, <strong><em>the capitalist system has to be overcome<\/em><\/strong> because \u2013 and certainly because of the development of <strong><em>technology <\/em><\/strong>so as it makes the <strong>most part of <em>use values<\/em><\/strong>, as well as because of the huge world competition \u2013 the <em>capital<\/em> (the economic power, concentrated in the means of production and existence, as well as in the money flows, owned by <em>private<\/em> (individual and collective) owners aiming at their maximizing their private profit and power, irrespective of the means and results of their private goals, so the economic power resulted from the economic relations between the private owners and the labour force) fructifies itself as more exchange value\/ value for itself at an ever-lower level. Therefore, due to the development of technology, the capital can no longer extract value and surplus value from the ever-lower number of living labour. This happens in the production seen in the classic way (without the upstream of scientific research and without the downstream of advertisement and marketing). And this is the reason of the expanding of <em>fictitious capital<\/em> (Marx)\/the present financialisation as constitutive to the present capitalism.<\/li>\n<\/ol>\n<p style=\"text-align: justify;\">So, the extraction of surplus value from the use of the capital is more and more problematic. As constant capital, <em>technology does not create exchange value<\/em>, and thus the economic reason of the capital as such vanishes. To counter this, it considers the existence of the (exchange) value everywhere in society, including in the upstream and downstream of production (for the entire society is framed by the capitalist logic) and even the expanding of this value through virtual relations and production. And because the constant capital has substituted the role of living labour in the production of values, the wages as such and the economic support of the <em>useless<\/em> labour force \u2013 for the capital \u2013 are unreasonable in capitalism. Even though \u2013 and letting here aside the humanistic values and the political precaution \u2013 the capital no longer needs the labour force <em>qua<\/em> work force, it needs it <em>qua<\/em> consumers, the only source of the legitimating of\u00a0 the <em>nominal<\/em> (increasing) value it owns. \u00a0And just for this reason, on the one hand, <strong>the abolition of capitalism means the substitution of the economic logic of <em>exchange values<\/em> with the economic logic of <em>use values<\/em><\/strong>; while on the other hand, to still consider the work as quantifiable \u2013 divided in <em>work for the capital<\/em> and <em>work for the support of the labour force<\/em> \u2013 is more and more absurd in an economy where the service part is increasingly bigger than the direct production and where the service is more and more necessary (so \u201clucrative\u201d) for society; but <strong>only with the assuming of the economic logic of <em>use values<\/em> the surpassing of the quantification of the work and the labour time will disappear<\/strong>; and on another hand, it\u2019s no longer possible to repeat the old illusions related to the use of capitalist logic of lucrativeness \u201cwithin the future socialist unit\u201d (in order to make a \u201ccompetitive socialism\u201d), because <strong>the future socialism cannot repeat the former one occurred during the dominance of capitalist economy<\/strong>.<\/p>\n<p style=\"text-align: justify;\">Accordingly, the deletion of capitalism is the interest of <strong>every one<\/strong> not in the name of the expansion of consume, but in the name of <strong><em>common problems of humanity, impossible to solve within capitalism<\/em><\/strong> (to consume <em>in a different way<\/em>, to <em>consider the environment<\/em>, the <em>common goods<\/em> and the <em>development of the human uniqueness of every one and all<\/em>). The important mean \u2013 since technology is that which creates the most of the <em>use values<\/em> \u2013 is the <strong>transformation of the work<\/strong>: from subordinated to the production of <em>exchange values<\/em>, to work aiming at the production of <em>use values<\/em><a href=\"#_edn87\" name=\"_ednref87\">[87]<\/a>, this meaning including the activities leading to the development of the human uniqueness of every one and all. In this respect has Marx said no only that only communism will be the \u201cempire of freedom\u201d (from the necessity to work for subsistence\/exchange value)<a href=\"#_edn88\" name=\"_ednref88\">[88]<\/a>, but also that the future work \u201cin communist society, where nobody has one exclusive sphere of activity but each can become accomplished in any branch he wishes, society regulates the general production and thus makes it possible for me to do one thing today and another tomorrow, to hunt in the morning, fish in the afternoon, rear cattle in the evening, criticise after dinner, just as I have a mind, without ever becoming hunter, fisherman, herdsman or critic\u201d<a href=\"#_edn89\" name=\"_ednref89\">[89]<\/a>.<\/p>\n<p style=\"text-align: justify;\">Since the present capitalism shows the structural crisis of capitalism, meaning that <strong>it already has created not only the <em>objective<\/em> conditions for its abrogation but also the <em>intolerable results<\/em> of the entire historical process of creation of the objective conditions for its abrogation\u00a0 (as the ecological disruption), we can no longer wait for anything good from it<\/strong>. See, related to the ecological crisis, <strong><em>the present more than lax \u201cgradualism\u201d of the ecological measures worldwide<\/em><\/strong>, in fact a <strong>postponement of a change of economy according to the <em>ecological urgency<\/em>, in order to give more time to the capitalist \u201cbusiness as usual\u201d.<\/strong> For this reason, the manifestations related to climate urgency too in Belgium had their slogan: \u201cLet change the system, not climate\u201d<a href=\"#_edn90\" name=\"_ednref90\">[90]<\/a>.<\/p>\n<p style=\"text-align: justify;\">Therefore, <strong><em>instead of waiting that capitalism itself to accomplish its own abolition through the exhaustion of the means used in order to survive<\/em><\/strong> (for compensating the fall of the profit rate), the \u201cyellow vests\u201d of the world must obviate \u201cthe risk, especially in its alliance with technologies, of selling off every possible future of humanity, and of the planet itself, to prolong for a few more years the accumulation of value\u201d<a href=\"#_edn91\" name=\"_ednref91\">[91]<\/a>.<\/p>\n<p style=\"text-align: justify;\">\n<ol style=\"text-align: justify;\" start=\"3\">\n<li>Is the permanent centre of the philosophical thinking the human i<strong>ndividual<\/strong>? Broadly, yes, it is. But we know <strong><em>that the meaning of concepts and their treatment was and is depending on the historical worldviews and their social clash<\/em><\/strong>. From his standpoint, we may assume that the individual as the \u201cspecific form of the human being\u201d was promoted by the modern, Western capitalist era. In this ideology, the individual represented the <em>human species<\/em>, which nobody talked about anymore, and the individual was the alter ego of the philosopher, that who could speak and thus was (the only one) entitled to speak. <em>The individual was the only actor\/subject, the origin of society<\/em>, and <em>the society was a simple join of individuals<\/em>. The individual and the society were <strong><em>separated<\/em><\/strong> and had different origin and essence: <em>as if<\/em> the individual \u2013 and in the political theory, the well-to-do individual \u2013 did not need anybody, and <em>as if<\/em> only the society would have benefited from the existence of the individual. Nevertheless, the individual depended on the others and made of this dependence the law of the entire society. Well, continuing the former pre-modern situation, from the beginning of the modern Western era onwards the simple population was banned from gathering in assemblies and coagulate in organisations; but the well-offs were helped to unite, to thus impose to others their will and to take profit from this: <em>as if<\/em> they would have constituted mafias running protection rackets<a href=\"#_edn92\" name=\"_ednref92\">[92]<\/a>.<\/li>\n<\/ol>\n<p style=\"text-align: justify;\">\n<p style=\"text-align: justify;\"><strong>The public\/mainstream intellectuals<\/strong><\/p>\n<p style=\"text-align: justify;\">\n<p style=\"text-align: justify;\">The contemporary intellectuals \u2013 <strong><em>bureaucratic, so dependent layer on its selling to those who have the economic and political power<\/em><\/strong> \u2013 have continued to represent the world through their own persons and to equate\/reduce the world to their comfortable places where they were the only punditry tasked to represent \u201cthe public voice\u201d. It\u2019s not difficult to understand that the aggression wars waged by imperialism in other countries does no save democracy and nor the exasperation of the peoples from these countries when seeing thee destruction of their countries and lives. Nevertheless, the contemporary <em>public<\/em> \u2013 thus <strong><em>dominant<\/em><\/strong> \u2013 intellectuals were interested not in helping these peoples as well as the peoples of their own countries \u2013 <strong><em>which manifested against the aggression in Iraq in 2003<\/em><\/strong> \u2013 but in writing clever papers about the <em>institutions<\/em> which would ordering within the class antagonisms and thus about the <em>autonomy <\/em>and <em>predominance of democratic politics<\/em> over the vulgar economic contradictions. (Certainly, <strong><em>like all the systems one to the other\/as all the subsystems in society<\/em>, politics have its autonomy towards economy etc., but by <em>separating the political from the economic interests<\/em> and by <em>reducing politics to the ability of communication from the top to the rest of society<\/em> the result is only the strengthening of the capitalist domination in its obviously present forms<\/strong>).<\/p>\n<p style=\"text-align: justify;\">The bureaucracy is an <em>intermediary <\/em>social layer, <em>mediating between classes<\/em> but <em>from the standpoint of the upper strata<\/em>, because it is <em>not independent economically and thus has to sell itself<\/em>. This characteristic of selling itself seems to be similar to that of proletarians: but though the intellectuals also have this <em>proletarian<\/em> nature \u2013 the more so as bureaucracy itself is <em>stratified<\/em>, thus comprising, besides its <em>upper strata<\/em>, <em>lower<\/em> and <em>medium strata<\/em>, more and more assimilated with \u201cordinary proletarians\u201d<a href=\"#_edn93\" name=\"_ednref93\">[93]<\/a> \u2013, their professional skill (intellectual expertise) allows them to use it <em>in a capitalist manner<\/em>, i.e. <strong><em>to use it for their own interests by selling it to those who may buy them and accomplish these interests<\/em><\/strong>. Certainly, there is rather the upper strata of bureaucracy who behave in such a manner, but we have to grasp the roots of the complicate and contradictory attitudes of intellectual layers in general; the fact that even the non- upper strata of bureaucracy have been influenced by the dominant ideologies is \u2013 and obviously letting aside the <em>means<\/em> of these ideologies \u2013 just the result of the <strong><em>ambivalent condition of intellectuals<\/em><\/strong> (as proletarian and as servant with intellectual skills, thus having the basis of exiting from their proletarian nature and climbing into the dominant elites).<\/p>\n<p style=\"text-align: justify;\">Obviously, the intellectuals cannot behave as if they would know nothing about the social problems. Bothered, they have \u201cfind\u201d as their cause <em>the state<\/em>, or even <em>the society<\/em> as the impersonal \u201cthey\u201d. And it\u2019s neither about the traditional modern thinking opposing to the <em>civil society<\/em> the state, and even nor about Heidegger\u2019s position almost 90 years ago: but about the <em>present<\/em> attacks against the state\u2019s attempts of \u201cconcentrating its power\u201d against the private companies. And when doubting in themselves about the entitlement of \u201csociety\u2019s attack against the elites\u201d they too are part of, these intellectuals do never question the structural relations of capitalism: these relations are eternal and unquestionable.<\/p>\n<p style=\"text-align: justify;\">The mainstream intellectuals are <strong><em>impotent<\/em><\/strong>: they wait for \u201cthe people\u201d to apply their teachings: or maybe not, they do not want this because their self-esteem requires their belonging to the elite the people will never take part of, thus requires the perpetuation forever of the class domination. Certainly, the mainstream intellectuals do not think to the \u201cyellow vests\u201d and to all the anonyms behind the \u201cyellow vests\u201d as to unique human beings, therefore <strong>these ones will never be for them <em>ends<\/em>, but only <em>means<\/em><\/strong>. And one manner to depreciate these means is just the despising of the behaviour of the common people to wait for the policies and politicians to do something for the common good: but in fact, is this behaviour not a simple copy of their own \u201csuperiority\u201d?<\/p>\n<p style=\"text-align: justify;\">Indeed, by avoiding in different ways to see the class interests and antagonisms, by taking over just the problems posed by the dominant ideologies <strong><em>in order to erase the class conflicts<\/em><\/strong> (see the problems of the body identity, the political pluralism \u2013 but only inside the capitalist system), <strong>the public intellectuals have <em>prevented the time to thinking<\/em> to concrete means of solving the world contradictions of the world configured by capitalism<\/strong>. The tragedies made by imperialism in Iraq, Afghanistan, Libya, Yemen, Syria, Yugoslavia and many other places in Africa, Asia and Latin America, the tragedies lived by the human individuals living in countries attacked by imperialist sanctions (as Venezuela<a href=\"#_edn94\" name=\"_ednref94\">[94]<\/a>) did not stop \u00a0\u00a0the public intellectuals, as well as many \u201cleft-wing\u201d organisations to consider that nothing is more important than to impose the capitalist interests and liberal democracy.<\/p>\n<p style=\"text-align: justify;\">\u00a0\u00a0\u00a0\u00a0\u00a0\u00a0\u00a0\u00a0\u00a0\u00a0\u00a0 All of these intellectuals have contributed to and even <strong><em>induced the general feeling that capitalism, all the more as it is trans-national, is so strong that it would be impossible to dislocate it.<\/em><\/strong> Its continuation would show that the capitalist march would be irreversible. And because these intellectuals do not have a holistic\/ integrated perspective \u2013 and they do not understand political economy \u2013 <strong>they have proposed<\/strong> (when they really did this) <strong>different political measures \u201cin a country\u201d, and neo-Keynesian ones<\/strong>. But as the recent history has demonstrated, it\u2019s no longer possible to have efficient neo-Keynesian measures \u201cin a country\u201d because, on the one hand, <em>the big problem in capitalism is not so much the support of the state for different national industries<\/em><a href=\"#_edn95\" name=\"_ednref95\">[95]<\/a>, but <strong><em>where to sell the products of these industries<\/em><\/strong>, and on the other hand, in order to implement social measures the danger of extractivism is real.<\/p>\n<p style=\"text-align: justify;\">However, if the <strong>objective tendencies of capitalism \u2013 absolutely destructive &#8211; are irreversible because they are the results of structural relations and contradictions<\/strong>, at the same time all of these relations and contradictions take place through the <strong>human actions<\/strong>. <strong><em>This \u201csubjective factor\u201d may bifurcate\/ change the course in the articulations of society: use the above irreversible tendencies in favour of humans<\/em><\/strong>. Opposed to the mechanical thinking of all these intellectuals who maintain that capitalism is irreversible \u2013 they choosing to be on the side of the winners and repudiating \u201cthe unnecessary\u201d<a href=\"#_edn96\" name=\"_ednref96\">[96]<\/a> \u2013 the criticism of the destiny of the humans if they absolutely fall under the power of capitalism has shown that <strong>for the human beings, really, there is no alternative to the abolition of capitalis<\/strong>m<a href=\"#_edn97\" name=\"_ednref97\">[97]<\/a>.<\/p>\n<p style=\"text-align: justify;\">\n<p style=\"text-align: justify;\"><strong>The <em>contents <\/em>of organisation<\/strong><\/p>\n<p style=\"text-align: justify;\">\n<p style=\"text-align: justify;\">Therefore, as during the post-war <em>welfare state<\/em> some national\/public properties and sectors were efficient supporting the development of the country\/ as the public control on many sectors has generated a huge development of the countries, as the programme of the \u201cyellow vests\u201d \u2013 and of all the popular and democratic forces from all the countries \u2013 must comprise:<\/p>\n<ul style=\"text-align: justify;\">\n<li>the <strong>nationalisation<\/strong> of <strong><em>all<\/em><\/strong> the strategic sectors (financial-banking, advertisement and PR, media, education, scientific research, health care<a href=\"#_edn98\" name=\"_ednref98\">[98]<\/a>, mining, infrastructure (including cultural infrastructure), industry (including the IT), water (including lakes, rivers and wetlands, exclusive economic zones in seas\/territorial seas, groundwater systems), transport, energy, different types of agricultural lands (including all types of pastures and land reserves), thus,<\/li>\n<li>the <strong>public <\/strong>control over the state-owned assets, and not the secretive bureaucratic one,<\/li>\n<li>the economic <strong>macro-planning<\/strong>, including the export, according to the needs of population, \u00a0and<\/li>\n<li>the <strong><em>rapid <\/em><\/strong>ecological transition, reducing the present postponing in the international agreements, and this mean the immediate analysis of activities from the standpoint of their use value, and thus<\/li>\n<li><strong><em>abolition of all wars and dissolution of all the activities related to warfare<\/em><\/strong>, thus<\/li>\n<li><strong><em>relocation of jobs\/labour force<\/em><\/strong> in <strong><em>long-term education planning<\/em><\/strong> and <strong><em>re-training for peaceful activities<\/em><\/strong>, and<\/li>\n<li><strong><em>abrogation of all privileges, special wages and pensions, public financial subsidizing of \u201croyal families\u201d<a href=\"#_edn99\" name=\"_ednref99\">[99]<\/a>, religious institutions and all kinds of elected or nominated officials<\/em><\/strong>. As the owners of private property will be suppressed <strong><em>as a class<\/em><\/strong>, as the upper officials will become suppressed <strong><em>as bureaucratic layer<\/em><\/strong>. And since the freedom of religion is guaranteed by the Constitution, the allocation of funds to the religious institutions depends on the local and national communities according to their needs, and<\/li>\n<li>the absolute public\/state guarantee of decent wages and pensions <strong>according to the needs of individuals and society at the same time<\/strong><\/li>\n<li>the absolute <strong>public\/free services of health care and education<\/strong><a href=\"#_edn100\" name=\"_ednref100\">[100]<\/a>.<\/li>\n<\/ul>\n<p style=\"text-align: justify;\">\n<p style=\"text-align: justify;\">Some economic observations:<\/p>\n<p style=\"text-align: justify;\">1) nationalisation is\/has to be made as a <strong><em>non-capitalist<\/em><\/strong> measure: neither as temporary means to rebuild economy for the sake of future privatisations and private ownership, <strong><em>nor as subordinated to the private profit\/capitalist logic<\/em><\/strong><a href=\"#_edn101\" name=\"_ednref101\">[101]<\/a>; but only if nationalisation takes part from a general non-capitalist politics \u2013 i.e. transforming the economy from \u00a0<em>exchange value<\/em> centred to one centred on <em>use value<\/em> \u2013 will it (nationalisation) be efficient from the standpoint of a <em>new<\/em> economy and politics; namely, <em>in a capitalist type economy the state ownership cannot be efficient without using capitalist management<\/em>: thus either the state owned plant decides \u201cabsolutely democratically who will be fired so that the company remains \u2018competitive\u2019\u201d<a href=\"#_edn102\" name=\"_ednref102\">[102]<\/a> or externalises\/transfers the loss on the shoulders of the entire society; \u00a0but if neither of these two alternatives is good \u2013 and neither for the individuals nor for the entire society \u2013 <strong>the national\/public ownership has to avoid them by relating the efficient management to the creation of <em>use value<\/em>, and thus showing that it does not take part from the capitalist system<\/strong>;<\/p>\n<p style=\"text-align: justify;\">2) <strong>Nowadays <em>the technical level of productive means and forces guarantees<\/em>, as <em>objective <\/em>condition, <em>the socialist transformation<\/em><\/strong>. Indeed, how can a quantum server in the cloud be private? As capitalism has developed for private profit the previous technologies, as it wants to use IT, including the quantum technologies, for private profit: i.e. for better exhausting the means of existence\/life and for better controlling and subordinating the human lives to the private profit. (And <strong>since the halting of the objective condition is difficult for capitalism \u2013 on the contrary, it wants to use technology <em>more capitalisto<\/em> and subordinated to its interest \u2013 the only thing remaining to it is to halt as it can the <em>subjective<\/em> condition of class conscience<\/strong>.\u00a0 Well, it\u2019s more and more difficult also to it);<\/p>\n<p style=\"text-align: justify;\">3) <strong>The banking and, generally, the financial system, has to be <em>subordinated just to the new logic of economy <\/em>(aiming at <em>use values<\/em>)<\/strong>; this means <strong>the reconstruction of the idea of <em>bank profit<\/em><\/strong>, thus the <strong>rejection of <em>speculative movements<\/em> required by the private interest<\/strong>;<\/p>\n<p style=\"text-align: justify;\">4) The problem of nationalisation implies the one of <em>compensation<\/em>. Concerning this one, it is <strong>according to <em>the new logic of economy<\/em><\/strong> to consider: 1) <strong>the nominal values in the present financialised economy as being absolutely fantasist, meaning unbounded by the real economy, so no compensation would be entitled to pay fantasist sums<\/strong>, and 2) <strong>all privatisations of big economic units were made with money not being the result of the working of those who rather snatched those units<\/strong>, and 3) both the internal and trans-national capital owners are <strong>entitled to receive but a <em>symbolic compensation<\/em><\/strong>; let\u2019s remember that after 1990, the law of the property restitution in Hungary stipulated a very limited compensation <strong><em>irrespective of the market value of the property<\/em><\/strong>, and never in nature; the problem of compensation is not between \u201cpoor owners and the grabbing state\u201d, but\u00a0 <strong><em>between classes<\/em><\/strong>;<\/p>\n<p style=\"text-align: justify;\">\u00a0\u00a0\u00a0\u00a0\u00a0\u00a0\u00a0\u00a0\u00a0\u00a0\u00a0 5) The institution of the new economy emphasises the struggle between the <strong><em>regaining of the popular sovereignty<\/em><\/strong> and the <em>definitive abandonment of the popular sovereignty<\/em>; actually, the abandonment of the popular sovereignty means death for the people, because the capital \u2013 that controls the means of existence \u2013 may well stop the access to them if it is jeopardised by the people;<\/p>\n<p style=\"text-align: justify;\">\u00a0\u00a0\u00a0\u00a0\u00a0\u00a0\u00a0\u00a0\u00a0\u00a0\u00a0 6) As it was demonstrated, just in order to assure a decent consume by common people the present system has to be surpassed. So, it\u2019s about both <em>consume<\/em> and a <strong><em>decent<\/em><\/strong> one, namely even at the level of consume the tendency to surpass\/radically criticise capitalism manifests: the <strong>ecologist and economical consume, refusing prodigality, are more and more understood<\/strong>, but this neither means asceticism nor do people separate their thrifty treatment of their own consume and the wasting made by the institutions of capital. \u00a0\u00a0Therefore, it\u2019s very important \u201cbuilding social movements around everyday life and basic needs\u201d<a href=\"#_edn103\" name=\"_ednref103\">[103]<\/a>, as the \u201cyellow vests\u201d do, but it is not enough.<\/p>\n<p style=\"text-align: justify;\">\n<p style=\"text-align: justify;\">All of these aspects mean:<\/p>\n<ul style=\"text-align: justify;\">\n<li>the necessity of <strong><em>organisation<\/em><\/strong>, continuing and developing the grass-root <strong><em>assemblies<\/em><\/strong><a href=\"#_edn104\" name=\"_ednref104\">[104]<\/a> \u2013\u00a0 at classical (industry and agricultural units) level,\u00a0 services level (delivery workers, the restaurant workers, the supermarket workers, \u201cwhy would we say that producing cars is more important than producing hamburgers?\u201d<a href=\"#_edn105\" name=\"_ednref105\">[105]<\/a>) and territorial level \u2013<\/li>\n<li>but not remaining at them: because there are <strong>needs requiring centralised decisions<\/strong>, <strong>even at world scale<\/strong>;<\/li>\n<li>and though in present to the \u201cmore decentralized configuration of capital\u201d a certain rejection of centralised opposition and hierarchy corresponds, actually,<\/li>\n<li>the <strong>organisation as such configures and lasts only if it proposes and is the result of a clear <em>anti-capitalist agenda<\/em> and the <em>conquest of the state<\/em><\/strong>; yes, \u201cvery narrow demands open up space for much more revolutionary outcomes\u201d<a href=\"#_edn106\" name=\"_ednref106\">[106]<\/a>, but to not waste the opportunity of these outcomes, i.e. to accomplish the economic individual and social needs, <strong>the <em>multilevel <\/em>but <em>coherent <\/em>organisation must propose the political conquest too<\/strong>;<\/li>\n<li>the <strong>necessity to <em>consistently<\/em> act in the<\/strong>, indeed, <strong>revolutionary transformation<\/strong>, namely to avoid the na\u00efve \u201ccohabitation\u201d policy of both pro-capitalist and anti-system forces (this \u201ccohabitation\u201d paving Allende government\u2019s falling), and also to avoid the betrayal of revolutionary institutions, as the assemblies and councils elected by assemblies, by pro-capitalist forces (as happened in Germany\u2019s Social-Democrat regime elected in 1919, and that destroyed the Central Council of the Workers and the Soldiers Councils, the highest revolutionary organs the 1918 uprising). <strong><em>The consolidation of power depends just on the consistency of revolutionary policies<\/em><\/strong>.<\/li>\n<\/ul>\n<p style=\"text-align: justify;\">\n<p style=\"text-align: justify;\"><strong>And now<\/strong><\/p>\n<p style=\"text-align: justify;\">\n<p style=\"text-align: justify;\"><strong>The <em>influence of dominant ideologies<\/em> and the <em>habit of submissive psychology<\/em> are huge<\/strong>. Many people follow the <strong><em>dominant model of thinking<\/em><\/strong> \u2013 that <em>fragments<\/em> and <em>isolates <\/em>the tackling of social phenomena, and that acts accordingly, in different organisations\/committees and initiating calls for better policies in different and separated realms, and <em>as if <\/em>these calls would solve something \u2013. This is <strong>the model of <em>patching up<\/em><\/strong>, applied by both the dominant politics \u2013 suggesting that the system would be good, only some aspects requiring some corrections \u2013 and the ruled formed within the dominant thinking and considering that the system would be unavoidable and thus the different manners to adapt to it would make the difference between a simple botching and a mending with some beneficial results.<\/p>\n<p style=\"text-align: justify;\">\u00a0It\u2019s important to understand that \u2013 and in spite of all the songs about the individual \u2013 the <em>dominant model of thinking<\/em> circles around the <strong><em>system<\/em><\/strong>: <em>as if <\/em>the health of the capitalist system would involve and lead to the wellness of every individual. <strong>In<em> the dominant model of thinking<\/em><\/strong>, <strong>the<\/strong> <strong><em>criterion and stake is the (capitalist) system<\/em><\/strong>. <strong>The moment when people snatch out of the dominant model of thinking is that when the <em>criterion and stake<\/em> of their judgements is the <em>every individual<\/em><\/strong><a href=\"#_edn107\" name=\"_ednref107\">[107]<\/a> <strong>and <em>all of them<\/em><\/strong><a href=\"#_edn108\" name=\"_ednref108\">[108]<\/a>. Thus: not the abstract individual of capitalism, that excludes the reference to and the existence of the individuals exterior to the capitalist way of life. Only when the criterion and stake is the <em>every individual<\/em> and <em>all of them<\/em>, the questioning of the <strong><em>reason to be<\/em><\/strong>\/the <strong><em>telos<\/em><\/strong><a href=\"#_edn109\" name=\"_ednref109\">[109]<\/a> of the system and its policies takes place. (At philosophical level: only when the criterion and stake is the <em>every individual<\/em> and <em>all of them<\/em>, the reasonability and continuity of Kant\u2019s categorical imperative and Marx\u2019s insistence on the economic and political conditions of this ethical normative criterion are clear).<\/p>\n<p style=\"text-align: justify;\">But if the common people take over the dominant model of thinking, they will fall under the exclusivist and egoist banners of <em>defence inside the walls of their imagined isolate community<\/em>: the banners of \u201cdefence against immigration\u201d<a href=\"#_edn110\" name=\"_ednref110\">[110]<\/a> and alleviating <em>reforms<\/em> \u201cin a country\u201d.<\/p>\n<p style=\"text-align: justify;\">We know that, traditionally, the reforms \u2013 which, once more, are no longer possible at all \u2013 correspond to the <em>minimalist<\/em> social-democratic policy of \u201cleft\u201d parties and of unions, seeking to obtain something <em>within the system<\/em>, preserving it. The \u201cyellow vests\u201d movement shows that the road is that of <strong><em>maximal<\/em><\/strong> demands: <strong>those <em>against the system<\/em>, changing it<\/strong>.<\/p>\n<p style=\"text-align: justify;\">But since the parties and unions, as well as many intellectuals <em>did not contribute to the innovation of new social practices and their concrete steps<\/em> \u2013 on the contrary, the latter have separated their centres of interest from those of the population, while all of these factors have even stopped the process of social innovation \u2013 <strong><em>the \u201cyellow vests\u201d do this innovation<\/em><\/strong>. Of course, it is very difficult: sometimes seeming they are stepping back.\u00a0 And in front of this difficulty, those with weak hearts may discourage.<\/p>\n<p style=\"text-align: justify;\">In these three months, the \u201cyellow vests\u201d have <strong>united <\/strong>in <strong>common spaces<\/strong> highlighting their simple <strong>human status<\/strong> (against the status of individual buyers within the frame of capitalist selling-buying relationships). They became conscious <strong><em>in accelerated way<\/em><\/strong> that <strong><em>they have been fooled<\/em><\/strong>, by remaining <strong>too much time<\/strong> \u2013 and it\u2019s about <strong><em>their<\/em><\/strong> time, the <strong>unique and unrepeatable time of every individual <\/strong>\u2013 <strong>in the trap of begging reforms within the system<\/strong>, of alternatively voting in a punitive way against those voted in the previous elections, <strong>of hoping within the system<\/strong>. But now, and <strong><em>with all the huge manipulations made by the dominant ideology <\/em><\/strong>\u2013 as the one of the organising of manifestations against anti-Semitism on 19 February, after Alain Finkielkraut was verbally aggressed on 16 February by some \u201cyellow vests\u201d (and an immediate desecration of a Jewish cemetery in Alsace), <em>as if<\/em> their movement would be anti-Semitic, and thus adding an extra way of intimidating them \u2013 <strong>they woke up<\/strong>; they are getting ready <strong>to face the conclusions of their entire <em>experience of life<\/em><\/strong>: that the <strong>alternative is outside the capitalist system<\/strong><a href=\"#_edn111\" name=\"_ednref111\"><strong>[111]<\/strong><\/a>. <strong>They know <em>they must not stop<\/em>, must <em>coagulate in a decisive manner<\/em> \u2013 in order to be really the people \u2013 and the happiness to have an <em>ideal<\/em>\/a <em>social ideal of emancipation<\/em> (and not only individual aspirations), as well as the burden of their historical responsibility overwhelm them<\/strong><a href=\"#_edn112\" name=\"_ednref112\">[112]<\/a>.<\/p>\n<p style=\"text-align: justify;\">\n<p style=\"text-align: justify;\">On the one hand, the establishment waits for the \u201cnatural\u201d extinction of the movement. On the other, it is ready for some concessions related to the purchasing power<a href=\"#_edn113\" name=\"_ednref113\">[113]<\/a> \u2013 which it will withdraw when it will control again the \u201cwild popular opposition\u201d, as usually. And though most of population understands and supports the \u201cyellow vests\u201d, they did not go out to manifest to deepen the ranks of those who sacrifice their individual time for the sake of all. But <strong>this only declarative support makes more vulnerable <em>all the categories<\/em> of wage earners, pensioners, independents, petty shop earners<\/strong>: with all the concessions of the rulers. And on the other hand, the establishment helps itself with the traditional so-called \u201cleft\u201d organisations: which continue to promote the <em>fake<\/em>, <em>declarative<\/em> standpoint of establishment supporting \u201cdemocracy\u201d<a href=\"#_edn114\" name=\"_ednref114\">[114]<\/a> and which continue to <em>fragment <\/em>and <em>fool<\/em> the dominated masses. But just against this behaviour is necessary <strong>to dissolve the distinction\/separation between unions, begging only material demands, and political parties of the oppressed<\/strong>. Already nowadays, the confidence in all these institutions is at the lowest possible level: but the <strong>conscious initiative to construct new organisations, uniting the economic and political programmes and their self-critique, is necessary<\/strong>.<\/p>\n<p style=\"text-align: justify;\">\n<p style=\"text-align: justify;\"><strong>***<\/strong><\/p>\n<p style=\"text-align: justify;\"><strong>\u00a0<\/strong><\/p>\n<p style=\"text-align: justify;\">Therefore, what is our position in front of decent people saying \u201cwe do not endure anymore\u201d? Do we not understand that the philosophers must finally approach the world also through the eyes of these people?<\/p>\n<p style=\"text-align: justify;\">Do we not understand that we have to pay our debts issued from our <strong>traditional <em>amalgamating of the sufferings<\/em><\/strong> \u2013 though these one were not a favourite philosophical theme \u2013 <em>as if<\/em> the <em>socially induced suffering<\/em> would be absolutely of same nature as the suffering from love?<\/p>\n<p style=\"text-align: justify;\">Do we not understand that between our debts there are also those related to the cardinal philosophical concepts we never focused on? One of these concepts is that of <strong><em>irreversibility<\/em><\/strong>. When natheless the philosophers approached it, they sought to neutralise it, by relating it to the <em>infinite<\/em>, because <em>repetitive<\/em>, time of cosmological and quantum processes: but never to the <strong><em>finite time of the human beings<\/em><\/strong>. Or, as Heidegger, they have discussed the inevitable finite time of the human beings only in terms of the inevitable death that would level\/equalise the position of all the human beings towards death and time, as if neither the actual <strong><em>content<\/em><\/strong> of life nor the different <strong><em>ways of death<\/em><\/strong> were of any importance. Just for this reason, they were not sensitive to the problems of the <strong><em>irremediable<\/em><\/strong> and the concepts describing them. Rather they have amalgamated the inevitability of the human irremediable and the possibility of punctual remedies \u201cnever attaining the human irremediable\u201d.\u00a0\u00a0 Nevertheless, the problems of the <strong><em>remediable<\/em><\/strong> and the <strong><em>irremediable <\/em><\/strong>are, before anything else, problems of the man, emphasising the subject-object relations perhaps in the most percussive way.<\/p>\n<p style=\"text-align: justify;\">Do we not understand that, overthrowing both the theories of <em>relativism<\/em> and of <em>fix\/infallible values<\/em> resulted from different wills of different heavens, the concept of the <strong><em>intolerable<\/em><\/strong>, the <strong><em>inevitable<\/em><\/strong>, and the famous couple of the <strong><em>possible<\/em><\/strong> and the <strong><em>impossible<a href=\"#_edn115\" name=\"_ednref115\">[115]<\/a><\/em><\/strong>, are between our present urgencies?<\/p>\n<p style=\"text-align: justify;\">\n<p style=\"text-align: justify;\">The present situation of the world makes it to being on the brink of multiple collapses. The philosophy is, as it is well-known, the representative of the social conscience of an epoch. And now, with all the development of \u201cprofessional\u201d philosophers \u2013 closed within their different \u201cdomains of expertise\u201d \u2013 the humans still contribute to the continuity of crises leading inexorably to extinction. By considering that they deserve \u2013 and they really do \u2013 the conditions guaranteeing them the decent life according to their merit (they never thinking that they would have privileges), people seem incapable to think to others who have no their conditions. Neither the philosophers\/ \u201cessayists\u201d have considered the common appurtenance to the <em>human species<\/em>, but only to general or particular abstractions. And nor the philosophers\/ \u201cessayists\u201d do think to themselves as <strong><em>representing the human species<\/em><\/strong>, while they do no longer protect neither the <strong><em>larger space<\/em><\/strong> without which they cannot live. No, they continue to think that, as the animals towards which they proudly consider themselves to being superior, defending their private space would be enough. But we all know that it is not. \u00a0Is their <strong><em>human responsibility<\/em><\/strong> bigger than that of the humans to whom they think to show the way? Unfortunately, <em>both seem to accept the inexorable defeat of the human species<\/em>. <strong>Do we agree with them?<\/strong><\/p>\n<p style=\"text-align: justify;\">\n<p style=\"text-align: justify;\">\n<p style=\"text-align: justify;\">\n<p style=\"text-align: justify;\"><a href=\"#_ednref1\" name=\"_edn1\">[1]<\/a> Jean-Yves Dormagen et Geoffrey Pion, \u00ab Le mouvement des \u201cgilets jaunes\u201d n\u2019est pas un rassemblement aux revendications h\u00e9t\u00e9roclites \u00bb, <em>Le Monde<\/em>, 28 d\u00e9cembre 2018, <a href=\"https:\/\/www.europe-solidaire.org\/spip.php?article47354\">europe-solidaire.org\/spip.php?article47354<\/a>.<\/p>\n<p style=\"text-align: justify;\"><a href=\"#_ednref2\" name=\"_edn2\">[2]<\/a> Cristophe Guilluy et Cristophe Noy\u00e9, <em>Atlas des nouvelles fractures sociales<\/em><em>, Autrement, 2004.<\/em><\/p>\n<p style=\"text-align: justify;\"><a href=\"#_ednref3\" name=\"_edn3\">[3]<\/a> Meeting \u201cAlliance Gilets Jaunes et Quartiers Populaires\u201d, 13\/02\/2019, \u00a0<a href=\"http:\/\/www.defenddemocracy.press\/meeting-alliance-gilets-jaunes-et-quartiers-populaires\/\">http:\/\/www.defenddemocracy.press\/meeting-alliance-gilets-jaunes-et-quartiers-populaires\/<\/a>, showing the Facebook address<br \/>\n<a href=\"https:\/\/www.facebook.com\/events\/743772192673729\/?ti=ia\">https:\/\/www.facebook.com\/events\/743772192673729\/?ti=ia<\/a>.<\/p>\n<p style=\"text-align: justify;\">\u00a0\u00a0 But see also <a href=\"https:\/\/www.rt.com\/on-air\/451400-yellow-vest-support-victim\/\">https:\/\/www.rt.com\/on-air\/451400-yellow-vest-support-victim\/<\/a>, in the manifestation from Argenteuil in 13 February, under the sign of continuity between the 2005 revolts of popular neighbourhoods inhabited with many immigrant origin French, and the \u201cyellow vests\u201d movement.<\/p>\n<p style=\"text-align: justify;\"><a href=\"#_ednref4\" name=\"_edn4\">[4]<\/a> See<em> Recensement provisoire des bless\u00e9-es des manifestations du mois de novembre-d\u00e9cembre 2018<\/em>, 4 janvier 2019, <a href=\"https:\/\/desarmons.net\/index.php\/2019\/01\/04\/recensement-provisoire-des-blesses-graves-des-manifestations-du-mois-de-decembre-2018\/\">https:\/\/desarmons.net\/index.php\/2019\/01\/04\/recensement-provisoire-des-blesses-graves-des-manifestations-du-mois-de-decembre-2018\/<\/a>, <em>Gilets jaunes : \u00e9clats de grenades, br\u00fblures, membres arrach\u00e9s\u2026 retour sur 82\u00a0blessures graves<\/em>, 11 janvier 2019, <a href=\"https:\/\/www.liberation.fr\/france\/2019\/01\/11\/gilets-jaunes-eclats-de-grenades-brulures-membres-arraches-retour-sur-82-blessures-graves_1702433\">https:\/\/www.liberation.fr\/france\/2019\/01\/11\/gilets-jaunes-eclats-de-grenades-brulures-membres-arraches-retour-sur-82-blessures-graves_1702433<\/a>; the idea of use of \u201cnon-lethal\u201d ammunition was deconstructed in <em>&#8220;Gilets jaunes&#8221; : les r\u00e9ponses aux dix questions que vous vous posez sur le flash-ball et son utilisation par les forces de l&#8217;ordre<\/em>, <a href=\"https:\/\/www.francetvinfo.fr\/economie\/transports\/gilets-jaunes\/gilets-jaunes-on-repond-a-dixquestions-que-vous-vous-posez-sur-le-flash-ball-et-son-utilisation-par-les-forces-de-l-ordre_3138997.html\">https:\/\/www.francetvinfo.fr\/economie\/transports\/gilets-jaunes\/gilets-jaunes-on-repond-a-dixquestions-que-vous-vous-posez-sur-le-flash-ball-et-son-utilisation-par-les-forces-de-l-ordre_3138997.html<\/a>, and the severely injured have launched a call for the interdiction of these \u201cnon-lethal\u201d weapons, Sophie Chapelle, <em>Gravement bless\u00e9s, des manifestants appellent \u00e0 un \u00ab acte XII \u00bb pour l\u2019interdiction des grenades et flashballs<\/em>, <em>17 janvier 2019,<\/em> <a href=\"https:\/\/www.bastamag.net\/Gravements-blesses-des-manifestants-appellent-a-un-acte-XII-pour-l-interdiction\">https:\/\/www.bastamag.net\/Gravements-blesses-des-manifestants-appellent-a-un-acte-XII-pour-l-interdiction<\/a>; 21\/01\/2019, <a href=\"http:\/\/www.defenddemocracy.press\/gravement-blesses-des-manifestants-appellent-a-un-acte-xii-pour-linterdiction-des-grenades-et-flashballs\/\">http:\/\/www.defenddemocracy.press\/gravement-blesses-des-manifestants-appellent-a-un-acte-xii-pour-linterdiction-des-grenades-et-flashballs\/<\/a>.<\/p>\n<p style=\"text-align: justify;\"><a href=\"#_ednref5\" name=\"_edn5\">[5]<\/a> R\u00e9gis de Castelnau, <em>Gilets jaunes: quand la justice se prend pour la police; La justice est l\u00e0 pour rendre justice, pas pour r\u00e9tablir l&#8217;ordre, <\/em>13 janvier 2019, <a href=\"http:\/\/www.vududroit.com\/2019\/01\/gilets-jaunes-justice-rendre-justice-retablir-lordre\/\">http:\/\/www.vududroit.com\/2019\/01\/gilets-jaunes-justice-rendre-justice-retablir-lordre\/<\/a>, <em>S\u00e9v\u00e8re r\u00e9pression des gilets jaunes : la justice fran\u00e7aise est-elle en train de pr\u00e9f\u00e8rer l\u2019ordre \u00e0 la justice ?<\/em>, <a href=\"https:\/\/www.atlantico.fr\/decryptage\/3563628\/severe-repression-des-gilets-jaunes--la-justice-francaise-est-elle-en-train-de-preferer-l-ordre-a-la-justice-\">https:\/\/www.atlantico.fr\/decryptage\/3563628\/severe-repression-des-gilets-jaunes&#8211;la-justice-francaise-est-elle-en-train-de-preferer-l-ordre-a-la-justice-<\/a>; and see the centre-wing deputy Charles de Courson\u2019s observation about the curing of the law governing the &#8220;right\u201d to manifest: <em>Loi anticasseurs : \u00abOn se croit revenu sous le r\u00e9gime de Vichy\u00bb d\u00e9nonce de Courson<\/em>, 31 Jan. 2019, \u00a0<a href=\"http:\/\/www.defenddemocracy.press\/loi-anticasseurs-on-se-croit-revenu-sous-le-regime-de-vichy-denonce-de-courson\/\">http:\/\/www.defenddemocracy.press\/loi-anticasseurs-on-se-croit-revenu-sous-le-regime-de-vichy-denonce-de-courson\/<\/a>.<\/p>\n<p style=\"text-align: justify;\">\u00a0\u00a0 R\u00e9gis de Castelnau, R\u00e9pression judiciaire des Gilets Jaunes : Edouard Philippe fait du chiffre, 12 fevr. 2019, <a href=\"https:\/\/www.atlantico.fr\/decryptage\/3565887\/condamnations-de-gilets-jaunes--la-curieuse-approche-quantitative-de-la-justice-mise-en-avant-par-edouard-philippe-\">https:\/\/www.atlantico.fr\/decryptage\/3565887\/condamnations-de-gilets-jaunes&#8211;la-curieuse-approche-quantitative-de-la-justice-mise-en-avant-par-edouard-philippe-<\/a>.<\/p>\n<p style=\"text-align: justify;\">\u00a0\u00a0 But see also the measures of intimidation and obstruction, as the announce that the hut erected by the \u201cyellow vests\u201d in Commercy (where they called a meeting of Assembly of Assemblies in 26 and 27 January) will be demolished, see <em>D\u00e9fendons la cabane des gilets jaunes de Commercy !<\/em>, 19 janvier, 21\/01\/2019, <a href=\"http:\/\/www.defenddemocracy.press\/defendons-la-cabane-des-gilets-jaunes-de-commercy\/\">http:\/\/www.defenddemocracy.press\/defendons-la-cabane-des-gilets-jaunes-de-commercy\/<\/a>.<\/p>\n<p style=\"text-align: justify;\"><a href=\"#_ednref6\" name=\"_edn6\">[6]<\/a> Laurent Daur\u00e9, <em>12 fake news macronistes sur les Gilets jaunes<\/em>,\u00a0 28 janvier.2019,<em> <a href=\"https:\/\/www.les-crises.fr\/12-fake-news-macronistes-sur-les-gilets-jaunes-1re-partie-par-laurent-daure\/\">https:\/\/www.les-crises.fr\/12-fake-news-macronistes-sur-les-gilets-jaunes-1re-partie-par-laurent-daure\/<\/a>.<\/em><\/p>\n<p style=\"text-align: justify;\"><a href=\"#_ednref7\" name=\"_edn7\">[7]<\/a> See \u00abActe 14\u00bb des \u00abgilets jaunes\u00bb: 41.500 manifestants ont d\u00e9fil\u00e9 en France, 16\/02\/2019, <a href=\"http:\/\/www.lefigaro.fr\/actualite-france\/2019\/02\/16\/01016-20190216ARTFIG00084-acte-14-des-gilets-jaunes-des-milliers-de-manifestants-defilent-a-nouveau.php\">http:\/\/www.lefigaro.fr\/actualite-france\/2019\/02\/16\/01016-20190216ARTFIG00084-acte-14-des-gilets-jaunes-des-milliers-de-manifestants-defilent-a-nouveau.php<\/a>:<strong> \u201c<\/strong>Tensions erupted at the head of the procession stopped by the police\u2026 On the spot, our journalists noticed shots fired (especially stones) on the part of the demonstrators followed by a response of the forces of the order<strong>\u201d.<\/strong><\/p>\n<p style=\"text-align: justify;\"><a href=\"#_ednref8\" name=\"_edn8\">[8]<\/a> See <em>We became guardians of law\u2019: French govt \u2018exploits\u2019 police, union head says after protest violence<\/em> (17 Feb. 2019), 19 Feb. 2019, <a href=\"http:\/\/www.defenddemocracy.press\/27278-2\/\">http:\/\/www.defenddemocracy.press\/27278-2\/<\/a>.<\/p>\n<p style=\"text-align: justify;\"><a href=\"#_ednref9\" name=\"_edn9\">[9]<\/a> F\u00e9lix Boggio \u00c9wanj\u00e9-\u00c9p\u00e9e, <em>Le gilet jaune comme signifiant flottant<\/em>, 24\/11\/2018, \u00a0<a href=\"http:\/\/www.defenddemocracy.press\/le-gilet-jaune-comme-signifiant-flottant\/\">http:\/\/www.defenddemocracy.press\/le-gilet-jaune-comme-signifiant-flottant\/<\/a>: \u201cIt is not uncommon to see amateur videos where a group of yellow vests yells to the police \u2018with us! with us ! we understand you do your job!\u2019. And then launching projectiles and firing teargas. To end by saying, we made them go back! Travelers with us!\u2019. In practice, the goal of each and everyone is to move forward, to go somewhere, as at the \u00c9lys\u00e9e, on a roundabout, and confrontation with the state becomes an essential issue: hence the scenes of jubilation when a group forces a police roadblock or when another one erects barricades Place de l\u2019\u00c9toile\u201d.<\/p>\n<p style=\"text-align: justify;\">\u00a0\u00a0 But see also the kicking of a police officer in the face, on 9 February, <a href=\"http:\/\/www.lefigaro.fr\/flash-actu\/2019\/02\/09\/97001-20190209FILWWW00072-video-gilets-jaunes-un-policier-recoit-un-coup-a-la-tete.php\">http:\/\/www.lefigaro.fr\/flash-actu\/2019\/02\/09\/97001-20190209FILWWW00072-video-gilets-jaunes-un-policier-recoit-un-coup-a-la-tete.php<\/a>.<\/p>\n<p style=\"text-align: justify;\"><a href=\"#_ednref10\" name=\"_edn10\">[10]<\/a> Fran\u00e7ois Cusset, in <em>Violences : \u00ab Comparer des voitures br\u00fbl\u00e9es avec les ravages du n\u00e9olib\u00e9ralisme depuis 40 ans est absurde \u00bb<\/em>, <em>11 f\u00e9vrier 2019, <\/em><strong>\u00a0<\/strong><a href=\"https:\/\/www.bastamag.net\/Violences-Comparer-des-voitures-brulees-avec-les-ravages-du-neoliberalisme\">https:\/\/www.bastamag.net\/Violences-Comparer-des-voitures-brulees-avec-les-ravages-du-neoliberalisme<\/a>.<\/p>\n<p style=\"text-align: justify;\"><a href=\"#_ednref11\" name=\"_edn11\">[11]<\/a> William Audureau et Adrien S\u00e9n\u00e9cat<em>,<\/em><em> Dans le Facebook des \u00ab\u00a0gilets jaunes\u00a0\u00bb\u00a0: le vrai du faux des affirmations<\/em>, le 31 janvier 2019, <a href=\"https:\/\/www.lemonde.fr\/les-decodeurs\/article\/2019\/01\/31\/dans-le-facebook-des-gilets-jaunes-le-vrai-du-faux-des-affirmations_5417270_4355770.html\">https:\/\/www.lemonde.fr\/les-decodeurs\/article\/2019\/01\/31\/dans-le-facebook-des-gilets-jaunes-le-vrai-du-faux-des-affirmations_5417270_4355770.html<\/a>.<\/p>\n<p style=\"text-align: justify;\">\u00a0\u00a0 Also R\u00e9gis de Castelnau, Gilets Jaunes et manipulations \u00e9tatiques de la violence : une vieille histoire, Mondialisation.ca, 11 f\u00e9vrier 2019, <a href=\"https:\/\/www.mondialisation.ca\/gilets-jaunes-et-manipulations-etatiques-de-la-violence-une-vieille-histoire\/5630985\">https:\/\/www.mondialisation.ca\/gilets-jaunes-et-manipulations-etatiques-de-la-violence-une-vieille-histoire\/5630985<\/a>.<\/p>\n<p style=\"text-align: justify;\"><a href=\"#_ednref12\" name=\"_edn12\">[12]<\/a> <em>Comment les \u201cgilets jaunes\u201d ont mis en place des services d\u2019ordre pour encadrer leurs manifestations<\/em>, 20\/01\/2019, <a href=\"http:\/\/www.defenddemocracy.press\/comment-les-gilets-jaunes-ont-mis-en-place-des-services-dordre-pour-encadrer-leurs-manifestations\/\">http:\/\/www.defenddemocracy.press\/comment-les-gilets-jaunes-ont-mis-en-place-des-services-dordre-pour-encadrer-leurs-manifestations\/<\/a>.<\/p>\n<p style=\"text-align: justify;\"><a href=\"#_ednref13\" name=\"_edn13\">[13]<\/a> <a href=\"http:\/\/www.lefigaro.fr\/actualite-france\/2019\/02\/09\/01016-20190209ARTFIG00071-gilets-jaunes-un-manifestant-grievement-blesse-a-paris.php\">http:\/\/www.lefigaro.fr\/actualite-france\/2019\/02\/09\/01016-20190209ARTFIG00071-gilets-jaunes-un-manifestant-grievement-blesse-a-paris.php<\/a>.<\/p>\n<p style=\"text-align: justify;\"><a href=\"http:\/\/www.lefigaro.fr\/actualite-france\/2019\/02\/09\/01016-20190209ARTFIG00049-des-gilets-jaunes-defilent-a-nouveau-a-paris-et-en-regions-pour-l-acte-xiii.php\">http:\/\/www.lefigaro.fr\/actualite-france\/2019\/02\/09\/01016-20190209ARTFIG00049-des-gilets-jaunes-defilent-a-nouveau-a-paris-et-en-regions-pour-l-acte-xiii.php<\/a>.<\/p>\n<p style=\"text-align: justify;\"><a href=\"#_ednref14\" name=\"_edn14\">[14]<\/a> David Harvey: <em>Consolidating Power<\/em>, \u201cThe left has to rethink its theoretical and tactical apparatus\u201d, <em>Roar Magazine<\/em>, December 9, 2015, <a href=\"https:\/\/roarmag.org\/magazine\/david-harvey-consolidating-power\/\">https:\/\/roarmag.org\/magazine\/david-harvey-consolidating-power\/<\/a>.<\/p>\n<p style=\"text-align: justify;\"><a href=\"#_ednref15\" name=\"_edn15\">[15]<\/a> See Nicolas Duvoux, C\u00e9dric Lomba, <em>O\u00f9 va la France populaire\u00a0?<\/em><em>, <\/em>\u00a0Paris, Presses universitaires de France, 2019.<\/p>\n<p style=\"text-align: justify;\"><a href=\"#_ednref16\" name=\"_edn16\">[16]<\/a> F\u00e9lix Boggio \u00c9wanj\u00e9-\u00c9p\u00e9e, <em>Le gilet jaune comme signifiant flottant<\/em>, 24\/11\/2018, \u00a0<a href=\"http:\/\/www.defenddemocracy.press\/le-gilet-jaune-comme-signifiant-flottant\/\">http:\/\/www.defenddemocracy.press\/le-gilet-jaune-comme-signifiant-flottant\/<\/a>.<\/p>\n<p style=\"text-align: justify;\"><a href=\"#_ednref17\" name=\"_edn17\">[17]<\/a> Dimitris, Konstantakopoulos, <em>France: <\/em><em>A new stage for the Yellow Vests Revolution<\/em>, 02\/04\/2019, <a href=\"https:\/\/uwidata.com\/1829-france-a-new-stage-for-the-yellow-vests-revolution\/\">https:\/\/uwidata.com\/1829-france-a-new-stage-for-the-yellow-vests-revolution\/<\/a>: \u201cThe only important lower social stratum that we haven\u2019t seen represented in Commercy, is that of the workers and unemployed French citizens of African origin, the sons of the immigration, \u201cthe world of\u00a0<em>Banlieus<\/em>\u201d<em>\u00a0<\/em>\u2013 of the suburban communities, who are now more isolated than ever, even from the left which was once present in their neighbourhoods\u201d.<\/p>\n<p style=\"text-align: justify;\"><a href=\"#_ednref18\" name=\"_edn18\">[18]<\/a> See <em>Alain Finkielkraut injuri\u00e9 : le parquet de Paris ouvre une enqu\u00eate<\/em>, 17 fevr 2019, <a href=\"http:\/\/www.lefigaro.fr\/flash-actu\/2019\/02\/17\/97001-20190217FILWWW00045-alain-finkielkraut-injurie-le-parquet-de-paris-ouvre-une-enquete.php\">http:\/\/www.lefigaro.fr\/flash-actu\/2019\/02\/17\/97001-20190217FILWWW00045-alain-finkielkraut-injurie-le-parquet-de-paris-ouvre-une-enquete.php<\/a>: \u201cThe academician was attacked by several individuals shouting \u2018dirty Zionist\u2019, \u2018go home\u2019, \u2018dirty shit\u2019.<\/p>\n<p style=\"text-align: justify;\"><a href=\"#_ednref19\" name=\"_edn19\">[19]<\/a> Stathis Kouv\u00e9lakis, <em>Gilets Jaunes, l\u2019urgence de l\u2019acte<\/em>, 21 janvier 2019, <a href=\"http:\/\/www.contretemps.eu\/gilets-jaunes-urgence-acte-kouvelakis\/\">http:\/\/www.contretemps.eu\/gilets-jaunes-urgence-acte-kouvelakis\/<\/a>, citing sociological researches and polls.<\/p>\n<p style=\"text-align: justify;\"><a href=\"#_ednref20\" name=\"_edn20\">[20]<\/a> <em>La D\u00e9faite de la pens\u00e9e<\/em>, Paris, Gallimard, 1987.<\/p>\n<p style=\"text-align: justify;\"><a href=\"#_ednref21\" name=\"_edn21\">[21]<\/a> The concept of <em>ideology<\/em> describes that <strong>people \u2013 and \u201calso\u201d the intellectuals \u2013 <em>reflect upon all the aspects of society and man according to their experience, i.e. to their social\/class position<\/em><\/strong>. There is no neutral worldview and culture.<\/p>\n<p style=\"text-align: justify;\"><a href=\"#_ednref22\" name=\"_edn22\">[22]<\/a> See <a href=\"https:\/\/www.facebook.com\/hashtag\/demesarchives?source=feed_text&amp;epa=HASHTAG&amp;__tn__=*NK-R\">https:\/\/www.facebook.com\/hashtag\/demesarchives?source=feed_text&amp;epa=HASHTAG&amp;__tn__=*NK-R<\/a>, where there is a reminder of Alain Finkielkraut\u2019s racism related to the 2005 revolts in the Paris neighbourhoods, citing <em>L\u2019Observateur<\/em> de 24 November 2005 with the translation in French of the interview given by Alain Finkielkraut to the journal <em>Haaretz<\/em>. On the wiki page of Alain Finkielkraut \u2013 <a href=\"https:\/\/fr.wikipedia.org\/wiki\/Alain_Finkielkraut#Publications\">https:\/\/fr.wikipedia.org\/wiki\/Alain_Finkielkraut#Publications<\/a>, accessed 19 February 2019 \u2013 there are both the\u00a0 article in <em>Haaretz <\/em>(Interview par Dror Mishani et Aur\u00e9lia Samothraiz, 18 novembre 2005 <a href=\"http:\/\/www.haaretz.co.il\/hasite\/pages\/ShArtPE.jhtml?itemNo=645738&amp;contrassID=2&amp;subContrassID=13&amp;sbSubContrassID=0\">texte en h\u00e9breu<\/a>\u00a0[<a href=\"http:\/\/archive.wikiwix.com\/cache\/?url=http%3A%2F%2Fwww.haaretz.co.il%2Fhasite%2Fpages%2FShArtPE.jhtml%3FitemNo%3D645738%26contrassID%3D2%26subContrassID%3D13%26sbSubContrassID%3D0\">archive<\/a>]) and<\/p>\n<p style=\"text-align: justify;\"><a href=\"https:\/\/www.humanite.fr\/node\/339309\">Finkielkraut s\u2019ab\u00eeme dans une diatribe raciste<\/a>\u00a0[<a href=\"http:\/\/archive.wikiwix.com\/cache\/?url=https%3A%2F%2Fwww.humanite.fr%2Fnode%2F339309\">archive<\/a>] sur l&#8217;<em>humanite.fr<\/em>, 25 Novembre 2005, <a href=\"https:\/\/www.humanite.fr\/node\/339309\">https:\/\/www.humanite.fr\/node\/339309<\/a>, with direct traslations from <em>Haaretz<\/em>; however, according to Alain Finkielkraut\u2019s wiki page, there was a translation in <em>Le Monde<\/em> too.<\/p>\n<p style=\"text-align: justify;\"><a href=\"#_ednref23\" name=\"_edn23\">[23]<\/a> Lettre ouverte \u00e0 Alain Finkielkraut, par Alain Badiou, 18 avril 2016, <a href=\"https:\/\/bibliobs.nouvelobs.com\/idees\/20151112.OBS9357\/lettre-ouverte-a-alain-finkielkraut-par-alain-badiou.amp?fbclid=IwAR2C-QVkpohYAI5rFYyYdh31GGRfdmo4z0rPE3OUl17AkDipJrPrd3a-2Vw\">https:\/\/bibliobs.nouvelobs.com\/idees\/20151112.OBS9357\/lettre-ouverte-a-alain-finkielkraut-par-alain-badiou.amp?fbclid=IwAR2C-QVkpohYAI5rFYyYdh31GGRfdmo4z0rPE3OUl17AkDipJrPrd3a-2Vw<\/a>.<\/p>\n<p style=\"text-align: justify;\"><a href=\"#_ednref24\" name=\"_edn24\">[24]<\/a> \u00ab\u00a0Gilets jaunes\u00a0\u00bb\u00a0: de la col\u00e8re \u00e0 la haine, 18 fevr 2019, <a href=\"https:\/\/www.lemonde.fr\/societe\/article\/2019\/02\/18\/gilets-jaunes-de-la-colere-a-la-haine_5424853_3224.html?utm_medium=Social&amp;utm_source=Facebook#Echobox=1550488558\">https:\/\/www.lemonde.fr\/societe\/article\/2019\/02\/18\/gilets-jaunes-de-la-colere-a-la-haine_5424853_3224.html?utm_medium=Social&amp;utm_source=Facebook#Echobox=1550488558<\/a>.<\/p>\n<p style=\"text-align: justify;\"><a href=\"#_ednref25\" name=\"_edn25\">[25]<\/a> See Marx, <em>Critique of the Gotha Programme<\/em> (1875), part I, marxists.org 1999, pp. 10-11: \u201cAny distribution whatever of the means of consumption is only a consequence of the distribution of the conditions of production themselves. The latter distribution, however, is a feature of the mode of production itself\u2026 Vulgar socialism (and from it in turn a section of the democrats) has taken over from the bourgeois economists the consideration and treatment of distribution as independent of the mode of production and hence the presentation of socialism as turning principally on distribution\u201d.<\/p>\n<p style=\"text-align: justify;\"><a href=\"#_ednref26\" name=\"_edn26\">[26]<\/a> <em>Antis\u00e9mitisme\u00a0: les \u00ab\u00a0gilets jaunes\u00a0\u00bb face \u00e0 leurs responsabilit\u00e9s<\/em>, 18 fevr. 2019, <a href=\"https:\/\/www.lemonde.fr\/politique\/article\/2019\/02\/18\/antisemitisme-les-gilets-jaunes-face-a-leurs-responsabilites_5424824_823448.html\">https:\/\/www.lemonde.fr\/politique\/article\/2019\/02\/18\/antisemitisme-les-gilets-jaunes-face-a-leurs-responsabilites_5424824_823448.html<\/a>: the same is with some anti-Semitic attitudes which the \u201cyellow vests\u201d did not want to condemn in order to not divide the movement.<\/p>\n<p style=\"text-align: justify;\"><a href=\"#_ednref27\" name=\"_edn27\">[27]<\/a> Fran\u00e7ois Cusset, in <em>Violences : \u00ab Comparer des voitures br\u00fbl\u00e9es avec les ravages du n\u00e9olib\u00e9ralisme depuis 40 ans est absurde \u00bb<\/em>, <em>11 f\u00e9vrier 2019, <\/em><strong>\u00a0<\/strong><a href=\"https:\/\/www.bastamag.net\/Violences-Comparer-des-voitures-brulees-avec-les-ravages-du-neoliberalisme\">https:\/\/www.bastamag.net\/Violences-Comparer-des-voitures-brulees-avec-les-ravages-du-neoliberalisme<\/a>.<\/p>\n<p style=\"text-align: justify;\"><a href=\"#_ednref28\" name=\"_edn28\">[28]<\/a> See even the <em>guaranteed minimum income<\/em> (GMI) without any work, much discussed nowadays just by the dominant strata. If during the anterior industrial revolutions the employers feared the laziness induced by any measure guaranteeing to the labour force the everyday subsistence, or a little wellbeing and independence (and even now the experiment of <em>guaranteed minimum income <\/em>given to unemployed has encountered resistance, claiming that the GMI will stop the unemployed to search for work, see <em>En Finlande, le revenu de base est une source de bien-\u00eatre pour ses b\u00e9n\u00e9ficiaires<\/em>, 9 fevr 2019, <a href=\"https:\/\/www.lemonde.fr\/economie\/article\/2019\/02\/09\/en-finlande-le-revenu-de-base-est-une-source-de-bien-etre-pour-ses-beneficiaires_5421393_3234.html\">https:\/\/www.lemonde.fr\/economie\/article\/2019\/02\/09\/en-finlande-le-revenu-de-base-est-une-source-de-bien-etre-pour-ses-beneficiaires_5421393_3234.html<\/a>), in present it could be a means of tempering the low classes; at the same time, this GMI shows that the problem\u00a0 does not concern, as in the history so far, (only)\u00a0 the means of subsistence or wellbeing, but first and foremost the capacity to develop the unique creative capacity of every one, and not through a <em>labour <\/em>in capitalist regime, paying the necessary wage, but through a creative <em>activity<\/em>.<\/p>\n<p style=\"text-align: justify;\"><a href=\"#_ednref29\" name=\"_edn29\">[29]<\/a> <em>\u00ab\u00a0Tous dans la rue\u00a0! \u00bb &#8211;\u00a0Appel \u00e0\u00a0 la gr\u00e8ve g\u00e9n\u00e9rale<\/em>, <a href=\"http:\/\/www.defenddemocracy.press\/tous-a-la-rue-appel-a-la-greve-generale\/\">http:\/\/www.defenddemocracy.press\/tous-a-la-rue-appel-a-la-greve-generale\/<\/a>, where there are also the calls for strike from different working strata and organizations.<\/p>\n<p style=\"text-align: justify;\"><a href=\"#_ednref30\" name=\"_edn30\">[30]<\/a> Jean-Pierre Page, <em>Au sujet du Venezuela et d\u2019une d\u00e9claration de la CGT<\/em>, 5 f\u00e9vrier 2019, <a href=\"https:\/\/www.legrandsoir.info\/au-sujet-du-venezuela-et-d-une-declaration-de-la-cgt.html\">https:\/\/www.legrandsoir.info\/au-sujet-du-venezuela-et-d-une-declaration-de-la-cgt.html<\/a>.<\/p>\n<p style=\"text-align: justify;\"><a href=\"#_ednref31\" name=\"_edn31\">[31]<\/a> Rapha\u00eblle Besse Desmouli\u00e8res, \u00a0<em>\u00ab\u00a0Convergence de luttes r\u00e9ussie\u00a0\u00bb\u00a0: la CGT se f\u00e9licite de la pr\u00e9sence de \u00ab\u00a0gilets jaunes\u00a0\u00bb \u00e0 ses c\u00f4t\u00e9s<\/em>, 5 feb 2019, \u00a0<a href=\"https:\/\/www.lemonde.fr\/societe\/article\/2019\/02\/05\/convergence-de-luttes-reussie-la-cgt-se-felicite-de-la-presence-de-gilets-jaunes-a-ses-cotes_5419673_3224.html\">https:\/\/www.lemonde.fr\/societe\/article\/2019\/02\/05\/convergence-de-luttes-reussie-la-cgt-se-felicite-de-la-presence-de-gilets-jaunes-a-ses-cotes_5419673_3224.html<\/a>.<\/p>\n<p style=\"text-align: justify;\"><a href=\"#_ednref32\" name=\"_edn32\">[32]<\/a> <em>Appel de Gilets Jaunes \u00e0 cr\u00e9er des Maisons du Peuple partout<\/em> (27 janvier 2019), 04\/02\/2019, <a href=\"http:\/\/www.defenddemocracy.press\/appel-de-gilets-jaunes-a-creer-des-maisons-du-peuple-partout\/\">http:\/\/www.defenddemocracy.press\/appel-de-gilets-jaunes-a-creer-des-maisons-du-peuple-partout\/<\/a>.<\/p>\n<p style=\"text-align: justify;\"><a href=\"#_ednref33\" name=\"_edn33\">[33]<\/a> <em>Le Manifeste, essai constituant<\/em>, January 15, 2019, <a href=\"https:\/\/www.facebook.com\/notes\/manifeste-des-gilets-jaunes\/le-manifeste-essai-constituant\/462909427574942\/\">https:\/\/www.facebook.com\/notes\/manifeste-des-gilets-jaunes\/le-manifeste-essai-constituant\/462909427574942\/<\/a>.<\/p>\n<p style=\"text-align: justify;\"><a href=\"#_ednref34\" name=\"_edn34\">[34]<\/a> See \u00ab\u00a0Gilets jaunes\u00a0\u00bb: la lute finale?,\u00a0 8 f\u00e9vrier 2019, <a href=\"http:\/\/www.adoxa.info\/gilets-jaunes-la-lutte-finale\">http:\/\/www.adoxa.info\/gilets-jaunes-la-lutte-finale#<\/a>.<\/p>\n<p style=\"text-align: justify;\"><a href=\"#_ednref35\" name=\"_edn35\">[35]<\/a> Gilets jaunes. Face \u00e0 \u00ab\u00a0la bande \u00e0 Drouet\u00a0\u00bb, Jacline Mouraud envisage de cr\u00e9er son parti politique, 23\/12\/2018, <a href=\"https:\/\/www.ouest-france.fr\/societe\/gilets-jaunes\/gilets-jaunes-face-la-bande-drouet-jacline-mouraud-envisage-de-creer-son-parti-politique-6147412\">https:\/\/www.ouest-france.fr\/societe\/gilets-jaunes\/gilets-jaunes-face-la-bande-drouet-jacline-mouraud-envisage-de-creer-son-parti-politique-6147412<\/a>.<\/p>\n<p style=\"text-align: justify;\"><a href=\"#_ednref36\" name=\"_edn36\">[36]<\/a> Because, as she says, \u201cFrance needs the EU\u201d, 8 February 2019, <a href=\"http:\/\/www.lefigaro.fr\/politique\/2019\/02\/08\/01002-20190208ARTFIG00265-ingrid-levavasseur-la-france-a-besoin-de-l-union-europeenne.php\">http:\/\/www.lefigaro.fr\/politique\/2019\/02\/08\/01002-20190208ARTFIG00265-ingrid-levavasseur-la-france-a-besoin-de-l-union-europeenne.php<\/a>.<\/p>\n<p style=\"text-align: justify;\"><a href=\"#_ednref37\" name=\"_edn37\">[37]<\/a> See an analysis focusing on the IT used by the debate, <em>Bastien Gouly, <\/em><em>Grand d\u00e9bat national : la grande mascarade ?<\/em>, 19\/02\/2019, <a href=\"http:\/\/www.defenddemocracy.press\/grand-debat-national-la-grande-mascarade\/\">http:\/\/www.defenddemocracy.press\/grand-debat-national-la-grande-mascarade\/<\/a>.<\/p>\n<p style=\"text-align: justify;\"><a href=\"#_ednref38\" name=\"_edn38\">[38]<\/a> Danielle Riva, <em>Lettre de Paris. Sur les Gilets Jaunes<\/em>, 03\/02\/2019, \u00a0<a href=\"http:\/\/www.defenddemocracy.press\/lettre-de-paris-sur-les-gilets-jaunes-par-danielle-riva\/\">http:\/\/www.defenddemocracy.press\/lettre-de-paris-sur-les-gilets-jaunes-par-danielle-riva\/<\/a>.<\/p>\n<p style=\"text-align: justify;\"><a href=\"#_ednref39\" name=\"_edn39\">[39]<\/a> See Giorgio Agamben, <em>State of Exception<\/em> (2003), Translated by Kevin Attell, University of Chicago Press, 2005.<\/p>\n<p style=\"text-align: justify;\"><a href=\"#_ednref40\" name=\"_edn40\">[40]<\/a> See the reference to Gramsci\u2019s distinction between the <em>organic crisis<\/em> and the <em>revolutionary crisis<\/em> in Stathis Kouv\u00e9lakis, <em>Gilets Jaunes, l\u2019urgence de l\u2019acte<\/em>, 21 janvier 2019, <a href=\"http:\/\/www.contretemps.eu\/gilets-jaunes-urgence-acte-kouvelakis\/\">http:\/\/www.contretemps.eu\/gilets-jaunes-urgence-acte-kouvelakis\/<\/a>.<\/p>\n<p style=\"text-align: justify;\">\u00a0\u00a0 The last concept is a copy of Lenin\u2019s <em>revolutionary situation<\/em>, and many have referred to it in relation to the \u201cyellow vests\u201d. However, in fact the revolutionary situation is only an organic crisis that, in the absence of the subjective conditions of organisation and revolutionary conscience, may not have the desired outcome. \u201cIt would be a mistake to think that the revolutionary classes are invariably strong enough to effect a revolution whenever such a revolution has fully matured by virtue of the conditions of social and economic development. No, human society is not constituted so rationally or so \u201cconveniently\u201d for progressive elements. A revolution may be ripe, and yet the forces of its creators may prove insufficient to carry it out, in which case society decays, and this process of decay sometimes drags on for very many years. There is no doubt that Russia is ripe for a democratic revolution, but it still remains to be seen whether the revolutionary classes have sufficient strength at present to carry it out\u201d, V.I. Lenin, \u201eThe Latest in <em>Iskra<\/em> Tactics, or Mock Elections as a New Incentive to an Uprising\u201d, <em>Proletary<\/em>, No. 21, October 17 (4), 19O5, in <em>Lenin Collected Works<\/em>, Moscow, Progress Publishers, 1972, Volume 9, pp. 356-373, <a href=\"http:\/\/www.marxists.org\/archive\/lenin\/works\/1905\/oct\/17b.htm\">http:\/\/www.marxists.org\/archive\/lenin\/works\/1905\/oct\/17b.htm<\/a>.<\/p>\n<p style=\"text-align: justify;\"><a href=\"#_ednref41\" name=\"_edn41\">[41]<\/a> It is very interesting, in fact important that in the present general crisis the dominant layers have adopted a mixture of <em>technocratic <\/em>appearance of the government as promoting not the political, but the \u201crational\u201d character of the \u201creforms\u201d \u2013 we remember Hegel\u2019s \u201cWhat is rational is actual, what is actual is rational\u201d \u2013 and let\u2019 say\u00a0 the necessary, if not \u201cprovidential\u201d leaders. See the \u201clegitimating\u201d of Macron\u2019s political climbing by his book <em>R\u00e9volution<\/em>, Paris, XO \u00e9ditions, 2016, and the present political communication exercise in the \u201cgrand national debate\u201d.<\/p>\n<p style=\"text-align: justify;\"><a href=\"#_ednref42\" name=\"_edn42\">[42]<\/a> Those first demands, related to the \u201cpurchasing power\u201d, were declaratively and temporarily accepted by the establishment that is horrified\u00a0 by \u201cthe will to destruct the institutions\u201d, <em>Les stup\u00e9fiantes confidences de Macron aux journalistes<\/em>, 04\/02\/2019, \u00a0<a href=\"http:\/\/www.defenddemocracy.press\/les-stupefiantes-confidences-de-macron-aux-journalistes\/\">http:\/\/www.defenddemocracy.press\/les-stupefiantes-confidences-de-macron-aux-journalistes\/<\/a>.<\/p>\n<p style=\"text-align: justify;\"><a href=\"#_ednref43\" name=\"_edn43\">[43]<\/a> <em>Le Manifeste, essai constituant<\/em>, January 15, 2019, <a href=\"https:\/\/www.facebook.com\/notes\/manifeste-des-gilets-jaunes\/le-manifeste-essai-constituant\/462909427574942\/\">https:\/\/www.facebook.com\/notes\/manifeste-des-gilets-jaunes\/le-manifeste-essai-constituant\/462909427574942\/<\/a>.<\/p>\n<p style=\"text-align: justify;\"><a href=\"#_ednref44\" name=\"_edn44\">[44]<\/a> From <em><a href=\"mailto:espacemaymana@free.fr\">espacemaymana@free.fr<\/a><\/em><em>,<\/em> <em>in <\/em><em>Le syst\u00e8me n\u2019a que la solidit\u00e9 conf\u00e9r\u00e9e par la croyance que nous sommes impuissants face \u00e0 lui car il serait naturel<\/em>, 30\/12\/2018, <a href=\"http:\/\/www.defenddemocracy.press\/le-systeme-na-que-la-solidite-conferee-par-la-croyance-que-nous-sommes-impuissants-face-a-lui-car-il-serait-naturel\/?utm_source=Delphi+Initiative+Newsletter&amp;utm_campaign=d3b8c8dee0-EMAIL_CAMPAIGN_2018_12_30_02_06&amp;utm_medium=email&amp;utm_term=0_cca18be42a-d3b8c8dee0-173789881\">http:\/\/www.defenddemocracy.press\/le-systeme-na-que-la-solidite-conferee-par-la-croyance-que-nous-sommes-impuissants-face-a-lui-car-il-serait-naturel\/?utm_source=Delphi+Initiative+Newsletter&amp;utm_campaign=d3b8c8dee0-EMAIL_CAMPAIGN_2018_12_30_02_06&amp;utm_medium=email&amp;utm_term=0_cca18be42a-d3b8c8dee0-173789881<\/a>.<\/p>\n<p style=\"text-align: justify;\"><a href=\"#_ednref45\" name=\"_edn45\">[45]<\/a> See in present: Dan Conway, <em>US military conducting urban warfare training exercises in Los Angeles<\/em>, 7 February 2019, <a href=\"https:\/\/www.wsws.org\/en\/articles\/2019\/02\/07\/lain-f07.html\">https:\/\/www.wsws.org\/en\/articles\/2019\/02\/07\/lain-f07.html<\/a>; Alex Lantier, <em>France recalls its ambassador to Italy<\/em>, 8 February 2019,\u00a0 <a href=\"https:\/\/www.wsws.org\/en\/articles\/2019\/02\/08\/pers-f08.html\">https:\/\/www.wsws.org\/en\/articles\/2019\/02\/08\/pers-f08.html<\/a>; Will Morrow, <em>France conducts dry-run simulation of nuclear weapon strike<\/em>, 8 February 2019,\u00a0 <a href=\"https:\/\/www.wsws.org\/en\/articles\/2019\/02\/08\/rafa-f08.html\">https:\/\/www.wsws.org\/en\/articles\/2019\/02\/08\/rafa-f08.html<\/a>.<\/p>\n<p style=\"text-align: justify;\"><a href=\"#_ednref46\" name=\"_edn46\">[46]<\/a> See also <em>Appel des gilets jaunes de Montreuil<\/em>, 18\/01\/2019, \u00a0<a href=\"http:\/\/www.defenddemocracy.press\/appel-des-gilets-jaunes-de-montreuil\/\">http:\/\/www.defenddemocracy.press\/appel-des-gilets-jaunes-de-montreuil\/<\/a>: \u201cthe difference must not be a frontier: neither the color of the skin, nor the place of birth, nor gender, nor sexual orientation, nor religion, will serve as a pretext for dividing us. We must be united in our differences if we want to build a more just and beautiful world\u201d.<\/p>\n<p style=\"text-align: justify;\"><a href=\"#_ednref47\" name=\"_edn47\">[47]<\/a> Speaking in philosophical terms, we may remind that the <strong>internationalist<\/strong> tendency corresponds to the propensity toward <em>communitas<\/em>\/ in the name of the \u201c<em>third person<\/em>\u201d\/the <em>impersonal <\/em>(Roberto Esposito,<em> Third person. Politics of Life and Philosophy of the Impersonal<\/em> (2007), Translated by Zakiya Hanafi, London, Polity Press, 2012), just opposite to the face-to-face proximity of a long philosophical tradition. If we take over Heidegger\u2019s reference to the \u201chumanism\u201d that patronised the tragedies of the history, including the ones of the 20<sup>th<\/sup> century (Heidegger, <em>Ueber den Humanismus<\/em>, 1946), we may ascertain that just the (<em>practical<\/em>) solidarity with those far away from us shows our humanism, i.e. <strong>appurtenance to the <em>human species<\/em> and assumption of this appurtenance<\/strong> (see Ana Bazac, \u201cLa souffrance de nos lointains. La r\u00e9verb\u00e9ration philosophique des scandales r\u00e9cents de torture et d\u2019abus li\u00e9s \u00e0 la guerre en Irak\u00a0\u00bb, <em>Anachronia<\/em>, Hamburg, 8, 2007, p. 180-214).<\/p>\n<p style=\"text-align: justify;\"><a href=\"#_ednref48\" name=\"_edn48\">[48]<\/a> Just because capitalism is a <strong><em>world <\/em><\/strong>system \u2013 so even letting aside the complex and expanding social peculiarity of the human being \u2013 the nationalist self-enclosing inside of imaginary\u00a0 boundaries, protected by huge and absurdly expensive material and institutional means of repression, is impossible; and far from being protective, it is harmful. (See the attitude towards <em>immunity<\/em> and its relation with <em>community<\/em> in Roberto Esposito, <em>Immunitas. The Protection and Negation of Life<\/em>, Translated by Zakiya Hanafi, Cambridge, UK, Polity Press, 2011).<\/p>\n<p style=\"text-align: justify;\"><a href=\"#_ednref49\" name=\"_edn49\">[49]<\/a> Relating to this aspect, we have to not forget that if in 1914 <strong>the social-democrat parties have voted the war credits and the entry into the WWI<\/strong><strong> \u2013 by assuming the standpoint of \u201cnational\u201d capitalist\/imperialist classes and betraying both the own and foreign oppressed classes<\/strong>\u00a0 \u2013, nowadays we have to show that we learned the bitter lesson of history. The present problem is not only to refuse inter-imperialist wars waged by the imperialist powers in the name of \u201cnational interests\u201d, but also <strong><em>to refuse any imperialist war and involvement in other countries in the name of \u201chumanitarianism\u201d and \u201cexport of democracy\u201d.<\/em><\/strong><\/p>\n<p style=\"text-align: justify;\">\u00a0\u00a0 At the same time, and by making <strong>careful dialectic analyses<\/strong>, <strong><em>we must to not mechanically support any \u201cliberation movement\u201d<\/em><\/strong>: since we know that just imperialism has destroyed countries, states and populations, we also\u00a0 knowing that all these problems were and are transformed into imperialist instruments, <em>we have to have criteria<\/em> in supporting secessionist and \u201cliberation\u201d movements: if one criterion is the <em>freedom of a population to use and develop its language and culture<\/em>, and certainly <em>letting aside the history of their real oppression <\/em>(of deportation of Chechen and Ingush in February 1944, \u201cbecause some of the Moslem leaders had fraternized with the Nazis, Stalin ordered whole populations to be collectively punished\u201d, <a href=\"https:\/\/www.wsws.org\/en\/articles\/2019\/02\/11\/twih-f11.html#100\">https:\/\/www.wsws.org\/en\/articles\/2019\/02\/11\/twih-f11.html#100<\/a>, and of the war waged by the pro-capitalist and nationalist Yeltsin against the separatist movement in Chechnya in 1994 \u2013 that obviously was organized by the Western imperialism \u2013 but that led to the suffering of civilians), why would we consider that the Chechen would <em>now<\/em> be oppressed\u00a0 in Russia,\u00a0 and the Albanian Kosovars in Yugoslavia\/Serbia?\u00a0 Do we not think that statelets as Kosovo are protectorates\/Trojan horses of the Western imperialism? Why would be the Western imperialism better than the \u2013 let suppose it would be a Russian and Chinese imperialism \u2013 Russian and Chinese imperialism? If indeed the Uyghurs and Tibetans in China and the Catalans in Spain cannot use their language and develop their culture, their liberation movement would be entitled; but if they can, why would be that liberation movement progressive? The Catalans fight for a Catalan republic, thus superior to the Spanish monarchy, but if this is the only superior aspect, why would the Catalans not struggle together with all the Spaniards for republic in Spain? Are all these \u201cliberation movements\u201d not the <em>mean to divert the attention<\/em> of the oppressed classes of all the minority or majority nationalities <em>from the class struggle and goals<\/em>, all the more as the occasion given by the separation movements for the dominant classes is their strengthening under the banner of \u201cunity\u201d of the state\/under excessive right-wing slogans (see Alejandro L\u00f3pez,\u00a0 <em>Spanish government falls amid Catalan crisis<\/em>, 16 February 2019, <a href=\"https:\/\/www.wsws.org\/en\/articles\/2019\/02\/16\/span-f16.html\">https:\/\/www.wsws.org\/en\/articles\/2019\/02\/16\/span-f16.html<\/a>)? Is the voice of these \u201cliberation movements\u201d not that of the local bourgeoisies in connivance with the imperialist powers? May we consider that that voice as the one of the oppressed classes? How can some ones support local ethnic self-government for minorities like Roma or Native Americans, since the self-government <em>must be not ethnic but popular democratic, for all in a popular democratic state<\/em>? May we make again the fatal mistake to take over the capitalist reasoning in which \u201cfirst we have to conquer the ethnic autonomy within capitalist countries\/rules and then to struggle for\u2026\u201d?<\/p>\n<p style=\"text-align: justify;\">\u00a0\u00a0 And may we confound the fight against immigration control \u2013 pay attention, by and within capitalist countries \u2013 with the absurd claim of equal use by immigrants of their language? And may we speak against\u00a0 immigration control without showing its causes in the capitalist logic (as two good papers have showed, see\u00a0 <em>J\u00e9r\u00f4me Duval, Ludivine Faniel, Benoit Coumont<\/em><em>, \u00c0 qui profite la gestion des migrations ?<\/em><em> 27 octobre 2017<\/em><em>, <\/em>23\/01\/2018, \u00a0<a href=\"http:\/\/www.defenddemocracy.press\/a-qui-profite-la-gestion-des-migrations\/\">http:\/\/www.defenddemocracy.press\/a-qui-profite-la-gestion-des-migrations\/<\/a> and Niklas Albin Svensson, <em>Why Marxists oppose immigration controls<\/em>, 20 December 2018,\u00a0 <a href=\"http:\/\/www.marxist.com\/why-marxists-oppose-immigration-controls.htm\">http:\/\/www.marxist.com\/why-marxists-oppose-immigration-controls.htm<\/a>) and thus without showing that the freedom of circulation is solved only as a result of the struggle for socialism? May we militate for equal wages of migrants in capitalist countries without clearly militate for socialism?<\/p>\n<p style=\"text-align: justify;\">\u00a0\u00a0 May we absurdly consider that \u201cfirst, the oppressed classes from the oppressed peoples must be liberated from the imperialist domination, and then they will lead other classes and layers of the oppressed people towards liberation from the yoke of imperialism and capitalism\u201d? And may we simply align to the capitalist logic that imposes or not sanctions for a state infringing the capitalist human rights, and thus support or not those sanctions, or we must to show their origin in the system and thus that the fulfilling of real human rights is possible only by transcending capitalism? May we express the mantra of the North-South priority towards the capitalist relations as such (\u201cfirst\u201d, \u201c<em>liberations struggles of the workers and oppressed in the South\u201d<\/em>), as if our model would be the neo-liberal mantra of \u201cfirst, the sexual liberation\u201d, and without explicitly say that all these discriminations are social, generated by capitalism?<\/p>\n<p style=\"text-align: justify;\">\u00a0\u00a0 Do we not understand that <strong><em>hierarchies in the model of struggles may be constructed only according to the concrete situations and relations of social forces<\/em><\/strong>? Consequently, may we consider \u2013 as the Western imperialism does \u2013 that in Syria the people has risen against Assad and thus we ought to support the destruction of present Syria, as if we did not realize that this destruction serves only to the Western imperialism? May we confound Russia\u2019s position within the logic of inter-capitalist relations \u2013 thus its support for Assad in order to lessen the Western imperialism in the region \u2013 with its supposed \u201cimperialism\u201d towards the people of Syria? How does it oppress this people?<\/p>\n<p style=\"text-align: justify;\">\u00a0\u00a0 All the theses questioned here are from <em>Theses on Revolutionary Defeatism in Imperialist States<\/em>, Resolution of the International Executive Committee of the Revolutionary Communist International Tendency (RCIT), 8 September 2018, <a href=\"https:\/\/www.thecommunists.net\/theory\/theses-on-revolutionary-defeatism-in-imperialist-states\/\">https:\/\/www.thecommunists.net\/theory\/theses-on-revolutionary-defeatism-in-imperialist-states\/<\/a>, and <em>Introduction<\/em>, <a href=\"https:\/\/www.thecommunists.net\/theory\/anti-imperialism-in-the-age-of-great-power-rivalry\/introduction\/\">https:\/\/www.thecommunists.net\/theory\/anti-imperialism-in-the-age-of-great-power-rivalry\/introduction\/<\/a>.<\/p>\n<p style=\"text-align: justify;\"><a href=\"#_ednref50\" name=\"_edn50\">[50]<\/a> \u00abActe 14\u00bb des \u00abgilets jaunes\u00bb: 41.500 manifestants ont d\u00e9fil\u00e9 en France, 16\/02\/2019, <a href=\"http:\/\/www.lefigaro.fr\/actualite-france\/2019\/02\/16\/01016-20190216ARTFIG00084-acte-14-des-gilets-jaunes-des-milliers-de-manifestants-defilent-a-nouveau.php\">http:\/\/www.lefigaro.fr\/actualite-france\/2019\/02\/16\/01016-20190216ARTFIG00084-acte-14-des-gilets-jaunes-des-milliers-de-manifestants-defilent-a-nouveau.php<\/a>: \u201cIn Strasbourg, 110 &#8220;yellow vests&#8221; participated in the rally. They then moved to the Meinau district to join Kurdish demonstrators from the PKK who are demanding the release of Abdullah Ocalan, according to Les Derni\u00e8res Nouvelles d&#8217;Alsace\u201d.<\/p>\n<p style=\"text-align: justify;\"><a href=\"#_ednref51\" name=\"_edn51\">[51]<\/a> See in Stathis Kouv\u00e9lakis, <em>Gilets Jaunes, l\u2019urgence de l\u2019acte<\/em>, 21 janvier 2019, <a href=\"http:\/\/www.contretemps.eu\/gilets-jaunes-urgence-acte-kouvelakis\/\">http:\/\/www.contretemps.eu\/gilets-jaunes-urgence-acte-kouvelakis\/<\/a>, the idea of false horizontality provided by the social networks. (Anyway, do not forget not only that these networks are only tools, but also that they are used by the foes of the \u201cyellow vests\u201d, too).<\/p>\n<p style=\"text-align: justify;\"><a href=\"#_ednref52\" name=\"_edn52\">[52]<\/a> Samir Amin, <em>L\u2019indispensable construction d\u2019une 5eme Internationale des travailleurs et de peuples<\/em>, 28\/07\/2017, <a href=\"http:\/\/www.defenddemocracy.press\/lindispensable-reconstruction-de-linternationale-des-travailleurs-et-des-peuples-samir-amin\/\">http:\/\/www.defenddemocracy.press\/lindispensable-reconstruction-de-linternationale-des-travailleurs-et-des-peuples-samir-amin\/<\/a>.<\/p>\n<p style=\"text-align: justify;\"><a href=\"#_ednref53\" name=\"_edn53\">[53]<\/a> This aspect has been explained by Marx and later, by Lenin, long ago.<\/p>\n<p style=\"text-align: justify;\"><a href=\"#_ednref54\" name=\"_edn54\">[54]<\/a> Susan George, <em>Another world is possible if\u2026<\/em>, London, N.Y, Verso, 2004, pp. 227-246 (pp. 231, 237, 238, 239, 240, 241).<\/p>\n<p style=\"text-align: justify;\"><a href=\"#_ednref55\" name=\"_edn55\">[55]<\/a> <em>Yellow vests of Commercy against racism, antisemitism and all forms of persecution<\/em> (February 17, <em>2019)<\/em>, 20\/02\/2019, \u00a0<a href=\"http:\/\/www.defenddemocracy.press\/les-gilets-jaunes-de-commercy\/\">http:\/\/www.defenddemocracy.press\/les-gilets-jaunes-de-commercy\/<\/a>.<\/p>\n<p style=\"text-align: justify;\"><a href=\"#_ednref56\" name=\"_edn56\">[56]<\/a> <em>Les stup\u00e9fiantes confidences de Macron aux journalistes<\/em>, 04\/02\/2019, \u00a0<a href=\"http:\/\/www.defenddemocracy.press\/les-stupefiantes-confidences-de-macron-aux-journalistes\/\">http:\/\/www.defenddemocracy.press\/les-stupefiantes-confidences-de-macron-aux-journalistes\/<\/a>.<\/p>\n<p style=\"text-align: justify;\"><a href=\"#_ednref57\" name=\"_edn57\">[57]<\/a> See also the same attitude at the American \u201cleft\u201d intellectuals: Max Parry, <em>Why France\u2019s Yellow Vest Protests Are Ignored by \u2018The Resistance\u2019 in the U.S.<\/em>, January 4, 2019, <a href=\"https:\/\/www.counterpunch.org\/2019\/01\/04\/why-frances-yellow-vest-protests-are-ignored-by-the-resistance-in-the-u-s\/\">https:\/\/www.counterpunch.org\/2019\/01\/04\/why-frances-yellow-vest-protests-are-ignored-by-the-resistance-in-the-u-s\/<\/a>, the \u201clack of solidarity with the yellow vests\u201d is caused by \u201cthe lack of class consciousness on its political left\u201d.<\/p>\n<p style=\"text-align: justify;\"><a href=\"#_ednref58\" name=\"_edn58\"><strong><em>[58]<\/em><\/strong><\/a> <em>See <\/em><em>Deutsche Neonazis marschierten in Ungarn auf \u2013 die rechte Szene ist europaweit vernetzt, <\/em>11.02.19, <a href=\"https:\/\/www.watson.de\/international\/rechtsextremismus\/576970279-tag-der-ehre-in-budapest-hunderte-deutsche-rechtsextreme-marschierten-mit\">https:\/\/www.watson.de\/international\/rechtsextremismus\/576970279-tag-der-ehre-in-budapest-hunderte-deutsche-rechtsextreme-marschierten-mit<\/a>, where the neo-Nazis honour the soldiers opposed to the Soviet Army in the winter of 1944-1945, soldiers considered \u201cheroes\u201d. No public intellectual has ever explained the difference between <em>hero<\/em> and <em>martyr <\/em>or<em> victim<\/em>, no public intellectual has ever discussed the significances of different types of resistance and of the use of armies, as well as of the 20<sup>th<\/sup> century <em>just <\/em>and <em>unjust <\/em>wars: because the dominant \u201cdemocratic\u201d saga equates communism and fascism, and hates to remembering the days of anti-Nazi coalition in the WWII;<\/p>\n<p style=\"text-align: justify;\">\u00a0\u00a0 see also <em>&#8216;Absolutely abhorrent&#8217;: Far-right march in Sofia to honour pro-Nazi general<\/em>, 17\/02\/2019, <a href=\"https:\/\/www.euronews.com\/2019\/02\/17\/absolutely-abhorrent-far-right-march-in-sofia-to-honour-pro-nazi-general?utm_source=newsletter&amp;utm_medium=en&amp;utm_content=absolutely-abhorrent-far-right-march-in-sofia-to-honour-pro-nazi-general&amp;_ope=eyJndWlkIjoiYWM0YTVmYzNmNjFmYjhkYmY5NmZhNmE3OTU1Y2M3NzUifQ%3D%3D\">https:\/\/www.euronews.com\/2019\/02\/17\/absolutely-abhorrent-far-right-march-in-sofia-to-honour-pro-nazi-general?utm_source=newsletter&amp;utm_medium=en&amp;utm_content=absolutely-abhorrent-far-right-march-in-sofia-to-honour-pro-nazi-general&amp;_ope=eyJndWlkIjoiYWM0YTVmYzNmNjFmYjhkYmY5NmZhNmE3OTU1Y2M3NzUifQ%3D%3D<\/a>, where 1) the government considers the far-right march as a proof of democracy, 2) there is no discussion about this fact, only simple calls for banning the march, 3) Nazism is mostly related to the wiping out of the Jewish population \u2013 this supposing the priority protest of Jewish organisations: <em>as if<\/em> Nazism would not have been an attack on humanity as such (and on the humanity of the human beings), but only on \u201cthe Jews\u201d. Do these banal standpoints of the present dominant ideologies and parties have not a far-right colour?<\/p>\n<p style=\"text-align: justify;\"><a href=\"#_ednref59\" name=\"_edn59\">[59]<\/a> \u201cIn a country\u201d\/\u201din a single country\u201d is Trotsky\u2019s formula for the theory of the possibility of constructing socialism without a European\/world revolution, thus only in the USSR.<\/p>\n<p style=\"text-align: justify;\"><a href=\"#_ednref60\" name=\"_edn60\">[60]<\/a> Slavoj \u017di\u017eek, <em>How Mao would have evaluated the Yellow Vests<\/em>, 21 Dec, 2018, <a href=\"https:\/\/www.rt.com\/op-ed\/447155-zizek-yellow-vests-france\/\">https:\/\/www.rt.com\/op-ed\/447155-zizek-yellow-vests-france\/<\/a>: by starting from Mao\u2019s distinction between principal and secondary contradictions, the author does not discuss immediately the problem of \u201cyellow vests\u201d but makes a detour, showing that:<\/p>\n<p style=\"text-align: justify;\">\u00a01) the solution of giving a name to Macedonia is better than the endlessly quarrel related to the name; <strong><em>but did not say a word about the concrete consequence of giving that name (the entrance of Macedonia in NATO)<\/em><\/strong>;<\/p>\n<p style=\"text-align: justify;\">\u00a0 2) that the universal human rights are better than the inexistence of these rights and the Eastern subordination of the individual to the state\/collective institution; but <strong><em>did not say that the contents of this universality is socially and politically forged by the Western capitalis<\/em><\/strong><em>m,<\/em> <em>the notion of human rights being a modern idea<\/em>;<\/p>\n<p style=\"text-align: justify;\">\u00a0 3) that the \u201cthe Western notion of universality of human rights contains the self-critical dimension which makes visible its own limitations\u201d; but <strong><em>did not understand not only that\u00a0 the Eastern notion of rights makes visible too its own limitations<\/em><\/strong>, but especially that <strong><em>not the notion \u2013 in fact, never a notion as such \u2013 contains a self-critical dimension;<\/em> <em>the criticism comes from outside the notion<\/em><\/strong>, <em>if there is possible to express criticism<\/em>; on the contrary, <strong><em>the Western notion of human rights transforms into a fetish the political rights within the representative democracy of the interests of the ruling strata and excludes\/ignores any enlargement or re-formulation of human rights<\/em><\/strong>; <strong><em>the categorical imperative is an idea exterior to that of the human rights<\/em><\/strong>; <strong><em>the criticism of the human rights does not come from the idea of human rights<\/em><\/strong><em>, neither in its Western nor in its Eastern version<\/em>;<\/p>\n<p style=\"text-align: justify;\">\u00a0 4) \u017di\u017eek has opposed the Western notion of individual human rights and the Eastern inexistence of these rights; but in fact <strong><em>it\u2019s an opposition not of West and East, but of modern\/capitalist and pre-modern standpoints: only in the modern (Western) version the individual was more important than the group, because he was a capitalist consumer and a capitalist investor<\/em>\/ homo oeconomicus<\/strong>;<\/p>\n<p style=\"text-align: justify;\">\u00a0\u00a0 5) in short, \u017di\u017eek started from the opposition of two political positions \u2013 promoted by the above concepts \u2013 and concluded that it\u2019s better to support the Western notion of human rights; <em>but the manner he de-historicized the concept of human rights leads to<\/em> <strong>relativism<\/strong>: <em>in the name of the trivial idea that there are contradictions in every model; but <strong>he did not say a word about the clear-cut political function of the Western model: of domination and struggle between imperialism and peoples<\/strong><\/em>.<\/p>\n<p style=\"text-align: justify;\"><a href=\"#_ednref61\" name=\"_edn61\">[61]<\/a> Slavoj \u017di\u017eek, <em>How Mao would have evaluated the Yellow Vests<\/em>, 21 Dec, 2018, <a href=\"https:\/\/www.rt.com\/op-ed\/447155-zizek-yellow-vests-france\/\">https:\/\/www.rt.com\/op-ed\/447155-zizek-yellow-vests-france\/<\/a>: \u201cThey should be given the vision of a society\u201d; thus the author continues the division \u2013 made by the dominant standpoint \u2013 between masses and leaders.<\/p>\n<p style=\"text-align: justify;\"><a href=\"#_ednref62\" name=\"_edn62\">[62]<\/a> <a href=\"https:\/\/www.facebook.com\/hashtag\/youthstrike4climate?source=embed&amp;epa=HASHTAG\">#YouthStrike4Climate<\/a>.<\/p>\n<p style=\"text-align: justify;\"><a href=\"#_ednref63\" name=\"_edn63\">[63]<\/a> Michael Welch and Cory Morningstar, \u201cSaving the Earth or Saving Capitalism? The Inconvenient Truth Behind Today\u2019s Youth Climate Campaigns\u201d, <em>Global Research<\/em>, February 03, 2019, <a href=\"https:\/\/www.globalresearch.ca\/saving-the-earth-or-saving-capitalism-the-inconvenient-truth-behind-todays-youth-climate-campaigns\/5667343\">https:\/\/www.globalresearch.ca\/saving-the-earth-or-saving-capitalism-the-inconvenient-truth-behind-todays-youth-climate-campaigns\/5667343<\/a>.<\/p>\n<p style=\"text-align: justify;\">\u00a0\u00a0 See also <a href=\"https:\/\/en.wikipedia.org\/wiki\/Youth_Climate_Movement\">https:\/\/en.wikipedia.org\/wiki\/Youth_Climate_Movement<\/a>.<\/p>\n<p style=\"text-align: justify;\"><a href=\"#_ednref64\" name=\"_edn64\">[64]<\/a> See <em>Children are hauled away in HANDCUFFS as they bring roads to a standstill during a nationwide day of &#8216;strikes&#8217; against climate change<\/em>, 15 February 2019, <a href=\"https:\/\/www.dailymail.co.uk\/news\/article-6707907\/Youth-Strike-4-Climate-protests-place-Britain.html\">https:\/\/www.dailymail.co.uk\/news\/article-6707907\/Youth-Strike-4-Climate-protests-place-Britain.html<\/a>; <em>Climat : des centaines d\u2019\u00e9tudiants demandent des comptes au gouvernement<\/em>, 15 fevr. 2019, <a href=\"https:\/\/www.lemonde.fr\/planete\/article\/2019\/02\/15\/il-suffit-d-agir-des-centaines-d-etudiants-demandent-des-comptes-au-gouvernement-sur-le-climat_5424172_3244.html\">https:\/\/www.lemonde.fr\/planete\/article\/2019\/02\/15\/il-suffit-d-agir-des-centaines-d-etudiants-demandent-des-comptes-au-gouvernement-sur-le-climat_5424172_3244.html<\/a>.<\/p>\n<p style=\"text-align: justify;\"><a href=\"#_ednref65\" name=\"_edn65\">[65]<\/a> Helena Nicholson, <em>Britain<\/em><em>: student climate strikes demand radical change \u2013 we need a revolution<\/em>, 15 February 2019, <a href=\"http:\/\/www.marxist.com\/britain-student-climate-strikes-demand-radical-change-we-need-a-revolution.htm\">http:\/\/www.marxist.com\/britain-student-climate-strikes-demand-radical-change-we-need-a-revolution.htm<\/a>.<\/p>\n<p style=\"text-align: justify;\"><a href=\"#_ednref66\" name=\"_edn66\">[66]<\/a> See Appel de Nice (9 f\u00e9vrier 2019), 16\/02\/2019, \u00a0<a href=\"http:\/\/www.defenddemocracy.press\/appel-de-nice-9-fevrier-2019\/?utm_source=Delphi+Initiative+Newsletter&amp;utm_campaign=57fd2dca05-EMAIL_CAMPAIGN_2019_02_17_02_11&amp;utm_medium=email&amp;utm_term=0_cca18be42a-57fd2dca05-173789881\">http:\/\/www.defenddemocracy.press\/appel-de-nice-9-fevrier-2019\/?utm_source=Delphi+Initiative+Newsletter&amp;utm_campaign=57fd2dca05-EMAIL_CAMPAIGN_2019_02_17_02_11&amp;utm_medium=email&amp;utm_term=0_cca18be42a-57fd2dca05-173789881<\/a> against the new law against manifestations\/the right to manifest, <em>as if<\/em> this new, harsher, and barely voted law would be abrogated after petitions.<\/p>\n<p style=\"text-align: justify;\"><a href=\"#_ednref67\" name=\"_edn67\">[67]<\/a> Where it would be possible that the yellow vests militating from a citizens initiative referendum unite with different parliamentary forces which have even opposed viewpoints, see <em>La rencontre de \u00ab\u00a0gilets jaunes\u00a0\u00bb avec l\u2019Italien Di Maio cr\u00e9e des tensions au sein de la liste RIC<\/em>, 6 fev 019, <u><a href=\"https:\/\/www.lemonde.fr\/politique\/article\/2019\/02\/06\/la-rencontre-de-gilets-jaunes-avec-l-italien-luigi-di-maio-cree-des-tensions-autour-de-la-liste-ric_5420114_823448.html\">https:\/\/www.lemonde.fr\/politique\/article\/2019\/02\/06\/la-rencontre-de-gilets-jaunes-avec-l-italien-luigi-di-maio-cree-des-tensions-autour-de-la-liste-ric_5420114_823448.html<\/a><\/u>.<\/p>\n<p style=\"text-align: justify;\"><a href=\"#_ednref68\" name=\"_edn68\">[68]<\/a> Barbara Lefebvre, <em>Macron en banlieue : ces sujets tabous qui n&#8217;ont pas \u00e9t\u00e9 \u00e9voqu\u00e9s<\/em>, le 05\/02\/2019, <a href=\"http:\/\/www.lefigaro.fr\/vox\/politique\/2019\/02\/05\/31001-20190205ARTFIG00151-macron-en-banlieue-ces-sujets-tabous-qui-n-ont-pas-ete-evoques.php\">http:\/\/www.lefigaro.fr\/vox\/politique\/2019\/02\/05\/31001-20190205ARTFIG00151-macron-en-banlieue-ces-sujets-tabous-qui-n-ont-pas-ete-evoques.php<\/a>: the debate is a good exercise of communication, but this exercise does not solve the problems\/their causes. \u201cAlready five endless debates where the presidential speech unfolds without real opponents. Between election campaign and theatrical performance, we still hesitate &#8230; The same scenography, the same marathon duration, the same presidential posture that makes the jacket fall and roll up its sleeves to get into a ring where no opponent waits, the same demonstration of the <em>enarque<\/em> who knows his technical files. Above all, the same lengthy developments as an answer, and finally the impossibility for the listener to say exactly where the president intended to arrive at. This hollow word is hidden in the post-modern Jupiterian oxymoron of &#8220;at the same time&#8221;. Say everything and say nothing. The Grand Debate thus makes it possible to stage a false horizontality where six or more hours are made to believe in the assistance of elected representatives and some committed citizens, that their word, their plural truths, weigh as much as that of the state embodied by the President of the Republic or the Prime Minister. Sleep, good people\u201d.<\/p>\n<p style=\"text-align: justify;\"><a href=\"#_ednref69\" name=\"_edn69\">[69]<\/a> See this type of na\u00efve expectations that time and the institutional pressures <em>within the system<\/em> will solve the world ecological problems, though there were not until now any real progress, in <strong>Mariama Williams, \u201c24<sup>th<\/sup> Conference of the Parties of the UNFCCC:<\/strong><strong>\u00a0 <\/strong><strong>The US COP?\u201d<\/strong><strong> ,<\/strong><strong>\u00a0 <\/strong><em>SouthViews,\u00a0<\/em> No. 175, 8 February 2019: \u201c<strong>Despite its stated intentions to leave the Paris Agreement, the United States negotiating team continued to dominate many of the negotiations of key areas of the twenty-fourth meeting of the Conference of the Parties (COP 24) agenda of the United Nations Framework Convention on Climate Change (UNFCCC). The outcome of the meeting, branded the \u2018Katowice Climate Package\u2019, again showed developing countries sacrificing many redlines to save multilateralism. The Katowice Outcome reflects very little substantial advancement of the global climate protection agenda. However, the discussion and further refining of the rules will continue in the UNFCCC\u2019s\u00a0 upcoming negotiating sessions in 2019 as well as COP 25. Hence, developing countries have a <\/strong><strong>chance to regroup and push forward to ensure sustainable development objectives are ensured and protected\u201d.<\/strong><\/p>\n<p style=\"text-align: justify;\"><a href=\"#_ednref70\" name=\"_edn70\">[70]<\/a>\u00a0 <em>Petition Against Interfering in Venezuela<\/em>, 08 Feb 19, <a href=\"https:\/\/www.transform-network.net\/blog\/article\/petition-against-interfering-in-venezuela\/\">https:\/\/www.transform-network.net\/blog\/article\/petition-against-interfering-in-venezuela\/<\/a>.<\/p>\n<p style=\"text-align: justify;\"><a href=\"#_ednref71\" name=\"_edn71\">[71]<\/a> Vianney Vaute, Black Friday\u00a0: \u00ab\u00a0Un impact soci\u00e9tal et environnemental dramatique\u00a0\u00bb, 22 novembre 2017, <a href=\"https:\/\/www.lemonde.fr\/idees\/article\/2017\/11\/22\/black-friday-un-impact-societal-et-environnemental-dramatique_5218482_3232.html\">https:\/\/www.lemonde.fr\/idees\/article\/2017\/11\/22\/black-friday-un-impact-societal-et-environnemental-dramatique_5218482_3232.html<\/a>; C\u00e9cile Prudhomme, Le \u00ab\u00a0Black Friday\u00a0\u00bb, illustration du r\u00e8gne de l\u2019hyperconsommation et des promotions perp\u00e9tuelles, 22 nov 2018, <a href=\"https:\/\/www.lemonde.fr\/economie\/article\/2018\/11\/22\/le-black-friday-illustration-du-regne-de-l-hyperconsommation-et-des-promotions-perpetuelles_5387112_3234.html\">https:\/\/www.lemonde.fr\/economie\/article\/2018\/11\/22\/le-black-friday-illustration-du-regne-de-l-hyperconsommation-et-des-promotions-perpetuelles_5387112_3234.html<\/a>;<\/p>\n<p style=\"text-align: justify;\"><a href=\"#_ednref72\" name=\"_edn72\">[72]<\/a> St\u00e9phane Mandard, Un OGM interdit d\u00e9tect\u00e9 dans des tonnes d\u2019aliments pour animaux d\u2019\u00e9levage en Europe, 22 nov 018, <a href=\"https:\/\/www.lemonde.fr\/securite-sanitaire\/article\/2018\/11\/22\/ogm-alerte-sur-une-bacterie-resistante-aux-antibiotiques-dans-des-aliments-pour-animaux_5387160_1655380.html\">https:\/\/www.lemonde.fr\/securite-sanitaire\/article\/2018\/11\/22\/ogm-alerte-sur-une-bacterie-resistante-aux-antibiotiques-dans-des-aliments-pour-animaux_5387160_1655380.html<\/a>.<\/p>\n<p style=\"text-align: justify;\"><a href=\"#_ednref73\" name=\"_edn73\">[73]<\/a> Nicholas Georgescu-Roegen, \u201cMathematical Proofs of the Breakdown of Capitalism\u201d, in Nicholas Georgescu-Roegen,\u00a0 <em>Analytical Economics <\/em><em>Issues and Problems, <\/em>Cambridge, Mass., Harvard University Press, 1966, pp. 398-415 (404).<\/p>\n<p style=\"text-align: justify;\"><a href=\"#_ednref74\" name=\"_edn74\">[74]<\/a> Nicolas Georgescu-Roegen, &#8220;Energy and Economic Myths&#8221;, <em>Southern Economic Journal<\/em>, 41, no. 3, January 1975, pp. 347-381.<\/p>\n<p style=\"text-align: justify;\"><a href=\"#_ednref75\" name=\"_edn75\">[75]<\/a> Isabelle Stengers, <em>Une autre science est possible ! Manifeste pour un ralentissement des sciences<\/em>, Paris, Les Emp\u00eacheurs de penser en rond, 2013.<\/p>\n<p style=\"text-align: justify;\"><a href=\"#_ednref76\" name=\"_edn76\">[76]<\/a> See John M. Polimeni, Kozo Mayumi, Mario Gianpietro and Blake Alcott, <em>The Jevons Paradox and the Myth of Resource Efficiency Improvements<\/em>, London, Earthcan, 2008.<\/p>\n<p style=\"text-align: justify;\"><a href=\"#_ednref77\" name=\"_edn77\">[77]<\/a> <em>Pouvoir d\u2019achat\u00a0: Macron somm\u00e9 de l\u00e2cher du lest \u00e0 l\u2019issue du grand d\u00e9bat<\/em>, le 7 fevr 019, <a href=\"https:\/\/www.lemonde.fr\/politique\/article\/2019\/02\/07\/pouvoir-d-achat-macron-somme-de-lacher-du-lest-a-l-issue-du-grand-debat_5420441_823448.html\">https:\/\/www.lemonde.fr\/politique\/article\/2019\/02\/07\/pouvoir-d-achat-macron-somme-de-lacher-du-lest-a-l-issue-du-grand-debat_5420441_823448.html<\/a>.<\/p>\n<p style=\"text-align: justify;\"><a href=\"#_ednref78\" name=\"_edn78\">[78]<\/a> In his <em>Making Globalization Work<\/em>, London, N.Y, Penguin Books, 2006, Joseph Stiglitz considered that by helping the market by states and with more regulations concerning privatization, trade, ecology and finance\/a new global reserve system based on an intermediate or neutral currency resulted from a fund of the states, a better world will be possible. Habitually to the mainstream economists, he excluded from discussion the problems of profits, competition, situation of the labour force, letting aside the problem of waste and destruction highlighted before by Georgescu-Roegen.<\/p>\n<p style=\"text-align: justify;\"><a href=\"#_ednref79\" name=\"_edn79\">[79]<\/a> Which, all of them, show the <em>reduction of profit in the enlarged reproduction model<\/em> and the tendency of the dominant elite \u201cto pass from the hegemony of accumulation through an enlarged reproduction to domination through accumulation by looting\u201d (<strong>Ra\u00fal Zibechi, <\/strong>Crise \u00e9conomique : La nouvelle grande transformation, <em>Mondialisation.ca<\/em>, 04 ao\u00fbt 2015, <a href=\"http:\/\/www.mondialisation.ca\/crise-economique-la-nouvelle-grande-transformation\/5467145\">http:\/\/www.mondialisation.ca\/crise-economique-la-nouvelle-grande-transformation\/5467145<\/a>) and \u201cby dispossession\u201d (David Hervey, \u201cThe New Imperialism: Accumulation by Dispossession\u201d, <em>Socialist Register<\/em>, 2004, pp. 63-87), even if this type of accumulation means also exploitation (Raju J. Das, \u201cDavid Harvey\u2019s Theory of Accumulation by Dispossession: A Marxist Critique\u201d, World Review of Political Economy, Vol. 8, No. 4 (Winter 2017), pp. 590-616).<\/p>\n<p style=\"text-align: justify;\"><a href=\"#_ednref80\" name=\"_edn80\">[80]<\/a> <em>David Harvey, Seventeen Contradictions and the End of Capitalism<\/em><em>, Oxford University Press (US), 2014.<\/em><\/p>\n<p style=\"text-align: justify;\"><a href=\"#_ednref81\" name=\"_edn81\">[81]<\/a> Indeed, <em>the function of the classical bourgeois class \u2013 to constraint the labour force to a hard and painful work in order to fulfil the industrial revolutions\/to develop the means of production, and at world scale \u2013 was historically necessary<\/em>. In this respect has Marx said that capitalism \u2013 thus its dominant class and relations \u2013 had a progressive role. But <em>with the growth of systemic\/cybernetic devices and IT<\/em> \u2013 requiring a highly skilled labour force, thus the gradual dissolution of the difference and old necessity of difference between \u201cengineers\u201d and simple workers \u2013 <em>the above technical necessity of the constraint of the labour force evanesces<\/em>. The present private owners of the economic and political productive means, means of existence and means of control still dominate the world labour force but only <em>for their own interest to last as dominant layers <\/em>. This inertial power of domination \u2013 antagonistic to the old structural necessity of domination \u2013 shows not only that the <em>historical role of class domination is over<\/em>, but also that <em>the persistence of domination has malign consequences at all the individual, national, regional and world levels<\/em>.<\/p>\n<p style=\"text-align: justify;\"><a href=\"#_ednref82\" name=\"_edn82\">[82]<\/a> Since the historical status and the present circumstances of countries are different, it would be sad to aim a \u201cbetter living standard\u201d (<em>as if<\/em> the Greeks who face the risk of poverty at a rate of one in three would aim their rate improve at the average level of EU \u2013 only one in five \u2013 according to data from 2017 made public by the European Commission\u2019s statistics service Eurostat, \u00a0\u00a0\u00a0<em>Eurostat: One in three Greeks faces poverty, social exclusion<\/em>, 16.10.2018, <a href=\"http:\/\/www.ekathimerini.com\/233696\/article\/ekathimerini\/news\/eurostat-one-in-three-greeks-faces-poverty-social-exclusion\">http:\/\/www.ekathimerini.com\/233696\/article\/ekathimerini\/news\/eurostat-one-in-three-greeks-faces-poverty-social-exclusion<\/a>).<\/p>\n<p style=\"text-align: justify;\"><a href=\"#_ednref83\" name=\"_edn83\">[83]<\/a> See the very useful historical analysis of some liberation wars in Africa and Latin America, in Jean Ziegler, <em>Les rebelles: Mouvements arm\u00e9s de liberation nationale du tiers monde<\/em>, Paris, \u00c9ditions du Seuil, 1983 and 1985.<\/p>\n<p style=\"text-align: justify;\"><a href=\"#_ednref84\" name=\"_edn84\">[84]<\/a> <strong>Ra\u00fal <\/strong><strong>Zibechi, \u00ab\u00a0<\/strong>Crise \u00e9conomique : La nouvelle grande transformation\u00a0\u00bb, <em>Mondialisation<\/em><em>.ca<\/em>, 04 ao\u00fbt 2015, <a href=\"http:\/\/www.mondialisation.ca\/crise-economique-la-nouvelle-grande-transformation\/5467145\">http:\/\/www.mondialisation.ca\/crise-economique-la-nouvelle-grande-transformation\/5467145<\/a>.<\/p>\n<p style=\"text-align: justify;\"><a href=\"#_ednref85\" name=\"_edn85\">[85]<\/a> James Petras and Henry Veltmeyer, <em>Imperialism and Capitalism: Rethinking an Intimate Relationship<\/em>, December 16, 2015, <a href=\"http:\/\/www.globalresearch.ca\/imperialism-and-capitalism-rethinking-an-intimate-relationship\/5496284\">http:\/\/www.globalresearch.ca\/imperialism-and-capitalism-rethinking-an-intimate-relationship\/5496284<\/a>.<\/p>\n<p style=\"text-align: justify;\"><a href=\"#_ednref86\" name=\"_edn86\">[86]<\/a> Fran\u00e7ois Houtart, <em>Vers l\u2019\u00e9puisement du \u00ab\u00a0mod\u00e8le\u00a0\u00bb \u00e9quatorien\u00a0?<\/em>,\u00a0 2 octobre 2015,<\/p>\n<p style=\"text-align: justify;\"><a href=\"http:\/\/www.medelu.org\/Vers-l-epuisement-du-modele\">http:\/\/www.medelu.org\/Vers-l-epuisement-du-modele<\/a>.<\/p>\n<p style=\"text-align: justify;\"><a href=\"#_ednref87\" name=\"_edn87\">[87]<\/a> Even though this <em>work<\/em> will be tantamount to the <em>play<\/em> and the <em>artistic creation<\/em>, it will imply the <em>discipline<\/em> one needs of in creation. And though there is not here the place to elaborate these aspects, we cannot ignore that here are criteria of the work (human energy expenditure, the aiming at a concrete object from the beginning, thus the planning concerning different aspects of the object and its complex insertion in the world).<\/p>\n<p style=\"text-align: justify;\"><a href=\"#_ednref88\" name=\"_edn88\">[88]<\/a> K. Marx, <em>Capital<\/em>, Volume III, Part VII. Revenues and their Sources, Chapter 48. The Trinity Formula, III, <a href=\"http:\/\/www.marxists.org\/archive\/marx\/works\/1894-c3\/ch48.htm\">http:\/\/www.marxists.org\/archive\/marx\/works\/1894-c3\/ch48.htm<\/a>.<\/p>\n<p style=\"text-align: justify;\"><a href=\"#_ednref89\" name=\"_edn89\">[89]<\/a> K. Marx, F. Engels, <em>The German Ideology<\/em> (1845), Part I: Feuerbach.<br \/>\nOpposition of the Materialist and Idealist Outlook, A. Idealism and Materialism, 4. The Essence of the Materialist Conception of History.<\/p>\n<p style=\"text-align: justify;\"><a href=\"#_ednref90\" name=\"_edn90\">[90]<\/a> <em>Le fond de l\u2019air est rouge, jaune, vert, Interview de Thierry Bodson, secr\u00e9taire g\u00e9n\u00e9ral de la FGTB wallonne<\/em>, Emission Regards, 12 February 2019, <a href=\"https:\/\/www.youtube.com\/watch?v=pn0JuAmcjuQ\">https:\/\/www.youtube.com\/watch?v=pn0JuAmcjuQ<\/a>.<\/p>\n<p style=\"text-align: justify;\"><a href=\"#_ednref91\" name=\"_edn91\">[91]<\/a> Anselm Jappe, <em>R\u00e9volution contre le travail ?, La critique de la valeur et le d\u00e9passement du capitalisme<\/em>, (2014), <a href=\"http:\/\/www.palim-psao.fr\/2017\/10\/revolution-contre-le-travail-la-critique-de-la-valeur-et-le-depassement-du-capitalisme-par-anselm-jappe.html\">http:\/\/www.palim-psao.fr\/2017\/10\/revolution-contre-le-travail-la-critique-de-la-valeur-et-le-depassement-du-capitalisme-par-anselm-jappe.html<\/a>.<\/p>\n<p style=\"text-align: justify;\"><a href=\"#_ednref92\" name=\"_edn92\">[92]<\/a> Meagan Day, <em>Capitalism\u2019s Mob Mentality<\/em>, <a href=\"https:\/\/jacobinmag.com\/2019\/02\/capitalism-mob-purdue-pharma-opioids-narcan\">https:\/\/jacobinmag.com\/2019\/02\/capitalism-mob-purdue-pharma-opioids-narcan<\/a>.<\/p>\n<p style=\"text-align: justify;\"><a href=\"#_ednref93\" name=\"_edn93\">[93]<\/a> This <strong>equality of <em>proletarian<\/em> status<\/strong> manifests nowadays through the well-known reality, already much theorised, of <strong><em>impoverishment\/diminution\/evanescence of the middle class<\/em><\/strong>.<\/p>\n<p style=\"text-align: justify;\"><a href=\"#_ednref94\" name=\"_edn94\">[94]<\/a> See <em>Saker Interview with Michael Hudson on Venezuela<\/em>, \u00a0February 7, 2019, <a href=\"http:\/\/www.unz.com\/tsaker\/saker-interview-with-michael-hudson-on-venezuela\/\">http:\/\/www.unz.com\/tsaker\/saker-interview-with-michael-hudson-on-venezuela\/<\/a>.<\/p>\n<p style=\"text-align: justify;\"><a href=\"#_ednref95\" name=\"_edn95\">[95]<\/a> Generally, both the explicit right-wing writers and the \u201cleftist\u201d democrats consider \u201cthe state\u201d as the main factor worth to be rejected or minimised. But the entire history of capitalism shows that only with the help of the state have the private entrepreneurs succeeded to rob what they needed and to develop in a capitalist manner.<\/p>\n<p style=\"text-align: justify;\"><a href=\"#_ednref96\" name=\"_edn96\">[96]<\/a> <a href=\"https:\/\/youtu.be\/-WRMZaGpCZ4\">https:\/\/youtu.be\/-WRMZaGpCZ4<\/a>.<\/p>\n<p style=\"text-align: justify;\"><a href=\"#_ednref97\" name=\"_edn97\">[97]<\/a> Reminding at least Marx, Nietzsche, the Frankfurt school, Marcuse, Deleuze, we have to mention the interesting standpoint of Koj\u00e8ve according to whom the absolute capitalist domination\u00a0 will imply the development of entertainment and play, and will destroy the conscious, thus critical intervention of the humans in the control of their own destiny.\u00a0 Alexandre Koj\u00e8ve, <em>Introduction \u00e0 la lecture de Hegel<\/em>,<em> Le\u00e7ons sur la Ph\u00e9nom\u00e9nologie de l\u2019esprit, profess\u00e9es de 1933 \u00e0 1939 \u00e0 l\u2019\u00c9cole des Hautes-\u00c9tudes r\u00e9unies et publi\u00e9es par Raymond Queneau,<\/em>\u00a0Paris, Gallimard, 1947, note 1, p. 434\u00a0: the man will become animal \u201cwhich is in accord with Nature and the given Being. What disappears is the man proper, that is, the Denying Action of the Given and the Error, or in general the Subject opposite to the Object\u2026 the definitive annihilation of Man proper or of the Free and Historical Person simply means the cessation of Action in the strong sense of the term\u201d. In Note 2, p. 435: \u201cmen would build their buildings and their works of art as birds build their nests and spiders weave their canvases &#8230; But we can not say then that all this &#8220;makes Man happy\u201d.<\/p>\n<p style=\"text-align: justify;\"><a href=\"#_ednref98\" name=\"_edn98\">[98]<\/a> The nationalisation of services, inherently public, is all the more necessary as they were destroyed by the capitalist layers by externalising\/outsourcing some of their parts, thus dismantling their coherence. See Dan Langley, <em>Britain: cancer and Capita \u2013 NHS outsourcing disaster deepens<\/em>, 12 February 2019,\u00a0 <a href=\"http:\/\/www.marxist.com\/cancer-and-capita-nhs-outsourcing-disaster-deepens.htm?auid=958\">http:\/\/www.marxist.com\/cancer-and-capita-nhs-outsourcing-disaster-deepens.htm?auid=958<\/a>, where the author insists: \u201ccall not only for the re-nationalisation of our health service, but also for the nationalisation of these parasitic outsourcing companies, the banks, and all those that profit from misery. They deserve no compensation. They have robbed us for long enough\u201d.<\/p>\n<p style=\"text-align: justify;\"><a href=\"#_ednref99\" name=\"_edn99\">[99]<\/a> This aspect of the financial support of the \u201croyal families\u201d was written in relation with the present Romania.<\/p>\n<p style=\"text-align: justify;\"><a href=\"#_ednref100\" name=\"_edn100\">[100]<\/a> Yes, the \u201cyellow vests\u201d have put not only the problem of the <em>purchasing power inside the system<\/em> \u2013 viewpoint helping capitalism, its economy and not only its political power \u2013 but also the problem of <strong><em>free public services<\/em><\/strong> (which already exist in some capitalist countries and contribute in a decisive manner to the social peace).\u00a0 Is it not the free services that oppose the irreversibility of the human being? If the medical services are not free \u2013 and this means the newest medical solutions, because only these ones attack the irreversibility in the frame of finite life \u2013 would it be sufficient only to have some (always not enough, because capitalism does never give, as salaries, primes and pensions, the quantum necessary for these newest medical services) money to pay for them? And the free medical services do not suppose also their exit from the capitalist logic of selling to \u201cclients\u201d as many medical (thus including pharmaceutical) services as possible?<\/p>\n<p style=\"text-align: justify;\"><a href=\"#_ednref101\" name=\"_edn101\">[101]<\/a> See European Commission, <em>State-Owned Enterprises in the EU: Lessons Learnt and Ways Forward in a Post-Crisis Context,<\/em> Institutional Paper 031 | July 2016.<\/p>\n<p style=\"text-align: justify;\"><a href=\"#_ednref102\" name=\"_edn102\">[102]<\/a> Anselm Jappe, <em>R\u00e9volution contre le travail ?: La critique de la valeur et le d\u00e9passement du capitalisme<\/em>, <a href=\"http:\/\/www.palim-psao.fr\/2017\/10\/revolution-contre-le-travail-la-critique-de-la-valeur-et-le-depassement-du-capitalisme-par-anselm-jappe.html\">http:\/\/www.palim-psao.fr\/2017\/10\/revolution-contre-le-travail-la-critique-de-la-valeur-et-le-depassement-du-capitalisme-par-anselm-jappe.html<\/a>.<\/p>\n<p style=\"text-align: justify;\"><a href=\"#_ednref103\" name=\"_edn103\">[103]<\/a> David Harvey: <em>Consolidating Power<\/em>, \u201cThe left has to rethink its theoretical and tactical apparatus\u201d, <em>Roar Magazine<\/em>, December 9, 2015, <a href=\"https:\/\/roarmag.org\/magazine\/david-harvey-consolidating-power\/\">https:\/\/roarmag.org\/magazine\/david-harvey-consolidating-power\/<\/a>.<\/p>\n<p style=\"text-align: justify;\"><a href=\"#_ednref104\" name=\"_edn104\">[104]<\/a> Including at the level of neighbourhoods \u2013 Harvey insists (ibidem), because in this manner the <em>street cleaners<\/em>, the <em>house workers<\/em>, the <em>delivery drivers<\/em>, who in the classical Fordist working class opposition in plants did not enter \u2013; Harvey quote a fugitive idea of Gramsci about the necessity of neighbourhood organisation, but we know that, before this idea, the <em>soviets<\/em> were not only at workplace level, but also at territory and habitat levels.<\/p>\n<p style=\"text-align: justify;\"><a href=\"#_ednref105\" name=\"_edn105\">[105]<\/a> Ibidem.<\/p>\n<p style=\"text-align: justify;\"><a href=\"#_ednref106\" name=\"_edn106\">[106]<\/a> Ibidem.<\/p>\n<p style=\"text-align: justify;\"><a href=\"#_ednref107\" name=\"_edn107\">[107]<\/a> Ana Bazac, \u201cThe Limit and the Burden: Around the Significances of the Finitude of Life\u201d, <em>Agathos<\/em>, Vol. 9, Issue 2 (17), 2018, pp. 59-82, <a href=\"http:\/\/www.agathos-international-review.com\/current.html\">http:\/\/www.agathos-international-review.com\/current.html<\/a>.<\/p>\n<p style=\"text-align: justify;\"><a href=\"#_ednref108\" name=\"_edn108\">[108]<\/a> Ana Bazac, What is natural and what is un-natural in cancer?, <em>Biocosmology \u2013 neo-Aristotelism<\/em>, Volume 8,\u00a0Numbers\u00a03&amp;4, Summer\/Autumn\u00a0 2018, pp. 391-420, <a href=\"http:\/\/en.biocosmology.ru\/electronic-journal-biocosmology---neo-aristotelism\">http:\/\/en.biocosmology.ru\/electronic-journal-biocosmology&#8212;neo-aristotelism<\/a>.<\/p>\n<p style=\"text-align: justify;\"><a href=\"#_ednref109\" name=\"_edn109\">[109]<\/a> Ana Bazac, \u201cThree concepts in the history of the knowledge of the world (cause, consequence, telos) and a conclusion\u201d, <em>Biocosmology \u2013 Neo-Aristotelism<\/em>, Vol. 7, No. 2, Spring 2017, pp. 155-177.<\/p>\n<p style=\"text-align: justify;\"><a href=\"#_ednref110\" name=\"_edn110\">[110]<\/a> Including through worsening and falsifying the administration of the relations between the state and the immigrant individuals, see <em>Campements, loterie, service payant: le syst\u00e8me d\u2019asile ne r\u00e9pond plus<\/em>, <em>11 f\u00e9vr. 2019, <\/em><a href=\"https:\/\/blogs.mediapart.fr\/association-gisti\/blog\/110219\/campements-loterie-service-payant-le-systeme-d-asile-ne-repond-plus\">https:\/\/blogs.mediapart.fr\/association-gisti\/blog\/110219\/campements-loterie-service-payant-le-systeme-d-asile-ne-repond-plus<\/a>.<\/p>\n<p style=\"text-align: justify;\"><a href=\"#_ednref111\" name=\"_edn111\">[111]<\/a> This result of the revolt, quest for alternatives and solutions, arising from the everyday life was long ago suggested by Henri Levebre, <em>Critique de la vie quotidienne, I,<\/em> Paris, Grasset, 1947; <em>Critique de la vie quotidienne. <\/em><em>II. Fondements d\u2019une sociologie de la quotidiennet\u00e9<\/em>, Paris, L\u2019Arche \u00c9diteur, 1961\u00a0; and stated by <em>Raoul Vaneigem, <\/em><em>Trait\u00e9 de savoir-vivre \u00e0 l\u2019usage des jeunes g\u00e9n\u00e9rations<\/em>, 1967, Translated as <em>The Revolution of Everyday Life. <\/em>But see also <em>Vaneigem\u2019s <\/em><em>Contribution \u00e0 l\u2019\u00e9mergence de territoires lib\u00e9r\u00e9s de l\u2019emprise \u00e9tatique et marchande R\u00e9flexions sur l\u2019autogestion de la vie quotidienne<\/em><br \/>\nRivages, \u00ab\u00a0Biblioth\u00e8que\u00a0\u00bb, 2018.<\/p>\n<p style=\"text-align: justify;\"><a href=\"#_ednref112\" name=\"_edn112\">[112]<\/a> See <em>Trois mois des Gilets jaunes : nouvelle manifestation \u00e0 Paris au lendemain de l&#8217;acte 14 (EN CONTINU)<\/em>, 17 f\u00e9vr. 2019, <a href=\"https:\/\/francais.rt.com\/france\/59202-trois-mois-gilets-jaunes-nouvelle-manifestation-paris-lendemain-acte-14-en-continu\">https:\/\/francais.rt.com\/france\/59202-trois-mois-gilets-jaunes-nouvelle-manifestation-paris-lendemain-acte-14-en-continu<\/a>; <em>Lucie Delaporte et Mathilde Goanec,<\/em> <em>\u00abGilets jaunes\u00bb d\u2019Ile-de-France: \u00abLes quartiers populaires sont l\u00e0\u00bb<\/em> (<em>6 f\u00e9vrier 2019), <\/em><a href=\"https:\/\/www.mediapart.fr\/journal\/france\/160219\/gilets-jaunes-d-ile-de-france-les-quartiers-populaires-sont-la\">https:\/\/www.mediapart.fr\/journal\/france\/160219\/gilets-jaunes-d-ile-de-france-les-quartiers-populaires-sont-la<\/a>.<\/p>\n<p style=\"text-align: justify;\"><a href=\"#_ednref113\" name=\"_edn113\">[113]<\/a> <em>Pouvoir d&#8217;achat: carton plein pour la \u00abprime exceptionnelle Macron\u00bb<\/em>, 18\/02\/2019, <a href=\"http:\/\/www.lefigaro.fr\/conjoncture\/2019\/02\/18\/20002-20190218ARTFIG00090-pouvoir-d-achat-carton-plein-pour-la-prime-exceptionnelle-macron.php\">http:\/\/www.lefigaro.fr\/conjoncture\/2019\/02\/18\/20002-20190218ARTFIG00090-pouvoir-d-achat-carton-plein-pour-la-prime-exceptionnelle-macron.php<\/a>.<\/p>\n<p style=\"text-align: justify;\"><a href=\"#_ednref114\" name=\"_edn114\">[114]<\/a> See the joining of the unions leaderships to the call for manifestations against anti-Semitism \u2013 <em>Les syndicates condamnent l\u2019<\/em><em>antis\u00e9mitisme<\/em>, 18 fevr. 2019, <a href=\"http:\/\/syndicollectif.fr\/les-syndicats-condamnent-lantisemitsme\/\">http:\/\/syndicollectif.fr\/les-syndicats-condamnent-lantisemitsme\/<\/a><\/p>\n<p style=\"text-align: justify;\">\u00a0\u00a0\u2013 <em>as if<\/em> they would have never condemned anti-Semitism, thus the position of the union would be unclear, and <strong>without saying a word about the <em>causes<\/em> of a periodical exhibition of anti-Semitic positions<\/strong>, as the profanation of the Jewish cemetery; and certainly, <strong>joining to the subliminal dominant suggestion that the profanation of the Jewish cemetery and some ugly and unacceptable declarations of some \u201cyellow vests\u201d would be related<\/strong>. And: <strong>joining to the establishment\u2019s <em>formal resoluteness<\/em> to condemn anti-Semitism but without attacking its structural causes and without attacking all the other forms of xenophobia.<\/strong><\/p>\n<p style=\"text-align: justify;\"><a href=\"#_ednref115\" name=\"_edn115\">[115]<\/a> See Ana Bazac, \u201dL\u2019\u00e9chelle mineure et l\u2019\u00e9chelle majeure de l\u2019impossible\u201d, <em>Analele Universit\u0103\u021bii din Craiova. <\/em><em>Seria Filosofie<\/em>, Nrd . 35 (1\/2015), pp. 167-188, <a href=\"http:\/\/cis01.central.ucv.ro\/analele_universitatii\/filosofie\/2015\/Anale35_1.pdf\">http:\/\/cis01.central.ucv.ro\/analele_universitatii\/filosofie\/2015\/Anale35_1.pdf<\/a>.<\/p>\n","protected":false},"excerpt":{"rendered":"<p>by\u00a0Ana Bazac Yes, when we are tempted to chitchatting about how clumsy are some people who cry \u201cwe can no longer stand all of that\u201d, we should think of our \u201chumanism\u201d cherishing the Man. But if we chatter \u201cin a humanistic mood\u201d, it means that we are comfortable doing this and, in our blindness framed [&hellip;]<\/p>\n","protected":false},"author":2,"featured_media":0,"comment_status":"open","ping_status":"open","sticky":false,"template":"","format":"standard","meta":{"jetpack_post_was_ever_published":false,"_jetpack_newsletter_access":"","_jetpack_dont_email_post_to_subs":false,"_jetpack_newsletter_tier_id":0,"_jetpack_memberships_contains_paywalled_content":false,"_jetpack_memberships_contains_paid_content":false,"footnotes":""},"categories":[1369,27],"tags":[613,1370,1123,1117],"class_list":["post-12486","post","type-post","status-publish","format-standard","hentry","category-egophobia-57","category-filosofie","tag-ana-bazac","tag-egophobia-57","tag-english","tag-filosofie"],"jetpack_featured_media_url":"","jetpack_sharing_enabled":true,"jetpack_shortlink":"https:\/\/wp.me\/p6DakB-3fo","_links":{"self":[{"href":"https:\/\/egophobia.ro\/index.php?rest_route=\/wp\/v2\/posts\/12486","targetHints":{"allow":["GET"]}}],"collection":[{"href":"https:\/\/egophobia.ro\/index.php?rest_route=\/wp\/v2\/posts"}],"about":[{"href":"https:\/\/egophobia.ro\/index.php?rest_route=\/wp\/v2\/types\/post"}],"author":[{"embeddable":true,"href":"https:\/\/egophobia.ro\/index.php?rest_route=\/wp\/v2\/users\/2"}],"replies":[{"embeddable":true,"href":"https:\/\/egophobia.ro\/index.php?rest_route=%2Fwp%2Fv2%2Fcomments&post=12486"}],"version-history":[{"count":1,"href":"https:\/\/egophobia.ro\/index.php?rest_route=\/wp\/v2\/posts\/12486\/revisions"}],"predecessor-version":[{"id":12487,"href":"https:\/\/egophobia.ro\/index.php?rest_route=\/wp\/v2\/posts\/12486\/revisions\/12487"}],"wp:attachment":[{"href":"https:\/\/egophobia.ro\/index.php?rest_route=%2Fwp%2Fv2%2Fmedia&parent=12486"}],"wp:term":[{"taxonomy":"category","embeddable":true,"href":"https:\/\/egophobia.ro\/index.php?rest_route=%2Fwp%2Fv2%2Fcategories&post=12486"},{"taxonomy":"post_tag","embeddable":true,"href":"https:\/\/egophobia.ro\/index.php?rest_route=%2Fwp%2Fv2%2Ftags&post=12486"}],"curies":[{"name":"wp","href":"https:\/\/api.w.org\/{rel}","templated":true}]}}