{"id":12619,"date":"2019-05-27T07:48:55","date_gmt":"2019-05-27T05:48:55","guid":{"rendered":"http:\/\/egophobia.ro\/?p=12619"},"modified":"2019-05-26T22:52:15","modified_gmt":"2019-05-26T20:52:15","slug":"ghimpele-libertatii-de-expresie","status":"publish","type":"post","link":"https:\/\/egophobia.ro\/?p=12619","title":{"rendered":"Ghimpele libert\u0103\u0163ii de expresie"},"content":{"rendered":"<p><span style=\"color: green;\">(pa\u0219i m\u0103run\u021bi)<\/span><\/p>\n<p style=\"text-align: right;\">de Gelu Teamp\u0103u<strong><br \/>\n<\/strong><\/p>\n<p style=\"text-align: justify;\">O formulare aparent paradoxal\u0103 a f\u0103cut carier\u0103 \u00een mentalul colectiv, odat\u0103 cu izbucnirea fenomenului numit Internet, la c\u00e2teva sute de ani de la conceperea ei. Atribuit\u0103 ini\u0163ial lui Voltaire, a fost preluat\u0103 de c\u0103tre influentul Churchill, iar \u00een spa\u0163iul rom\u00e2nesc a fost introdus\u0103 de c\u0103tre Ion Ra\u0163iu, la \u00eentoarcerea sa \u00een \u0163ar\u0103. De\u015fi are nenum\u0103rate variante, ideea este aceea\u015fi: \u201enu sunt de acord cu ceea ce spui, \u00eens\u0103 am s\u0103 m\u0103 lupt p\u00e2n\u0103 la moarte pentru dreptul t\u0103u de a o spune\u201d.<!--more--><\/p>\n<p style=\"text-align: justify;\">\u00a0\u00a0\u00a0\u00a0\u00a0\u00a0\u00a0\u00a0\u00a0\u00a0\u00a0 Aceast\u0103 rezolu\u0163ie, \u00eensu\u015fit\u0103 cu os\u00e2rdie p\u00e2n\u0103 \u015fi de cei care nici nu \u00eei \u00een\u0163eleg prea bine miza, reprezint\u0103, p\u00e2n\u0103 la urm\u0103, esen\u0163a atitudinii democratice, pentru c\u0103 libertatea de expresie constituie fundamentul unei societ\u0103\u0163i func\u0163ionale. Aparent, dreptul la liber\u0103 exprimare nu pare vital, fiindc\u0103 este mai important a te putea hr\u0103ni, a te ad\u0103posti de ploaie sau a iubi. Dar dac\u0103 inten\u0163ion\u0103m s\u0103 tr\u0103im, \u015fi nu doar s\u0103 vie\u0163uim, trebuie s\u0103 o facem cu, prin \u015fi \u00eentru Logos. Putem privi istoria umanit\u0103\u0163ii \u015fi din perspectiva c\u0103ut\u0103rii Cuv\u00e2ntului, uneori cu senin\u0103tate, cu bucurie \u015fi cu siguran\u0163\u0103, \u00eens\u0103 alteori cu disperare, cu furie sau cu \u00eend\u00e2rjire. Iar cuv\u00e2ntul liber devine via\u0163a \u00eens\u0103\u015fi atunci c\u00e2nd trupul, dar mai ales con\u015ftiin\u0163a, sunt zdrobite sub \u015fenilele ideologiilor criminale. Cuv\u00e2ntul a fost mai important dec\u00e2t via\u0163a pentru martirii cre\u015ftini, care au preferat moartea \u00een chinuri dec\u00e2t tr\u0103darea acestuia. La fel au stat lucrurile pentru cei care \u015fi-au ap\u0103rat dreptul la adev\u0103r fundamentat pe propria con\u015ftiin\u0163\u0103, ori pe dreptatea social\u0103, ori pe eviden\u0163ele \u015ftiin\u0163ei. \u00cen situa\u0163iile limit\u0103, valoarea cuv\u00e2ntului apare ca o epifanie, a\u015fa cum ne explic\u0103 Nicolae Steinhard \u00een <em>Jurnalul fericirii<\/em>, descriind procesul dob\u00e2ndirii Logosului \u00een condi\u0163ii de umilin\u0163\u0103 inimaginabil\u0103, de la b\u0103t\u0103i interminabile, la ingerarea for\u0163at\u0103 a excrementelor.<\/p>\n<p style=\"text-align: justify;\">\u00cen aceast\u0103 perspectiv\u0103, libera exprimare nu este doar un drept de care beneficiem, ci \u015fi o obliga\u0163ie a oric\u0103rui om care se consider\u0103 liber, curajos, drept. A t\u0103cea atunci c\u00e2nd cunoa\u015ftem sau c\u00e2nd asist\u0103m la o nedreptate, \u00eenseamn\u0103 a fi complice. Din fericire, \u00een istorie abund\u0103 exemplele de c\u0103ut\u0103tori \u00eenver\u015funa\u0163i ai cuv\u00e2ntului purt\u0103tor de libertate, de la Cicero sau Seneca, la Maximilian Kolbe sau Dietrich Bonhoeffer. Din nefericire, se pare c\u0103 fiecare genera\u0163ie trebuie s\u0103 parcurg\u0103 acela\u015fi drum p\u00e2n\u0103 la a \u00een\u0163elege sanctitatea libert\u0103\u0163ii prin cuv\u00e2nt \u015fi \u00eentru cuv\u00e2nt.<\/p>\n<p style=\"text-align: justify;\">C\u00e2nd aceast\u0103 libertate este doar mo\u015ftenit\u0103, nu ob\u0163inut\u0103 prin efort personal, ea devine derizorie, iar s\u0103rmanele spirite chircite o confund\u0103 cu libertatea de a irosi cuvintele, de a le utiliza obscen, ilogic, stupid. Unii \u00een\u0163eleg din libertatea de exprimare libertatea de a ofensa \u015fi, la urma urmei, \u015fi acesta poate fi dreptul lor. Iar consecin\u0163a acoperirii lor de ridicol nu poate fi dec\u00e2t normal\u0103 \u015fi, uneori, binevenit\u0103 (de\u015fi nu justific\u0103 sub nicio form\u0103 asasinarea lor, a\u015fa cum, din nefericire, constat\u0103m c\u0103 se \u00eent\u00e2mpl\u0103, f\u0103r\u0103 nici un semn c\u0103 situa\u0163ia se va \u00eembun\u0103t\u0103\u0163i). Respectul nu se poate impune prin cenzur\u0103, prin team\u0103 sau \u015fantaj. El trebuie s\u0103 fie produsul unei pie\u0163e libere a ideilor, \u00een care cele mai bune se impun prin valoarea pe care o au, iar cele proaste pier sau sunt luate \u00een r\u00e2s.<\/p>\n<p style=\"text-align: justify;\">Ideile \u00eens\u0103 nu pot fi selectate dec\u00e2t \u00een competi\u0163ie liber\u0103, iar aceasta se ob\u0163ine atunci c\u00e2nd ele se izbesc unele de altele, nude, f\u0103r\u0103 aportul pumnilor, al cu\u0163itelor sau al armelor de foc. Din p\u0103cate, observ\u0103m c\u0103 \u00een Occident, \u00een care ne-am pus, uneori precipitat, toate speran\u0163ele, libertatea de expresie sufer\u0103 un asalt pe toate fronturile. S-au n\u0103scocit concepte absolutiste \u015fi oprimante, precum \u201ecorectitudinea politic\u0103\u201d, care sub aparen\u0163a grijii fa\u0163\u0103 de sensibilit\u0103\u0163i individuale \u015fi de grup a devenit un instrument ideologic \u00eenfior\u0103tor, care neag\u0103 p\u00e2n\u0103 \u015fi eviden\u0163e \u015ftiin\u0163ifice, precum diferen\u0163ele fiziologice dintre b\u0103rba\u0163i \u015fi femei. De asemenea, se vorbe\u015fte mai nou de \u201eaproprierea cultural\u0103\u201d, un concept absurd \u015fi opresiv, care \u00eei neag\u0103 cuiva dreptul de a purta un sombrero la un carnaval, dac\u0103 nu este mexican. Aceast\u0103 harababur\u0103 conceptual\u0103, efect al exceselor postmodernismului, nu face altceva dec\u00e2t s\u0103 demotiveze indivizii \u015fi grupurile, s\u0103 le arunce \u00eentr-o v\u00e2ltoare a confuziei \u015fi chiar a lipsei de sens, observabil\u0103 \u00een ritmurile de via\u0163\u0103 abulice sau isterice, \u00een produc\u0163ia cultural\u0103 atrofiat\u0103 sau \u00een inciden\u0163a bolilor psihice.<\/p>\n<p style=\"text-align: justify;\">E mare pericolul alunec\u0103rii \u00een teorii ale conspira\u0163iei, \u015fi trebuie cu orice pre\u0163 s\u0103 ne ferim de astfel de deliruri paranoice. \u00cens\u0103 putem s\u0103 observ\u0103m coagularea unei noi categorii sociale dominante \u015fi autoritare, pentru care libertatea de expresie constituie o amenin\u0163are. Iar pentru a o identifica, putem face apel din nou la o formulare atribuit\u0103 lui Voltaire: dac\u0103 vrei s\u0103 \u015ftii cine conduce cu adev\u0103rat o societate, afl\u0103 pe cine nu ai voie s\u0103 critici.<\/p>\n<p>#<\/p>\n<p><span class=\"\" style=\"font-family: Arial; font-size: small;\">text preluat din emisiunea <i class=\"\">Cultur\u0103 \u0219i divertisment<\/i>\u00a0difuzat\u0103 pe Radio Rena\u0219terea<\/span><\/p>\n<audio class=\"wp-audio-shortcode\" id=\"audio-12619-1\" preload=\"none\" style=\"width: 100%;\" controls=\"controls\"><source type=\"audio\/mpeg\" src=\"http:\/\/egophobia.ro\/revista\/wp-content\/uploads\/2019\/05\/2017-10-30-Cultura-si-divertismen-Ghimpele-libertatii-de-expresie-Gelu-Teampau.mp3?_=1\" \/><a href=\"http:\/\/egophobia.ro\/revista\/wp-content\/uploads\/2019\/05\/2017-10-30-Cultura-si-divertismen-Ghimpele-libertatii-de-expresie-Gelu-Teampau.mp3\">http:\/\/egophobia.ro\/revista\/wp-content\/uploads\/2019\/05\/2017-10-30-Cultura-si-divertismen-Ghimpele-libertatii-de-expresie-Gelu-Teampau.mp3<\/a><\/audio>\n","protected":false},"excerpt":{"rendered":"<p>(pa\u0219i m\u0103run\u021bi) de Gelu Teamp\u0103u O formulare aparent paradoxal\u0103 a f\u0103cut carier\u0103 \u00een mentalul colectiv, odat\u0103 cu izbucnirea fenomenului numit Internet, la c\u00e2teva sute de ani de la conceperea ei. Atribuit\u0103 ini\u0163ial lui Voltaire, a fost preluat\u0103 de c\u0103tre influentul Churchill, iar \u00een spa\u0163iul rom\u00e2nesc a fost introdus\u0103 de c\u0103tre Ion Ra\u0163iu, la \u00eentoarcerea sa [&hellip;]<\/p>\n","protected":false},"author":2,"featured_media":0,"comment_status":"open","ping_status":"open","sticky":false,"template":"","format":"standard","meta":{"jetpack_post_was_ever_published":false,"_jetpack_newsletter_access":"","_jetpack_dont_email_post_to_subs":false,"_jetpack_newsletter_tier_id":0,"_jetpack_memberships_contains_paywalled_content":false,"_jetpack_memberships_contains_paid_content":false,"footnotes":""},"categories":[55,1381,1372],"tags":[1120,717,1383,1089,1373],"class_list":["post-12619","post","type-post","status-publish","format-standard","hentry","category-articole","category-egophobia-58","category-pasi-marunti","tag-articole","tag-atasament-audio","tag-egophobia-58","tag-gelu-teampau","tag-pasi-marunti"],"jetpack_featured_media_url":"","jetpack_sharing_enabled":true,"jetpack_shortlink":"https:\/\/wp.me\/p6DakB-3hx","_links":{"self":[{"href":"https:\/\/egophobia.ro\/index.php?rest_route=\/wp\/v2\/posts\/12619","targetHints":{"allow":["GET"]}}],"collection":[{"href":"https:\/\/egophobia.ro\/index.php?rest_route=\/wp\/v2\/posts"}],"about":[{"href":"https:\/\/egophobia.ro\/index.php?rest_route=\/wp\/v2\/types\/post"}],"author":[{"embeddable":true,"href":"https:\/\/egophobia.ro\/index.php?rest_route=\/wp\/v2\/users\/2"}],"replies":[{"embeddable":true,"href":"https:\/\/egophobia.ro\/index.php?rest_route=%2Fwp%2Fv2%2Fcomments&post=12619"}],"version-history":[{"count":1,"href":"https:\/\/egophobia.ro\/index.php?rest_route=\/wp\/v2\/posts\/12619\/revisions"}],"predecessor-version":[{"id":12621,"href":"https:\/\/egophobia.ro\/index.php?rest_route=\/wp\/v2\/posts\/12619\/revisions\/12621"}],"wp:attachment":[{"href":"https:\/\/egophobia.ro\/index.php?rest_route=%2Fwp%2Fv2%2Fmedia&parent=12619"}],"wp:term":[{"taxonomy":"category","embeddable":true,"href":"https:\/\/egophobia.ro\/index.php?rest_route=%2Fwp%2Fv2%2Fcategories&post=12619"},{"taxonomy":"post_tag","embeddable":true,"href":"https:\/\/egophobia.ro\/index.php?rest_route=%2Fwp%2Fv2%2Ftags&post=12619"}],"curies":[{"name":"wp","href":"https:\/\/api.w.org\/{rel}","templated":true}]}}