{"id":12639,"date":"2019-06-07T08:16:57","date_gmt":"2019-06-07T06:16:57","guid":{"rendered":"http:\/\/egophobia.ro\/?p=12639"},"modified":"2019-06-05T08:19:29","modified_gmt":"2019-06-05T06:19:29","slug":"calatorie-prin-lumea-literelor","status":"publish","type":"post","link":"https:\/\/egophobia.ro\/?p=12639","title":{"rendered":"C\u0103l\u0103torie prin Lumea Literelor"},"content":{"rendered":"<p style=\"text-align: center;\"><span style=\"color: green;\">(Lecturi potrivite\/recomandate de Alexandra)<\/span><\/p>\n<p style=\"text-align: right;\">de\u00a0Radu George<\/p>\n<p style=\"text-align: justify;\">O raz\u0103 cald\u0103 de soare \u00eei m\u00e2ng\u00e2ie duios obrazul lui Fabian. De\u0219i ar fi vrut s\u0103 mai doarm\u0103 pu\u021bin \u0219i s\u0103 se odihneasc\u0103 dup\u0103 o zi grea, lumina \u00eel deranja at\u00e2t de tare \u00eenc\u00e2t se v\u0103zu nevoit s\u0103 se trezeasc\u0103. Se dezmetici \u0219i privi \u00een jur, dar nu recunoscu locul \u00een care se afla. Mai \u00eenchise ochii o dat\u0103, sper\u00e2nd c\u0103 mintea \u00eei juca feste, \u00eens\u0103 constat\u0103 c\u0103 se g\u0103sea pe meleaguri necunoscute.<\/p>\n<p style=\"text-align: justify;\">\u2013 Unde m\u0103 aflu? Ce se \u00eent\u00e2mpl\u0103? Cine m-a adus aici? Dac\u0103 cineva mi-a f\u0103cut o fars\u0103 s\u0103 \u0219tie c\u0103 nu e deloc amuzant! spuse adolescentul cu chipul plin de lacrimi \u0219i cu o mare team\u0103 \u00een suflet.<!--more--><\/p>\n<p style=\"text-align: justify;\">\u00cengrijorat, Fabian \u00eencepu s\u0103 cerceteze aceste \u00eemprejurimi str\u0103ine \u00een care se afla. Dup\u0103 ce merse timp de c\u00e2teva ore, privind cu dezn\u0103dejde locurile prin care trecea sper\u00e2nd s\u0103 g\u0103seasc\u0103 drumul spre cas\u0103, el ajunse \u00eentr-un ora\u0219, care era mult mai mic dec\u00e2t cel \u00een care locuia el. Parc\u0103 ar fi fost locuit de ni\u0219te oameni mititei ca \u00een <em>Alb<\/em><em>\u0103<\/em><em> ca Z<\/em><em>\u0103<\/em><em>pada <\/em><em>\u0219<\/em><em>i cei <\/em><em>\u0219<\/em><em>apte pitici<\/em>. Sau poate doar i se p\u0103rea lui din cauza oboselii \u0219i a fricii.<\/p>\n<p style=\"text-align: justify;\">Pe un bloc ceva mai mare dec\u00e2t celelalte era un afi\u0219 frumos colorat care anun\u021ba o lansare de carte. Fabian se chinui s\u0103 descifreze ce scria acolo, iar dup\u0103 ce se mai apropie pu\u021bin de cl\u0103dire reu\u0219i s\u0103 \u00een\u021beleag\u0103 textul de pe afi\u0219: \u201eLansare de carte. Fran\u00e7ois Henri D\u00e9s\u00e9rable vine \u00een Rom\u00e2nia pentru a-\u0219i lansa noul roman <em>Un anume domn Piekielny<\/em>\u201d.<\/p>\n<p style=\"text-align: justify;\">\u2013 De ce ar veni cineva din Fran\u021ba p\u00e2n\u0103 aici?! \u0218i de ce vine s\u0103 \u00ee\u0219i lanseze romanul? Cui \u00eei pas\u0103 de romanul lui?! \u0218i mai ales&#8230; cine ar citi o carte at\u00e2t de mare?! Am lucruri mult mai importante de f\u0103cut&#8230; De exemplu, a\u0219 putea s\u0103 ascult noua melodie a Deliei sau a\u0219 putea s\u0103 m\u0103 joc pe tablet\u0103 noua versiune Minecraft!<\/p>\n<p style=\"text-align: justify;\">Dup\u0103 ce se uit\u0103 din nou pe anun\u021b, el se a\u0219az\u0103 pe banc\u0103. M\u0103car avea o certitudine&#8230; Cu siguran\u021b\u0103 se afla \u00een Rom\u00e2nia. \u0218i poate c\u0103 va \u00eent\u00e2lni pe cineva care s\u0103 \u00eei spun\u0103 ce se \u00eent\u00e2mpl\u0103 cu el \u0219i unde se afl\u0103 mai exact&#8230;<\/p>\n<p style=\"text-align: justify;\">La un moment dat, adolescentul z\u0103ri pe cineva. \u00cen sf\u00e2r\u0219it putea s\u0103 cear\u0103 \u0219i el l\u0103muriri. Fa\u021ba lui se \u00eensenin\u0103, trase aer \u00een piept \u0219i se duse s\u0103 \u00eei cear\u0103 c\u00e2teva explica\u021bii str\u0103inului. Era ciudat&#8230; Purta haine diferite de cele pe care le \u0219tia el \u0219i era mic de statur\u0103. Nu doar c\u0103 fiin\u021ba care se afla l\u00e2ng\u0103 el nu purta pulovere frumos colorate cu dungi \u0219i blugi ca adul\u021bii pe care \u00eei cuno\u0219tea el, dar avea ni\u0219te haine bo\u021bite \u0219i maronii, care \u00eei aminteau b\u0103iatului de c\u0103r\u021bile \u00eenvechite \u0219i pr\u0103fuite ale bunicilor lui de la \u021bar\u0103.<\/p>\n<p style=\"text-align: justify;\">\u2013 Bun\u0103 ziua! \u00cemi pute\u021bi spune, v\u0103 rog, unde m\u0103 aflu?<\/p>\n<p style=\"text-align: justify;\">\u2013 Bun\u0103 ziua, str\u0103ine! Ce vorb\u0103 e asta la tine?! Ne afl\u0103m \u00een \u021aara Literelor! \u0218i tu nu ai ce c\u0103uta aici! Deci&#8230;. Po\u021bi pleca.<\/p>\n<p style=\"text-align: justify;\">\u2013 Domnule pitic, s\u0103 \u0219ti\u021bi c\u0103 eu sunt Fabian. Locuiesc \u00een Bucure\u0219ti \u0219i merg \u00een fiecare zi la \u0219coal\u0103. \u00cemi fac zilnic temele \u0219i vreau s\u0103 iau note bune la \u0219coal\u0103. Materia mea preferat\u0103 este matematica. Am numai note de 10. Acum \u00eemi po\u021bi spune \u0219i tu cine e\u0219ti? Nu cunosc pe nimeni aici \u0219i a\u0219 vrea \u0219i eu s\u0103 am un prieten.<\/p>\n<p style=\"text-align: justify;\">\u2013 Drag\u0103 Fabian, cu toate c\u0103 m-ai jignit, voi fi dr\u0103gu\u021b cu tine pentru c\u0103 locuiesc pe t\u0103r\u00e2mul pove\u0219tilor, iar din c\u0103r\u021bi \u00eenv\u0103\u021b\u0103m doar lucruri bune. M\u0103 numesc Hans \u0219i sunt un spiridu\u0219 care \u0219tie multe. Cunosc \u0219i numele t\u0103u dup\u0103 cum bine vezi&#8230; \u00cel \u0219tiam chiar de dinainte s\u0103 mi-l spui tu. Dac\u0103 o s\u0103 \u00eemi mai zici o dat\u0103 pitic, o s\u0103 o p\u0103\u021be\u0219ti! Ai \u00een\u021beles?! Eu sunt cel mai important me\u0219ter de aici. Eu sunt cel care \u021bine eviden\u021ba c\u0103r\u021bilor din Marea Bibliotec\u0103 de pe T\u0103r\u00e2mul Literelor. Dac\u0103 o carte se rupe, eu o repar imediat.<\/p>\n<p style=\"text-align: justify;\">\u2013 Se pare c\u0103 e\u0219ti \u0219i cel mai modest om de pe aici! zise ironic Fabian. Dar m\u0103car am aflat pe ce t\u0103r\u00e2m sunt&#8230; \u00ce\u021bi mul\u021bumesc pentru asta. \u0218i \u00eenc\u0103 ceva&#8230; \u00cemi pare r\u0103u c\u0103 \u021bi-am zis pitic&#8230; Eram doar speriat \u0219i \u00eengrijorat. \u0218i&#8230; dac\u0103 nu cer prea multe, pot merge \u0219i eu cu tine? Vreau s\u0103 am prieteni \u0219i s\u0103 scap de singur\u0103tate.<\/p>\n<p style=\"text-align: justify;\">\u2013 Bine, te iert. \u0218i o s\u0103 te iau cu mine. Doar c\u0103&#8230; Pentru a intra aici ai nevoie de permis de bibliotec\u0103. Sper c\u0103 ai a\u0219a ceva!<\/p>\n<p style=\"text-align: justify;\">\u2013 M\u0103 tem c\u0103 nu&#8230; Eu nu m\u0103 duc la bibliotec\u0103. \u00cen timpul liber prefer s\u0103 stau \u00een cas\u0103 la televizor, s\u0103 ascult muzic\u0103, s\u0103 m\u0103 joc pe tablet\u0103 sau pe noua consol\u0103 de jocuri video pe care mi-a cump\u0103rat-o mama de ziua mea. Asta fire\u0219te&#8230; Dup\u0103 ce \u00eemi termin temele pentru \u0219coal\u0103.<\/p>\n<p style=\"text-align: justify;\">\u2013 Putem s\u0103 rezolv\u0103m. Se vede c\u0103 e\u0219ti un copil cuminte, a\u0219a c\u0103 o s\u0103 te ajut. Dac\u0103 nu ai permis de bibliotec\u0103, trebuie s\u0103 mergem la Prim\u0103rie. Domnul primar, care se nume\u0219te Scriitor Iscusit, te va pune s\u0103 semnezi un pact prin care \u00ee\u021bi asumi c\u0103 te afli \u00een Lumea Literelor. Trebuie s\u0103 crezi tot ce vei vedea, vei auzi \u0219i vei sim\u021bi aici \u0219i s\u0103 nu pui prea multe \u00eentreb\u0103ri. Trebuie s\u0103 fii foarte precaut! Cu c\u0103r\u021bile nu e de glum\u0103! Au mai fost \u0219i al\u021bi oameni ca tine pe aici. Doar c\u0103 mul\u021bi dintre ei nu au fost ascult\u0103tori \u0219i s-au transformat \u00een c\u0103r\u021bi. Totu\u0219i, Z\u00e2na cea bun\u0103 le-a dat o \u0219ans\u0103. Dac\u0103 un copil va citi cartea respectiv\u0103, ei vor reveni la normal \u0219i se vor putea \u00eentoarce \u00een lumea din care au venit.<\/p>\n<p style=\"text-align: justify;\">\u2013 Bine, sunt de acord. Voi face tot ce \u00eemi spui \u0219i promit sa fiu cuminte \u0219i ascult\u0103tor. Nu voi face boac\u0103ne pentru c\u0103 nu vreau sa m\u0103 transform \u00eentr-o carte!<\/p>\n<p style=\"text-align: justify;\">Cei doi tovar\u0103\u0219i merser\u0103 la domnul Scriitor, iar Fabian semn\u0103 \u201epactul fic\u021bional\u201d, dup\u0103 care \u00eel urm\u0103 pe noul s\u0103u prieten pe o c\u0103rare \u00eengust\u0103, dar plin\u0103 de flori frumoase, colorate \u0219i parfumate. Dup\u0103 aproape o or\u0103 de mers, ei ajunser\u0103 la o cl\u0103dire mare \u0219i veche. U\u0219a se deschise sc\u00e2r\u021b\u00e2ind, iar din cl\u0103dire ie\u0219i o carte umbl\u0103toare. Fabian reu\u0219i s\u0103 descifreze ce scria pe copert\u0103 \u2013 <em>Oscar <\/em><em>\u0219<\/em><em>i Tanti Roz<\/em> de Eric Emanuel Schmitt. Auzise de acest volum. Cu siguran\u021b\u0103 i-l recomandase profesoara de rom\u00e2n\u0103, dar el nu \u00eel citise. Profesorii \u0103\u0219tia! \u0218tiu doar s\u0103 dea copiilor multe teme \u0219i c\u0103r\u021bi de citit! Oare chiar nu au ceva mai bun de f\u0103cut pe acas\u0103?!<\/p>\n<p style=\"text-align: justify;\">\u2013 Str\u0103ine, bine ai venit! Te a\u0219tept\u0103m de ceva vreme! Eu sunt unul dintre acei copii transforma\u021bi \u00een c\u0103r\u021bi. De fapt, eu sunt primul asupra c\u0103ruia s-a ab\u0103tut aceast\u0103 vraj\u0103 nemiloas\u0103. Bea din aceast\u0103 licoare \u0219i vei deveni prietenul nostru pe vecie! Ai venit aici ca s\u0103 ne salvezi, iar dac\u0103 vei reu\u0219i, \u00ee\u021bi vom fi foarte recunosc\u0103tori.<\/p>\n<p style=\"text-align: justify;\">Pe Fabian \u00eel \u00eenv\u0103\u021base mama s\u0103 nu bea din sticlele pe care i le ofer\u0103 str\u0103inii. El fu, \u00eens\u0103, precaut \u0219i citi pe etichet\u0103. \u201eTratament fabulatoriu\u201d. St\u0103tu pu\u021bin pe g\u00e2nduri, \u00eens\u0103 alese s\u0103 bea din licoarea primit\u0103 de la carte. Lu\u0103 o \u00eenghi\u021bitur\u0103, dup\u0103 care b\u0103u p\u00e2n\u0103 la ultima pic\u0103tur\u0103!<\/p>\n<p style=\"text-align: justify;\">\u2013 Foarte bine, dragul meu! Acum e\u0219ti apt s\u0103 p\u0103\u0219e\u0219ti \u00een minunatul t\u0103r\u00e2m al fanteziei. Aici te po\u021bi vindeca de triste\u021be, de greutatea ap\u0103s\u0103toare a banalului vie\u021bii cotidiene, dar \u0219i de lipsa de frumos. Trebuie doar s\u0103 deschizi ochii \u0219i s\u0103 prive\u0219ti cu mare aten\u021bie tot ce te \u00eenconjoar\u0103. Vei vedea cum soarele \u00ee\u021bi z\u00e2mbe\u0219te, natura te \u00eenvesele\u0219te prin m\u0103re\u021biile ei, iar p\u0103s\u0103rile c\u00e2nt\u0103 triluri melodioase. De acum, po\u021bi s\u0103 ai acces la orice carte din bibliotec\u0103. Este suficient s\u0103 le deschizi, s\u0103 \u00eencepi s\u0103 r\u0103sfoie\u0219ti paginile \u0219i imediat vei evada din real \u0219i din concret.<\/p>\n<p style=\"text-align: justify;\">\u2013 Sun\u0103 foarte bine ceea ce \u00eemi spune\u021bi, Doamn\u0103 Carte. Dar s\u0103 \u0219ti\u021bi c\u0103 eu tot vreau s\u0103 merg la mine acas\u0103! \u00cemi e dor de mama mea \u0219i de sora mea mai mic\u0103. \u00cen plus, p\u0103rin\u021bii trebuie s\u0103 fie foarte \u00eengrijora\u021bi. Niciodat\u0103 nu am lipsit at\u00e2t de mult de acas\u0103!<\/p>\n<p style=\"text-align: justify;\">\u2013 Te pot ajuta eu, mai ales c\u0103 deja e\u0219ti pe drumul cel bun. Ai intuit numele meu. Eu m\u0103 numesc Carte de Fantezie, dar po\u021bi sa \u00eemi spui \u0219i Doamna Carte. De\u0219i ai b\u0103ut licoarea fic\u021biunii \u0219i \u021bi-ai asumat rolul de salvator al copiilor transforma\u021bi \u00een c\u0103r\u021bi, exist\u0103 o cale de sc\u0103pare. Dar pentru asta trebuie s\u0103 treci trei probe.<\/p>\n<p style=\"text-align: justify;\">\u2013 Fac orice pentru a reveni acas\u0103&#8230;<\/p>\n<p style=\"text-align: justify;\">\u2013 Mai \u00eent\u00e2i trebuie s\u0103 mergi al\u0103turi de prietenul t\u0103u la Bibliotec\u0103. Acolo o s\u0103 g\u0103se\u0219ti multe c\u0103r\u021bi. Trebuie s\u0103 cau\u021bi \u00eentre toate acele rafturi o carte pierdut\u0103 a poetei Ana Blandiana. Se nume\u0219te <em>Patria mea A4. Poeme noi. <\/em>E de la Editura Humanitas. Trebuie s\u0103 o g\u0103se\u0219ti, s\u0103 o cite\u0219ti \u0219i s\u0103 \u00eemi reciti\u021bi versurile de la pagina 103. S\u0103 ai succes! Ai doar 3 zile la dispozi\u021bie pentru a c\u0103uta \u00een c\u00e2teva sute de rafturi<\/p>\n<p style=\"text-align: justify;\">Fabian ascult\u0103 cu mare aten\u021bie sfaturile C\u0103r\u021bii \u0219i merse la Bibliotec\u0103. Prima lui vizit\u0103 \u00een acest loc. Ar fi preferat s\u0103 rezolve o \u00eentreag\u0103 culegere de matematic\u0103 dec\u00e2t s\u0103 \u00eenoate prin marea de c\u0103r\u021bi pe care o avea \u00een fa\u021b\u0103. El lu\u0103 fiecare carte \u00een m\u00e2n\u0103, \u00eei citi titlul \u0219i autorul \u0219i cu speran\u021b\u0103 \u00een suflet, caut\u0103 cartea de care avea nevoie. Dup\u0103 dou\u0103 zile \u0219i jum\u0103tate de c\u0103ut\u0103ri, reu\u0219i s\u0103 g\u0103seasc\u0103 volumul de poezii pe care trebuia s\u0103 \u00eel r\u0103sfoiasc\u0103: o carte sub\u021bire, de culoare neagr\u0103. Pe copert\u0103 ap\u0103rea fotografia unei femei g\u00e2nditoare, care privea cu aten\u021bie \u00eentr-un punct fix, iar pe spatele c\u0103r\u021bii era tip\u0103rit cu ro\u0219u autograful scriitoarei. R\u0103sfoi paginile cu aten\u021bie, dup\u0103 care memor\u0103 cu luare-aminte versurile de la pagina 103. Acum se putea duce la doamna Carte.<\/p>\n<p style=\"text-align: justify;\">\u2013 Doamn\u0103 Carte, nu mi-a fost deloc u\u0219or, dar am izbutit. Versurile de la pagina 103 sunt urm\u0103toarele:<\/p>\n<p style=\"text-align: justify;\">\u201eDoamne, c\u00e2t de viu poate s\u0103 fie<\/p>\n<p style=\"text-align: justify;\">Arborele al c\u0103rui nume nu \u00eel \u0219tiu,<\/p>\n<p style=\"text-align: justify;\">Chiar dac\u0103 pe frunzele lui de h\u00e2rtie<\/p>\n<p style=\"text-align: justify;\">Poemele mi le transcriu.\u201d<\/p>\n<p style=\"text-align: justify;\">\u2013 Foarte bine. Te-ai descurcat de minune la aceast\u0103 provocare. Pentru c\u0103 e\u0219ti at\u00e2t de viteaz \u0219i hot\u0103r\u00e2t, \u00ee\u021bi voi da a doua provocare. Cite\u0219te poeziile lui Eminescu din Bibliotec\u0103, apoi caut\u0103 cu aten\u021bie numele unui arbore. \u00ce\u021bi dau un indiciu&#8230; \u201ePe l\u00e2ng\u0103&#8230; f\u0103r\u0103 so\u021b\u201d. Aceasta este ghicitoarea ta. Dup\u0103 ce vei afla care este arborele, s\u0103 \u00eel cau\u021bi \u00een gr\u0103dina Bibliotecii \u0219i s\u0103 aduni 6 frunze cu cuvinte, grupuri de cuvinte \u0219i versuri. Transcrie acele versuri care vor rezulta din asamblarea frunzelor, iar dup\u0103 ce vei reu\u0219i, s\u0103 vii la mine. De data aceasta ai la dispozi\u021bie doar dou\u0103 zile.<\/p>\n<p style=\"text-align: justify;\">Fabian se supuse \u0219i de aceast\u0103 dat\u0103 voin\u021bei c\u0103r\u021bii \u00een\u021belepte \u0219i merse la bibliotec\u0103, unde \u00eencepu s\u0103 r\u0103sfoiasc\u0103 paginile unui volum de poezii eminesciene. \u00cen cartea mare, grea \u0219i cu pagini \u00eeng\u0103lbenite, el g\u0103si poezia \u201ePe l\u00e2ng\u0103 plopii f\u0103r\u0103 so\u021b\u201d. Iute, adolescentul cobor\u00ee sc\u0103rile \u0219i ajunse \u00een gr\u0103dina plin\u0103 de arbori. Cercet\u0103 cu mare aten\u021bie to\u021bi plopii \u0219i se uit\u0103 pe fiecare frunz\u0103 pentru a le alege doar pe cele pe care erau scrise cuvinte \u0219i grupuri de cuvinte. Le adun\u0103 \u0219i le bag\u0103 \u00een buzunar cu mare grij\u0103. C\u00e2nd le g\u0103si pe toate cele \u0219ase, el merse din nou \u00een bibliotec\u0103 pentru a \u00eembina cuvintele. Dup\u0103 o munc\u0103 grea de asamblare, Fabian ob\u021binu trei versuri, pe care le scrise pe o foaie alb\u0103. Merse cu acea pagin\u0103 la Cartea lui Schmitt. Doamna Carte citi cu aten\u021bie versurile:<\/p>\n<p style=\"text-align: justify;\">\u201eMii de ani de-ar \u021bine-o floare, de apoi se ve\u0219teje\u0219te<\/p>\n<p style=\"text-align: justify;\">E de parc\u0103 niciodat\u0103 n-ar fi fost, e vis de vis.<\/p>\n<p style=\"text-align: justify;\">Dragostea e nostalgie \u0219i puterea e plictis.\u201d<\/p>\n<p style=\"text-align: justify;\">\u2013 Foarte bine, dragul meu amic! Se vede c\u0103 e\u0219ti un cititor pasionat! Iar dac\u0103 nu, vei deveni unul. P\u00e2n\u0103 acum, niciun copil care a trecut pe aici nu a reu\u0219it s\u0103 \u00eembine cuvintele de pe frunze pentru a ob\u021bine cele trei versuri din <em>Levantul<\/em> lui Mircea C\u0103rt\u0103rescu. S\u0103 \u0219tii c\u0103 el e cel mai mare scriitor contemporan rom\u00e2n. C\u0103r\u021bile lui sunt destul de greu de \u00een\u021beles pentru un cititor \u00eencep\u0103tor. Dar po\u021bi s\u0103 cite\u0219ti pe viitor textele din volumele pentru copii <em>Care e faza cu cititul? <\/em>\u0219i <em>Book<\/em><em>\u0103<\/em><em>t<\/em><em>\u0103<\/em><em>ria de texte. <\/em>Sigur vor fi pe placul t\u0103u. Dar p\u00e2n\u0103 atunci, mai ai o singur\u0103 prob\u0103 de trecut. Trebuie s\u0103 mergi la libr\u0103rie azi, 31 octombrie, c\u00e2nd Fran\u00e7ois Henri D\u00e9s\u00e9rable \u00ee\u0219i va lansa romanul. Va trebui sa \u00eel ascul\u021bi cu aten\u021bie, s\u0103 iei un autograf de la el \u0219i s\u0103 \u00eel folose\u0219ti drept cheie pentru a reveni la lumea ta.<\/p>\n<p style=\"text-align: justify;\">Fabian nu mai st\u0103tu deloc pe g\u00e2nduri, ci merse la Libr\u0103ria Fantezia, unde se lansa romanul autorului. El \u00eel ascult\u0103 cu aten\u021bie pe scriitorul francez, pe care \u00eel \u00een\u021belegea doar gra\u021bie traduc\u0103torului. Sala era plin\u0103 de spiridu\u0219i din Lumea Literelor, care doreau s\u0103 ia un autograf de la marele scriitor francez. Dup\u0103 ce \u00ee\u0219i termin\u0103 discursul despre cartea lui, autorul \u00eencepu s\u0103 dea autografe tuturor celor din libr\u0103rie. C\u00e2nd semn\u0103 cartea lui Fabian, o minune se \u00eent\u00e2mpl\u0103. Adolescentul disp\u0103ru f\u0103r\u0103 urm\u0103, l\u0103s\u00e2nd spiridu\u0219ii cu gura c\u0103scat\u0103. Cu to\u021bii se \u00eentrebau ce s-a \u00eent\u00e2mplat cu \u201emicul om mare\u201d pe care \u00eel \u00eenv\u0103\u021baser\u0103 s\u0103 citeasc\u0103 de drag c\u0103r\u021bile, s\u0103 viseze \u00een prelungirea lor \u0219i s\u0103 nu mai fug\u0103 de c\u0103r\u021bi. Singurul care se \u00eentristase era Hans. Nu reu\u0219ise s\u0103 \u00ee\u0219i ia r\u0103mas-bun de la prietenul lui.<\/p>\n<p style=\"text-align: justify;\">***<\/p>\n<p style=\"text-align: justify;\">\u2013 Treze\u0219te-te, Fabian! E timpul s\u0103 mergi la \u0219coal\u0103!<\/p>\n<p style=\"text-align: justify;\">\u2013 Mam\u0103, am visat ceva foarte frumos! Putem s\u0103 mergem la libr\u0103rie ast\u0103zi s\u0103 cump\u0103r\u0103m ni\u0219te c\u0103r\u021bi?<\/p>\n<p style=\"text-align: justify;\">\u2013 Da, dragul meu, dar cum de vrei tu at\u00e2t de mult s\u0103 cite\u0219ti?! P\u00e2n\u0103 acum nu citeai nimic. Rezolvai doar probleme de matematic\u0103 \u0219i te jucai pe tablet\u0103.<\/p>\n<p style=\"text-align: justify;\">\u2013 De acum \u00eenainte voi citi multe c\u0103r\u021bi. Dar vreau s\u0103 \u00eencep cu <em>Patria mea A4<\/em> de Ana Blandiana, <em>Levantul<\/em> lui Mircea C\u0103rt\u0103rescu \u0219i <em>Un anume domn Piekielny <\/em>de Fran\u00e7ois Henri D\u00e9s\u00e9rable.<\/p>\n<p style=\"text-align: justify;\">\u2013 Dar de unde \u0219tii de c\u0103r\u021bile acestea, dragul mamei?<\/p>\n<p style=\"text-align: justify;\">\u2013 Mi le-a recomandat o prieten\u0103. Doamna Carte din \u021aara Literelor. Dar despre ea o s\u0103 \u00ee\u021bi vorbesc mai t\u00e2rziu. Acum e timpul s\u0103 m\u0103 duc la \u0219coal\u0103.<\/p>\n<p style=\"text-align: justify;\"><strong>\u00a0<\/strong><\/p>\n<p style=\"text-align: justify;\"><strong>Despre autor:<\/strong><\/p>\n<p style=\"text-align: justify;\"><strong>RADU GEORGE<\/strong> (n. 09.04.1998, Foc\u0219ani) este student la Facultatea de Litere din cadrul Universit\u0103\u021bii din Bucure\u0219ti. Pasiunea pentru lectur\u0103 \u0219i pentru literatur\u0103 a dob\u00e2ndit-o \u00eenc\u0103 din copil\u0103rie, gra\u021bie pove\u0219tilor spuse de bunicii care l-au crescut. \u00cen clasele gimnaziale a publicat poezii \u0219i scurte texte narative \u00een paginile revistei \u201eUniversul \u0219colarilor\u201d. Pe parcursul liceului s-a remarcat prin participarea la olimpiadele de limba rom\u00e2n\u0103, matematic\u0103 \u0219i geografie.<\/p>\n<p style=\"text-align: justify;\">A participat la Colocviile studen\u021be\u0219ti BEST Lettres, unde a prezentat lucr\u0103ri de cercetare despre perioada veche a literaturii rom\u00e2ne (<em>Textele apocrife <\/em><em>\u00ee<\/em><em>n cultura rom<\/em><em>\u00e2<\/em><em>neasc<\/em><em>\u0103<\/em>), respectiv despre Epoca Marilor Clasici (<em>Interferen<\/em><em>\u021b<\/em><em>a artelor <\/em><em>\u00ee<\/em><em>n poietica nuvelei <u>S<\/u><\/em><em><u>\u0103<\/u><\/em><em><u>rmanul Dionis<\/u><\/em><em> de Mihai Eminescu<\/em>).<\/p>\n<p><img data-recalc-dims=\"1\" decoding=\"async\" class=\"aligncenter\" src=\"https:\/\/i0.wp.com\/i.vgy.me\/cptJje.jpg?w=812&#038;ssl=1\" \/><\/p>\n<p>&nbsp;<\/p>\n","protected":false},"excerpt":{"rendered":"<p>(Lecturi potrivite\/recomandate de Alexandra) de\u00a0Radu George O raz\u0103 cald\u0103 de soare \u00eei m\u00e2ng\u00e2ie duios obrazul lui Fabian. De\u0219i ar fi vrut s\u0103 mai doarm\u0103 pu\u021bin \u0219i s\u0103 se odihneasc\u0103 dup\u0103 o zi grea, lumina \u00eel deranja at\u00e2t de tare \u00eenc\u00e2t se v\u0103zu nevoit s\u0103 se trezeasc\u0103. Se dezmetici \u0219i privi \u00een jur, dar nu recunoscu [&hellip;]<\/p>\n","protected":false},"author":2,"featured_media":0,"comment_status":"open","ping_status":"open","sticky":false,"template":"","format":"standard","meta":{"jetpack_post_was_ever_published":false,"_jetpack_newsletter_access":"","_jetpack_dont_email_post_to_subs":false,"_jetpack_newsletter_tier_id":0,"_jetpack_memberships_contains_paywalled_content":false,"_jetpack_memberships_contains_paid_content":false,"footnotes":""},"categories":[1381,1279,15],"tags":[1383,1280,1115,1390],"class_list":["post-12639","post","type-post","status-publish","format-standard","hentry","category-egophobia-58","category-lecturi-potrivite","category-proza","tag-egophobia-58","tag-lecturi-potrivite","tag-proza","tag-radu-george"],"jetpack_featured_media_url":"","jetpack_sharing_enabled":true,"jetpack_shortlink":"https:\/\/wp.me\/p6DakB-3hR","_links":{"self":[{"href":"https:\/\/egophobia.ro\/index.php?rest_route=\/wp\/v2\/posts\/12639","targetHints":{"allow":["GET"]}}],"collection":[{"href":"https:\/\/egophobia.ro\/index.php?rest_route=\/wp\/v2\/posts"}],"about":[{"href":"https:\/\/egophobia.ro\/index.php?rest_route=\/wp\/v2\/types\/post"}],"author":[{"embeddable":true,"href":"https:\/\/egophobia.ro\/index.php?rest_route=\/wp\/v2\/users\/2"}],"replies":[{"embeddable":true,"href":"https:\/\/egophobia.ro\/index.php?rest_route=%2Fwp%2Fv2%2Fcomments&post=12639"}],"version-history":[{"count":1,"href":"https:\/\/egophobia.ro\/index.php?rest_route=\/wp\/v2\/posts\/12639\/revisions"}],"predecessor-version":[{"id":12640,"href":"https:\/\/egophobia.ro\/index.php?rest_route=\/wp\/v2\/posts\/12639\/revisions\/12640"}],"wp:attachment":[{"href":"https:\/\/egophobia.ro\/index.php?rest_route=%2Fwp%2Fv2%2Fmedia&parent=12639"}],"wp:term":[{"taxonomy":"category","embeddable":true,"href":"https:\/\/egophobia.ro\/index.php?rest_route=%2Fwp%2Fv2%2Fcategories&post=12639"},{"taxonomy":"post_tag","embeddable":true,"href":"https:\/\/egophobia.ro\/index.php?rest_route=%2Fwp%2Fv2%2Ftags&post=12639"}],"curies":[{"name":"wp","href":"https:\/\/api.w.org\/{rel}","templated":true}]}}