{"id":12655,"date":"2019-06-14T17:47:22","date_gmt":"2019-06-14T15:47:22","guid":{"rendered":"http:\/\/egophobia.ro\/?p=12655"},"modified":"2019-06-14T17:47:22","modified_gmt":"2019-06-14T15:47:22","slug":"poeme-de-alice-valeria-micu","status":"publish","type":"post","link":"https:\/\/egophobia.ro\/?p=12655","title":{"rendered":"poeme de Alice Valeria Micu"},"content":{"rendered":"<p><strong>Rezisten\u021ba la trecerea c\u0103ldurii de la aerul<\/strong><br \/>\ninterior la suprafa\u0163a interioar\u0103<br \/>\nprin convec\u0163ie \u015fi radia\u0163ie<br \/>\nEu m-am mutat<br \/>\ncu totul \u00een<br \/>\npere\u0163i,<br \/>\nnumai fantoma ochiului meu<br \/>\nte urm\u0103re\u015fte.<br \/>\n(Rezisten\u0163a suprafe\u0163ei interioare).<!--more--><\/p>\n<p>&nbsp;<\/p>\n<p><strong>Fericirea inflameaz\u0103 creierul.<\/strong><br \/>\nCarnea \u00eentunec\u0103 ra\u0163iunea.<\/p>\n<p>S\u0103 rezi\u015fti, s\u0103 zdrobe\u015fti<br \/>\nimpoten\u0163a conjunctivului.<\/p>\n<p>Ra\u0163iunea \u00eenghea\u0163\u0103 amintirile.<\/p>\n<p>Sistemul de cofraj utilizat pentru<br \/>\npere\u0163ii<br \/>\nverticali din beton armat monolit<\/p>\n<p>Omul e f\u0103cut s\u0103 tr\u0103iasc\u0103 \u00eentre<br \/>\npere\u0163i,<br \/>\nd\u0103r\u00e2m\u0103 c\u00e2\u0163iva \u015fi se va \u00eencurca<br \/>\n\u00een propria libertate.<\/p>\n<p>Pere\u0163ii<br \/>\nmei sunt o carne lichid\u0103.<\/p>\n<p>&nbsp;<br \/>\n<strong>Arm\u0103tura preia eforturile de \u00eentindere,<\/strong><br \/>\nc\u0103r\u0103mida eforturile de compresiune<\/p>\n<p>Pere\u0163ii<br \/>\nmei sunt o carne fluid\u0103.<\/p>\n<p>\u00cen cazurile \u00een care soclurile se execut\u0103<br \/>\ndin beton simplu, la nivelul pardoselii parterului<br \/>\nse va prevedea un sistem de centuri<br \/>\ncare va forma contururi \u00eenchise.<\/p>\n<p><strong>Da\u2019 mai termina\u021bi<\/strong><br \/>\ncu vorb\u0103ria! Voi cu<br \/>\npere\u0163ii<br \/>\nvo\u015ftri limbu\u0163i.<\/p>\n<p>Azi-noapte mi-a ap\u0103rut<br \/>\n\u00eentre dou\u0103 riduri o singur\u0103tate<br \/>\nca o gaur\u0103 de \u015foarece,<br \/>\nmi-e team\u0103 c\u0103 m\u0103 \u00eenghite<br \/>\ncu totul!<\/p>\n<p><strong>Alc\u0103tuire constructiv\u0103 \u015fi de armare a<\/strong><br \/>\nPere\u0163ilor<\/p>\n<p>Mi-e din ce<br \/>\n\u00een ce<br \/>\nmai greu<br \/>\ns\u0103 m\u0103 ridic<br \/>\ndin mine.<\/p>\n<p><strong>O singur\u0103 dat\u0103 moartea \u015fi-a b\u0103gat<\/strong><br \/>\npalma osoas\u0103 prin<br \/>\npere\u0163ii<br \/>\nlui, a r\u0103mas o cr\u0103p\u0103tur\u0103<br \/>\n\u00eengust\u0103 prin care privea uneori c\u00e2nd<br \/>\nse \u00eemb\u0103ta.<\/p>\n<p>Defectele ascunse pot genera, \u00een timpul exploat\u0103rii,<br \/>\ndegrad\u0103ri structurale, p\u00e2n\u0103 \u00een stadiul de avarie.<\/p>\n<p>De dincolo p\u0103trundeau mu\u015fte<br \/>\nviolet c\u00e2t ni\u015fte libelule care zburau<br \/>\no singur\u0103 dat\u0103 \u015fi c\u0103deau<br \/>\nfle\u015fc\u0103ite pe fa\u0163a lui \u00een zile cu soare<br \/>\n\u015fi cu dou\u0103 dimine\u0163i.<\/p>\n<p>Texte din volumul <strong>Pere\u021bi<\/strong>, Ed. \u0218coala Ardelean\u0103, Caiete Silvane, 2019.<br \/>\nCartea poate fi comandat\u0103 <a href=\"http:\/\/scoalaardeleanacluj.ro\/shop\/\u0218coala-ardelean\u0103-de-poezie-c-147\/pere\u021bi-p-374.html\">aici<\/a> \u0219i va fi lansat\u0103 \u00een 26 Iunie la Book Corner \u00een Cluj. <\/p>\n","protected":false},"excerpt":{"rendered":"<p>Rezisten\u021ba la trecerea c\u0103ldurii de la aerul interior la suprafa\u0163a interioar\u0103 prin convec\u0163ie \u015fi radia\u0163ie Eu m-am mutat cu totul \u00een pere\u0163i, numai fantoma ochiului meu te urm\u0103re\u015fte. (Rezisten\u0163a suprafe\u0163ei interioare).<\/p>\n","protected":false},"author":5,"featured_media":0,"comment_status":"open","ping_status":"open","sticky":false,"template":"","format":"standard","meta":{"jetpack_post_was_ever_published":false,"_jetpack_newsletter_access":"","_jetpack_dont_email_post_to_subs":false,"_jetpack_newsletter_tier_id":0,"_jetpack_memberships_contains_paywalled_content":false,"_jetpack_memberships_contains_paid_content":false,"footnotes":""},"categories":[1381,13],"tags":[1379,1383,1114],"class_list":["post-12655","post","type-post","status-publish","format-standard","hentry","category-egophobia-58","category-poezie","tag-alice-valeria-micu","tag-egophobia-58","tag-poezie"],"jetpack_featured_media_url":"","jetpack_sharing_enabled":true,"jetpack_shortlink":"https:\/\/wp.me\/p6DakB-3i7","_links":{"self":[{"href":"https:\/\/egophobia.ro\/index.php?rest_route=\/wp\/v2\/posts\/12655","targetHints":{"allow":["GET"]}}],"collection":[{"href":"https:\/\/egophobia.ro\/index.php?rest_route=\/wp\/v2\/posts"}],"about":[{"href":"https:\/\/egophobia.ro\/index.php?rest_route=\/wp\/v2\/types\/post"}],"author":[{"embeddable":true,"href":"https:\/\/egophobia.ro\/index.php?rest_route=\/wp\/v2\/users\/5"}],"replies":[{"embeddable":true,"href":"https:\/\/egophobia.ro\/index.php?rest_route=%2Fwp%2Fv2%2Fcomments&post=12655"}],"version-history":[{"count":2,"href":"https:\/\/egophobia.ro\/index.php?rest_route=\/wp\/v2\/posts\/12655\/revisions"}],"predecessor-version":[{"id":12657,"href":"https:\/\/egophobia.ro\/index.php?rest_route=\/wp\/v2\/posts\/12655\/revisions\/12657"}],"wp:attachment":[{"href":"https:\/\/egophobia.ro\/index.php?rest_route=%2Fwp%2Fv2%2Fmedia&parent=12655"}],"wp:term":[{"taxonomy":"category","embeddable":true,"href":"https:\/\/egophobia.ro\/index.php?rest_route=%2Fwp%2Fv2%2Fcategories&post=12655"},{"taxonomy":"post_tag","embeddable":true,"href":"https:\/\/egophobia.ro\/index.php?rest_route=%2Fwp%2Fv2%2Ftags&post=12655"}],"curies":[{"name":"wp","href":"https:\/\/api.w.org\/{rel}","templated":true}]}}