{"id":12670,"date":"2019-06-15T10:55:10","date_gmt":"2019-06-15T08:55:10","guid":{"rendered":"http:\/\/egophobia.ro\/?p=12670"},"modified":"2019-09-13T10:57:06","modified_gmt":"2019-09-13T08:57:06","slug":"straini-acadele-si-amintiri","status":"publish","type":"post","link":"https:\/\/egophobia.ro\/?p=12670","title":{"rendered":"Str\u0103ini, acadele \u0219i amintiri"},"content":{"rendered":"<p style=\"text-align: right;\">de Rare\u0219-Andrei Dinu<\/p>\n<p style=\"text-align: justify;\">Fumul, mul\u021bimea \u0219i jocul reflectoarelor ce oscilau \u00eentre violet \u0219i albastru se \u00eembinau armonios, \u00een lini\u0219te, inund\u00e2nd sala cu o stare de teribil\u0103 anticipa\u021bie. Luminile s-au \u00eendreptat spre scen\u0103, unde membrii trupei \u00ee\u0219i f\u0103cuser\u0103 apari\u021bia pe furi\u0219. Un fior s-a \u00eempr\u0103\u0219tiat \u00een tot publicul \u00een secunda \u00een care t\u0103cerea a fost r\u0103pus\u0103 de primul acord de chitar\u0103.<!--more--><\/p>\n<p style=\"text-align: justify;\">Nu eram chiar \u00een fa\u021ba scenei, dar aveam un loc destul de bun. St\u0103team suficient de aproape c\u00e2t s\u0103 pot privi \u00een ochi chitaristul din partea dreapt\u0103 a scenei, proptit\u0103 de un st\u00e2lp pe care cineva scrisese \u201elive free or die or whatever or start a revolution\u201d. \u021ain s\u0103 men\u021bionez c\u0103 acela va fi \u00eentotdeauna de departe cel mai tare st\u00e2lp pe care l-am v\u0103zut vreodat\u0103. Adic\u0103 da, Coloana Infinitului e o oper\u0103 de art\u0103, tot respectul pentru Br\u00e2ncu\u0219i, coloanele grece\u0219ti sunt \u0219i ele faine, eu prefer totu\u0219i st\u00e2lpul acela micu\u021b \u0219i negru de fier dintr-un bar bucure\u0219tean.<\/p>\n<p style=\"text-align: justify;\">Am reu\u0219it s\u0103 rezist tot concertul f\u0103r\u0103 s\u0103 beau mai mult de o Cola la jum\u0103tate. Nu de alta, dar ca s\u0103 mai cump\u0103r altceva ar fi trebuit s\u0103 \u00eenot printr-o mare de oameni. M-am dus \u00eens\u0103 la tejghea dup\u0103 terminarea concertului \u0219i am mai cerut una.<\/p>\n<p style=\"text-align: justify;\">Barul s-a eliberat rapid, l\u0103s\u00e2nd s\u0103 se vad\u0103 c\u00e2t de spa\u021bios era de fapt. Sorbeam cu paiul din sticla rece \u00een timp ce m\u0103 roteam pe un scaun \u0219i priveam tavanul \u00eenalt al \u00eenc\u0103perii, fredon\u00e2nd melodia cu care se \u00eencheiase concertul.<\/p>\n<p style=\"text-align: justify;\">\u2014 Ai grij\u0103 s\u0103 nu ame\u021be\u0219ti, m-a luat prin surprindere o voce.<\/p>\n<p style=\"text-align: justify;\">Un tip \u00een jachet\u0103 de piele ap\u0103ruse ca de nic\u0103ieri l\u00e2ng\u0103 mine.<\/p>\n<p style=\"text-align: justify;\">\u2014 Nu ame\u021besc a\u0219a u\u0219or, i-am r\u0103spuns pu\u021bin ame\u021bit\u0103.<\/p>\n<p style=\"text-align: justify;\">St\u0103tea proptit cu coatele de tejghea. C\u00e2rlion\u021bii s\u0103i negri \u0219i deloc aranja\u021bi \u00eei intrau \u00een ochii verzi.<\/p>\n<p style=\"text-align: justify;\">\u2014 Atunci s\u0103 \u00een\u021beleg c\u0103 acum te clatini doar din iner\u021bie, a continuat el dezvelind un z\u00e2mbet \u00eencadrat de un fel de gropi\u021be, de la prea mult dat din cap.<\/p>\n<p style=\"text-align: justify;\">\u2014 Am dat destul de mult din cap.<\/p>\n<p style=\"text-align: justify;\">\u2014 Te superi dac\u0103 m\u0103 a\u0219ez l\u00e2ng\u0103 tine?<\/p>\n<p style=\"text-align: justify;\">\u2014 De ce m-a\u0219 sup\u0103ra? Nu e barul meu.<\/p>\n<p style=\"text-align: justify;\">\u2014 M\u0103 g\u00e2ndeam c\u0103 poate \u021bineai scaunul pentru un prieten sau o prieten\u0103.<\/p>\n<p style=\"text-align: justify;\">\u2014 Nu, nu mai e nimeni cu mine.<\/p>\n<p style=\"text-align: justify;\">\u2014 Norocul meu atunci, a spus el tr\u0103g\u00e2ndu-\u0219i un scaun \u0219i a\u0219ez\u00e2ndu-se.<\/p>\n<p style=\"text-align: justify;\">P\u0103rea a fi student, cam de aceea\u0219i v\u00e2rst\u0103 cu mine. Mi-am zis atunci c\u0103 sigur ie\u0219ise la ag\u0103\u021bat. Am decis atunci s\u0103 \u00eei spun din capul locului c\u0103 \u00eencerca degeaba.<\/p>\n<p style=\"text-align: justify;\">\u2014 Uite, i-am spus, \u00eemi pari simpatic. \u0218i simplul fapt c\u0103 ai fost la concertul \u0103sta te pune pe o pozi\u021bie foarte bun\u0103 \u00een ochii mei, dar. E mai bine s\u0103 nu \u00ee\u021bi faci vreo speran\u021b\u0103 legat\u0103 de mine. Nu c-a\u0219 fi eu vreo sf\u00e2nt\u0103 sau ceva, at\u00e2ta tot c\u0103 nu sunt chiar interesat\u0103 de \u0103mm b\u0103ie\u021bi.<\/p>\n<p style=\"text-align: justify;\">\u2014 Mi\u0219to, a r\u0103spuns neimpresionat. Adic\u0103 \u00ee\u021bi plac fetele.<\/p>\n<p style=\"text-align: justify;\">\u2014 Da.<\/p>\n<p style=\"text-align: justify;\">\u2014 Mi se pare normal. \u0218i mie \u00eemi plac tot fetele.<\/p>\n<p style=\"text-align: justify;\">Am z\u00e2mbit. M\u0103 sim\u021beam pu\u021bin penibil, parc\u0103 m\u0103 a\u0219teptam s\u0103 fie uimit sau s\u0103 \u00eemi zic\u0103 \u201epa\u201d \u0219i s\u0103 dispar\u0103. Eram impresionat\u0103 de non\u0219alan\u021ba \u0219i normalitatea pe care le afi\u0219a.<\/p>\n<p style=\"text-align: justify;\">\u2014 Eu voiam s\u0103 spun c\u0103 e norocul meu c\u0103 m-am ales cu un partener de discu\u021bie, a continuat el. \u0218i eu am venit singur.<\/p>\n<p style=\"text-align: justify;\">\u2014 Singur la un concert? Cum a\u0219a?<\/p>\n<p style=\"text-align: justify;\">\u2014 Tu s\u0103-mi spui.<\/p>\n<p style=\"text-align: justify;\">\u2014 Nu e a\u0219a u\u0219or s\u0103 g\u0103se\u0219ti oameni cu care s\u0103 vii la concerte a\u0219a mai micu\u021be. Mai ales c\u00e2nd c\u00e2nt\u0103 o trup\u0103 mai pu\u021bin cunoscut\u0103.<\/p>\n<p style=\"text-align: justify;\">\u2014 Te \u00een\u021beleg perfect. Nu \u0219tiu ei ce pierd. Ceea ce nu \u0219tiu, totu\u0219i, nu \u00eei poate afecta.<\/p>\n<p style=\"text-align: justify;\">\u2014 Pot s\u0103 pun o \u00eentrebare?<\/p>\n<p style=\"text-align: justify;\">\u2014 Chiar te rog.<\/p>\n<p style=\"text-align: justify;\">\u2014 De ce te-ai a\u0219ezat l\u00e2ng\u0103 mine?<\/p>\n<p style=\"text-align: justify;\">S-a ridicat de pe scaun. A \u00eenceput s\u0103 fac\u0103 pa\u0219i m\u0103run\u021bi \u00een jurul meu, privindu-m\u0103, \u00een timp ce eu m\u0103 roteam cu scaunul, p\u0103str\u00e2nd contactul vizual.<\/p>\n<p style=\"text-align: justify;\">\u2014 Nu \u0219tiu, a r\u0103spuns dup\u0103 c\u00e2teva secunde.<\/p>\n<p style=\"text-align: justify;\">\u2014 Nu \u0219tii?<\/p>\n<p style=\"text-align: justify;\">\u2014 Adic\u0103\u2026 nu \u0219tiu exact. \u0218tiu doar c\u0103 voiam s\u0103 vorbesc cu tine. Nu \u0219tiu de ce. \u0218i, sincer s\u0103 fiu, nici nu \u0219tiu dac\u0103 \u00eemi trebuie un motiv.<\/p>\n<p style=\"text-align: justify;\">\u2014 Cum te cheam\u0103?<\/p>\n<p style=\"text-align: justify;\">\u2014 Radu. \u0218i Eduard. Dar po\u021bi s\u0103 faci cum face majoritatea cunoscu\u021bilor: iei prima liter\u0103 din Radu \u0219i primele dou\u0103 din Eduard.<\/p>\n<p style=\"text-align: justify;\">\u2014 R\u2026 Red?<\/p>\n<p style=\"text-align: justify;\">\u2014 La dispozi\u021bia domniei tale, a spus mim\u00e2nd o mic\u0103 plec\u0103ciune.<\/p>\n<p style=\"text-align: justify;\">\u2014 \u00cenc\u00e2ntat\u0103. Eu sunt Elena. R\u0103spund \u00eens\u0103 mai repede la Lena.<\/p>\n<p style=\"text-align: justify;\">\u2014 \u00cenc\u00e2ntat de cuno\u0219tin\u021b\u0103, Lena. Acum e r\u00e2ndul meu s\u0103 pun o \u00eentrebare.<\/p>\n<p style=\"text-align: justify;\">\u2014 Te rog. \u00centreab\u0103.<\/p>\n<p style=\"text-align: justify;\">\u2014 Vrei s\u0103 plec\u0103m de aici?<\/p>\n<p style=\"text-align: justify;\">\u2014 Deja? Te-ai plictisit deja de mine?<\/p>\n<p style=\"text-align: justify;\">\u2014 \u00cempreun\u0103. Adic\u0103 s\u0103 mergem altundeva.<\/p>\n<p style=\"text-align: justify;\">\u2014 Eu \u0219i cu tine? Dar \u021bi-am zis c\u0103\u2026<\/p>\n<p style=\"text-align: justify;\">\u2014 Nu \u00een felul \u0103la. Doar c\u0103 \u00eemi face pl\u0103cere s\u0103 discut cu tine. \u0218i a\u0219 continua. Doar c\u0103 simt nevoia de o plimbare.<\/p>\n<p style=\"text-align: justify;\">Era destul de pl\u0103cut s\u0103 discut cu Red. \u0218i mi-ar fi priit \u0219i mie o plimbare.<\/p>\n<p style=\"text-align: justify;\">\u2014 E destul de t\u00e2rziu. \u00cen cur\u00e2nd nu o s\u0103 mai prind metroul.<\/p>\n<p style=\"text-align: justify;\">\u2014 \u00cemp\u0103r\u021bim un Uber. Fac cinste.<\/p>\n<p style=\"text-align: justify;\">\u2014 M\u00e2ine ar trebui s\u0103 m\u0103 scol devreme, am test la un seminar la ora nou\u0103.<\/p>\n<p style=\"text-align: justify;\">\u2014 Oh, haide! Teste o s\u0103 tot mai ai. Plus c\u0103 peste zece ani testul \u0103sta nu va mai fi nici m\u0103car o amintire. Dar po\u021bi face din orele astea o amintire care s\u0103 dureze.<\/p>\n<p style=\"text-align: justify;\">\u2014 Ce te face s\u0103 crezi c\u0103 e\u0219ti at\u00e2t de memorabil?<\/p>\n<p style=\"text-align: justify;\">\u2014 Deci? Vii?<\/p>\n<p style=\"text-align: justify;\">S\u0103 nu crede\u021bi c\u0103 nu eram con\u0219tient\u0103 de c\u00e2t de dubioas\u0103 \u0219i posibil periculoas\u0103 era situa\u021bia. Nu \u0219tiam absolut nimic despre el \u0219i m\u0103 invita s\u0103 m\u0103 plimb singur\u0103 cu el, noaptea, pe str\u0103zile Bucure\u0219tiului. Sim\u021beam \u00eens\u0103 c\u0103 pot s\u0103 am \u00eencredere \u00een acest individ ce \u00ee\u0219i spunea Red.<\/p>\n<p style=\"text-align: justify;\">Am sorbit ultima gur\u0103 de Cola, m-am ridicat de pe scaun, \u0219i am r\u0103spuns z\u00e2mbind:<\/p>\n<p style=\"text-align: justify;\">\u2014 Hai la plimbare.<\/p>\n<p style=\"text-align: justify;\">Bucure\u0219tiul este un ora\u0219 mult prea aglomerat pe timpul zilei, \u00een care ambuteiajele \u0219i oceanele de oameni din zonele centrale sunt la ordinea zilei. A\u0219a c\u0103 o plimbare nocturn\u0103 este ca o gur\u0103 binevenit\u0103 de aer. Puteai s\u0103 mergi lini\u0219tit pe strad\u0103, f\u0103r\u0103 s\u0103 ai grij\u0103 s\u0103 nu intri \u00een cineva \u0219i f\u0103r\u0103 s\u0103 auzi zeci de claxoane r\u0103sun\u00e2nd \u00een cor.<\/p>\n<p style=\"text-align: justify;\">Red \u0219i cu mine p\u0103\u0219eam agale pe o strad\u0103 aproape goal\u0103. Dac\u0103 voia, putea s\u0103 m\u0103 bat\u0103 m\u0103r \u0219i s\u0103 m\u0103 jefuiasc\u0103. Indiferent c\u00e2t a\u0219 fi \u021bipat, nu m-ar fi auzit nimeni. M\u0103 temeam s\u0103 nu fiu prea naiv\u0103 acord\u00e2nd at\u00e2ta \u00eencredere unui necunoscut, dar am ales s\u0103 \u00eemi urmez instinctul.<\/p>\n<p style=\"text-align: justify;\">\u2014 Faci des asta? l-am \u00eentrebat.<\/p>\n<p style=\"text-align: justify;\">\u2014 Asta adic\u0103 ce?<\/p>\n<p style=\"text-align: justify;\">\u2014 Alegi necunoscu\u021bi la \u00eent\u00e2mplare din locuri aglomerate \u0219i \u00eei sco\u021bi la plimb\u0103ri nocturne pe str\u0103du\u021be pustii?<\/p>\n<p style=\"text-align: justify;\">\u2014 Dar nu te-am ales la \u00eent\u00e2mplare.<\/p>\n<p style=\"text-align: justify;\">\u2014 Atunci cum ai f\u0103cut-o?<\/p>\n<p style=\"text-align: justify;\">\u2014 Nu \u0219tiu. Te-am v\u0103zut. \u0218i at\u00e2t. Nu am stat prea mult pe g\u00e2nduri, pur \u0219i simplu am venit la tine \u0219i m-am b\u0103gat \u00een vorb\u0103. Unele lucruri pur \u0219i simplu le \u0219tii.<\/p>\n<p style=\"text-align: justify;\">\u2014 Crezi \u00een chestia asta? Teoria asta cum c\u0103 unele informa\u021bii ar fi deja existente undeva \u0219i to\u021bi oamenii au acces la ele, doar c\u0103 trebuiesc deblocate. Crezi c\u0103-i adev\u0103rat?<\/p>\n<p style=\"text-align: justify;\">\u2014 Memoria colectiv\u0103 a speciei? Cumva da. Probabil func\u021bioneaz\u0103 la fel ca instinctul. Am citit odat\u0103 ceva despre asta, dar recunosc c\u0103 n-am \u00een\u021beles pe deplin. Nu m\u0103 obosesc prea mult g\u00e2ndindu-m\u0103 la ce m\u0103 determin\u0103 s\u0103 fac ceea ce fac. Prefer s\u0103 fac.<\/p>\n<p style=\"text-align: justify;\">\u2014 \u0218i ziceai c\u0103 e\u0219ti student? l-am \u00eentrebat.<\/p>\n<p style=\"text-align: justify;\">\u2014 Poate c\u0103 sunt.<\/p>\n<p style=\"text-align: justify;\">\u2014 P\u0103i e\u0219ti sau nu e\u0219ti? \u0218i dac\u0103 e\u0219ti, unde?<\/p>\n<p style=\"text-align: justify;\">\u2014 Of, Lena. Conversa\u021bia asta a \u00eenceput foarte bine, hai s\u0103 nu o facem s\u0103 alunece \u00een abisul banalit\u0103\u021bii, c\u0103 e greu s\u0103 mai ie\u0219i de-acolo dup\u0103. Poate c\u0103 sunt student. Poate c\u0103 tu e\u0219ti student\u0103. Sau poate c\u0103 nu. Oricum ar fi, n-am avea de unde \u0219ti dac\u0103 cel\u0103lalt spune adev\u0103rul. N-ai vrea mai bine s\u0103 ne cunoa\u0219tem cu adev\u0103rat? Vreau s\u0103 \u0219tiu cine e\u0219ti \u0219i faptul c\u0103 e\u0219ti sau nu student\u0103 nu m\u0103 \u00eenc\u0103lze\u0219te cu mai nimic.<\/p>\n<p style=\"text-align: justify;\">\u00cencepuse s\u0103 m\u0103 calce pu\u021bin pe nervi. Spunea lucruri bune, dar le spunea cumva ca \u0219i cum el \u0219tia mai bine. Poate c\u0103 avea dreptate, \u00eens\u0103 nu aveam de g\u00e2nd s\u0103 \u00eei dau satisfac\u021bia asta.<\/p>\n<p style=\"text-align: justify;\">\u2014 Bine c\u0103 evi\u021bi tu abisul banalit\u0103\u021bii a\u0219a de bine, i-am r\u0103spuns. Nici eu nu \u0219tiu mai nimic despre tine, dec\u00e2t c\u0103 ne place acela\u0219i trup\u0103 \u0219i c\u0103 te bagi \u00een seam\u0103 cu str\u0103inii. Nici m\u0103car nu ai fost \u00een stare s\u0103 \u00eemi spui de ce te-ai b\u0103gat \u00een seam\u0103 cu mine.<\/p>\n<p style=\"text-align: justify;\">\u2014 Touch\u00e9!<\/p>\n<p style=\"text-align: justify;\">Red a scos din buzunar dou\u0103 acadele \u0219i mi-a \u00eentins una.<\/p>\n<p style=\"text-align: justify;\">\u2014 Vrei?<\/p>\n<p style=\"text-align: justify;\">Am luat-o f\u0103r\u0103 s\u0103 r\u0103spund.<\/p>\n<p style=\"text-align: justify;\">Avea gust de c\u0103p\u0219uni. Nu pot spune c\u0103 era preferata mea, dar \u00eemi pl\u0103cea.<\/p>\n<p style=\"text-align: justify;\">Red avea un stil aparte de consuma o acadea, ca \u0219i cum ar fi un fel de manifest ciudat.<\/p>\n<p style=\"text-align: justify;\">Mi-am adus aminte deodat\u0103 de maic\u0103-mea. Probabil a\u0219tepta s\u0103 ajung acas\u0103 cu ultimul metrou, care plecase de mult. Mi-am scos telefonul ca s\u0103 \u00eei spun c\u0103. Nu \u0219tiam ce s\u0103 \u00eei spun. Aveam nevoie de o minciun\u0103. Din fericire, \u0219tia c\u0103 am venit la concert cu dou\u0103 prietene, a\u0219a c\u0103 puteam s\u0103 \u00eei spun c\u0103 mai st\u0103m prin ora\u0219 \u0219i c\u0103 iau un Uber p\u00e2n\u0103 acas\u0103. Nu era o minciun\u0103 chiar a\u0219a de mare. O bun\u0103 parte din ea era adev\u0103rat\u0103.<\/p>\n<p style=\"text-align: justify;\">\u2014 S\u0103 \u00een\u021beleg c\u0103 e\u0219ti din Bucure\u0219ti? m-a \u00eentrebat Red.<\/p>\n<p style=\"text-align: justify;\">\u2014 Nu e cam nepoliticos s\u0103 te ui\u021bi \u00een mesajele cuiva? \u0218i chiar dac\u0103 sunt de aici, nu este \u0219i acesta un detaliu irelevant din abisul banalit\u0103\u021bii? Sunt oare definit\u0103 de originile mele bucure\u0219tene?<\/p>\n<p style=\"text-align: justify;\">\u2014 Poate. Sau poate c\u0103 nu. Unii oameni sunt defini\u021bi de originile lor, al\u021bii nu.<\/p>\n<p style=\"text-align: justify;\">\u2014 Tu de unde e\u0219ti?<\/p>\n<p style=\"text-align: justify;\">\u2014 Uite acesta este \u00eentr-adev\u0103r un detaliu irelevant.<\/p>\n<p style=\"text-align: justify;\">\u2014 Ei, hai c\u0103 deja m\u0103n\u00e2nci rahat.<\/p>\n<p style=\"text-align: justify;\">\u2014 \u00cen lips\u0103 de alt\u0103 surs\u0103 de nutri\u021bie, e \u0219i rahatul o op\u021biune.<\/p>\n<p style=\"text-align: justify;\">Am r\u00e2s. N-a\u0219 fi vrut s\u0103 r\u00e2d, dar am r\u00e2s. Nici m\u0103car nu era o glum\u0103 a\u0219a de bun\u0103, dar am r\u00e2s. \u0218i a r\u00e2s \u0219i el. Mergeam am\u00e2ndoi, \u00een toiul nop\u021bii, pe mijlocul unei str\u0103zi, p\u0103\u0219ind prin conurile obscure de lumin\u0103 ale felinarelor, flutur\u00e2nd prin aer acadele \u0219i r\u00e2z\u00e2nd aproape isteric din cauza unei glume despre m\u00e2ncat rahat.<\/p>\n<p style=\"text-align: justify;\">Apoi m-am oprit brusc din r\u00e2s, amintindu-mi de Lara.<\/p>\n<p style=\"text-align: justify;\">\u2014 Ce-ai p\u0103\u021bit? m-a \u00eentrebat Red aproape \u00eengrijorat.<\/p>\n<p style=\"text-align: justify;\">\u2014 Nimic. Mi-am adus doar aminte de ceva.<\/p>\n<p style=\"text-align: justify;\">\u2014 S\u0103 \u00eentreb ce este acel ceva?<\/p>\n<p style=\"text-align: justify;\">\u2014 \u00centreab\u0103 dac\u0103 vrei.<\/p>\n<p style=\"text-align: justify;\">\u2014 Ce \u021bi-ai amintit.<\/p>\n<p style=\"text-align: justify;\">\u2014 Ultima oar\u0103 c\u00e2nd am r\u00e2s a\u0219a, noaptea, pe mijlocul unei str\u0103zi, a fost al\u0103turi de Lara\u2026<\/p>\n<p style=\"text-align: justify;\">\u2014 Lara?<\/p>\n<p style=\"text-align: justify;\">\u2014 Da. O coleg\u0103 din liceu. Se poate spune c\u0103 a fost ceva mai mult dec\u00e2t o coleg\u0103.<\/p>\n<p style=\"text-align: justify;\">\u2014 A fost \u0219i ceva mai mult dec\u00e2t o prieten\u0103?<\/p>\n<p style=\"text-align: justify;\">\u2014 Ai putea s\u0103 spui \u0219i asta, am spus ab\u021bin\u00e2ndu-mi cu greu o lacrim\u0103.<\/p>\n<p style=\"text-align: justify;\">\u2014 Dac\u0103 nu vrei s\u0103 vorbim despre asta, nu vom vorbi despre asta.<\/p>\n<p style=\"text-align: justify;\">\u2014 Mul\u021bumesc.<\/p>\n<p style=\"text-align: justify;\">\u2014 Hai s\u0103 te duc \u00eentr-un loc special.<\/p>\n<p style=\"text-align: justify;\">\u2014 Un loc special?<\/p>\n<p style=\"text-align: justify;\">\u2014 Da. O s\u0103 \u00ee\u021bi plac\u0103, promit.<\/p>\n<p style=\"text-align: justify;\">\u2014 Sigur. At\u00e2ta timp c\u00e2t nu-\u021bi vine vreo idee necuviincioas\u0103.<\/p>\n<p style=\"text-align: justify;\">\u2014 Stai naibii lini\u0219tit\u0103. Dac\u0103 era s\u0103 \u00eemi vin\u0103 vreo idee, \u00eemi venea de mult.<\/p>\n<p style=\"text-align: justify;\">M-a condus de-a lungul a c\u00e2teva str\u0103zi pustii, p\u00e2n\u0103 c\u00e2nd ne-am oprit \u00een fa\u021ba unui bloc de vreo patru etaje. Nu era nicio lumin\u0103 la ferestrele acestuia, cu excep\u021bia becurilor albe cu neon ce p\u00e2lp\u00e2iau deranjant pe casa sc\u0103rii. Am p\u0103\u0219it instinctiv c\u0103tre u\u0219a de la intrare, dar Red mi-a f\u0103cut semn s\u0103 m\u0103 opresc.<\/p>\n<p style=\"text-align: justify;\">\u2014 Nu pe-aici.<\/p>\n<p style=\"text-align: justify;\">\u2014 Atunci pe unde?<\/p>\n<p style=\"text-align: justify;\">Am dat ocol cl\u0103dirii, p\u00e2n\u0103 c\u00e2nd am g\u0103sit o u\u0219\u0103 de metal, ascuns\u0103 \u00eentre tomberoanele din spate. Red a b\u0103tut de trei ori \u00een u\u0219\u0103, iar aceasta a scos un sunet ca \u0219i cum s-ar fi descuiat.<\/p>\n<p style=\"text-align: justify;\">Red a deschis u\u0219a.<\/p>\n<p style=\"text-align: justify;\">\u2014 Dup\u0103 tine, mi-a spus.<\/p>\n<p style=\"text-align: justify;\">Nu am mai spus nimic \u0219i am intrat. O scar\u0103 de fier \u00een spiral\u0103 ne-a cobor\u00e2t printre \u021bevi \u0219i diverse sloganuri sau fe\u021be monstruoase desenate pe pere\u021bi, p\u00e2n\u0103 pe un coridor. Era un coridor micu\u021b, ocupat par\u021bial de o mas\u0103 de cusut \u0219i c\u00e2teva cutii de carton depozitate pe aceasta, iar \u00een cap\u0103tul acestuia se afla o draperie de catifea ro\u0219ie.<\/p>\n<p style=\"text-align: justify;\">\u2014 Hai, mi-a \u0219optit Red. Cu curaj.<\/p>\n<p style=\"text-align: justify;\">Am trecut dincolo de draperie, p\u0103trunz\u00e2nd \u00een ceea ce p\u0103rea a fi un bar secret. Era o \u00eenc\u0103pere spa\u021bioas\u0103, cu pere\u021bii vopsi\u021bi \u00eentr-un ro\u0219u strident, asortat cu fe\u021bele de mas\u0103. \u00cen col\u021buri mai puteai z\u0103ri c\u00e2te un orologiu sau un alt obiect de mobilier de mod\u0103 veche, iar candelabrele \u00ee\u0219i f\u0103ceau loc pe tavan printre \u021bevile de ap\u0103 sau gaz. Aerul era saturat de fum \u0219i muzic\u0103, dar \u0219i de vorbele \u0219i r\u00e2setele oamenilor ce fie st\u0103teau la mese, fie dansau printre ele.<\/p>\n<p style=\"text-align: justify;\">Fumul des de \u021bigar\u0103 era destul de nepl\u0103cut pentru o nefum\u0103toare ca mine.<\/p>\n<p style=\"text-align: justify;\">Un osp\u0103tar, purt\u00e2nd o c\u0103ma\u0219\u0103 larg\u0103, str\u00e2ns\u0103 sub un \u0219or\u021b de piele \u0219i pu\u021bin mai mult creion de ochi dec\u00e2t te-ai fi a\u0219teptat de la un b\u0103rbat, l-a salutat pe Red.<\/p>\n<p style=\"text-align: justify;\">\u2014 Mai e loc la masa noastr\u0103? a \u00eentrebat \u00eenso\u021bitorul meu.<\/p>\n<p style=\"text-align: justify;\">\u2014 Este, i-a confirmat osp\u0103tarul.<\/p>\n<p style=\"text-align: justify;\">Ne-am f\u0103cut loc printre oameni, p\u00e2n\u0103 la o mas\u0103 dintr-un col\u021b, unde un grup deja st\u0103tea pe unele dintre scaune, discut\u00e2nd \u0219i r\u00e2z\u00e2nd de zor.<\/p>\n<p style=\"text-align: justify;\">O fat\u0103 cu p\u0103rul mov \u0219i scurt r\u0103dea, privind cum o alt\u0103 fat\u0103, cu p\u0103rul negru \u0219i foarte lung, \u00eei povestea unui tip blond cu cioc \u0219i musta\u021b\u0103 r\u0103sucit\u0103 ceva despre un poli\u021bist. Nu prinsesem \u00eenceputul pove\u0219tii.<\/p>\n<p style=\"text-align: justify;\">\u2014 Oh, Red ne-a adus un oaspete! a spus fata cu p\u0103r negru observ\u00e2ndu-m\u0103 \u0219i oprindu-se din povestit. Ce pl\u0103cere!<\/p>\n<p style=\"text-align: justify;\">\u2014 U\u0219or, Carina! i-a spus fata cu p\u0103r mov. Nu o speria cu excesul t\u0103u de entuziasm, de-abia a ajuns.<\/p>\n<p style=\"text-align: justify;\">\u2014 Cu cine avem onoarea? a \u00eentrebat must\u0103ciosul cel blond.<\/p>\n<p style=\"text-align: justify;\">\u2014 Elena, am r\u0103spuns eu a\u0219ez\u00e2ndu-m\u0103. M\u0103 pute\u021bi striga Lena.<\/p>\n<p style=\"text-align: justify;\">\u2014 O pl\u0103cere, Lena. Eu sunt Hora\u021biu. Iar don\u2019\u0219oarele astea dou\u0103 sunt Carina \u0219i Vega.<\/p>\n<p style=\"text-align: justify;\">\u2014 Vega? am repetat. Ce nume interesant<\/p>\n<p style=\"text-align: justify;\">\u2014 Da, a r\u0103spuns Carina. P\u0103rin\u021bii no\u0219tri ne-au conceput \u00eentr-o expedi\u021bie de astronomie. De-aia pe mine m-au numit dup\u0103 nebuloasa Carina \u0219i pe ea dup\u0103 steaua Vega.<\/p>\n<p style=\"text-align: justify;\">\u2014 Partea amuzant\u0103 e c\u0103 eu nu sunt vegan\u0103, dar Carina este.<\/p>\n<p style=\"text-align: justify;\">\u2014 Sunte\u021bi surori deci.<\/p>\n<p style=\"text-align: justify;\">\u2014 Gemene, a confirmat Vega. Nu se vede?<\/p>\n<p style=\"text-align: justify;\">Nu sem\u0103nau absolut deloc. Nici c\u00e2tu\u0219i de pu\u021bin. Chiar dac\u0103 p\u0103rul uneia dintre ele era evident tuns \u0219i vopsit, nici m\u0103car construc\u021bia fe\u021bei nu era aceea\u0219i. Vega avea ochii c\u0103prui, iar Carina avea ochii verzi. Dac\u0103 de obicei gemenii sunt ca dou\u0103 pic\u0103turi de ap\u0103, ele erau ca doi fulgi de z\u0103pad\u0103, complet diferite.<\/p>\n<p style=\"text-align: justify;\">\u2014 Ba da, am spus eu z\u00e2mbind politicos.<\/p>\n<p style=\"text-align: justify;\">M\u0103 sim\u021beam u\u0219or inconfortabil, cu at\u00e2t mai mult cu c\u00e2t dup\u0103 ultima mea replic\u0103, masa s-a cufundat \u00eentr-o t\u0103cere jenant\u0103, umplut\u0103 de muzica ce c\u00e2nta melancolic \u00een difuzoare.<\/p>\n<p style=\"text-align: justify;\">Momentul de lini\u0219te a fost nimicit \u00eentr-un final de Red.<\/p>\n<p style=\"text-align: justify;\">\u2014 Carina, ce \u00eei povesteai lui Hora\u021biu c\u00e2nd am ajuns noi?<\/p>\n<p style=\"text-align: justify;\">\u2014 Eh, nimic important. Doar o mic\u0103 dezbatere despre arta modern\u0103.<\/p>\n<p style=\"text-align: justify;\">\u2014 Sau mai bine spus c\u00e2t de artistice pot fi considerate unele dintre produsele sale.<\/p>\n<p style=\"text-align: justify;\">\u2014 Hora\u021biu drag\u0103, i-a r\u0103spuns Vega, cred c\u0103 am stabilit deja c\u0103 nu po\u021bi nega contribu\u021bia lui Warhol \u0219i a lucr\u0103rilor sale aparent triviale asupra imaginii pe care lumea o are \u00een ochii no\u0219tri actuali. Omul a definit dimensiunea artistic\u0103 a capitalismului.<\/p>\n<p style=\"text-align: justify;\">\u2014 \u0218i de Marcel Duchamp ce mai spui? a continuat Hora\u021biu. Cu pisoarul lui pe care nici m\u0103car nu l-a f\u0103cut el. Aia mai este art\u0103?<\/p>\n<p style=\"text-align: justify;\">\u2014 A fost un manifest! a rostit Vega \u00eencep\u00e2nd s\u0103 se aprind\u0103. Era dadaist, la ce te a\u0219tep\u021bi? \u0218i-n plus, <em>F\u00e2nt\u00e2na <\/em>a c\u0103p\u0103tat valoare prin simplul fapt c\u0103 a fost at\u00e2t de ie\u0219it\u0103 din comun \u00eenc\u00e2t a f\u0103cut masele s\u0103 vorbeasc\u0103 despre ea, devenind popular\u0103 \u00een afara cercurilor de critici pompo\u0219i \u0219i hipersensibili.<\/p>\n<p style=\"text-align: justify;\">\u2014 P\u00e2n\u0103 la urm\u0103, am spus eu ca s\u0103 m\u0103 integrez \u00een discu\u021bie, fiecare ofer\u0103 obiectelor de art\u0103 at\u00e2ta valoare c\u00e2t\u0103 simt\u0103 c\u0103 poate s\u0103 ofere. Inten\u021bia creatorului nu prea are cine \u0219tie ce efect asupra reac\u021biei publicului.<\/p>\n<p style=\"text-align: justify;\">\u2014 \u0218i nu este oare toat\u0103 discu\u021bia aceasta inutil\u0103? a intervenit Red. Este mult prea ra\u021bional\u0103. Niciodat\u0103 nu s-a n\u0103scut ceva artistic sau frumos dintr-un fundament ra\u021bional.<\/p>\n<p style=\"text-align: justify;\">\u2014 Ai dreptate, i-a confirmat Carina. Este o discu\u021bie inutil\u0103 \u0219i m-am plictisit de ea. Am auzit-o deja de trei ori. Acum vreau s\u0103 aflu cine e\u0219ti <em>tu<\/em>, Lena. Unde te-ai g\u0103sit cu Red.<\/p>\n<p style=\"text-align: justify;\">\u2014 Ne-am \u00eent\u00e2lnit la concert. Eram singurii oameni care veniser\u0103 ne\u00eenso\u021bi\u021bi.<\/p>\n<p style=\"text-align: justify;\">\u2014 P\u0103i dac\u0103 n-a vrut s\u0103 m\u0103 ia cu el, i-a a spus Hora\u021biu u\u0219or bosumflat.<\/p>\n<p style=\"text-align: justify;\">Hora\u021biu ar fi vrut s\u0103 mearg\u0103 \u0219i el?<\/p>\n<p style=\"text-align: justify;\">\u2014 Parc\u0103 spuneai c\u0103 nici tu nu ai prieteni care s\u0103 vrea s\u0103 mearg\u0103 cu tine la concert.<\/p>\n<p style=\"text-align: justify;\">\u2014 Eh, \u0219i tu acuma. Poate am, dar am vrut s\u0103 merg singur. E mai pl\u0103cut.<\/p>\n<p style=\"text-align: justify;\">\u2014 Lui Red \u00eei place s\u0103 se piard\u0103 \u00een muzic\u0103, mi-a explicat Carina. \u00cei place s\u0103 se duc\u0103 c\u00e2t mai aproape de scen\u0103, s\u0103 \u00eenchid\u0103 ochii \u0219i s\u0103 se scufunde \u00een ritm \u0219i \u00een versuri. \u0218i nu \u00eei place s\u0103 fie privit de cunoscu\u021bi c\u00e2nd e \u00een starea respectiv\u0103. Pentru el este ceva intim.<\/p>\n<p style=\"text-align: justify;\">Red d\u0103dea din cap aprobator.<\/p>\n<p style=\"text-align: justify;\">\u2014 Presupun c\u0103 l-ai v\u0103zut \u0219i tu la concert, nu?<\/p>\n<p style=\"text-align: justify;\">\u2014 De fapt, nu ne-am \u00eent\u00e2lnit p\u00e2n\u0103 dup\u0103 terminarea concertului.<\/p>\n<p style=\"text-align: justify;\">\u2014 Ah, p\u0103i atunci stai c\u0103 \u021bi-l ar\u0103t eu! a spus Hora\u021biu. L-am imortalizat odat\u0103, c\u00e2nd nu se uita.<\/p>\n<p style=\"text-align: justify;\">\u2014 Ceea ce, \u00een continuare, mi se pare o violare a intimit\u0103\u021bii, a ad\u0103ugat Red.<\/p>\n<p style=\"text-align: justify;\">Hora\u021biu \u0219i-a scos telefonul \u0219i a \u00eenceput s\u0103 caute o fotografie prin galerie. Dup\u0103 c\u00e2teva momente, mi l-a oferit. Era o fotografie cu Hora\u021biu st\u00e2nd l\u00e2ng\u0103 un perete pe care era lipit\u0103 o imagine alb-negru a lui Red, av\u00e2nd o pereche de c\u0103\u0219ti pe urechi, cu ochii \u00eenchi\u0219i, genunchii \u00eendoi\u021bi \u0219i palmele lipite de t\u00e2mple. Iar peste imaginea alb negru erau trasate linii de vopsea violet \u0219i ro\u0219ie, ce defineau conturul \u0219i radiau din el, oferindu-i o aur\u0103 aproape psihedelic\u0103. Ar\u0103ta superb.<\/p>\n<p style=\"text-align: justify;\">\u2014 Tu ai f\u0103cut asta? l-am \u00eentrebat.<\/p>\n<p style=\"text-align: justify;\">\u2014 Eu am f\u0103cut fotografia. Sunt fotograf, nu pictor.<\/p>\n<p style=\"text-align: justify;\">\u2014 \u0218i liniile astea?<\/p>\n<p style=\"text-align: justify;\">\u2014 Alea le-am f\u0103cut eu, a spus Vega. Am adaptat o tehnic\u0103 folosit\u0103 de Andy Warhol pentru Michael Jackson. Am exagerat pu\u021bin totu\u0219i, dar zic c\u0103 a ie\u0219it c\u00e2t de c\u00e2t bine.<\/p>\n<p style=\"text-align: justify;\">\u2014 Arat\u0103 mai mult dec\u00e2t bine, am recunoscut eu holb\u00e2ndu-m\u0103 la imagine. Sincer v\u0103 spun, nu \u0219tiam c\u0103 se poate face a\u0219a ceva cu ni\u0219te simple linii.<\/p>\n<p style=\"text-align: justify;\">\u2014 Are dreptate, a spus Red. Singurul motiv pentru care v-am l\u0103sat s\u0103 o include\u021bi \u00een expozi\u021bie este c\u0103 a ie\u0219it nemaipomenit de bine.<\/p>\n<p style=\"text-align: justify;\">\u2014 S\u0103 fiu al naibii, dac\u0103 ne complimenteaz\u0103 p\u00e2n\u0103 \u0219i Red chiar \u00eenseamn\u0103 c\u0103 ne-a ie\u0219it, s-a bucurat Hora\u021biu r\u0103sucindu-\u0219i musta\u021ba.<\/p>\n<p style=\"text-align: justify;\">\u2014 Hai s\u0103 schimb\u0103m subiectul p\u00e2n\u0103 nu ro\u0219esc, a spus Vega. Lena, tot nu ne-ai spus cum de \u0219i tu erai singur\u0103 la concert.<\/p>\n<p style=\"text-align: justify;\">\u2014 Eu chiar nu prea am prieteni cu care s\u0103 pot merge la concerte de genul \u0103sta. Sau, cel pu\u021bin, nu <em>mai<\/em> am.<\/p>\n<p style=\"text-align: justify;\">Z\u00e2mbetul mi-a pierit brusc, tr\u0103g\u00e2ndu-le dup\u0103 el \u0219i pe ale celorlal\u021bi de la mas\u0103.<\/p>\n<p style=\"text-align: justify;\">\u2014 Nu<em> mai<\/em> ai? Cum a\u0219a? Ce s-a \u00eent\u00e2mplat?<\/p>\n<p style=\"text-align: justify;\">\u2014 Era cineva. O fat\u0103, pe nume Clara. M\u0103 rog, lumea \u00eei spunea Lara.<\/p>\n<p style=\"text-align: justify;\">\u2014 Colega ta din liceu, \u0219i-a amintit Red. Cea pe care ai pomenit-o pe drum, cea ce \u021bi-a fost ceva mai mult dec\u00e2t o prieten\u0103?<\/p>\n<p style=\"text-align: justify;\">\u2014 Da, am r\u0103spuns.<\/p>\n<p style=\"text-align: justify;\">Nu \u0219tiu ce se \u00eent\u00e2mplase cu mine. M\u0103 sim\u021beam foarte sincer\u0103. Sim\u021beam c\u0103 pot s\u0103 vorbesc despre subiectul acela, ceea ce se \u00eent\u00e2mpla extrem de rar.<\/p>\n<p style=\"text-align: justify;\">\u2014 Lara a fost mult mai mult dec\u00e2t o prieten\u0103. Am fost mult mai mult dec\u00e2t prietene. Ea obi\u0219nuia s\u0103 spun c\u0103 eram suflete pereche. Nu \u0219tiu dac\u0103 eram \u00eentr-adev\u0103r at\u00e2t de menite s\u0103 fim una cu cealalt\u0103, dar \u0219tiu c\u0103 o iubeam \u0219i c\u0103 m\u0103 iubea. Dac\u0103 e s\u0103 fiu sincer\u0103 cu mine, cred c\u0103 \u00eenc\u0103 o iubesc, chiar dac\u0103 ea nu mai e aici.<\/p>\n<p style=\"text-align: justify;\">\u2014 Ce a p\u0103\u021bit? m-a \u00eentrebat Hora\u021biu, at\u00e2t \u00eengrijorat, c\u00e2t \u0219i curios.<\/p>\n<p style=\"text-align: justify;\">Am tras aer \u00een piept, am tu\u0219it de c\u00e2teva ori din cauza fumului \u0219i am \u00eenceput s\u0103 povestesc.<\/p>\n<p style=\"text-align: justify;\">\u2014 De-abia terminasem cu bacul \u0219i ne bucuram de pu\u021bin\u0103 relaxare \u00eenainte de admiterile la facultate. A\u0219a c\u0103 m-am dus s\u0103 stau la ea peste noapte ca s\u0103 s\u0103rb\u0103torim. Partea bun\u0103 atunci c\u00e2nd e\u0219ti fat\u0103 \u0219i \u00ee\u021bi plac fetele este c\u0103 dac\u0103 vrei s\u0103 stai peste noapte la prietena ta p\u0103rin\u021bii nu pun prea multe \u00eentreb\u0103ri.<\/p>\n<p style=\"text-align: justify;\">Pe m\u0103sur\u0103 ce povesteam, undeva \u00een spatele ochilor \u00eenl\u0103crima\u021bi mi se derulau cele mai dulci amintiri pe care le aveam al\u0103turi de ea. Primul s\u0103rut, care trebuia s\u0103 fie o glum\u0103. Momentul \u00een care am fost nevoite s\u0103 accept\u0103m c\u0103 nu suntem ca majoritatea fetelor. Ziua \u00een care mi-a spus ce sim\u021bea pentru mine \u0219i ziua \u00een care mi-am f\u0103cut, luni mai t\u00e2rziu, curaj s\u0103 \u00eei spun c\u0103 \u0219i eu o iubeam.<\/p>\n<p style=\"text-align: justify;\">\u2014 \u00cen fine, eram la ea acas\u0103, ai ei erau pleca\u021bi din ora\u0219 \u0219i ne preg\u0103team s\u0103 s\u0103rb\u0103torim. Ea s-a dus prima la du\u0219, iar eu urma s\u0103 m\u0103 duc dup\u0103 ea, imediat ce \u00eemi puneam telefonul la \u00eenc\u0103rcat. \u00cenainte s\u0103 apuc s\u0103 bag \u00eenc\u0103rc\u0103torul \u00een priz\u0103, am auzit un zgomot din baie. Am g\u0103sit-o pe jos, l\u00e2ng\u0103 cabina de du\u0219, tremur\u00e2nd de zor \u0219i cu spume la gur\u0103.<\/p>\n<p style=\"text-align: justify;\">Am \u00eenceput s\u0103 pl\u00e2ng.<\/p>\n<p style=\"text-align: justify;\">\u2014 Am luat-o \u00een bra\u021be. Nu \u0219tiam ce are. Nu \u0219tiam ce s\u0103 \u00eei fac. Am luat-o \u00een bra\u021be. \u0218i ea tremura. Cu ochii c\u00e2t cepele, privindu-m\u0103 dispera\u021bi. Spera s\u0103 o salvez, dar eu nu \u0219tiam cum. Nu \u0219tiam ce dracului s\u0103 fac. O \u021bineam \u00een bra\u021be \u0219i pl\u00e2ngeam. \u0218i ea tremura. P\u00e2n\u0103 c\u00e2nd nu a mai tremurat. A\u2026 A murit. \u0218i eu o \u021bineam \u00een bra\u021be.<\/p>\n<p style=\"text-align: justify;\">\u2014 A\u0219a? Pur \u0219i simplu? a \u00eentrebat Hora\u021biu uimit. Era bolnav\u0103? Sau luase ceva?<\/p>\n<p style=\"text-align: justify;\">\u2014 Nu \u0219tiam s\u0103 fie bolnav\u0103. \u0218i nu cred c\u0103 a luat ceva. Fusesem \u00eempreun\u0103 toat\u0103 ziua \u0219i dac\u0103 era s\u0103 ia ceva am fi luat \u00eempreun\u0103.<\/p>\n<p style=\"text-align: justify;\">Am \u00eencercat s\u0103 m\u0103 lini\u0219tesc. V\u0103rsasem deja destule lacrimi.<\/p>\n<p style=\"text-align: justify;\">\u2014 \u0218i nu a\u021bi aflat la autopsie?<\/p>\n<p style=\"text-align: justify;\">\u2014 Probabil c\u0103 s-a aflat cauza. Nu am de unde \u0219ti. P\u0103rin\u021bii ei nu vor s\u0103 m\u0103 vad\u0103 dup\u0103 ce i-au citit jurnalul \u0219i au aflat de rela\u021bia noastr\u0103. Pentru ei, eu sunt doar o n\u0103past\u0103 care le-a \u00eempins fiica \u00een p\u0103cat.<\/p>\n<p style=\"text-align: justify;\">\u2014 Ce netrebnici, a spus Vega printre din\u021bi.<\/p>\n<p style=\"text-align: justify;\">\u2014 Nu \u00eei judec. Poate c\u0103 g\u00e2ndirea lor este dezgust\u0103toare \u0219i medieval\u0103, dar, p\u00e2n\u0103 la urm\u0103, le-a murit un copil. Nu m\u0103 a\u0219tept s\u0103 fie ra\u021bionali.<\/p>\n<p style=\"text-align: justify;\">\u2014 Trebuie s\u0103 fi fost oribil s\u0103 o prive\u0219ti \u00een momentele acelea, a spus Carina.<\/p>\n<p style=\"text-align: justify;\">\u2014 A fost chiar a fost.<\/p>\n<p style=\"text-align: justify;\">Adev\u0103rul este c\u0103 atunci c\u00e2nd m\u0103 g\u00e2ndesc la ultimul moment \u00een care am v\u0103zut-o, nu m\u0103 g\u00e2ndesc la trupul acela ce \u0219i-a dat ultima suflare \u00een bra\u021bele mele. M\u0103 \u00a0g\u00e2ndesc la ea cea ce dinainte s\u0103 plece c\u0103tre du\u0219, \u00eembr\u0103cat\u0103 \u00een halatul s\u0103u sub\u021bire de catifea roz, cu p\u0103rul prins \u00een coc. \u0218i m\u0103 g\u00e2ndesc cum \u0219i-a \u00eentors capul spre mine, m-a fixat cu ochii s\u0103i mari \u0219i verzi, a z\u00e2mbit \u0219trengar \u0219i mi-a \u0219optit \u201eTe a\u0219tept\u201d.<\/p>\n<p style=\"text-align: justify;\">\u2014 O s\u0103 treac\u0103, am spus eu potolindu-mi suspinele. Timpul schimb\u0103 totul p\u00e2n\u0103 la urm\u0103.<\/p>\n<p style=\"text-align: justify;\">\u2014 \u0218tii care-i faza? a spus Carina z\u00e2mbind. Toat\u0103 lumea spune c\u0103 timpul le schimb\u0103 pe toate, c\u00e2nd de fapt trebuie s\u0103 le schimbi tu. A\u0219a c\u0103 hai sus, Lena.<\/p>\n<p style=\"text-align: justify;\">\u2014 Sus? De ce?<\/p>\n<p style=\"text-align: justify;\">\u2014 S\u0103 dans\u0103m! a spus fata cu p\u0103r negru ridic\u00e2ndu-se de pe scaun.<\/p>\n<p style=\"text-align: justify;\">Mi-am \u0219ters lacrimile, m-am ridicat \u0219i eu \u0219i am urmat-o \u00een spa\u021biul dintre mese destinat dansului.<\/p>\n<p style=\"text-align: justify;\">Trupul Carinei se mi\u0219ca aproape s\u0103lbatic \u0219i totu\u0219i elegant, vibr\u00e2nd parc\u0103 odat\u0103 cu muzica. \u00ce\u0219i trecea m\u00e2inile prin p\u0103r \u0219i \u00ee\u0219i unduia silueta, mi\u0219c\u00e2nd fiecare mu\u0219chi la timpul potrivit.<\/p>\n<p style=\"text-align: justify;\">\u2014 Te pricepi, am remarcat eu politicoas\u0103.<\/p>\n<p style=\"text-align: justify;\">\u2014 Ar fi \u0219i cazul, sunt balerin\u0103. Dar s\u0103 l\u0103s\u0103m vorb\u0103raia. Acum dans\u0103m.<\/p>\n<p style=\"text-align: justify;\">\u00cen difuzoare r\u0103sunau ritmul \u0219i versurile celor de la Robin and the Backstabbers.<\/p>\n<p style=\"text-align: justify;\"><em>Genera\u021bia mea e o cas\u0103 \u00een fl\u0103c\u0103ri<br \/>\nDac\u0103 ba\u021bi la u\u0219\u0103, se d\u0103r\u00e2m\u0103 tot\u2026<\/em><\/p>\n<p style=\"text-align: justify;\">Mi-a pus m\u00e2inile pe \u0219olduri \u0219i \u0219i-a a\u0219ezat capul pe um\u0103rul meu. Am str\u00e2ns-o aproape \u0219i mi-am pus m\u00e2inile pe umerii ei.<\/p>\n<p style=\"text-align: justify;\"><em>Dac\u0103 min\u021bi destul, \u021bi se iart\u0103 tot.<br \/>\nMi-am pus costumul de scafandru,<br \/>\nm-am aruncat \u00een patul t\u0103u\u2026 <\/em><\/p>\n<p style=\"text-align: justify;\">Trupurile noastre dansau ca unul. Carina st\u0103tea at\u00e2t de lipit\u0103 de mine c\u0103 \u00eei puteam sim\u021bi b\u0103t\u0103ile inimii. Calme. Ferme. Lente. Calde.<\/p>\n<p style=\"text-align: justify;\"><em>Panic\u0103 \u0219i voie bun\u0103<br \/>\n\u00cen oglind\u0103 lume bun\u0103\u2026<\/em><\/p>\n<p style=\"text-align: justify;\">Carina \u0219i-a v\u00e2r\u00e2t delicat m\u00e2inile \u00een p\u0103rul meu. Fe\u021bele noastre erau at\u00e2t de apropiate \u00eenc\u00e2t \u00eei puteam sim\u021bi respira\u021bia cald\u0103 \u0219i proasp\u0103t\u0103. Ochii s\u0103i p\u0103reau a privi ad\u00e2nc \u00een sufletul meu.<\/p>\n<p style=\"text-align: justify;\"><em>O genera\u021bie, o minciun\u0103<br \/>\nNe st\u0103 bine \u00eempreun\u0103.<\/em><\/p>\n<p style=\"text-align: justify;\">\u00cen clipa \u00een care buzele sale s-au lipit de ale mele, am fost cuprins\u0103 de un fior cald \u0219i confortabil, ba chiar familiar. Cuprins\u0103 de dorin\u021b\u0103, am str\u00e2ns-o puternic \u00een bra\u021be, l\u0103s\u00e2nd-o s\u0103 m\u0103 ating\u0103 a\u0219a cum numai ea o mai f\u0103cuse. Pentru c\u0103 \u00een acele clipe, Carina disp\u0103ruse, odat\u0103 cu \u00eentreaga \u00eenc\u0103pere \u0219i to\u021bi oamenii din ea. Eram doar eu \u0219i Lara.<\/p>\n<p style=\"text-align: justify;\">Am privit cu drag chipul Larei.<\/p>\n<p style=\"text-align: justify;\">\u2014 Mi-a fost tare dor de tine, i-am \u0219optit.<\/p>\n<p style=\"text-align: justify;\">\u2014 \u0218i mie, mi-a r\u0103spuns cu glasul s\u0103u limpede ce \u00eemi umplea urechile de mai mult\u0103 bucurie dec\u00e2t ar putea-o face orice muzic\u0103 vreodat\u0103. Te-am a\u0219teptat.<\/p>\n<p style=\"text-align: justify;\">\u2014 Te-am l\u0103sat s\u0103 a\u0219tep\u021bi ceva, \u00eemi pare r\u0103u.<\/p>\n<p style=\"text-align: justify;\">\u2014 Nu-i nimic.<\/p>\n<p style=\"text-align: justify;\">\u2014 Ai ratat concertul.<\/p>\n<p style=\"text-align: justify;\">\u2014 Cum a fost?<\/p>\n<p style=\"text-align: justify;\">\u2014 A fost frumos. Dar nu ai fost acolo. Am g\u0103sit un st\u00e2lp foarte mi\u0219to acolo, sigur \u021bi-ar fi pl\u0103cut. Avea scris pe el \u201elive free or die or whatever or start a revolution\u201d.<\/p>\n<p style=\"text-align: justify;\">\u2014 Pare a fi un st\u00e2lp pe gustul nostru, a spus Lara z\u00e2mbind.<\/p>\n<p style=\"text-align: justify;\">\u2014 Chiar da.<\/p>\n<p style=\"text-align: justify;\">\u2014 Lena?<\/p>\n<p style=\"text-align: justify;\">\u2014 Da, Lara?<\/p>\n<p style=\"text-align: justify;\">\u2014 \u0218tii c\u0103 totul o s\u0103 fie bine, da?<\/p>\n<p style=\"text-align: justify;\">\u2014 Cum adic\u0103? La ce te referi?<\/p>\n<p style=\"text-align: justify;\">\u2014 La tot. La lume. La via\u021ba ta. O s\u0103 fie bine, chiar dac\u0103 eu nu mai sunt fizic acolo. Sunt \u00een continuare al\u0103turi de tine. Sunt chiar aici, a spus ea ating\u00e2ndu-mi fruntea cu degetul. Sunt \u00een amintirile tale. \u0218i, p\u00e2n\u0103 la urm\u0103, amintirile sunt tot ce avem. Tot ce ne r\u0103m\u00e2ne.<\/p>\n<p style=\"text-align: justify;\">\u2014 Lara, am \u0219optit eu cu lacrimi \u00een ochi, str\u00e2ng\u00e2nd-o mai tare \u00een bra\u021be. Nu\u2026 Nu pleca.<\/p>\n<p style=\"text-align: justify;\">\u2014 Nu e nevoie s\u0103 fii trist\u0103. Poate c\u0103 am tr\u0103it pu\u021bin, dar am tr\u0103it din plin. Am tr\u0103it destul c\u00e2t s\u0103 te cunosc, a spus ea z\u00e2mbind. Acum tu va trebui s\u0103 continui s\u0103 tr\u0103ie\u0219ti \u0219i s\u0103 \u00eenve\u021bi s\u0103 la\u0219i trecutul \u00een urm\u0103.<\/p>\n<p style=\"text-align: justify;\">\u2014 C\u00e2t? C\u00e2t s\u0103 tr\u0103iesc f\u0103r\u0103 tine?<\/p>\n<p style=\"text-align: justify;\">\u2014 \u00cenc\u0103 o zi. \u0218i dup\u0103 aceea \u00eenc\u0103 una. \u0218i apoi \u00eenc\u0103 c\u00e2teva mii de zile, p\u00e2n\u0103 c\u00e2nd vine timpul. Eu te voi a\u0219tepta. \u0218i sper s\u0103 ai o gr\u0103mad\u0103 de experien\u021be pe care s\u0103 mi le poveste\u0219ti. A\u0219a c\u0103 nu te gr\u0103bi.<\/p>\n<p style=\"text-align: justify;\">\u2014 Lara!<\/p>\n<p style=\"text-align: justify;\">Mi-a \u00eenchis gura cu \u00eenc\u0103 un s\u0103rut, \u00eens\u0103 de data aceasta s\u0103rutul p\u0103rea str\u0103in.<\/p>\n<p style=\"text-align: justify;\">M-am rupt din bra\u021bele Carinei \u0219i m-am dat un pas \u00een spate. Aceasta m\u0103 privea z\u00e2mbind calm.<\/p>\n<p style=\"text-align: justify;\">\u2014 E\u0219ti bine? m-a \u00eentrebat.<\/p>\n<p style=\"text-align: justify;\">\u2014 Da.Da, sunt bine. Fumul \u00eemi cam deranjeaz\u0103 ochii, cred c\u0103 o s\u0103 ies s\u0103 iau o gur\u0103 de aer.<\/p>\n<p style=\"text-align: justify;\">\u2014 Te \u00eenso\u021besc eu, a spus Red ap\u0103r\u00e2nd din spatele meu.<\/p>\n<p style=\"text-align: justify;\">Am ie\u0219it afar\u0103. Ne-am a\u0219ezat pe o bordur\u0103 de pe marginea str\u0103zii, \u00een lumina slab\u0103 a felinarelor.<\/p>\n<p style=\"text-align: justify;\">\u2014 Te sim\u021bi mai bine acum? m-a \u00eentrebat.<\/p>\n<p style=\"text-align: justify;\">\u2014 Da. Sunt bine. Sunt doar pu\u021bin bulversat\u0103.<\/p>\n<p style=\"text-align: justify;\">\u2014 Din cauza Carinei?<\/p>\n<p style=\"text-align: justify;\">\u2014 Pentru c\u00e2teva clipe am sim\u021bit c\u0103 eram acolo cu Lara. C\u0103 o \u021bineam \u00een bra\u021be \u0219i c\u0103 \u00eei vorbeam. C\u0103 \u00eemi vorbea.<\/p>\n<p style=\"text-align: justify;\">\u2014 \u0218i cum te sim\u021bi acum c\u0103 ai vorbit \u00eenc\u0103 o dat\u0103 cu ea?<\/p>\n<p style=\"text-align: justify;\">\u2014 Preg\u0103tit\u0103. Acum sunt preg\u0103tit\u0103 s\u0103 \u00eemi continui via\u021ba. \u00cenc\u0103 o zi. \u0218i apoi \u00eenc\u0103 una. \u0218i apoi tot a\u0219a. P\u00e2n\u0103 c\u00e2nd am s-o rev\u0103d.<\/p>\n<p style=\"text-align: justify;\">\u2014 M\u0103 bucur s\u0103 aud asta, Lena. S\u0103 \u0219tii c\u0103 mi s-a p\u0103rut fantastic ce ai f\u0103cut \u00een\u0103untru?<\/p>\n<p style=\"text-align: justify;\">\u2014 C\u0103 m-am s\u0103rutat cu amica ta?<\/p>\n<p style=\"text-align: justify;\">\u2014 Nu, nu. De\u0219i \u0219i asta a fost pl\u0103cut de privit. M\u0103 refer la cum te-ai deschis, la c\u00e2t de sincer\u0103 ai fost cu ni\u0219te oameni pe care nici m\u0103car nu \u00eei cuno\u0219teai. Ne-ai oferit pe tav\u0103 sufletul t\u0103u. Cel mai de pre\u021b dar pe care l-ai fi putut da. Povestea ta.<\/p>\n<p style=\"text-align: justify;\">Mi-am \u00eentors capul c\u0103tre el \u0219i l-am privit \u00een ochi.<\/p>\n<p style=\"text-align: justify;\">\u2014 Cine e\u0219ti?<\/p>\n<p style=\"text-align: justify;\">\u2014 Chiar vrei s\u0103 \u0219tii?<\/p>\n<p style=\"text-align: justify;\">\u2014 Mi-ar face pl\u0103cere.<\/p>\n<p style=\"text-align: justify;\">Red a scos dou\u0103 acadele din buzunar \u0219i mi-a \u00eenm\u00e2nat una dintre ele. Am desf\u0103cut-o \u0219i am b\u0103gat-o \u00een gur\u0103. Avea tot arom\u0103 de c\u0103p\u0219uni.<\/p>\n<p style=\"text-align: justify;\">\u2014 Te deranjeaz\u0103 dac\u0103 pun ni\u0219te muzic\u0103? E pustiu oricum, nu avem ce trec\u0103tori s\u0103 sup\u0103r\u0103m. Dar dac\u0103 preferi lini\u0219tea e \u00een regul\u0103.<\/p>\n<p style=\"text-align: justify;\">\u2014 Red. Lini\u0219tea nu \u00eenseamn\u0103 absen\u021ba muzicii.<\/p>\n<p style=\"text-align: justify;\">A r\u00e2s \u0219i a pornit muzica.<\/p>\n<p style=\"text-align: justify;\"><em>A\u0219 vrea s\u0103 pot s\u0103 cred ce-am crezut odat\u0103,<br \/>\nA\u0219 vrea s\u0103 te rev\u0103d m\u0103car odat\u0103<br \/>\n\u0218i a\u0219 mai vrea s\u0103 fiu din nou copil,<br \/>\nS\u0103 fie totul mai pu\u021bin dificil\u2026<\/em><\/p>\n<p style=\"text-align: justify;\">\n","protected":false},"excerpt":{"rendered":"<p>de Rare\u0219-Andrei Dinu Fumul, mul\u021bimea \u0219i jocul reflectoarelor ce oscilau \u00eentre violet \u0219i albastru se \u00eembinau armonios, \u00een lini\u0219te, inund\u00e2nd sala cu o stare de teribil\u0103 anticipa\u021bie. Luminile s-au \u00eendreptat spre scen\u0103, unde membrii trupei \u00ee\u0219i f\u0103cuser\u0103 apari\u021bia pe furi\u0219. Un fior s-a \u00eempr\u0103\u0219tiat \u00een tot publicul \u00een secunda \u00een care t\u0103cerea a fost r\u0103pus\u0103 [&hellip;]<\/p>\n","protected":false},"author":2,"featured_media":0,"comment_status":"open","ping_status":"open","sticky":false,"template":"","format":"standard","meta":{"jetpack_post_was_ever_published":false,"_jetpack_newsletter_access":"","_jetpack_dont_email_post_to_subs":false,"_jetpack_newsletter_tier_id":0,"_jetpack_memberships_contains_paywalled_content":false,"_jetpack_memberships_contains_paid_content":false,"footnotes":""},"categories":[1381,15],"tags":[1383,1115,1406],"class_list":["post-12670","post","type-post","status-publish","format-standard","hentry","category-egophobia-58","category-proza","tag-egophobia-58","tag-proza","tag-rares-andrei-dinu"],"jetpack_featured_media_url":"","jetpack_sharing_enabled":true,"jetpack_shortlink":"https:\/\/wp.me\/p6DakB-3im","_links":{"self":[{"href":"https:\/\/egophobia.ro\/index.php?rest_route=\/wp\/v2\/posts\/12670","targetHints":{"allow":["GET"]}}],"collection":[{"href":"https:\/\/egophobia.ro\/index.php?rest_route=\/wp\/v2\/posts"}],"about":[{"href":"https:\/\/egophobia.ro\/index.php?rest_route=\/wp\/v2\/types\/post"}],"author":[{"embeddable":true,"href":"https:\/\/egophobia.ro\/index.php?rest_route=\/wp\/v2\/users\/2"}],"replies":[{"embeddable":true,"href":"https:\/\/egophobia.ro\/index.php?rest_route=%2Fwp%2Fv2%2Fcomments&post=12670"}],"version-history":[{"count":2,"href":"https:\/\/egophobia.ro\/index.php?rest_route=\/wp\/v2\/posts\/12670\/revisions"}],"predecessor-version":[{"id":12767,"href":"https:\/\/egophobia.ro\/index.php?rest_route=\/wp\/v2\/posts\/12670\/revisions\/12767"}],"wp:attachment":[{"href":"https:\/\/egophobia.ro\/index.php?rest_route=%2Fwp%2Fv2%2Fmedia&parent=12670"}],"wp:term":[{"taxonomy":"category","embeddable":true,"href":"https:\/\/egophobia.ro\/index.php?rest_route=%2Fwp%2Fv2%2Fcategories&post=12670"},{"taxonomy":"post_tag","embeddable":true,"href":"https:\/\/egophobia.ro\/index.php?rest_route=%2Fwp%2Fv2%2Ftags&post=12670"}],"curies":[{"name":"wp","href":"https:\/\/api.w.org\/{rel}","templated":true}]}}