{"id":12701,"date":"2019-07-30T07:07:52","date_gmt":"2019-07-30T05:07:52","guid":{"rendered":"http:\/\/egophobia.ro\/?p=12701"},"modified":"2019-07-27T21:21:45","modified_gmt":"2019-07-27T19:21:45","slug":"viermele","status":"publish","type":"post","link":"https:\/\/egophobia.ro\/?p=12701","title":{"rendered":"Viermele"},"content":{"rendered":"<p style=\"text-align: right;\">de Roberto Bola\u00f1o<br \/>\ntraducere: Mina Decu<\/p>\n<p>Aducem mul\u021bumire pentru s\u0103r\u0103cia noastr\u0103, spuse tipul \u00eembr\u0103cat \u00een zdren\u021be.<br \/>\nL-am v\u0103zut cu ochii mei: hoin\u0103rea printr-un sat de case s\u0103r\u0103c\u0103cioase,<br \/>\nf\u0103cute din ciment \u015fi c\u0103r\u0103mizi,<br \/>\n\u00eentre Mexic \u015fi Statele Unite.<!--more--><br \/>\nAducem mul\u021bumire pentru violen\u021ba<br \/>\nnoastr\u0103, spuse, chiar dac\u0103 e steril\u0103, ca o fantom\u0103, chiar dac\u0103 nu ne duce nic\u0103ieri,<br \/>\nnici drumurile astea<br \/>\nnu duc nic\u0103ieri.<br \/>\nL-am v\u0103zut cu ochii mei: gesticula<br \/>\npe un fundal ro\u015fiatic<br \/>\ncare rezista negurii, ah,<br \/>\n\u00eenser\u0103rile astea de grani\u021b\u0103,<br \/>\ncitite \u015fi pierdute pentru totdeauna.<br \/>\n\u00censer\u0103rile care l-au \u00eenve\u015fm\u00e2ntat pe tat\u0103l Lisei<br \/>\nla \u00eenceputurile anilor cincizeci.<br \/>\n\u00censer\u0103rile care l-au v\u0103zut pe<br \/>\nMario Santiago trec\u00e2nd<br \/>\n\u00een sus \u015fi \u00een jos, degerat de frig, pe bancheta din spate<br \/>\na ma\u015finii unui contrabandist.<br \/>\n\u00censer\u0103rile<br \/>\ninfinitului alb \u015fi ale infinitului negru.<\/p>\n<p style=\"text-align: justify;\">L-am v\u0103zut cu ochii mei: p\u0103rea un vierme, cu sombrero de paie<br \/>\n\u015fi privire de asasin<br \/>\n\u015fi c\u0103l\u0103torea prin satele din nordul Mexicului,<br \/>\nde parc\u0103 umbla pierdut,<br \/>\nevacuat din minte,<br \/>\nevacuat din marele vis, el, dintre to\u021bi,<br \/>\niar vorbele lui erau, m\u0103iculi\u021ba mea,<br \/>\nterifiante.<\/p>\n<p style=\"text-align: justify;\">P\u0103rea un vierme cu sombrero de paie,<br \/>\nhaine albe<br \/>\n\u015fi privire de asasin.<br \/>\n\u015ei c\u0103l\u0103torea ca un titirez<br \/>\nprin satele din nordul<br \/>\nMexicului<br \/>\nf\u0103r\u0103 a \u00eendr\u0103zni s\u0103 fac\u0103 pasul,<br \/>\nf\u0103r\u0103 a se decide<br \/>\ns\u0103 coboare \u00een D.F.<br \/>\nL-am v\u0103zut cu ochii mei<br \/>\nplec\u00e2nd \u015fi venind,<br \/>\nprintre v\u00e2nz\u0103tori ambulan\u021bi \u015fi<br \/>\nbe\u021bivi,<br \/>\ntemut,<br \/>\ncu verbul turbat pe<br \/>\nuli\u021bele<br \/>\ncaselor din chirpici.<br \/>\nP\u0103rea un vierme alb,<br \/>\ncu un Bali \u00eentre buze<br \/>\nsau cu o Delicados f\u0103r\u0103 filtru.<br \/>\n\u015ei c\u0103l\u0103torea prin vise, de la un cap\u0103t la altul,<br \/>\nla fel ca o r\u00e2m\u0103,<br \/>\nzgurm\u00e2ndu-\u015fi disperarea,<br \/>\nm\u00e2nc\u00e2ndu-\u015fi-o.<\/p>\n<p style=\"text-align: justify;\">Un vierme alb cu sombrero de paie,<br \/>\nsub soarele din nordul Mexicului,<br \/>\npe p\u0103m\u00e2nturile \u00eembibate de s\u00e2nge<br \/>\n\u015fi de vorbe mu\u015fc\u0103toare de grani\u021b\u0103, poarta Corpului, pe care a v\u0103zut-o Sam Peckinpah,<br \/>\npoarta Min\u021bii evacuate,<br \/>\nbiciul biciului \u015fi blestematul de vierme alb acolo,<br \/>\ncu sombrero lui de paie \u015fi cu<br \/>\nchi\u015ftocul at\u00e2rn\u00e2ndu-i de buza de jos, av\u00e2nd aceea\u015fi privire de asasin dintotdeauna.<\/p>\n<p style=\"text-align: justify;\">L-am v\u0103zut \u015fi i-am zis am trei umfl\u0103turi \u00een cap<br \/>\n\u015fi \u015ftiin\u021ba deja nu-mi mai poate face nimic.<br \/>\nL-am v\u0103zut \u015fi i-am zis d\u0103-te din calea mea, muistule,<br \/>\npoezia e mai curajoas\u0103 ca oricine,<br \/>\npe p\u0103m\u00e2nturile imbibate de s\u00e2nge mi-o iau la lab\u0103, Mintea evacuat\u0103 abia de-mi clatin\u0103 sim\u021burile.<br \/>\nDin co\u015fmarurile astea voi p\u0103stra<br \/>\ndoar casele astea am\u0103r\u00e2te,<br \/>\nuli\u021bele astea m\u0103turate de v\u00e2nt<br \/>\n\u015fi nu privirea ta de asasin.<\/p>\n<p style=\"text-align: justify;\">P\u0103rea un vierme alb, cu sombrero-ul lui de paie<br \/>\n\u015fi cu pistolul automat de sub c\u0103ma\u015f\u0103<br \/>\n\u015fi nu se oprea din vorbit, singur sau cu oricine,<br \/>\ndespre un popor care avea<br \/>\npe pu\u021bin dou\u0103 sau trei mii de ani,<br \/>\nde pe-acolo din nord,<br \/>\naproape de grani\u021ba cu Statele Unite,<br \/>\nun loc care \u00eenc\u0103 mai exista,<br \/>\ns\u0103 zicem patruzeci de case,<br \/>\ndou\u0103 cantine,<br \/>\no tarab\u0103 cu de-ale gurii,<br \/>\nun popor de spioni \u015fi de asasini,<br \/>\na\u015fa ca el,<br \/>\ncase din chirpici<br \/>\n\u015fi patio-uri cimentate,<br \/>\nunde ochii nu se desprind de orizont<br \/>\n(de orizontul \u0103la de culoarea c\u0103rnii,<br \/>\nca spinarea unui muribund).<br \/>\n\u015ei ce v\u0103 a\u015ftepta\u021bi s\u0103 apar\u0103 pe-acolo?, l-am intrebat.<br \/>\nV\u00e2ntul \u015fi pulberea, poate.<br \/>\nUn vis minim,<br \/>\ndar \u00een care era \u00eenfipt\u0103 toat\u0103 obstina\u021bia lui, toat\u0103 voin\u021ba.<\/p>\n<p style=\"text-align: justify;\">P\u0103rea un vierme alb, cu sombrero-ul lui de paie \u015fi cu o Delicados at\u00e2rn\u00e2ndu-i de buza de jos.<br \/>\nP\u0103rea un chilean de do\u015f&#8217;doi de ani<br \/>\nintr\u00e2nd \u00een Caf\u00e9 La Habana<br \/>\n\u015fi scrut\u00e2nd o fat\u0103 ro\u015fcat\u0103, a\u015fezat\u0103 \u00een spate,<br \/>\n\u00een Mintea evacuat\u0103.<br \/>\nP\u0103rea plimb\u0103relile<br \/>\nla ore t\u00e2rzii<br \/>\ndin noapte, ale lui Mario Santiago.<br \/>\n\u00cen Mintea evacuat\u0103.<br \/>\n\u00cen oglinzile fermecate.<br \/>\n\u00cen uraganul din D.F.<br \/>\nDegetele t\u0103iate cre\u015fteau la loc<br \/>\ncu o rapiditate surprinz\u0103toare.<br \/>\nDegete t\u0103iate,<br \/>\nfr\u00e2nte,<br \/>\n\u00eempr\u0103\u015ftiate<br \/>\nprin aerul din D.F.<\/p>\n<p style=\"text-align: justify;\">\n","protected":false},"excerpt":{"rendered":"<p>de Roberto Bola\u00f1o traducere: Mina Decu Aducem mul\u021bumire pentru s\u0103r\u0103cia noastr\u0103, spuse tipul \u00eembr\u0103cat \u00een zdren\u021be. L-am v\u0103zut cu ochii mei: hoin\u0103rea printr-un sat de case s\u0103r\u0103c\u0103cioase, f\u0103cute din ciment \u015fi c\u0103r\u0103mizi, \u00eentre Mexic \u015fi Statele Unite.<\/p>\n","protected":false},"author":2,"featured_media":0,"comment_status":"open","ping_status":"open","sticky":false,"template":"","format":"standard","meta":{"jetpack_post_was_ever_published":false,"_jetpack_newsletter_access":"","_jetpack_dont_email_post_to_subs":false,"_jetpack_newsletter_tier_id":0,"_jetpack_memberships_contains_paywalled_content":false,"_jetpack_memberships_contains_paid_content":false,"footnotes":""},"categories":[1394,13],"tags":[1395,1242,1114,1241,72],"class_list":["post-12701","post","type-post","status-publish","format-standard","hentry","category-egophobia-59-60","category-poezie","tag-egophobia-59-60","tag-mina-decu","tag-poezie","tag-roberto-bolano","tag-traducere"],"jetpack_featured_media_url":"","jetpack_sharing_enabled":true,"jetpack_shortlink":"https:\/\/wp.me\/s6DakB-viermele","_links":{"self":[{"href":"https:\/\/egophobia.ro\/index.php?rest_route=\/wp\/v2\/posts\/12701","targetHints":{"allow":["GET"]}}],"collection":[{"href":"https:\/\/egophobia.ro\/index.php?rest_route=\/wp\/v2\/posts"}],"about":[{"href":"https:\/\/egophobia.ro\/index.php?rest_route=\/wp\/v2\/types\/post"}],"author":[{"embeddable":true,"href":"https:\/\/egophobia.ro\/index.php?rest_route=\/wp\/v2\/users\/2"}],"replies":[{"embeddable":true,"href":"https:\/\/egophobia.ro\/index.php?rest_route=%2Fwp%2Fv2%2Fcomments&post=12701"}],"version-history":[{"count":1,"href":"https:\/\/egophobia.ro\/index.php?rest_route=\/wp\/v2\/posts\/12701\/revisions"}],"predecessor-version":[{"id":12702,"href":"https:\/\/egophobia.ro\/index.php?rest_route=\/wp\/v2\/posts\/12701\/revisions\/12702"}],"wp:attachment":[{"href":"https:\/\/egophobia.ro\/index.php?rest_route=%2Fwp%2Fv2%2Fmedia&parent=12701"}],"wp:term":[{"taxonomy":"category","embeddable":true,"href":"https:\/\/egophobia.ro\/index.php?rest_route=%2Fwp%2Fv2%2Fcategories&post=12701"},{"taxonomy":"post_tag","embeddable":true,"href":"https:\/\/egophobia.ro\/index.php?rest_route=%2Fwp%2Fv2%2Ftags&post=12701"}],"curies":[{"name":"wp","href":"https:\/\/api.w.org\/{rel}","templated":true}]}}