{"id":12704,"date":"2019-08-01T07:40:35","date_gmt":"2019-08-01T05:40:35","guid":{"rendered":"http:\/\/egophobia.ro\/?p=12704"},"modified":"2019-08-01T07:40:35","modified_gmt":"2019-08-01T05:40:35","slug":"sarcofagul","status":"publish","type":"post","link":"https:\/\/egophobia.ro\/?p=12704","title":{"rendered":"Sarcofagul"},"content":{"rendered":"<p style=\"text-align: right;\">de Marta Petreu<\/p>\n<p><strong>\u00a0<\/strong><\/p>\n<p>Peste ceea ce am scris eu au c\u0103zut bolovanii arunca\u021bi de departe<\/p>\n<p>cu catapulta<\/p>\n<p>au c\u0103zut pietre c\u00eet c\u0103p\u0103\u021b\u00eena de varz\u0103<\/p>\n<p>ori pietre m\u0103runte c\u00eet pumnul azv\u00eerlite de-aproape cu m\u00eena<\/p>\n<p>\u0219i-apoi pulberi ca date prin sit\u0103<\/p>\n<p>\u0219i cenu\u0219a vulcanului etna<!--more--><\/p>\n<p>Iar v\u00eentul \u0219i ploaia furnicile \u0219i g\u00eendacii de cas\u0103<\/p>\n<p>\u0219i-au f\u0103cut din plin datoria<\/p>\n<p>&nbsp;<\/p>\n<p>Ceea ce am scris eu este cu mine<\/p>\n<p>prins \u00een sarcofagul format chiar deasupra capului meu<\/p>\n<p>ca la cernob\u00eel<\/p>\n<p>peste nucleul centralei<\/p>\n<p>ca nu cumva eu \u0219i c\u0103r\u021bile mele s\u0103 iradiem con\u0219tiin\u021ba rom\u00e2neasc\u0103 na\u021bional\u0103<\/p>\n<p>&nbsp;<\/p>\n<p>Au mai fost \u0219i ni\u0219te furti\u0219aguri f\u0103cute de c\u00eeteva persoane importante<\/p>\n<p>din cultura rom\u00e2n\u0103<\/p>\n<p>pe c\u00eend eu<\/p>\n<p>umblam lela<\/p>\n<p>prin lucern\u0103 \u0219i p\u0103p\u0103die<\/p>\n<p>\u00eencerc\u00eend s\u0103 m\u0103 vindec<\/p>\n<p>A\u0219a c\u0103 oamenii \u0103\u0219tia importan\u021bi au contat c\u0103 eu<\/p>\n<p>prins\u0103 ca-n cursa de \u0219oareci sub perdeaua deas\u0103 de scuipa\u021bi \u0219i ocar\u0103<\/p>\n<p>o s-o-nghit \u0219i pe asta<\/p>\n<p>\u0219i n-o s\u0103 mai deschid \u00een vecii vecilor gura<\/p>\n<p>Da da<\/p>\n<p>\u0219i-au b\u0103gat p\u00een\u0103 la umeri m\u00eeinile lor p\u0103roase proasp\u0103t manichiurate<\/p>\n<p>\u00een c\u0103r\u021bile mele<\/p>\n<p>Iar postacii<\/p>\n<p>au azv\u00eerlit \u00een mine ca-ntr-o f\u00eent\u00een\u0103<\/p>\n<p>cu ro\u0219ii storcite ou\u0103 cuie rugin\u0103 melas\u0103<\/p>\n<p>&nbsp;<\/p>\n<p>Acum peste mine \u0219i peste c\u0103r\u021bile mele st\u0103 p\u0103m\u00eentul natal<\/p>\n<p>gros \u0219i umed<\/p>\n<p>cu r\u00eeme<\/p>\n<p>Iar deasupra clop f\u0103cut din bolovani \u0219i scuipat st\u0103 h\u00eeit sarcofagul<\/p>\n<p>&nbsp;<\/p>\n<p>Peste un secol<\/p>\n<p>c\u00eend cineva \u2013 e posibil. Nu-i deloc sigur \u2013<\/p>\n<p>o s\u0103 scurme cu sapa \u00een carapacea h\u00eeit\u0103 de cenu\u0219i \u0219i pietroaie<\/p>\n<p>n-o s\u0103 mai g\u0103seasc\u0103 nimic<\/p>\n<p>nic\u0103ieri<\/p>\n<p>N-o s\u0103 mai fie atunci nici m\u0103car sacra limb\u0103 rom\u00e2n\u0103<\/p>\n<p>&nbsp;<\/p>\n<p>Nu-i bai \u2013 spun \u021bin\u00eendu-mi r\u0103suflarea<\/p>\n<p>pre\u021b de zece secunde c\u00eet veacul<\/p>\n<p>ca la moartea Laurei mele<\/p>\n<p>care nu \u00eemplinise treizeci \u0219i \u0219apte de ani \u2013<\/p>\n<p>nu<\/p>\n<p>nu-i nici un bai<\/p>\n<p>b\u0103nuiam asta<\/p>\n<p>\u00eenc\u0103 din primele zile ale mileniului trei<\/p>\n<p>&nbsp;<\/p>\n<p>Dar a\u0219a-i omul \u2013 merge merge-nainte<\/p>\n<p>de-unul singur<\/p>\n<p>ca boul<\/p>\n<p>pe drumul cu oga\u0219e \u0219i brusturi pe care-a apucat s\u0103 p\u0103\u0219easc\u0103<\/p>\n<p>\u0219i nu se opre\u0219te<\/p>\n<p>p\u00een\u0103 c\u00eend nu-i crap\u0103-ntre coaste<\/p>\n<p>inima-n patru<\/p>\n<p>&nbsp;<\/p>\n<p>nu<\/p>\n<p>nu se-opre\u0219te<\/p>\n<p>p\u00een\u0103 c\u00eend nu se sf\u00eer\u0219e\u0219te ori via\u021ba ori calea<\/p>\n<p>&nbsp;<\/p>\n<p>&nbsp;<\/p>\n<p>11 iulie 2019<\/p>\n<p>&nbsp;<\/p>\n<p>&nbsp;<\/p>\n<p>&nbsp;<\/p>\n<p>&nbsp;<\/p>\n<p>&nbsp;<\/p>\n","protected":false},"excerpt":{"rendered":"<p>de Marta Petreu \u00a0 Peste ceea ce am scris eu au c\u0103zut bolovanii arunca\u021bi de departe cu catapulta au c\u0103zut pietre c\u00eet c\u0103p\u0103\u021b\u00eena de varz\u0103 ori pietre m\u0103runte c\u00eet pumnul azv\u00eerlite de-aproape cu m\u00eena \u0219i-apoi pulberi ca date prin sit\u0103 \u0219i cenu\u0219a vulcanului etna<\/p>\n","protected":false},"author":2,"featured_media":0,"comment_status":"open","ping_status":"open","sticky":false,"template":"","format":"standard","meta":{"jetpack_post_was_ever_published":false,"_jetpack_newsletter_access":"","_jetpack_dont_email_post_to_subs":false,"_jetpack_newsletter_tier_id":0,"_jetpack_memberships_contains_paywalled_content":false,"_jetpack_memberships_contains_paid_content":false,"footnotes":""},"categories":[1394,13],"tags":[1395,1385,1114],"class_list":["post-12704","post","type-post","status-publish","format-standard","hentry","category-egophobia-59-60","category-poezie","tag-egophobia-59-60","tag-marta-petreu","tag-poezie"],"jetpack_featured_media_url":"","jetpack_sharing_enabled":true,"jetpack_shortlink":"https:\/\/wp.me\/p6DakB-3iU","_links":{"self":[{"href":"https:\/\/egophobia.ro\/index.php?rest_route=\/wp\/v2\/posts\/12704","targetHints":{"allow":["GET"]}}],"collection":[{"href":"https:\/\/egophobia.ro\/index.php?rest_route=\/wp\/v2\/posts"}],"about":[{"href":"https:\/\/egophobia.ro\/index.php?rest_route=\/wp\/v2\/types\/post"}],"author":[{"embeddable":true,"href":"https:\/\/egophobia.ro\/index.php?rest_route=\/wp\/v2\/users\/2"}],"replies":[{"embeddable":true,"href":"https:\/\/egophobia.ro\/index.php?rest_route=%2Fwp%2Fv2%2Fcomments&post=12704"}],"version-history":[{"count":1,"href":"https:\/\/egophobia.ro\/index.php?rest_route=\/wp\/v2\/posts\/12704\/revisions"}],"predecessor-version":[{"id":12705,"href":"https:\/\/egophobia.ro\/index.php?rest_route=\/wp\/v2\/posts\/12704\/revisions\/12705"}],"wp:attachment":[{"href":"https:\/\/egophobia.ro\/index.php?rest_route=%2Fwp%2Fv2%2Fmedia&parent=12704"}],"wp:term":[{"taxonomy":"category","embeddable":true,"href":"https:\/\/egophobia.ro\/index.php?rest_route=%2Fwp%2Fv2%2Fcategories&post=12704"},{"taxonomy":"post_tag","embeddable":true,"href":"https:\/\/egophobia.ro\/index.php?rest_route=%2Fwp%2Fv2%2Ftags&post=12704"}],"curies":[{"name":"wp","href":"https:\/\/api.w.org\/{rel}","templated":true}]}}