{"id":12799,"date":"2019-10-23T07:33:39","date_gmt":"2019-10-23T05:33:39","guid":{"rendered":"http:\/\/egophobia.ro\/?p=12799"},"modified":"2019-10-21T20:35:52","modified_gmt":"2019-10-21T18:35:52","slug":"porumbelul-poet","status":"publish","type":"post","link":"https:\/\/egophobia.ro\/?p=12799","title":{"rendered":"Porumbelul poet"},"content":{"rendered":"<p style=\"text-align: center;\"><span style=\"color: green;\">(Lecturi potrivite\/recomandate de Alexandra)<\/span><\/p>\n<p style=\"text-align: right;\">\u00a0de Radu George<\/p>\n<p>Sunt eu\u2026<\/p>\n<p>B\u0103tr\u00e2nul pe care \u00eel vedeai \u00een fiecare zi \u00een curte<\/p>\n<p>citind \u00een t\u0103cere ziarul<!--more--><\/p>\n<p>precum Ivona lui Gombrowicz<\/p>\n<p>\u0219i hr\u0103nind porumbeii.<\/p>\n<p>\u00centr-o zi eu am disp\u0103rut.<\/p>\n<p>Am zburat cu unul dintre porumbeii<\/p>\n<p>pe care \u00eei iubeam enorm.<\/p>\n<p>Via\u021ba mea a fost ca pauza dintre dou\u0103 rug\u0103ciuni.<\/p>\n<p>Acum, lum\u00e2narea se poate stinge oric\u00e2nd<\/p>\n<p>la cea mai u\u0219oar\u0103 briz\u0103,<\/p>\n<p>la cel mai mic oftat.<\/p>\n<p>Voi nu m\u0103 ve\u021bi uita,<\/p>\n<p>dar eu v-am uitat pe voi<\/p>\n<p>c\u0103ci am uitat via\u021ba \u0219i nu mai \u0219tiu s\u0103 tr\u0103iesc<\/p>\n<p>sau c\u0103 am tr\u0103it vreodat\u0103.<\/p>\n<p>Dar aici,<\/p>\n<p>porumbeii vor veni mereu<\/p>\n<p>la morm\u00e2ntul meu rece \u0219i greu<\/p>\n<p>se vor a\u0219eza pe marmura alb\u0103<\/p>\n<p>\u0219i vor hurui zgomotos, chem\u00e2ndu-m\u0103 pe mine<\/p>\n<p>\u00eemi vor spune poezii<\/p>\n<p>ca s\u0103 nu uit c\u0103 i-am iubit.<\/p>\n<p>&nbsp;<\/p>\n<p>#<\/p>\n<p>&nbsp;<\/p>\n<p><strong>Despre autor:<\/strong><\/p>\n<p><img data-recalc-dims=\"1\" decoding=\"async\" class=\"aligncenter\" src=\"https:\/\/i0.wp.com\/i.vgy.me\/p0Wnus.jpg?w=812&#038;ssl=1\" \/><\/p>\n<p style=\"text-align: justify;\"><strong>RADU GEORGE<\/strong> (n. 09.04.1998, Foc\u0219ani) este student la Facultatea de Litere din cadrul Universit\u0103\u021bii din Bucure\u0219ti. Pasiunea pentru lectur\u0103 \u0219i pentru literatur\u0103 a dob\u00e2ndit-o \u00eenc\u0103 din copil\u0103rie, gra\u021bie pove\u0219tilor spuse de bunicii care l-au crescut. \u00cen clasele gimnaziale a publicat poezii \u0219i scurte texte narative \u00een paginile revistei \u201eUniversul \u0219colarilor\u201d. Pe parcursul liceului s-a remarcat prin participarea la olimpiadele de limba rom\u00e2n\u0103, matematic\u0103 \u0219i geografie.<\/p>\n<p style=\"text-align: justify;\">A luat parte la Colocviile studen\u021be\u0219ti BEST Lettres, unde a prezentat lucr\u0103ri de cercetare despre perioada veche a literaturii rom\u00e2ne (<em>Textele apocrife \u00een cultura rom\u00e2neasc\u0103<\/em>), respectiv despre Epoca Marilor Clasici (<em>Interferen\u021ba artelor \u00een poietica nuvelei <u>S\u0103rmanul Dionis<\/u><\/em> <em>de Mihai Eminescu<\/em>).<\/p>\n<p style=\"text-align: justify;\">A publicat recent \u00een paginile revistei culturale online \u201eEgoPHobia\u201d proza scurt\u0103 <em>C\u0103l\u0103torie prin Lumea Literelor<\/em>, o poveste conceput\u0103 ini\u021bial pentru copii, dar potrivit\u0103 \u0219i pentru adul\u021bii fascina\u021bi de literatur\u0103, datorit\u0103 numeroaselor referin\u021be culturale pe care le cuprinde.<\/p>\n<p style=\"text-align: justify;\">\n","protected":false},"excerpt":{"rendered":"<p>(Lecturi potrivite\/recomandate de Alexandra) \u00a0de Radu George Sunt eu\u2026 B\u0103tr\u00e2nul pe care \u00eel vedeai \u00een fiecare zi \u00een curte citind \u00een t\u0103cere ziarul<\/p>\n","protected":false},"author":2,"featured_media":0,"comment_status":"open","ping_status":"open","sticky":false,"template":"","format":"standard","meta":{"jetpack_post_was_ever_published":false,"_jetpack_newsletter_access":"","_jetpack_dont_email_post_to_subs":false,"_jetpack_newsletter_tier_id":0,"_jetpack_memberships_contains_paywalled_content":false,"_jetpack_memberships_contains_paid_content":false,"footnotes":""},"categories":[1408,1279,13],"tags":[1409,1280,1114,1390],"class_list":["post-12799","post","type-post","status-publish","format-standard","hentry","category-egophobia-61","category-lecturi-potrivite","category-poezie","tag-egophobia-61","tag-lecturi-potrivite","tag-poezie","tag-radu-george"],"jetpack_featured_media_url":"","jetpack_sharing_enabled":true,"jetpack_shortlink":"https:\/\/wp.me\/p6DakB-3kr","_links":{"self":[{"href":"https:\/\/egophobia.ro\/index.php?rest_route=\/wp\/v2\/posts\/12799","targetHints":{"allow":["GET"]}}],"collection":[{"href":"https:\/\/egophobia.ro\/index.php?rest_route=\/wp\/v2\/posts"}],"about":[{"href":"https:\/\/egophobia.ro\/index.php?rest_route=\/wp\/v2\/types\/post"}],"author":[{"embeddable":true,"href":"https:\/\/egophobia.ro\/index.php?rest_route=\/wp\/v2\/users\/2"}],"replies":[{"embeddable":true,"href":"https:\/\/egophobia.ro\/index.php?rest_route=%2Fwp%2Fv2%2Fcomments&post=12799"}],"version-history":[{"count":1,"href":"https:\/\/egophobia.ro\/index.php?rest_route=\/wp\/v2\/posts\/12799\/revisions"}],"predecessor-version":[{"id":12800,"href":"https:\/\/egophobia.ro\/index.php?rest_route=\/wp\/v2\/posts\/12799\/revisions\/12800"}],"wp:attachment":[{"href":"https:\/\/egophobia.ro\/index.php?rest_route=%2Fwp%2Fv2%2Fmedia&parent=12799"}],"wp:term":[{"taxonomy":"category","embeddable":true,"href":"https:\/\/egophobia.ro\/index.php?rest_route=%2Fwp%2Fv2%2Fcategories&post=12799"},{"taxonomy":"post_tag","embeddable":true,"href":"https:\/\/egophobia.ro\/index.php?rest_route=%2Fwp%2Fv2%2Ftags&post=12799"}],"curies":[{"name":"wp","href":"https:\/\/api.w.org\/{rel}","templated":true}]}}