{"id":12805,"date":"2019-11-24T07:11:30","date_gmt":"2019-11-24T05:11:30","guid":{"rendered":"http:\/\/egophobia.ro\/?p=12805"},"modified":"2019-11-23T21:13:26","modified_gmt":"2019-11-23T19:13:26","slug":"cine-e-dat-jos-de-pe-piedestal","status":"publish","type":"post","link":"https:\/\/egophobia.ro\/?p=12805","title":{"rendered":"Cine e dat jos de pe piedestal?"},"content":{"rendered":"<p style=\"text-align: right;\">de Ana Bazac<\/p>\n<ol style=\"text-align: justify;\">\n<li>Metafora pe care am folosit-o \u00een titlu \u2013 cobor\u00e2rea de pe piedestal \u2013 nu este legat\u0103 defel de politic\u0103 \u00een mod vulgar, nu este vreo bucurie sarcastic\u0103 \u00een fa\u021ba pierderilor \u0219i c\u00e2\u0219tigurilor unor oameni politici mult dep\u0103\u0219i\u021bi de problemele reale; ci a pornit de la atitudinea actual\u0103 a societ\u0103\u021bii fa\u021b\u0103 de medici\/personalul medical (\u0219i anume aceea de a nu mai da acestora considera\u021bia de care s-au bucurat tradi\u021bional) \u0219i are o semnifica\u021bie dincolo de aceast\u0103 atutudine.<\/li>\n<\/ol>\n<p><!--more--><\/p>\n<p style=\"text-align: justify;\">Piedestalul simbolizeaz\u0103 aici <em>importan\u021ba<\/em> <em>social\u0103<\/em> a unei categorii profesionale, <em>superioritatea social\u0103<\/em> a unei categorii profesionale \u0219i, deci, <em>recunoa\u0219terea<\/em> social\u0103 a acestei importan\u021be \u0219i\u00a0 a acestei superiorit\u0103\u021bi: recunoa\u0219tere inclusiv institu\u021bionalizat\u0103.\u00a0 De\u0219i importan\u021ba social\u0103 este un concept care deja arat\u0103 raportarea oamenilor la un fenomen sau la ac\u021biuni umane, deci acest concept sub\u00een\u021belege \u0219i recunoa\u0219terea, totu\u0219i se cade s\u0103 semnal\u0103m cele dou\u0103 perspective sub care se trateaz\u0103 problemele: prima este cea obiectivist\u0103, de analiz\u0103 a unei categorii profesionale \u00een sine \u00een cadrul sistemului de profesii (desigur, dintr-un moment istoric bine precizat), iar a doua este cea psihologist\u0103, de analiz\u0103 a atitudinilor oamenilor fa\u021b\u0103 de categoria profesional\u0103. Cele dou\u0103 perspective se \u00eempletesc \u0219i \u00een nota de fa\u021b\u0103 nu se disting: dar \u00een principiu, trebuie s\u0103 fim sensibili la diferen\u021bele dintre cele dou\u0103 tipuri de analize. \u0218i desigur, nu e greu de \u00een\u021beles c\u0103 <em>superioritatea social\u0103<\/em> a unei categorii profesionale (adic\u0103 <em>superioritatea condi\u021biilor de trai<\/em>) relev\u0103 deja o atitudine, \u0219i nu o caracteristic\u0103 obiectiv\u0103 a categoriei sociale.<\/p>\n<p style=\"text-align: justify;\">Metafora situ\u0103rii pe piedestal a fost folosit\u0103, este evident, exclusiv pentru a discuta situa\u021bia categoriei profesionale \u0219i nicidecum nu\u00a0 a avut \u00een vedere extrapol\u0103ri \u00een domenii exterioare discu\u021biei (politic\u0103 sau art\u0103).<\/p>\n<p style=\"text-align: justify;\">\n<ol style=\"text-align: justify;\" start=\"2\">\n<li>Problema situ\u0103rii unei categorii profesionale pe piedestal are o istorie, fire\u0219te: \u0219i ca <em>problem\u0103<\/em> \u2013 adic\u0103 procesul de con\u0219tientizare a atitudinii fa\u021b\u0103 de o categorie profesional\u0103 \u2013 \u0219i ca <em>fapt<\/em> \u00een sine. Dac\u0103 ne este vie \u00een minte analiza lui Eliade despre metalurgi\u0219ti<a href=\"#_edn1\" name=\"_ednref1\">[i]<\/a>, ale c\u0103ror cuno\u0219tin\u021be legate de noua meserie <em>au schimbat cu totul concep\u021bia despre lume<\/em> \u2013 la fel cum apari\u021bia agriculturii a schimbat concep\u021bia despre lume fa\u021b\u0103 de aceea a vechilor culeg\u0103tori \u0219i v\u00e2n\u0103tori \u2013 \u0219i care a presupus \u0219i <em>cuno\u0219tin\u021be<\/em> dar \u0219i <em>secretul<\/em> pe care ace\u0219ti noi <em>speciali\u0219ti<\/em> l-au impus fa\u021b\u0103 de ceilal\u021bi oameni, deci \u0219i auto-a\u0219ezarea noilor speciali\u0219ti pe o treapt\u0103 social\u0103 superioar\u0103, atunci \u00een\u021belegem u\u0219or c\u0103 mereu a avut loc \u00een istorie o asemenea rea\u0219ezare a treptelor sociale \u00een func\u021bie de\/atunci c\u00e2nd ap\u0103reau noi profesii: legate, simplu spus, de <em>noi tehnologii<\/em>, dar de fapt, legate de ingeniozitatea uman\u0103 \u00een raportarea la existen\u021b\u0103. Facem aici abstrac\u021bie \u0219i de treptele sociale <em>determinate de raporturile politice<\/em> \u0219i de <em>\u00eempletirea <\/em>\u00eentre <em>ierarhizarea politic\u0103 \u0219i cea profesional\u0103<\/em>, bazat\u0103 pe competen\u021bele determinate de inventarea \u0219i m\u00e2nuirea noilor mijloace tehnice de raportare la natur\u0103 \u0219i om.<\/li>\n<\/ol>\n<p style=\"text-align: justify;\">Ceea ce ne intereseaz\u0103 este, deci, <em>situarea social\u0103 a profesiilor intelectuale<\/em>. Intelectualii sunt, desigur, o categorie social\u0103 \u2013 aten\u021bie! \u00een calitate de categorie, adic\u0103 de un num\u0103r semnificativ de oameni cu o func\u021bie social\u0103 recunoscut\u0103 \u0219i institu\u021bionalizat\u0103, \u0219i cu raporturi \u0219i influen\u021be clare \u00een societate \u00een calitate de categorie\/grup con\u0219tient de puterea\/importan\u021ba sa, intelectualii au ap\u0103rut o dat\u0103 cu dezvoltarea modernit\u0103\u021bii, de\u0219i poate aceast\u0103 afirma\u021bie nu ar trebui s\u0103 fie cu totul tran\u0219ant\u0103, dac\u0103 ne g\u00e2ndim la scribii egipteni, de ex. \u2013 deci o categorie <em>birocratic\u0103<\/em><a href=\"#_edn2\" name=\"_ednref2\">[ii]<\/a>: adic\u0103 de intermediere \u00eentre Prin\u021b<a href=\"#_edn3\" name=\"_ednref3\">[iii]<\/a> \u0219i popula\u021bia dependent\u0103, \u0219i astfel de prelungire a puterii Prin\u021bului \u00een mul\u021bimea acestei popula\u021bii \u0219i, inerent, de autonomizare relativ\u0103 a puterii intermediarilor\/intermediare. Mai clar: intelectualii au fost cei care s-au \u00eendeletnicit cu activit\u0103\u021bi nu la \u00eendem\u00e2na truditorilor de r\u00e2nd deoarece implicau cuno\u0219tin\u021be str\u0103ine \u0219i interzise acestora \u0219i, de aceea, \u0219i ei \u00een\u0219i\u0219i s-au \u00eenf\u0103\u0219urat \u00een mantia superiorit\u0103\u021bii lor sociale \u0219i a prestigiului superior \u2013 \u0219i poate mai durabil dec\u00e2t cel al Prin\u021bilor trec\u0103tori \u2013; dar \u0219i popula\u021bia a asumat aceast\u0103 considerare a prestigiului profesional al intelectualilor. Ne afl\u0103m, deci, de foarte demult, \u00een faza istoric\u0103 a diferen\u021bei dintre munca fizic\u0103 \u0219i cea intelectual\u0103.<\/p>\n<p style=\"text-align: justify;\">Corec\u021bi \u0219i benigni pentru societate sau corup\u021bi \u0219i maligni, intelectualii au fost accepta\u021bi astfel ca un num\u0103r <em>suplimentar<\/em> de \u201edomni\u201d, persoane suspuse care trebuiau s\u0103 fie \u00eendestulate. Ei erau, \u00een marea majoritate, clerici cunosc\u0103tori ai tainelor alfabetului \u0219i socotitului, dar \u0219i c\u00e2\u021biva poe\u021bi, filosofi, c\u00e2\u021biva medici \u0219i arhitec\u021bi.<\/p>\n<p style=\"text-align: justify;\">Dar odat\u0103 cu modernitatea, se schimb\u0103 structura profesional\u0103 a intelectualilor \u0219i, de aici, \u0219i considerarea lor social\u0103. Num\u0103rul intelectualilor cre\u0219te odat\u0103 cu dezvoltarea economiei si cu inerenta complicare a interdependen\u021belor sociale \u0219i, treptat dar din ce \u00een ce mai mult, se schimb\u0103 structura profesional\u0103 a categoriei intelectuale. In Evul Mediu, intelectualii erau <em>oratores <\/em>\u2013 cei care se roag\u0103 \u2013; \u00een Germania fragmentat\u0103 \u0219i r\u0103mas\u0103 \u00een urm\u0103,\u00a0 Kant a numit, \u00een <em>Ce este luminarea<\/em> (1784), drept categorii intermediare de \u201eslujba\u0219i\u201d, adic\u0103 de <em>categorii mijlocii prin profesie<\/em>, pe clerici dar \u0219i pe ofi\u021beri, acei <em>bellatores<\/em> din Evul Mediu, care f\u0103ceau r\u0103zboi, nu erau propriu-zis intelectuali ci ni\u0219te domni intermediari ce trebuiau servi\u021bi dar de care era bine s\u0103 te fere\u0219ti. Dar \u00een aceea\u0219i perioad\u0103, prima revolu\u021bie industrial\u0103 din Anglia pune deja pe primul plan inventatorii \u0219i inginerii, contabilii \u0219i organizatorii de firme, oricum speciali\u0219tii \u00een cunoa\u0219tere mai exact\u0103 dec\u00e2t ceea ce se presupunea a sta la baza competen\u021bei profesionale a celor numi\u021bi anterior.<\/p>\n<p style=\"text-align: justify;\">Modernitatea a adus cu sine \u0219i suflul discursului critic: la \u00eenceput, pur \u0219i simplu doar persiflant. Apare critica Prin\u021bului<a href=\"#_edn4\" name=\"_ednref4\">[iv]<\/a> dar, <em>\u00een acela\u0219i timp<\/em>, \u0219i critica acelor categorii intermediare care se legitimau prin cuno\u0219tin\u021bele lor esoterice<a href=\"#_edn5\" name=\"_ednref5\">[v]<\/a>. Iar mai t\u00e2rziu, marea literatur\u0103 dar\u00a0 \u0219i cercetarea social\u0103 au descompus discursurile legitimatoare ale ambelor categorii, dar \u0219i rostul istoric al acestora. \u00cen aceast\u0103 literatur\u0103 \u0219tiin\u021bific\u0103 apare diferen\u021bierea dintre importan\u021ba social\u0103 a intelectualilor \u2013 mai ales a celor ale c\u0103ror servicii aveau consecin\u021be materiale (de la medici la ingineri \u0219i profesori) \u2013 ca fapt obiectiv \u0219i, pe de alt\u0103 parte, superioritatea lor social\u0103 \u0219i ca auto-imagine a lor dar \u0219i cli\u0219eu dominant \u00een ideologie. Persiflarea intelectualilor nu a avut loc pentru c\u0103 oamenii nu ar fi v\u0103zut importan\u021ba lor social\u0103 (sau cel pu\u021bin a unora dintre ei), ci pentru c\u0103 oamenii respingeau \u0219i superioritatea lor social\u0103 \u2013 \u00een plus fa\u021b\u0103 de Prin\u021bi \u2013 \u0219i privilegiile pe care intelectualii le socoteau drept fire\u0219ti.<\/p>\n<p style=\"text-align: justify;\">\n<ol style=\"text-align: justify;\" start=\"3\">\n<li>\u0218i totu\u0219i: deoarece diviziunea muncii (intelectuale, fizice) a <em>persistat<\/em> \u2013 deoarece nivelul tehnologic a fost de a\u0219a natur\u0103 \u00eenc\u00e2t a cerut, \u00een continuare, existen\u021ba <em>inginerilor<\/em> \u0219i <em>managerilor<\/em> care cuno\u0219teau <em>logica \u00eentregului proces tehnologic \u0219i de produc\u021bie <\/em>\u0219i, pe de alt\u0103 parte, <em>lucr\u0103torii executan\u021bi<\/em> ce cuno\u0219teau doar <em>fragmente<\/em> \u2013 ideologia general\u0103 a continuat s\u0103 \u00eent\u0103reasc\u0103 soclul intelectualilor. Pentru c\u0103 astfel se \u00eent\u0103rea \u0219i legitimarea raporturilor de putere, \u00een general: cei care conduceau \u0219tiau oricum mai mult dec\u00e2t cei condu\u0219i. \u00cen anii benzii rulante americane, prin 1920-30, muncitorii \u00eenc\u0103 deserveau ma\u0219ina, exact ca \u00een 1800: adic\u0103 ma\u0219ina \u00eendeplinea ac\u021biunile de fabricare, muncitorii doar o ajutau, f\u0103c\u00e2nd munci simple \u0219i repetitive ce duceau la inter\u0219anjabilitatea deplin\u0103 a \u201esubiec\u021bilor\u201d muncitori.<\/li>\n<\/ol>\n<p style=\"text-align: justify;\">Importan\u021ba social\u0103 real\u0103 \u0219i prestigiul inginerilor au dus la generalizarea ideii de <em>superioritate<\/em> social\u0103 a tuturor intelectualilor: persiflarea medicilor r\u0103m\u0103sese \u00een urm\u0103, iar acum cei mai buni dintre ei sunt adeveri\u021bi inclusiv de a\u0219ezarea lor pe strada\u00a0 londonez\u0103 respectabil\u0103 \u0219i frecventat\u0103 de gentlemenii englezi pentru a beneficia de serviciile garantate \u0219i astfel<a href=\"#_edn6\" name=\"_ednref6\">[vi]<\/a>.<\/p>\n<p style=\"text-align: justify;\">\n<ol style=\"text-align: justify;\" start=\"4\">\n<li>\u0218i totu\u0219i: tot acum, teza superiorit\u0103\u021bii sociale comune a intelectualilor a fost zdren\u021buit\u0103 de o ideologie intern\u0103 acestei categorii din momentul separ\u0103rii \u00eense\u0219i a celor superiori sociali, inclusiv prin capacitatea lor de contemplare a lumii prin lentilele unor teorii, de cei care f\u0103ceau munci fizice. Vechea idee antic\u0103 a aristocra\u021bilor a c\u0103ror superioritate nu se putea legitima dec\u00e2t prin aparentul caracter gratuit al discu\u021biilor intelectuale \u2013\u201e\u00eemi place Phidias, dar nu a\u0219 vrea s\u0103 fiu Phidias\u201d \u2013 s-a continuat p\u00e2n\u0103 cel pu\u021bin la jum\u0103tatea secolului al XX-lea: intelectuali se socoteau a fi scriitorii, filosofii \u0219i criticii de art\u0103, altfel spus cei din umanioare sau cei concentra\u021bi pe matematici a c\u0103ror direc\u021bie era filosofia, sau cei ocupa\u021bi cu fizica teoretic\u0103 \u0219i cosmologia, sau cu o descriere profund\u0103 a naturii \u0219i a claselor de fiin\u021be vii; dar inginerii, cei lega\u021bi de transformarea materiei \u0219i de construirea instrumentelor, erau \u201ePhidias\u201d. Erau, cu alte cuvinte, dou\u0103 culturi \u2013 a umanioarelor \u0219i a \u0219tiin\u021belor \u2013 care erau rupte \u00eentre ele \u0219i, \u00een acela\u0219i timp, privite prin lentila tradi\u021bional\u0103 a contempla\u021biei<a href=\"#_edn7\" name=\"_ednref7\">[vii]<\/a>.<\/li>\n<\/ol>\n<p style=\"text-align: justify;\">Dar ideile s-au schimbat apoi, deoarece s-au schimbat <em>for\u021bele de produc\u021bie<\/em>, baza prozaic\u0103 a reprezent\u0103rilor despre lume.<\/p>\n<p style=\"text-align: justify;\">Vechea imagine social\u0103 a continuat p\u00e2n\u0103 prin anii 60-70 ai secolului trecut (\u00een termeni americani si vest-europeni), c\u00e2nd <em>automatizarea <\/em>a \u00eenceput s\u0103 \u00eenlocuiasc\u0103 func\u021bia de deservire a ma\u0219inii cu aceea de supervizare (control); iar de aici \u00eencolo, <em>cibernetizarea <\/em>produc\u021biei \u2013 considerarea produc\u021biei drept un sistem unitar, ale c\u0103rui interdependen\u021be interne trebuie cunoscute \u00een totalitate de lucr\u0103torii supervizori \u2013 ca \u0219i introducerea galopant\u0103 a <em>TIC<\/em> au zdruncinat definitiv con\u0219tiin\u021ba inferiorit\u0103\u021bii structurale a lucr\u0103torului ce nu are nevoie s\u0103 cunoasc\u0103 dec\u00e2t sarcina lui direct\u0103 \u0219i \u00eengust\u0103.<\/p>\n<p style=\"text-align: justify;\">Oricum, e foarte important s\u0103 re\u021binem c\u0103 persisten\u021ba diviziunii sociale a muncii \u00een procesul de produc\u021bie\/\u00een economie a fost <em>concomitent\u0103 <\/em>cu procesul care urma s\u0103 erodeze diviziunea social\u0103: \u0219tiin\u021ba de carte \u0219i cre\u0219terea nivelului de cuno\u0219tin\u021be ale popula\u021biei exterioare muncii intelectuale. Iar odat\u0103 cu procesele de mai sus din produc\u021bie \u2013 \u0219i, desigur, odat\u0103 cu accesul la informa\u021bii prin TIC \u2013 se poate vorbi de o <em>tendin\u021b\u0103<\/em> de <em>convergen\u021b\u0103<\/em> a nivelului intelectual sporit \u0219i cresc\u00e2nd al lucr\u0103torului \u0219i a schimb\u0103rii diviziunii sociale a muncii. Deci, se poate vorbi de o <em>tendin\u021b\u0103<\/em> de <em>schimbare a diviziunii sociale a muncii<\/em>.<\/p>\n<p style=\"text-align: justify;\">\n<ol style=\"text-align: justify;\" start=\"5\">\n<li>Nu este asta o abera\u021bie?<\/li>\n<\/ol>\n<p style=\"text-align: justify;\">Nu cadrul-cli\u0219eu al diviziunii muncii intelectuale-fizice este, spune <em>pozi\u021bia cel pu\u021bin sceptic\u0103<\/em>, ceea ce ne opre\u0219te s\u0103 accept\u0103m tendin\u021bele de mai sus drept realiste, ci <em>specializarea <\/em>cresc\u00e2nd\u0103 a muncilor intelectuale; cu alte cuvinte, dac\u0103 \u00eentr-adev\u0103r lucr\u0103torul de ast\u0103zi pe platforme automatizate \u0219i mediate de computere trebuie s\u0103 cunoasc\u0103 \u00eentregul proces \u0219i s\u0103 st\u0103p\u00e2neasc\u0103 \u00eentreaga logic\u0103 prezentat\u0103 lui de medierea TIC, nu acela\u0219i lucru se poate spune despre intelectual. Despre medic, cercet\u0103tor, electronist \u0219i nanotehnolog, biolog \u0219i cohortele de speciali\u0219ti \u00een domenii intersti\u021biale \u0219i noi domenii ap\u0103rute tocmai ca urmare a perspectivei transdisciplinare: to\u021bi sunt hiper-specializa\u021bi, \u0219i mereu adu\u0219i la zi, dac\u0103 vor s\u0103 fie utili \u0219i s\u0103 controleze un domeniu cu expertiza lor.<\/p>\n<p style=\"text-align: justify;\">Da, \u00een noul proces de munc\u0103 \u2013 marcat de automatizare, cibernetizare, robotizare \u2013 lucr\u0103torul trebuie s\u0103 devin\u0103 \u201epropriul s\u0103u inginer\u201d, tenden\u021bial devine chiar inginer, cuno\u0219tin\u021bele ce privesc ansamblul procesului de munc\u0103 \u00eel fac scump \u0219i deloc inter\u0219anjabil; dar dac\u0103 lucr\u0103torul devine intelectual, intelectualul devine din ce \u00een ce mai rafinat, adic\u0103 specializat: astfel \u00eenc\u00e2t, de\u0219i tendin\u021ba ce porne\u0219te de jos, de la procesul de produc\u021bie, este de intelectualizare a muncii\/profesiilor, deci de zdruncinare a vechii diviziuni a muncii, ceea ce se \u00eent\u00e2mpl\u0103 sus, pe treapta intelectualilor, pare a infirma tendin\u021ba de re\u0219ezare\/schimbare a diviziunii sociale a muncii.<\/p>\n<p style=\"text-align: justify;\">Ei bine, nu este a\u0219a, iar diviziunea social\u0103 a muncii este un fenomen <em>istoric<\/em>, deci <em>vremelnic<\/em>, adic\u0103 este determinat de conjunc\u021bia dinamic\u0103 a (n) cauze de diferite tipuri. Concret: specializarea <em>muncii intelectuale nu anuleaz\u0103 intelectualizarea muncii \u201ede jos\u201d<\/em>; nici cre\u0219terea nivelului general de cuno\u0219tin\u021be, prin accesul electronic la ele, \u0219i nici competen\u021ba profesional\u0103 cerut\u0103 de tehnologia de lucru: adic\u0103 <em>tendin\u021ba de apropiere a muncii \u201efizice\u201d de cea intelectual\u0103<\/em>. \u0218tacheta de sus, nivelul muncii intelectuale, r\u0103m\u00e2ne, dar nivelul muncii de jos se ridic\u0103.<\/p>\n<p style=\"text-align: justify;\">\n<ol style=\"text-align: justify;\" start=\"6\">\n<li>Desigur, inferen\u021bele de mai sus configureaz\u0103 un <em>model<\/em> simplu. \u00cen realitate, rela\u021biile de mai sus au loc \u00een <em>sistemul societal global<\/em>, format din n subsisteme, deci influen\u021be ce determin\u0103 ritmuri, ce \u00eemping \u00eenainte sau fr\u00e2neaz\u0103 intelectualizarea muncii \u00een general.<\/li>\n<\/ol>\n<p style=\"text-align: justify;\">Dar de ce este important acest model? Deoarece el explic\u0103 baza obiectiv\u0103 \u2013 dat\u0103 de tipul de instrumente<a href=\"#_edn8\" name=\"_ednref8\">[viii]<\/a> ce mediaz\u0103 rela\u021bia omului cu natura \u2013 a diviziunii muncii \u0219i, mai important pentru discu\u021bia noastr\u0103, a imaginilor oamenilor despre superioritatea social\u0103 a diferitelor categorii sociale.<\/p>\n<p style=\"text-align: justify;\">\u00centr-adev\u0103r, atunci c\u00e2nd categoriile conduc\u0103toare s-au \u00eenf\u0103\u0219urat \u00een p\u0103tura intelectual\u0103 <em>protectoare<\/em>, <em>legitimatoare<\/em> \u0219i <em>mediatoare<\/em>, cei condu\u0219i \u0219i, \u00een acela\u0219i timp, lipsi\u021bi de cuno\u0219tin\u021bele de care munca lor nu avea nevoie dar care erau esen\u021biale pentru a judeca (discerne, critica) starea lucrurilor, au fost u\u0219or de convins \u0219i c\u0103 acele categorii sunt l\u0103sate de zei \u00een pozi\u021bia lor de domina\u021bie \u0219i c\u0103 intelectualii au o superioritate <em>social\u0103<\/em> (deci nu epistemic\u0103, informa\u021bional\u0103) indiscutabil\u0103. Persiflarea unora sau altora nu zdruncina convingerea ad\u00e2nc\u0103 asupra inerentei \u0219i inevitabilei superiorit\u0103\u021bi sociale a ambelor grupuri aflate deasupra vulgului.<\/p>\n<p style=\"text-align: justify;\">Dar atunci c\u00e2nd \u0219i <em>munca<\/em> a cerut cuno\u0219tin\u021be mai multe \u0219i instrumentele moderne de influen\u021bare a atmosferei spirituale generale au cerut \u0219tiin\u021ba de carte general\u0103, lucrurile au \u00eenceput s\u0103 se schimbe. \u0218i sigur c\u0103 pentru categoriile conduc\u0103toare era vital s\u0103 r\u0103sp\u00e2ndeasc\u0103 idei conving\u0103toare cu ajutorul nu doar al tradi\u021bionalilor clerici ci \u0219i al ziarelor, mai t\u00e2rziu, al radioului \u0219i al tuturor mijloacelor \u0219i programelor de informare \u00een mas\u0103 ce au urmat. Aceste idei conving\u0103toare sunt v\u0103zute drept cauze directe ale banalei reprezent\u0103ri a superiorit\u0103\u021bii sociale a categoriilor conduc\u0103toare, iar cauzele indirecte sunt mijloacele moderne de informare \u00een mas\u0103. Dar cauzele profunde sunt, cum am v\u0103zut, nevoile muncii ca atare, tipul tehnologiei.<\/p>\n<p style=\"text-align: justify;\">\n<ol style=\"text-align: justify;\" start=\"7\">\n<li>Oamenii obi\u0219nui\u021bi au v\u0103zut ce \u00eenseamn\u0103 educa\u021bia. O modalitate de a-\u0219i \u00eenfrumuse\u021ba via\u021ba. adic\u0103 de a-i da un sens: inclusiv \u00een nu doar a interpreta \u00eentr-un mod mai uman \u2013 deci mai aproape de aspira\u021bia fiec\u0103ruia spre un sens al vie\u021bii \u2013 scripturile, adic\u0103 articul\u0103rile legitimatoare ale <em>statu quo<\/em> cu argumente etice, ci \u00een a le pune sub semnul \u00eentreb\u0103rii. De aceea, unii reprezentan\u021bi ai intelectualilor \/curentul principal al reprezentan\u021bilor intelectualilor \u2013 ce nu \u00een\u021belegeau determinarea istoric\u0103 a diviziunii sociale a muncii \u0219i ce considerau drept criteriu al ordinii sociale pozi\u021bia superioar\u0103 a intelectualilor \u00een fa\u021ba unor mase amorfe \u0219i receptoare umile a \u00eenv\u0103\u021b\u0103turilor intelectualit\u0103\u021bii \u2013 au considerat c\u0103 numai intelectualii sunt cei care trebuie s\u0103-\u0219i transmit\u0103 punctele de vedere despre societate, deoarece numai ei sunt capabil s\u0103-i \u00een\u021beleag\u0103 problemele complexe<a href=\"#_edn9\" name=\"_ednref9\">[ix]<\/a>.<\/li>\n<\/ol>\n<p style=\"text-align: justify;\">Ca urmare, oamenii obi\u0219nui\u021bi au considerat mereu \u2013 cel pu\u021bin din epoca modern\u0103, potrivit literaturii europocentriste \u2013 <em>importan\u021ba social\u0103<\/em> a intelectualit\u0103\u021bii \u0219i a <em>muncii intelectuale<\/em>: dar ei au avut, tot din epoca modern\u0103 european\u0103, \u0219i din cauza ideilor avansate de burghezie, con\u0219tiin\u021ba egalit\u0103\u021bii sociale, adic\u0103 a respect\u0103rii fiec\u0103rei contribu\u021bii\u00a0 la dezvoltarea social\u0103; ceea ce nu e negarea profesionaliz\u0103rii \u0219i a specializ\u0103rii, ci este\u00a0\u00a0 ideea modern\u0103 <em>a egalit\u0103\u021bii sociale dincolo de specializarea profesional\u0103 fireasc\u0103<\/em>, promovat\u0103 tocmai pentru a convinge \u0219i, desigur, o idee asumat de popula\u021bia de jos.<\/p>\n<p style=\"text-align: justify;\">A\u0219adar: este foarte important s\u0103 \u00een\u021belegem c\u0103 aceast\u0103 popula\u021bie\u00a0 <em>nu confund\u0103<\/em> deloc <em>importan\u021ba social\u0103 a muncii intelectuale<\/em> cu <em>superioritatea social\u0103 a intelectualilor<\/em>, deci cu <em>superioritatea condi\u021biilor de trai ale intelectualilor<\/em>. Dimpotriv\u0103, este intui\u021bia ad\u00e2nc\u0103 a popula\u021biei, <em>condi\u021bia social\u0103 demn\u0103 trebuie s\u0103 fie la \u00eendem\u00e2na tuturor, tocmai pentru ca to\u021bi s\u0103 poat\u0103 s\u0103 dezvolte \u0219i s\u0103 ofere societ\u0103\u021bii capacitatea unic\u0103 a fiec\u0103ruia de a \u00een\u021belege \u0219i a crea<\/em>.\u00a0 Ceea ce s-a spus \u00een luptele ideologice a anilor 1990 \u2013 c\u0103 muncitorii rom\u00e2ni ar fi spus \u201enoi muncim, nu g\u00e2ndim\u201d \u2013 este o abera\u021bie promovat\u0103 de cei ce nu \u00een\u021beleg\u00a0 c\u00e2t de profund\u0103, s\u0103 spunem c\u00e2t de spontan intuitiv\u0103, este \u00een\u021belegerea de c\u0103tre oamenii obi\u0219nui\u021bi (cei ce, prin munca lor, asigur\u0103 supravie\u021buirea confortabil\u0103 a intelectualilor) a <em>importan\u021bei\u00a0 muncii intelectuale<\/em>. Orice om \u0219tie c\u0103, indiferent ce munce\u0219te, el g\u00e2nde\u0219te. <em>Separarea <\/em>\u00a0dintre contempla\u021bie \u2013 g\u00e2ndirea \u201egratuit\u0103\u201d pentru\u00a0 a \u00een\u021belege tainele existen\u021bei \u2013 \u0219i g\u00e2ndirea legat\u0103 de <em>problemele concrete ale existen\u021bei fizice a fiec\u0103rui om \u0219i ale rostului\/sensului vie\u021bii fiec\u0103rui om<\/em> a fost promovat\u0103 de intelectualii doritori s\u0103-\u0219i p\u0103streze locul pe un piedestal socotit de ei de nedislocat. Dar procesele din produc\u021bia concret\u0103 de bunuri materiale \u2013 cele f\u0103r\u0103 de care nu se realizeaz\u0103 confortul intelectualilor \u201ecare g\u00e2ndesc\u201d jocuri care nu schimb\u0103 condi\u021bia celor mul\u021bi \u2013 i-au dezmin\u021bit.<\/p>\n<p style=\"text-align: justify;\">\n<ol style=\"text-align: justify;\" start=\"8\">\n<li>Ast\u0103zi, toat\u0103 lumea are acces la ce informa\u021bie are nevoie \u2013 l\u0103s\u00e2nd la o parte, aici, \u0219i limit\u0103rile accesului \u0219i c\u0103 \u0219i informa\u021bia este constr\u00e2ns\u0103 \u00een ofertele publice de limitele ideologice dominante \u2013 deci, l\u0103s\u00e2nd la o parte elementele legate de cercetarea specializat\u0103, toat\u0103 lumea poate s\u0103 aib\u0103 o idee care s\u0103 fundamenteze intui\u021bia profund\u0103 (existent\u0103 \u0219i c\u00e2nd oamenii nu aveau acces la informa\u021bie) despre problemele lumii.<\/li>\n<\/ol>\n<p style=\"text-align: justify;\">Un om care nu are specializarea intelectual\u0103 X nu va \u0219ti, desigur, teoriile legate de specializarea X; dar el va avea intui\u021bia \u2013 corobor\u00e2nd informa\u021biile din <em>n <\/em>domenii \u0219i experien\u021be \u2013 s\u0103 lege cel pu\u021bin unele aspecte studiate de specializarea X, eviden\u021biate \u00een informa\u021biile publice,\u00a0 de altele (studiate de alte discipline specializate), astfel \u00eenc\u00e2t s\u0103 \u00een\u021beleag\u0103 <em>logica lucrurilor<\/em>: \u00een a\u0219a fel \u00eenc\u00e2t s\u0103 \u00een\u021beleag\u0103 \u00een ce sens merge via\u021ba lui zilnic\u0103 \u0219i perspectivele sale s\u0103\u00a0 aib\u0103 un rost \u0219i o semnifica\u021bie, dincolo de cre\u0219terea copiilor s\u0103i.<\/p>\n<p style=\"text-align: justify;\">\u0218i asta se \u00eent\u00e2mpl\u0103 ast\u0103zi: chiar \u0219i atunci c\u00e2nd oamenii primesc numai cli\u0219eele ideologiei dominante, deoarece ei le combin\u0103 cu informa\u021bii care\u00a0 le dau certitudini despre inadverten\u021bele dintre cli\u0219ee \u0219i, pe de alt\u0103 parte, fenomene reale sesizate dincolo de acestea.<\/p>\n<p style=\"text-align: justify;\">Astfel \u00eenc\u00e2t majoritatea popula\u021biei se ridic\u0103 intelectual tocmai cu ajutorul tehnologiei noi \u0219i, odat\u0103 cu aceast\u0103 apropiere de cuno\u0219tin\u021be \u0219i de cunoa\u0219terea ra\u021bional\u0103, ea se convinge odat\u0103 mai mult \u0219i de <em>importan\u021ba cunoa\u0219terii<\/em> \u0219i de caracterul desuet \u0219i incorect al decalajelor \u00een condi\u021biile de trai ale oamenilor. Tocmai gra\u021bie ridic\u0103rii nivelului de cuno\u0219tin\u021be au devenit oamenii convin\u0219i c\u0103 <em>democra\u021bia<\/em> \u2013 dincolo de spectacolul alegerilor \u2013 ca sistem de valori (ca egalitatea \u00een fa\u021ba legii, deci inerent \u00een sens mai larg dec\u00e2t cel referitor la tratamentul inculpa\u021bilor) <em>este fireasc\u0103 \u00een societatea uman\u0103 a interdependen\u021belor<\/em>.<\/p>\n<p style=\"text-align: justify;\">\n<p style=\"text-align: justify;\">\n<ol style=\"text-align: justify;\" start=\"9\">\n<li>Reac\u021bia imediat\u0103 la ra\u021bionamentul de mai sus este aceea a tradi\u021biei vechi \u0219i a caracterului \u201enormal\u201d al diferen\u021bei dintre retribu\u021biile intelectualilor \u0219i ale celorlal\u021bi lucr\u0103tori: doar \u201eprimii aduc (mult) mai mult la avu\u021bia general\u0103\u201d, \u0219i \u201eau \u0219i nevoi mai rafinate\u201d. Dar <em>aceast\u0103 tradi\u021bie se origineaz\u0103 \u00een societatea diviziunii sociale a muncii \u0219i, \u00een acela\u0219i timp, a raporturilor de domina\u021bie-supunere<\/em>. Cu alte cuvinte, \u00een societatea \u00een care condi\u021biile sociale de trai au fost un mijloc principal de diferen\u021biere social\u0103 \u0219i, concret, un mijloc principal de privilegiere a p\u0103turii auxiliare a intelectualilor. Tocmai din aceast\u0103 cauz\u0103 a avut loc \u0219i promovarea asidu\u0103 a ideii c\u0103 importan\u021ba social\u0103 a muncii intelectuale ar fi echivalent\u0103 cu superioritatea condi\u021biilor de trai ale intelectualilor. Dar, dup\u0103 cum am v\u0103zut, odat\u0103 cu av\u00e2ntul revolu\u021biilor industriale moderne, \u0219i nivelul de cultur\u0103 \u0219i diversificarea nevoilor popula\u021biei au crescut, iar ast\u0103zi \u0219i nevoile sale au devenit rafinate \u2013 cu toat\u0103 \u00eendeplinirea lor cu c\u00f3pii de bunuri materiale \u2013. Intelectualii \u2013 de fapt, o parte dintre ace\u0219tia, dac\u0103 avem \u00een vedere opinia comun\u0103 despre intelectual ca de\u021bin\u0103tor de diplome de educa\u021bie superioar\u0103 \u2013 aduc \u00eentr-adev\u0103r mai mult, dar diferen\u021bierea drastic\u0103 a veniturilor \u00eentre categoriile privilegiate (nu neap\u0103rat intelectuale) \u0219i celelalte este o continuare a vechilor privilegii \u0219i, \u00een acela\u0219i timp, este pl\u0103tit\u0103 nu doar cu retribu\u021bii care fac dificil traiul zilnic al non-intelectualilor, ci \u0219i \u2013 aten\u021bie \u2013 al <em>multor categorii de intelectuali<\/em>.<\/li>\n<\/ol>\n<p style=\"text-align: justify;\">\n<ol style=\"text-align: justify;\" start=\"10\">\n<li>Surpriza este, astfel, tocmai <em>tratamentul capitalist al intelectualilor<\/em>: prin <em>prisma raporturilor de clas\u0103<\/em>, funciar discriminante. \u00cen cele de mai sus, a fost eviden\u021biat\u0103 ideea c\u0103 popula\u021bia de r\u00e2nd a fost aceea care, prin educa\u021bia modern\u0103 facilitat\u0103 de cele mai noi tehnologii \u0219i necesar\u0103 \u00een noile tipuri de munc\u0103 \u00eenalt tehnologizate, a mic\u0219orat \u2013 deci de la treapta de jos \u2013 distan\u021ba intelectual\u0103 fa\u021b\u0103 de cei direct antrena\u021bi \u00een profesii intelectuale. Deci \u0219i ideea c\u0103 zdruncinarea piedestalului pe care st\u0103teau intelectualii a pornit, cu ajutorul tehnologiilor mereu cele mai moderne, de jos.<\/li>\n<\/ol>\n<p style=\"text-align: justify;\">Dar <em>nu popula\u021bia a cobor\u00e2t multe categorii de intelectuali de pe piedestal<\/em>. Deoarece acesta nu e doar concep\u021bia general\u0103 despre importan\u021ba muncii intelectuale \u2013 concep\u021bie ce este \u00een mod comun internalizat\u0103 de popula\u021bie, dar avansat\u0103 mereu, \u0219i nu doar de intelectuali, ci tocmai de politicile conduc\u0103toare la care a devenit deja cli\u0219eu \u0219i care ascunde sub el tocmai discrimin\u0103ri sociale \u2013; ci mai ales <em>concep\u021bia despre superioritatea social\u0103, deci \u00eendrituirea la condi\u021bii de retribu\u021bie\/de trai superioare<\/em>. Popula\u021bia a zdruncinat piedestalul \u2013 ce const\u0103 \u0219i \u00een auto-imaginea m\u0103gulitoare a intelectualilor \u2013 dar nu a dat jos intelectualii de pe el: deoarece nu ea decide raporturile economice.<\/p>\n<p style=\"text-align: justify;\">Fiind o categorie birocratic\u0103, intelectualitatea este \u0219i ea structurat\u0103. Sub-categoriei de sus a ei, care are func\u021bii de conducere \u00een subsisteme (ca spitalul, universitatea, teatrul etc.), i-a fost \u00eent\u0103rit piedestalul, deoarece a fost asimilat\u0103 cu clasa conduc\u0103toare \u0219i, \u00een imensa sa majoritate, s-a comportat aidoma acesteia<a href=\"#_edn10\" name=\"_ednref10\">[x]<\/a>. Celelalte sub-categorii \u2013 asisten\u021bii din universit\u0103\u021bile vest-europene, de ex. \u2013 au fost asimilate lucr\u0103torilor, devenind <em>proletari intelectuali<\/em>, termen folosit \u00eenc\u0103 de Eminescu la adresa lui \u00eensu\u0219i. Faptul c\u0103 \u00een Occident universitarii, medicii, actorii etc. fac greve \u2013 \u0219i nu doar manifesta\u021bii pentru obiective sociale generale ca acelea ecologice \u2013 arat\u0103 tocmai aceast\u0103 <em>ierarhizare social\u0103 \u00een s\u00e2nul intelectualit\u0103\u021bii<\/em>.<\/p>\n<p style=\"text-align: justify;\">\n<ol style=\"text-align: justify;\" start=\"11\">\n<li>Dar ce se \u00eent\u00e2mpl\u0103 cu intelectualitatea tehnic\u0103? Pe de o parte, modelul situa\u021biei ei este dat de medici (dac\u0103 vorbim de \u00eentregul personal medical, \u00een\u021belegem odat\u0103 mai mult demonstra\u021bia din capitolul anterior, deci s\u0103 \u00eel l\u0103s\u0103m la o parte acum): tehnica medical\u0103 este din ce \u00een ce mai sofisticat\u0103 \u0219i mai scump\u0103; \u00een limbaj economic, aceast\u0103 tehnic\u0103 e <em>capitalul fix<\/em> \u2013 ce, ast\u0103zi foarte repede, se r\u0103sp\u00e2nde\u0219te \u00een institu\u021biile medicale nu at\u00e2t din umanism, c\u00e2t din concuren\u021ba \u00eentre institu\u021bii \u2013; fiind scump \u0219i absolut necesar, expandarea capitalului fix duce la reducerea beneficiilor medicilor<a href=\"#_edn11\" name=\"_ednref11\">[xi]<\/a>.<\/li>\n<\/ol>\n<p style=\"text-align: justify;\">Am putut deduce din acest exemplu c\u0103, pe de o parte, este vorba de o \u201econcuren\u021b\u0103\u201d \u00eentre capitalul fix \u0219i for\u021ba de munc\u0103; pe de alt\u0103 parte \u2013 \u0219i chiar f\u0103r\u0103 s\u0103 detaliem exemplul medicinii \u2013 c\u0103 exist\u0103 o <em>ierarhizare a intelectualilor \u0219i \u00een func\u021bie de legarea lor de tehnica cea mai nou\u0103 \u0219i mai performant\u0103<\/em>. Deci, dac\u0103 putem spune c\u0103, \u00een general, \u0219i inginerii de r\u00e2nd sunt proletari intelectuali (numai sub-categoriile de conducere, inclusiv a muncii de cercetare \u2013 din medicin\u0103 sau din inginerie \u2013 sunt parte a \u201eelitei\u201d <em>sociale<\/em><a href=\"#_edn12\" name=\"_ednref12\">[xii]<\/a>), trebuie neap\u0103rat s\u0103 specific\u0103m ordinea \u00een care diferitele specialit\u0103\u021bi de ingineri sunt da\u021bi jos de pe piedestal: <em>ordine \u00een func\u021bie de domeniul\/sub-domeniul cel mai nou \u0219i, inerent, cel mai lucrativ<\/em> pentru proprietarii care investesc \u00een <em>economia real\u0103<\/em><a href=\"#_edn13\" name=\"_ednref13\">[xiii]<\/a>; foarte grosier, ast\u0103zi pe piedestal \u2013 adic\u0103 pe nivelul unor retribu\u021bii mai mari dec\u00e2t al altor categorii de ingineri \u2013 stau electroni\u0219tii, informaticienii (cu toate\u00a0 sub-specializ\u0103rile \u0219i limbajele ce se schimb\u0103 \u0219i pe care le cunosc mereu genera\u021biile mai tinere de studen\u021bi\/ingineri ce \u201enatural\u201d iau locul celor care cunosc doar faze anterioare), biotehnologii \u2013. Pe m\u0103sur\u0103 ce capacitatea de programare \u0219i de lucru cu TIC cre\u0219te \u2013 s\u0103 nu uit\u0103m \u201enativii\u201d<a href=\"#_edn14\" name=\"_ednref14\">[xiv]<\/a> \u2013 \u0219i, desigur, pe m\u0103sur\u0103 ce se \u201esimplific\u0103\u201d tehnologia, devenind c\u00e2t mai apropiat\u0103 de procesele naturale (iar \u00een acest proces de simplificare, \u0219i \u0219tiin\u021ba \u0219i filosofia joac\u0103 un rol) \u0219i devine banal\u0103, \u0219i aceste categorii de ingineri vor fi da\u021bi jos de pe soclu.<\/p>\n<p style=\"text-align: justify;\">\n<ol style=\"text-align: justify;\" start=\"12\">\n<li>Dar, \u00eenc\u0103 o dat\u0103, vedem c\u00e2t de artificial este acest proces. Nu e vorba de recunoa\u0219terea importan\u021bei sociale a muncii intelectuale, ci a <em>statutului material superior \u201ecare i se cuvine\u201d<\/em>. Acest statut material superior \u2013 \u0219i indiferent aici de ierarhizarea social\u0103 \u00een cadrul fiec\u0103rui tip de munc\u0103 intelectual\u0103 \u2013 a fost dat \u0219i pentru c\u0103 cei de la putere au avut nevoie de alia\u021bi \u0219i pentru c\u0103 astfel se legitima \u0219i statutul material superior al celor de la putere, inclusiv prin translarea aurei intelectuale asupra lor. Dar <em>logica rela\u021biilor capitaliste a dus la ierarhizarea intelectualilor \u0219i cobor\u00e2rea multor grupuri de pe piedestal<\/em>. Solu\u021bia nu este, fire\u0219te, vreo repunere a tuturor acolo \u2013 tocmai logica economic\u0103 a sistemului nu o permite \u2013 ci o <em>generalizare a veniturilor decente<\/em><a href=\"#_edn15\" name=\"_ednref15\">[xv]<\/a> la nivelul tuturor categoriilor sociale: nivelul actual al \u0219tiin\u021bei \u0219i tehnicii permite \u0219i genereaz\u0103 <em>abunden\u021ba<\/em>, r\u0103sturn\u00e2nd caracteristica istoric\u0103 a societ\u0103\u021bilor umane, raritatea; iar con\u021binutul calit\u0103\u021bii de <em>decent <\/em>este din ce \u00een ce mai clar dat de con\u0219tiin\u021ba ecologic\u0103 \u0219i, mai general, de con\u0219tiin\u021ba critic\u0103 a unei din ce \u00een ce mai mari p\u0103r\u021bi a popula\u021biei de pe Terra.<\/li>\n<\/ol>\n<p style=\"text-align: justify;\">\n<p style=\"text-align: justify;\">\n<ol style=\"text-align: justify;\" start=\"13\">\n<li>Desigur c\u0103 sistemul capitalist caut\u0103 s\u0103 fr\u00e2neze procesele de mai sus, <em>\u00een multe feluri<\/em>. <em>\u00c0 propos<\/em> de problema noastr\u0103, sistemul caut\u0103 s\u0103 p\u0103streze distan\u021bierile sociale prin: cobor\u00e2rea artificial\u0103 a nivelului cultural general (prin standardele cobor\u00e2te ale educa\u021biei de mas\u0103<a href=\"#_edn16\" name=\"_ednref16\">[xvi]<\/a>, prin oferte a-cultural\/a-ra\u021bionale \u00een ceea ce s-a numit <em>tittytainment<\/em>, divertismente ce exalt\u0103 nevoi primare \u00een sistemul dat<a href=\"#_edn17\" name=\"_ednref17\">[xvii]<\/a>), dar \u0219i prin cobor\u00e2rea \u2013 prin confuzionare, a \u2013 nivelului de \u00een\u021belegere ra\u021bional\u0103 coerent\u0103 \u0219i al intelectualilor. Ei sunt educa\u021bi \u00een a\u0219a fel \u00eenc\u00e2t s\u0103 caute principiile ultime ale <em>logos<\/em>-ului universal dar, \u00een acela\u0219i timp, s\u0103 nu fie sensibili la probleme sociale vizibile: s\u0103 nu le vad\u0103, deoarece sunt educa\u021bi \u00een spiritul vechiului individualism.<\/li>\n<\/ol>\n<p style=\"text-align: justify;\">Cercet\u0103tori prestigio\u0219i au eviden\u021biat, \u00eens\u0103, tendin\u021ba nu doar a unirii dintre cele dou\u0103 culturi (\u0219tiin\u021bific\u0103 \u0219i a umanioarelor) ci \u0219i tendin\u021ba <em>logicii cercet\u0103rii \u0219tiin\u021bifice<\/em> \u00eense\u0219i: de a avea un public c\u00e2t mai mare capabil s\u0103 aprecieze teoriile \u0219tiin\u021bifice, deci a <em>comunica direct publicului ideile noi<\/em> care sunt cizelate \u00een cercetare. Aceast\u0103 tendin\u021b\u0103 genereaz\u0103 nivelul ridicat al culturii de mas\u0103, un fel de \u201ea treia cultur\u0103\u201d<a href=\"#_edn18\" name=\"_ednref18\">[xviii]<\/a> de mas\u0103 (dup\u0103 prima, popular\u0103 \u0219i \u00een afara teoriilor \u0219tiin\u021bifice care abia se n\u0103\u0219teau, \u0219i dup\u0103 a doua, a societ\u0103\u021bii primelor trei revolu\u021bii industriale), adic\u0103, \u00een fond \u2013 de\u0219i autorul nu leag\u0103 direct \u2013 specific\u0103 \u0219i necesar\u0103 celei de-a patra revolu\u021bii industriale<a href=\"#_edn19\" name=\"_ednref19\">[xix]<\/a>.<\/p>\n<p style=\"text-align: justify;\">\n<ol style=\"text-align: justify;\" start=\"14\">\n<li>Perioada actual\u0103, de tranzi\u021bie a \u00eentregii lumi spre o civiliza\u021bie nu doar bazat\u0103 pe cele mai noi tehnologii ci \u0219i pe noua abordare a problemelor naturii \u0219i societ\u0103\u021bii \u2013 iar \u00een afara acestei noi abord\u0103ri, viitorul va fi plin de suferin\u021be sociale \u0219i incert \u2013 este, deci, \u0219i timpul \u00een care se coaguleaz\u0103 aceast\u0103 nou\u0103 abordare. Ea este absolut opus\u0103 celei tradi\u021bionale, \u00eent\u0103rite dac\u0103 nu generate de \u201ecea mai bun\u0103 dintre lumile posibile\u201d, ca s\u0103 prelu\u0103m expresia lui Leibniz. De ex., cea tradi\u021bional\u0103 a numit to\u021bi beneficiarii de servicii, <em>clien\u021bi<\/em>. \u00cen noua abordare, se <em>re-trece<\/em> la considerarea tuturor beneficiarilor drept <em>oameni<\/em>: fiecare fiind o fiin\u021b\u0103 unic\u0103 \u0219i irepetabil\u0103., vulnerabil\u0103 f\u0103r\u0103 ajutorul medicilor, profesorilor, inginerilor \u0219i arti\u0219tilor, de fapt, vulnerabil\u0103 f\u0103r\u0103 ajutorul tuturor celorlal\u021bi oameni. Piedestalul apar\u021bine tuturor \u0219i fiec\u0103ruia <em>\u00een m\u0103sura \u00een care este ajutat de to\u021bi ceilal\u021bi <\/em>\u0219i, numai pe aceast\u0103 baz\u0103, \u00een m\u0103sura \u00een care vrea s\u0103 urce.<\/li>\n<\/ol>\n<p style=\"text-align: justify;\">\n<p style=\"text-align: justify;\">\n<p style=\"text-align: justify;\">\n<p style=\"text-align: justify;\">\n<p style=\"text-align: justify;\">\n<p style=\"text-align: justify;\">\n<p style=\"text-align: justify;\">\n<p style=\"text-align: justify;\">\n<p style=\"text-align: justify;\">\n<p style=\"text-align: justify;\"><a href=\"#_ednref1\" name=\"_edn1\">[i]<\/a> Mircea Eliade, \u00a0\u201cMetallurgy, Magic and Alchemy\u201d, <em>Cahiers de Zalmoxis<\/em>, 1939, pp. 3-47.<\/p>\n<p style=\"text-align: justify;\"><a href=\"#_ednref2\" name=\"_edn2\">[ii]<\/a> Ana Bazac, \u201d<em>Esprit de corps<\/em>: Old and New Values of a Significant Social Identity\u201d, <em>Analele Universit\u0103\u021bii din Craiova. Seria Filosofie<\/em>, Nr. 36 (2\/2015), pp. 179-205, \u0219i \u00een<em> Annals of the University of Bucharest, Philosophy Series<\/em>, 2, Number II, 2015, pp.67-96,\u00a0 ap\u0103rut 27 iulie 2016.<\/p>\n<p style=\"text-align: justify;\"><a href=\"#_ednref3\" name=\"_edn3\">[iii]<\/a> Conceptul este metafora nu doar a conduc\u0103torului \u2013 ca la Machiavelli \u2013 ci, aici, a clasei conduc\u0103toare ca atare, inerent restr\u00e2nse.<\/p>\n<p style=\"text-align: justify;\"><a href=\"#_ednref4\" name=\"_edn4\">[iv]<\/a> Erasmus, <em>Lauda prostiei<\/em>, 1509.<\/p>\n<p style=\"text-align: justify;\"><a href=\"#_ednref5\" name=\"_edn5\">[v]<\/a> Moli\u00e8re, <em>M\u00e9decin malgr\u00e9 lui<\/em>, 1666, <em>Le malade imaginaire<\/em>, 1673.<\/p>\n<p style=\"text-align: justify;\"><a href=\"#_ednref6\" name=\"_edn6\">[vi]<\/a> Vezi celebra Baker street, prezent\u0103 \u00een romanele celebre ale lui Conan Doyle.<\/p>\n<p style=\"text-align: justify;\"><a href=\"#_ednref7\" name=\"_edn7\">[vii]<\/a> C.P. Snow, <em>The Two Cultures and the Scientific Revolution<\/em> (1959), London, Cambridge University Press, 2001.<\/p>\n<p style=\"text-align: justify;\"><a href=\"#_ednref8\" name=\"_edn8\">[viii]<\/a> Dar s\u0103 nu uit\u0103m: instrumentele tot oamenii le creeaz\u0103, iar la \u00eenceput nu \u201eintelectualii\u201d \u2013 dec\u00e2t dac\u0103 folosim acest cuv\u00e2nt \u00een sens metaforic \u2013 ci tocmai cei implica\u021bi \u00een \u201emunca de jos\u201d: arhitec\u021bii, inginerii, muncitorii.<\/p>\n<p style=\"text-align: justify;\"><a href=\"#_ednref9\" name=\"_edn9\">[ix]<\/a> Nicolas Berdiaeff, <em>Destin de l\u2019homme dans le monde actuel (Pour comprendre notre temps)<\/em>, Paris, Librairie Stock, 1936.<\/p>\n<p style=\"text-align: justify;\"><a href=\"#_ednref10\" name=\"_edn10\">[x]<\/a> Vezi de ex. Annie Lacroix-Riz, <em>Le<\/em> <em>Choix de la d\u00e9faite\u00a0: les \u00e9lites fran\u00e7aises dans les ann\u00e9es 1930<\/em>, Paris, Armand Colin, 1<sup>e<\/sup>\u00a0\u00e9dition, 2006, nouvelle \u00e9dition compl\u00e9t\u00e9e et r\u00e9vis\u00e9e, 2010.<\/p>\n<p style=\"text-align: justify;\"><a href=\"#_ednref11\" name=\"_edn11\">[xi]<\/a> Faptul c\u0103 din c\u00e2nd \u00een c\u00e2nd \u2013 practic, atunci c\u00e2nd nevoia de medici este mai mare dec\u00e2t \u201epruden\u021ba economic\u0103\u201d ce trebuie s\u0103 compenseze pre\u021bul capitalului medical fix cu pre\u021bul mai redus la for\u021bei de munc\u0103 medicale \u2013 se cresc salariile medicilor este rezultatul presiunii medicilor:de ex., ei pleac\u0103 &#8211; \u0219i nu doar din Rom\u00e2nia \u2013 acolo unde, pe acela\u0219i loc social cobor\u00e2t de pe piedestal, c\u00e2\u0219tig\u0103 totu\u0219i mai mult dec\u00e2t \u00een \u021bara de origine. Oare ne e at\u00e2t de greu s\u0103 \u00een\u021belegem c\u0103, din punct de vedere social, \u0219i medicii sunt proletari, indivizi care \u00ee\u0219i v\u00e2nd for\u021ba de munc\u0103 pentru salariu? \u0218i care, dat fiind c\u0103 munca lor nu nu serve\u0219te \u00een mod direct capitalul \u2013 ci doar indirect \u2013 sunt socoti\u021bi ca parte a unui <em>serviciu<\/em> \u201epe care trebuie s\u0103-l pl\u0103teasc\u0103 tot capitalul, cu sau f\u0103r\u0103 ajutorul statului\u201d, deci mult mai pu\u021bin importan\u021bi dec\u00e2t cercetarea tehnologic\u0103 ce este deja, <em>for\u021b\u0103 de produc\u021bie<\/em>, parte direct\u0103 a \u00eennoirii \u0219i deci a profitului privat.<\/p>\n<p style=\"text-align: justify;\"><a href=\"#_ednref12\" name=\"_edn12\">[xii]<\/a> Distingem, desigur, \u00eentre elita <em>social\u0103<\/em> (cei lega\u021bi de puterea economic\u0103 \u0219i politic\u0103) \u0219i elita <em>profesional\u0103<\/em>.<\/p>\n<p style=\"text-align: justify;\"><a href=\"#_ednref13\" name=\"_edn13\">[xiii]<\/a> Termenul desemneaz\u0103 \u00eentreaga economie <em>minus cea financiar\u0103<\/em>.<\/p>\n<p style=\"text-align: justify;\"><a href=\"#_ednref14\" name=\"_edn14\">[xiv]<\/a> Mark Prensky, \u201cDigital Natives, Digital Immigrants\u201d, <em>On the Horizon<\/em>, MCB University Press, Vol. 9, No. 5, October 2001, pp. 1-9.<\/p>\n<p style=\"text-align: justify;\"><a href=\"#_ednref15\" name=\"_edn15\">[xv]<\/a> Ast\u0103zi, criza ecologic\u0103 general\u0103 face ca s\u0103 se schimbe chiar tipul de consum general \u0219i s\u0103 se revizuiasc\u0103 sistemul nevoilor. Mi\u0219c\u0103rile pentru cre\u0219terea puterii de cump\u0103rare a majorit\u0103\u021bii popula\u021biei nu sunt simple cereri de salarii etc., ci au \u00een vedere \u0219i absurditatea concentr\u0103rii bog\u0103\u021biei \u2013 \u00een detrimentul nu doar al majorit\u0103\u021bii ci \u0219i al naturii \u0219i, desigur, avem \u00een vedere nu o \u021bar\u0103, ci globul \u2013 \u0219i caracterul aberant al consumerismului. \u00cen acest sens, perioada actual\u0103 este aceea \u00een care oamenii \u00eenva\u021b\u0103 \u2013 cu toate piedicile puse \u2013 \u00eempotriva a ce s\u0103 protesteze \u0219i ce trebuie s\u0103 fac\u0103 pentru ca s\u0103 nu mai fie nevoie s\u0103 manifesteze mereu.<\/p>\n<p style=\"text-align: justify;\"><a href=\"#_ednref16\" name=\"_edn16\">[xvi]<\/a> Jean-Claude Mich\u00e9a,\u00a0<em>L&#8217;enseignement de l&#8217;ignorance<\/em> <em>et ses conditions modernes<\/em>, Paris, Climats, 2006.<\/p>\n<p style=\"text-align: justify;\"><a href=\"#_ednref17\" name=\"_edn17\">[xvii]<\/a> Zbigniew Brzezinski, 1995.<\/p>\n<p style=\"text-align: justify;\"><a href=\"#_ednref18\" name=\"_edn18\">[xviii]<\/a> John Brockman, <em>The Third Culture:<\/em> <em>Beyond the Scientific Revolution<\/em>, New York, Simon &amp; Schuster, 1995.<\/p>\n<p style=\"text-align: justify;\"><a href=\"#_ednref19\" name=\"_edn19\">[xix]<\/a> Klaus Schwab, <em>The Fourth Industrial Revolution<\/em>, Geneva, World Economic Forum, 2016.<\/p>\n","protected":false},"excerpt":{"rendered":"<p>de Ana Bazac Metafora pe care am folosit-o \u00een titlu \u2013 cobor\u00e2rea de pe piedestal \u2013 nu este legat\u0103 defel de politic\u0103 \u00een mod vulgar, nu este vreo bucurie sarcastic\u0103 \u00een fa\u021ba pierderilor \u0219i c\u00e2\u0219tigurilor unor oameni politici mult dep\u0103\u0219i\u021bi de problemele reale; ci a pornit de la atitudinea actual\u0103 a societ\u0103\u021bii fa\u021b\u0103 de medici\/personalul [&hellip;]<\/p>\n","protected":false},"author":2,"featured_media":0,"comment_status":"open","ping_status":"open","sticky":false,"template":"","format":"standard","meta":{"jetpack_post_was_ever_published":false,"_jetpack_newsletter_access":"","_jetpack_dont_email_post_to_subs":false,"_jetpack_newsletter_tier_id":0,"_jetpack_memberships_contains_paywalled_content":false,"_jetpack_memberships_contains_paid_content":false,"footnotes":""},"categories":[1408,27],"tags":[613,1409,1117],"class_list":["post-12805","post","type-post","status-publish","format-standard","hentry","category-egophobia-61","category-filosofie","tag-ana-bazac","tag-egophobia-61","tag-filosofie"],"jetpack_featured_media_url":"","jetpack_sharing_enabled":true,"jetpack_shortlink":"https:\/\/wp.me\/p6DakB-3kx","_links":{"self":[{"href":"https:\/\/egophobia.ro\/index.php?rest_route=\/wp\/v2\/posts\/12805","targetHints":{"allow":["GET"]}}],"collection":[{"href":"https:\/\/egophobia.ro\/index.php?rest_route=\/wp\/v2\/posts"}],"about":[{"href":"https:\/\/egophobia.ro\/index.php?rest_route=\/wp\/v2\/types\/post"}],"author":[{"embeddable":true,"href":"https:\/\/egophobia.ro\/index.php?rest_route=\/wp\/v2\/users\/2"}],"replies":[{"embeddable":true,"href":"https:\/\/egophobia.ro\/index.php?rest_route=%2Fwp%2Fv2%2Fcomments&post=12805"}],"version-history":[{"count":1,"href":"https:\/\/egophobia.ro\/index.php?rest_route=\/wp\/v2\/posts\/12805\/revisions"}],"predecessor-version":[{"id":12806,"href":"https:\/\/egophobia.ro\/index.php?rest_route=\/wp\/v2\/posts\/12805\/revisions\/12806"}],"wp:attachment":[{"href":"https:\/\/egophobia.ro\/index.php?rest_route=%2Fwp%2Fv2%2Fmedia&parent=12805"}],"wp:term":[{"taxonomy":"category","embeddable":true,"href":"https:\/\/egophobia.ro\/index.php?rest_route=%2Fwp%2Fv2%2Fcategories&post=12805"},{"taxonomy":"post_tag","embeddable":true,"href":"https:\/\/egophobia.ro\/index.php?rest_route=%2Fwp%2Fv2%2Ftags&post=12805"}],"curies":[{"name":"wp","href":"https:\/\/api.w.org\/{rel}","templated":true}]}}