{"id":12808,"date":"2019-12-02T21:25:30","date_gmt":"2019-12-02T19:25:30","guid":{"rendered":"http:\/\/egophobia.ro\/?p=12808"},"modified":"2019-12-02T21:25:30","modified_gmt":"2019-12-02T19:25:30","slug":"urzeala-generatiilor","status":"publish","type":"post","link":"https:\/\/egophobia.ro\/?p=12808","title":{"rendered":"Urzeala Genera\u021biilor"},"content":{"rendered":"<p style=\"text-align: right;\">de \u0218tefan Mardale<\/p>\n<p style=\"text-align: justify;\">S-a scris mult despre conflictul genera\u021biilor. O sumedenie de oameni foarte bine preg\u0103ti\u021bi au l\u0103sat importante materiale. Unii chiar cu scheme, sublinieri \u0219i s\u0103getu\u021be colorate aflate \u00een diverse pozi\u021bii. Ce s-ar putea ad\u0103uga la acestea toate? Poate doar experien\u021be personale. De aceea a\u0219 vrea s\u0103 punctez c\u00e2teva dintre cele avute, mai ales cu persoane al\u0103turi de care am tr\u0103it mul\u021bi ani, ele fiind mama, tata \u0219i tanti Ghizi .<\/p>\n<p style=\"text-align: justify;\"><!--more--><\/p>\n<p style=\"text-align: justify;\">Primul \u0219oc a fost \u00eenainte de alegerile Duminicii Orbului \u00een 1990. La televizor vorbea un nene cu musta\u021b\u0103 \u0219i cioc. \u00cen camer\u0103 intr\u0103 tata se uit\u0103 spre cel din ecran \u0219i imediat \u00eencepe s\u0103 boscorodeasc\u0103 ceva de \u021b\u0103r\u0103ni\u0219ti. A durat ceva p\u00e2n\u0103 s\u0103-mi revin din uimire. Musta\u021ba cu cioc era din banda celui despre care se \u0219tia de mai bine de dou\u0103 decenii c\u0103 \u00eei va urma lui Ceau\u0219escu la conducerea Rom\u00e2niei. Cel din televizor fusese securist prin zona de nord a \u021b\u0103rii, unde \u00eentr-o noapte omor\u00e2se cu autoturismul doi ciobani. I-am zis al cui e \u0219oferul iadului. Nu a avut replic\u0103.<\/p>\n<p style=\"text-align: justify;\">\n<p style=\"text-align: justify;\">Realizez acum c\u0103 tata avea atunci doar 51 de ani, cu patru ani mai t\u00e2n\u0103r dec\u00e2t cel ce scrie aici. Au venit primele alegeri. Pe drum spre sec\u021bia de votare am auzit persoane care spuneau c\u00e2t s\u0103 aud\u0103 clar cei din jur c\u0103 Ra\u021biu va vinde \u021bara. Eu \u0219i cu sora mea ne g\u00e2ndisem serios cu c\u00e2teva zile \u00eenainte de votare s\u0103 le ascundem a lor no\u0219tri buletinele de identitate. Am discutat \u0219i ne-am zis c\u0103 nu putem avea prea multe preten\u021bii. Am\u00e2ndoi absolviser\u0103 patru clase primare, cum spunea mama \u201e\u0219i alea, mai mult cu oile pe malul C\u0103lm\u0103\u021buiului\u201d. Ne-am amintit cum \u00een urm\u0103 cu c\u00e2\u021biva ani \u00eencercasem s\u0103-l facem pe tata s\u0103 citeasc\u0103 o carte. Ar fi fost prima din via\u021ba lui. \u00centr-o duminic\u0103, dup\u0103 masa de pr\u00e2nz, ne povestise cum i-a luat el ap\u0103rarea unui coleg de munc\u0103, tractorist ca \u015fi el, \u00een cadrul \u0219edin\u021bei de partid de la ferma agricol\u0103 Stejarul, undeva aproape de Br\u0103ila. I-am zis s\u0103 ne spun\u0103 \u0219i nou\u0103 luarea de cuv\u00e2nt. B\u0103use ceva, era bine dispus. S-a ridicat \u00een picioare \u0219i a \u00eenceput cu seriozitate cuv\u00e2ntarea. Idei bune, voce impozant\u0103, intona\u021bie potrivit\u0103. Mama \u00eel privea ne\u00eencrez\u0103toare, eu cu sor-mea ne ab\u021bineam cu greu s\u0103 nu izbucnim \u00een r\u00e2s. \u00cen afara dezacordurilor frecvente avea momente c\u00e2nd folosea cuvinte st\u00e2lcite, nepotrivite sensului. Sor\u0103 mea doar ie\u0219ise din perioada de cap\u0103, spad\u0103 \u0219i regine, asta dup\u0103 ce credeam c\u0103 va r\u0103m\u00eene ve\u0219nic \u00een \u00eemp\u0103r\u0103\u021bia celor 1001 de nop\u021bi. Duminica urm\u0103toare tata a \u00eenceput s\u0103 citeasc\u0103 Cei trei mu\u0219chetari. Era la prima sau a doua pagin\u0103 c\u00e2nd \u00eel auzim spun\u00e2nd. Cum poate s\u0103 se a\u0219eze pe \u0219li\u021b? Eram \u0219i noi curio\u0219i, sor\u0103-mea \u00eei ia cartea \u0219i o bufne\u0219te r\u00e2sul. Pe jil\u021b, tata, e scaunul \u0103la pentru regi sau boieri. Nu a mai reluat. Probabil avea foarte multe cuvinte necunoscute. Nu cred c\u0103 am procedat bine, trebuia ceva din mediul \u021b\u0103r\u0103nesc, poate Morome\u021bii.<\/p>\n<p style=\"text-align: justify;\">\n<p style=\"text-align: justify;\">Dup\u0103 1989 tata a urmat o traiectorie incredibil de liniar\u0103. Niciuna dintre \u00eencerc\u0103rile mele de a-i prezenta alt\u0103 fa\u021bet\u0103 nu a func\u021bionat. Printre altele, i-am recomandat filmul Tic\u0103lo\u0219ii unde jucau o sumedenie de mari actori, asta ca s\u0103 vad\u0103 de ce avem at\u00e2\u021bia mini\u0219tri cu mul\u021bi secretari de stat, mult mai mul\u021bi dec\u00e2t au mini\u0219trii unor \u021b\u0103ri mult mai mari ca Rom\u00e2nia. Nu l-a v\u0103zut. I-am f\u0103cut cadou dou\u0103 c\u0103r\u021bi. \u00cen prima era vorba de interviuri cu \u021b\u0103rani din Vrancea care au participat la revolte \u00eempotriva colectiviz\u0103rii. La \u00een\u0103bu\u0219irea s\u00e2ngeroas\u0103 a mi\u0219c\u0103rii din Vadu-Ro\u0219ca, unde nou\u0103 \u0163\u0103rani au fost uci\u015fi de gloan\u0163e (Aurel Dimofte, Ionu\u0163 Cristea, Ion Arcan, Dumitru Cr\u0103ciun, Toader Cr\u0103ciun, Stroie Cr\u0103ciun, Dumitru Marin, Marin Mihai, Dana Radu) \u015fi al\u0163i 48 au fost r\u0103ni\u0163i, represiunea a fost condus\u0103 de Nicolae Ceau\u0219escu fa\u021b\u0103 de care tata are o admira\u021bie deosebit\u0103, dup\u0103 ce \u00een ultimii ani ai ceau\u0219ismului \u00eel \u00eenjura aproape \u00een fiecare sear\u0103 c\u00e2nd venea acas\u0103. Speram s\u0103 vad\u0103 \u0219i faptul c\u0103 \u021b\u0103ranii care nu furau de la CAP, \u0219i nu peste tot era u\u0219or de furat, o duseser\u0103 foarte prost. A doua carte era cu r\u0103d\u0103cini puternice \u00een mediul \u021b\u0103r\u0103nesc, o autobiografie a bunicului poetului Florin Caragiu. Dumitru Caragiu se n\u0103scuse \u00eentr-o familie de p\u0103stori undeva \u00een Grecia \u00een mun\u021bii Pindului. Pe la 30 de ani a plecat undeva \u00een Cadrilater, apoi a ajuns \u00een Rom\u00e2nia.<\/p>\n<p style=\"text-align: justify;\">\n<p style=\"text-align: justify;\">Tata a avut un moment de trezire c\u00e2nd, ca s\u0103-i explic e\u015fecul economic al ceau\u0219ismului, am f\u0103cut o paralel\u0103 \u00eentre industria, agricultura rom\u00e2neasc\u0103 de atunci \u015fi Dacia lui cump\u0103rat\u0103 pe 1 Septembrie 1983, care func\u0163ioneaz\u0103 impecabil \u015fi acum \u00een 2019. Tu, dac\u0103 nu-i d\u0103deai ce-i trebuie ma\u015finii \u0103steia, mai aveai parte de ea acum? Nu, zice repede. Uite a\u015fa nu mai avem noi parte de industria de-atunci, c\u0103 am vrut s\u0103 ne pl\u0103tim datoriile, s\u0103 s\u0103p\u0103m un inutil nou bra\u021b al Dun\u0103rii, s\u0103 construim combinate sau termocentrale falimentare \u0219i o nou\u0103, mai mare cas\u0103 a sc\u00e2nteii. Nu-mi povesteai tu c\u0103 d\u0103deai \u0219pag\u0103 ca s\u0103 faci rost de ulei sau piese de schimb, spre deosebire de anii 70 c\u00e2nd le avea\u021bi la discre\u021bie? C\u0103 \u00een ultimii ani repara\u021biile capitale erau defapt ni\u0219te c\u00e2rpeli. Despre combinele alea care st\u0103teau la marginea lanului pentru c\u0103 marea \u0219i performanta noastr\u0103 industrie nu putea s\u0103 fac\u0103 ni\u0219te am\u0103r\u00e2te de curele, nu tot tu \u00eemi povesteai? Veneam de la \u021bar\u0103, ne aflam \u00een autoturismul pomenit \u0219i \u00een zare se vedeau cl\u0103dirile fostului combinat de celuloz\u0103 \u0219i h\u00e2rtie. Nu a mai scos o vorb\u0103 p\u00e2n\u0103 acas\u0103, m\u0103 g\u00e2ndeam c\u0103 l-am l\u0103murit.<\/p>\n<p style=\"text-align: justify;\">\n<p style=\"text-align: justify;\">\u0218i mama avea pitici cu \u021b\u0103r\u0103ni\u0219tii. Mi-a povestit despre felul cum ascundeau toate alea atunci c\u00e2nd veneau ace\u0219tia s\u0103 le ia d\u0103rile. Prima oar\u0103 nu mi-a picat fisa, a doua oar\u0103 o \u00eentreb c\u00e2\u021bi ani avea. Se g\u00e2nde\u0219te pu\u021bin \u0219i zice, eram m\u0103ri\u0219oar\u0103, vreo 8-9 ani. N\u0103scut\u0103 pe 1 Octombrie 1942 a f\u0103cut singur\u0103 socoteala \u0219i a t\u0103cut.<\/p>\n<p style=\"text-align: justify;\">\n<p style=\"text-align: justify;\">Exemplele ar putea umple multe pagini. Revenind la tata, am observat cum dac\u0103-i critici idolii cu argumente de net\u0103g\u0103duit, f\u0103r\u0103 excep\u021bie spune c\u0103 \u0219i ceilal\u021bi sunt la fel. \u0218i tineretul, zic eu. \u0218i, zice, to\u021bi sunt la fel. \u0218i Drago\u0219 e ho\u021b \u0219i prost. A t\u0103cut. Era vorba de nepotul lui pe care \u00eel admir\u0103.<\/p>\n<p style=\"text-align: justify;\">\n<p style=\"text-align: justify;\">Anul trecut a venit vorba de conduc\u0103toarea guvernului \u0219i gre\u0219elile ei de gramatic\u0103. Las\u0103 c\u0103 \u0219i Johannis e la fel, zice repede tata. \u00cei r\u0103spund c\u0103 eu nu l-am auzit niciodat\u0103 cu asemenea gre\u0219eli, \u0219i \u00eei reamintesc c\u0103 eu l-am votat ca r\u0103u mai mic. Ei, na, l-am auzit eu. Am dat s\u0103 m\u0103 ridic de la mas\u0103, dar m-am r\u0103zg\u00e2ndit \u0219i l-am \u00eentrebat. Explic\u0103-mi, te rog, ce e un dezacord gramatical.<\/p>\n<p style=\"text-align: justify;\">\n<p style=\"text-align: justify;\">Nu a\u0219 fi scris acestea dac\u0103 acum c\u00e2teva luni nu s-ar fi pornit s\u0103 laude comportamentul ru\u0219ilor care au trecut pe aici \u00een al doilea r\u0103zboi mondial. Ascultam uimit ce bestii erau nem\u021bii. Nu \u0219tia nicio \u00eent\u00e2mplare, erau bestii a\u0219a \u00een general pentru c\u0103 el nu-l suport\u0103 pe Johannis. Totu\u0219i, \u00eei spun, bunicile mele \u0219i alte rude mi-au spus altceva, ba, mamaia Ceacearoaica (mama lui) mi-a povestit cum o rusoaic\u0103 ofi\u021ber, probabil comisar, a condamnat la urgen\u021b\u0103 doi solda\u021bi care violaser\u0103 o copil\u0103. Au fost \u00eempu\u0219ca\u021bi chiar l\u00e2ng\u0103 sat la intrarea dinspre Spiru. \u0218i p\u00e2n\u0103 la urm\u0103 tu aveai cinci ani \u00een 1944, i-am mai spus. Nu a comentat.<\/p>\n<p style=\"text-align: justify;\">\n<p style=\"text-align: justify;\">Din nefericire, cu mici excep\u021bii, mai toate rudele chiar \u0219i unele mai tinere au cam acelea\u0219i p\u0103reri \u0219i cam acela\u0219i sc\u0103zut grad de cultur\u0103. Oameni care nu au apucat s\u0103 cunoasc\u0103 ce a fost \u00eenainte de comuni\u0219ti, \u0219i au crescut altfel dec\u00e2t crescuse genera\u021bia dinainte. Chiar \u0219i or\u0103\u0219enii au sim\u021bit asta, dar cei de la \u021bar\u0103, cum sunt rudele mele, nu au mai putut beneficia de educa\u021bia care se f\u0103cea la \u0219ez\u0103tori. Acolo, prin c\u00e2ntece, snoave, poezii, se fundamentau o sumedenie de valori. Ei nu au mai avut parte de a\u0219a ceva. O prieten\u0103 etnograf mi-a povestit c\u0103 a \u00eent\u00e2lnit \u00een cercet\u0103rile de teren \u021b\u0103rani care f\u0103cuser\u0103 pu\u0219c\u0103rie pentru vina de a se aduna la \u0219ez\u0103tori \u0219i a c\u00e2nta colinde. Tata \u0219i mul\u021bi al\u021bii ca el le-au prins doar c\u00e2nd erau prea mici. Mi-a povestit acum c\u00e2\u021biva ani cum, pe c\u00e2nd era un \u021b\u00e2nc, chiar fiind foarte friguros, st\u0103tea ag\u0103\u021bat cu orele \u0219i tremura la geamurile caselor unde se desf\u0103\u0219urau astfel de adun\u0103ri. De ce nu \u00eei primeau? Din lips\u0103 de spa\u021biu, casele nu erau prea mari \u0219i aveau prioritate fl\u0103c\u0103ii \u0219i fetele ce se apropiau de m\u0103ritat. Prin aceste obiceiuri, \u00een condi\u021bii normale, \u021b\u0103ranii de atunci primeau mai mult\u0103 cultur\u0103 dec\u00e2t primesc acum nec\u0103ji\u021bii cei mul\u021bi de la ora\u0219 sau sat care se uit\u0103 cu orele \u00een fa\u021ba televizoarelor. Acolo cine spunea o poezie, o snoav\u0103, un c\u00e2ntec, chiar avea talent, spre deosebire de majoritatea ar\u0103t\u0103rilor ce s-au ivit \u00een ultimile decenii, mai ales pe la televiziuni debit\u00e2nd tot felul de inep\u021bii.<\/p>\n<p style=\"text-align: justify;\">\n<p style=\"text-align: justify;\">Ai mei au avut \u00een gazd\u0103 o femeie care mi-a fost ca o bunic\u0103. Timi\u0219oreanc\u0103 de origine, tat\u0103l ei era n\u0103scut la Viena, ea venise la Br\u0103ila urm\u00e2ndu-\u0219i so\u021bul care f\u0103cuse facultatea de arhitectur\u0103 \u00een ora\u0219ul de pe Bega. Tanti Ghizi mi-a l\u0103udat regele de c\u00e2nd eram mic. Cum venea el la Timi\u0219oara \u0219i oamenii \u00eel \u00eent\u00e2mpinau f\u0103r\u0103 s\u0103-i oblige nimeni, ba mai scoteau \u0219i covoarele pe balcoane.<\/p>\n<p style=\"text-align: justify;\">\n<p style=\"text-align: justify;\">Dup\u0103 lovilu\u021bia din 1989 la conducerea televiziunii rom\u00e2ne, ca din \u00eent\u00e2mplare, a ajuns cumnatul celui despre care se \u0219tia cu mul\u021bi ani \u00een urm\u0103 c\u0103-i va urma lui ceau\u0219escu la conducerea \u021b\u0103rii. La televiziunea (anti)na\u021bional\u0103 s-a aflat ceva mai t\u00e2rziu c\u0103 un renumit realizator de programe de divertisment, Tudor Vornicu fusese ofi\u021ber de securitate. I. D. S\u00eerbu confirm\u0103 acest fapt \u00een coresponden\u021ba sa. Nu cred c\u0103, mai ales cei de la \u0219tiri aveau un altfel de trecut. Dup\u0103 c\u00e2teva luni de uitat la aceast\u0103 televiziune, la prima alungare post-lovilu\u021bional\u0103 a Regelui Mihai \u00een 1990, am auzit-o pe tanti Ghizi spun\u00e2nd: ce mai caut\u0103 \u0219i bo\u0219orogul \u0103sta? \u0218i ea era o femeie educat\u0103, urmase cel mai bun pension din Timi\u0219oara, o femeie frumoas\u0103 cu grij\u0103 fa\u021b\u0103 de \u021binuta ei p\u00e2n\u0103 la ob\u0219tescul sf\u00e2r\u0219it, mai citea \u0219i c\u0103r\u021bi, dar cam dintre acelea ce m\u0103resc glicemia spiritual\u0103. Detesta s\u0103 aud\u0103 cuv\u00e2ntul bab\u0103. Ea era n\u0103scut\u0103 \u00een 1913 iar \u201ebo\u0219orogul\u201d \u00een &#8230; 1921?<\/p>\n<p style=\"text-align: justify;\">\n<p style=\"text-align: justify;\">To\u021bi v\u00e2ndu\u021bii acestei \u021b\u0103ri \u0219i-au b\u0103tut joc de genera\u021bia p\u0103rin\u021bilor mei de la tinere\u021be p\u00e2n\u0103 la b\u0103tr\u00e2ne\u021be. \u0218i-au b\u0103tut joc de munca \u0219i de via\u021ba lor. \u00cen ultimii ani mi-am propus s\u0103 nu mai deschid discu\u021bii pe aceast\u0103 tem\u0103. Am evitat subiectul din team\u0103. Dac\u0103 ar \u00een\u021belege felul real \u00een care au decurs lucrurile, urm\u0103rile ar putea fi teribile. Dup\u0103 ce prin 2012 unii dintre batjocoritorii arginta\u021bi au \u00eenceput s\u0103 ajung\u0103, mai mult decorativ, \u00een pu\u0219c\u0103rii, peste Rom\u00e2nia s-a rev\u0103rsat un uria\u0219 val de m\u00e2rl\u0103nie \u0219i dezinformare. Mult mai r\u0103u dec\u00e2t la telejurnalele de pe vremea \u00eempu\u0219catului. Atunci \u0219tiai cum vine treaba. Acum, \u00een ultimii ani, ca exemplu, la mult mai lungile telejurnale timp de o or\u0103 \u021bi se poveste\u0219te ce jigodie e un om care s-a dus cu copilul la o demonstra\u021bie pa\u0219nic\u0103, de parc\u0103 \u0219i-ar fi luat micu\u021bul pe front \u00een linia \u00eent\u00e2i. M\u0103 rog, \u00een capul acestor telejurnali\u0219ti e un r\u0103zboi complex, ca mai toate r\u0103zboaiele, unul foarte bine finan\u021bat. M\u00e2nuitorii acestei ma\u0219in\u0103rii sunt sculele importante ale fostului regim comunist. Dup\u0103 1989 st\u00e2lpii fostei puteri nu s-au retras la gr\u0103din\u0103rit sau citit. Au creat pe fa\u021b\u0103 tot felul de institu\u021bii \u0219i servicii. Pe ascuns au f\u0103cut mult mai multe \u0219i cred c\u0103 s-au distrat copios mai ales privind spectacolul de la televizor. Ei \u00een mod direct sau copiii lor de drept sau de ro\u0219u suflet. M\u0103 ab\u021bin cu greu s\u0103 nu-i blestem pe ei \u0219i urma\u0219ii urma\u0219ilor lor. Cred c\u0103 a\u0219 repeta o grav\u0103 gre\u0219eal\u0103 pentru c\u0103 probabil dup\u0103 1989 ne conduc cei blestema\u021bi odinioar\u0103, de unii dintre ai no\u0219tri, altfel nu se explic\u0103 at\u00e2ta ho\u0163ie \u015fi indiferen\u021b\u0103.<\/p>\n<p style=\"text-align: justify;\">\n<p style=\"text-align: justify;\">Ar trebui schimbat\u0103 placa. A\u0219 schimba urzeala cit\u00e2nd-o pe mama mamei, v\u0103duv\u0103 de r\u0103zboi care a crescut singur\u0103 patru copii, de\u0219i, av\u00e2nd ceva p\u0103m\u00e2nt, a primit mai multe cereri \u00een c\u0103s\u0103torie. Bunica avea o singur\u0103 form\u0103 de \u00eenjur\u0103tur\u0103 atunci c\u00e2nd o sup\u0103ram noi nepo\u021bii sau oricine altcineva. Spunea rar \u0219i ap\u0103sat: Potopi-v-ar Dumnezeu! De fapt pronun\u021ba potochi-v-ar.<\/p>\n<p style=\"text-align: justify;\">\n<p style=\"text-align: justify;\">Totu\u0219i, pentru ca zic\u0103tura bunicii s\u0103 nu lase un gust amar unora, care asemeni lui Louis Bunuel mul\u021bumesc lui Dumnezeu c\u0103 sunt atei, lini\u0219ti\u021bi ce-i drept, voi da un citat din cartea \u00centre Phoenix \u0219i &#8230; Le Corbusier, o carte \u00een care Costin Petrescu dialogheaz\u0103 cu Nelu Stratone. Renumitul tobo\u0219ar al celebrei forma\u021bii a fost \u0219i un arhitect bine cotat \u00een Fran\u021ba. Iat\u0103 ce poveste\u0219te el despre \u00eencercarea din 1996 de a cump\u0103ra un teren \u0219i o construc\u021bie pe malul Her\u0103str\u0103ului, construc\u021bie care avea s\u0103 devin\u0103 sediul unei televiziuni de actual\u0103 trist\u0103 amintire: \u201cPentru terenul pe care s-ar fi construit acest mare centru, trebuia ob\u021binut\u0103 aprobarea c\u00e2torva propietari care erau implica\u021bi \u00een acest proiect \u0219i care f\u0103ceau parte din consiliul de administra\u021bie. Ei bine domnilor, to\u021bi ace\u0219ti proprietari erau ni\u0219te securi\u0219ti cu trese importante, ascunse, care se erijau \u00een de\u021bin\u0103tori legali, dar care luaser\u0103 aceste terenuri for\u021bat prin diverse manevre frauduloase.\u201d<\/p>\n<p style=\"text-align: justify;\">\n<p style=\"text-align: justify;\">Bucure\u0219ti 2013, o zi de februarie luminoas\u0103 \u0219i nefiresc de cald\u0103, dup\u0103 o s\u0103pt\u0103m\u00e2n\u0103 cu ceva ninsori \u0219i ger greu. Unde mai pui c\u0103 nu cu mult \u00eenainte, pe 22 Decembrie 2012 fusese ultimul mult tr\u00e2mbi\u021bat sf\u00e2r\u0219it al lumii. \u00cen sta\u021bia RATB de la P-\u021ba Gala\u021bi spre Foi\u0219or, un autobuz sta\u021bioneaz\u0103 mai mult dec\u00e2t o f\u0103cea \u00een mod normal. C\u0103l\u0103torii de pe sc\u0103ri, ca \u0219i cei din interior, aproape to\u021bi oameni la v\u00e2rsta a treia, nu vor s\u0103 renun\u021be. Dup\u0103 ceva negocieri e\u0219uate, \u0219oferul opre\u0219te motorul. Posibil, \u021bin\u00e2ndu-se cu greu de barele u\u0219ilor, mul\u021bi deja se visau tineri. Pe atunci se mergea zilnic \u00een condi\u021biile astea, mai ales la orele de v\u00e2rf. Priveam de pe trotuar autobuzul ce d\u0103dea pe afar\u0103. Se l\u0103sase o lini\u0219te nefireasc\u0103 parc\u0103 a\u0219tept\u00e2nd clara voce baritonal\u0103 ce s-a auzit de undeva din dreptul celei de a treia u\u0219i a ciorchinistului stabiliment: iote, b\u0103, a\u0219a a\u021bi \u021binut \u021bara asta-n loc.<\/p>\n<p style=\"text-align: justify;\">\n<p style=\"text-align: justify;\">Am pomenit aici de cele dou\u0103 bunici. Mi-ar fi pl\u0103cut s\u0103 povestesc \u0219i despre so\u021bii lor. Nu i-am cunoscut. Cel din partea mamei, Ion Preda, a pierit \u00een cel de-al doilea r\u0103zboi mondial al\u0103turi de doi fra\u021bi. Tat\u0103l lor are oasele la M\u0103r\u0103\u0219e\u0219ti. Bunicul Costic\u0103 din partea tatei s-a stins \u00een 1963. A\u0219a c\u0103 am adoptat un bunic, un pic mai t\u00e2n\u0103r dec\u00e2t ai mei. \u00cen carne \u0219i oase nu l-am cunoscut nici pe el, dar a l\u0103sat c\u00e2teva c\u0103r\u021bi scrise. Se nume\u0219te Ion Dezideriu S\u00eerbu (1919-1989). Cu un citat din capodopera de sertar, Jurnalul unui jurnalist f\u0103r\u0103 jurnal, voi \u00eenchide urzeala mea:<\/p>\n<p style=\"text-align: justify;\">\n<p style=\"text-align: justify;\">Prin anii 1956-1957, marele comediograf Baranga (un spirit cinic av\u00e2nd toate calit\u0103\u021bile \u0219i defectele parvenitismului literar stalinist) \u00eentr-un moment de mare luciditate autoironic\u0103, mi-a spus:<\/p>\n<p style=\"text-align: justify;\">\n<p style=\"text-align: justify;\">&#8220;Exist\u0103 domnule coleg, trei genera\u021bii succesive de con\u0219tiin\u021be:<\/p>\n<p style=\"text-align: justify;\">\u2013 o genera\u021bie care accept\u0103 s\u0103 fie eunucat\u0103,<\/p>\n<p style=\"text-align: justify;\">\u2013 o genera\u021bie care, de fric\u0103 s-au oportunism, se eunucheaz\u0103 singur\u0103, \u0219i<\/p>\n<p style=\"text-align: justify;\">\u2013 o genera\u021bie gata pentru orice sacrificiu ordonat.&#8221;<\/p>\n<p style=\"text-align: justify;\">\n<p style=\"text-align: justify;\">Avea perfect\u0103 dreptate. Am sim\u021bit (\u00een rela\u021biile mele de pres\u0103, \u00een timpul anchetei sub presiunea marelui \u0219antaj de dup\u0103 pu\u0219c\u0103rie) cu\u021bitul revolu\u021bionar ce voia s\u0103 m\u0103 &#8220;elibereze&#8221; de luciditate, libertate \u0219i m\u00e2ndrie. Am avut noroc: fiind primul c\u0103rturar dintr-o familie de sclavi \u0219i iobagi analfabe\u021bi, dup\u0103 ce am reu\u0219it s\u0103 &#8220;parvin&#8221; mu\u0219c\u00e2nd din m\u0103rul ce se cheam\u0103 cultur\u0103 \u0219i con\u0219tiin\u021b\u0103, mi-a fost imposibil s\u0103 m\u0103 las castrat de esen\u021b\u0103 \u0219i fiin\u021b\u0103.<\/p>\n<p style=\"text-align: justify;\">\n<p style=\"text-align: justify;\">Am sc\u0103pat &#8211; dar ce folos?&#8230; Europa se eunucheaz\u0103 singur\u0103, \u00een Asia, America de Sud \u0219i de Mijloc, \u00een \u00eentreaga lume a treia se nasc de pe acum genera\u021bii \u00eentregi de oameni, materie prim\u0103 pentru dogmatism, pistol \u0219i dictaturi.<\/p>\n","protected":false},"excerpt":{"rendered":"<p>de \u0218tefan Mardale S-a scris mult despre conflictul genera\u021biilor. O sumedenie de oameni foarte bine preg\u0103ti\u021bi au l\u0103sat importante materiale. Unii chiar cu scheme, sublinieri \u0219i s\u0103getu\u021be colorate aflate \u00een diverse pozi\u021bii. Ce s-ar putea ad\u0103uga la acestea toate? Poate doar experien\u021be personale. De aceea a\u0219 vrea s\u0103 punctez c\u00e2teva dintre cele avute, mai ales [&hellip;]<\/p>\n","protected":false},"author":2,"featured_media":0,"comment_status":"open","ping_status":"open","sticky":false,"template":"","format":"standard","meta":{"jetpack_post_was_ever_published":false,"_jetpack_newsletter_access":"","_jetpack_dont_email_post_to_subs":false,"_jetpack_newsletter_tier_id":0,"_jetpack_memberships_contains_paywalled_content":false,"_jetpack_memberships_contains_paid_content":false,"footnotes":""},"categories":[55,1408],"tags":[1120,1409,468],"class_list":["post-12808","post","type-post","status-publish","format-standard","hentry","category-articole","category-egophobia-61","tag-articole","tag-egophobia-61","tag-stefan-mardale"],"jetpack_featured_media_url":"","jetpack_sharing_enabled":true,"jetpack_shortlink":"https:\/\/wp.me\/p6DakB-3kA","_links":{"self":[{"href":"https:\/\/egophobia.ro\/index.php?rest_route=\/wp\/v2\/posts\/12808","targetHints":{"allow":["GET"]}}],"collection":[{"href":"https:\/\/egophobia.ro\/index.php?rest_route=\/wp\/v2\/posts"}],"about":[{"href":"https:\/\/egophobia.ro\/index.php?rest_route=\/wp\/v2\/types\/post"}],"author":[{"embeddable":true,"href":"https:\/\/egophobia.ro\/index.php?rest_route=\/wp\/v2\/users\/2"}],"replies":[{"embeddable":true,"href":"https:\/\/egophobia.ro\/index.php?rest_route=%2Fwp%2Fv2%2Fcomments&post=12808"}],"version-history":[{"count":1,"href":"https:\/\/egophobia.ro\/index.php?rest_route=\/wp\/v2\/posts\/12808\/revisions"}],"predecessor-version":[{"id":12809,"href":"https:\/\/egophobia.ro\/index.php?rest_route=\/wp\/v2\/posts\/12808\/revisions\/12809"}],"wp:attachment":[{"href":"https:\/\/egophobia.ro\/index.php?rest_route=%2Fwp%2Fv2%2Fmedia&parent=12808"}],"wp:term":[{"taxonomy":"category","embeddable":true,"href":"https:\/\/egophobia.ro\/index.php?rest_route=%2Fwp%2Fv2%2Fcategories&post=12808"},{"taxonomy":"post_tag","embeddable":true,"href":"https:\/\/egophobia.ro\/index.php?rest_route=%2Fwp%2Fv2%2Ftags&post=12808"}],"curies":[{"name":"wp","href":"https:\/\/api.w.org\/{rel}","templated":true}]}}