{"id":12896,"date":"2020-03-07T17:44:34","date_gmt":"2020-03-07T15:44:34","guid":{"rendered":"http:\/\/egophobia.ro\/?p=12896"},"modified":"2020-03-07T17:44:34","modified_gmt":"2020-03-07T15:44:34","slug":"poemul-de-la-mijlocul-saptamanii","status":"publish","type":"post","link":"https:\/\/egophobia.ro\/?p=12896","title":{"rendered":"Poemul de la mijlocul s\u0103pt\u0103m\u00e2nii"},"content":{"rendered":"<p style=\"text-align: right;\">de Emilian Ghea\u021b\u0103<\/p>\n<p>&nbsp;<\/p>\n<p>Ea are p\u0103rul ro\u015fu-aprins,<\/p>\n<p>&nbsp; &nbsp; &nbsp; &nbsp; &nbsp; de culoarea piersicilor de vie<\/p>\n<p>&nbsp; &nbsp; &nbsp; &nbsp; &nbsp; &nbsp; &nbsp; &nbsp; &nbsp; &nbsp; &#8211; sau o fi mai degrab\u0103 portocaliu,<\/p>\n<p>&nbsp; &nbsp; &nbsp; &nbsp; &nbsp; &nbsp; &nbsp; &nbsp; &nbsp; &nbsp; c\u0103 nu prea le am eu cu nuan\u0163ele &#8211;<!--more--><\/p>\n<p>\u015fi pistrui la\u0163i pe fa\u0163\u0103 \u015fi pe g\u00e2t,<\/p>\n<p>&nbsp; &nbsp; &nbsp; &nbsp; &nbsp; care-i dau un iz de cafea pr\u0103jit\u0103,<\/p>\n<p>&nbsp; &nbsp; &nbsp; &nbsp; &nbsp; &nbsp; &nbsp; &nbsp; &nbsp; &nbsp; ideal\u0103 pentru dimine\u0163ile \u00eensingurate.<\/p>\n<p>&nbsp;<\/p>\n<p>Are, de asemenea, ochi verzi,<\/p>\n<p>&nbsp; &nbsp; &nbsp; &nbsp; &nbsp; de culoarea turcoazelor furate<\/p>\n<p>&nbsp; &nbsp; &nbsp; &nbsp; &nbsp; &nbsp; &nbsp; &nbsp; &nbsp; &nbsp; &#8211; sau or fi mai degrab\u0103 alba\u015ftri,<\/p>\n<p>&nbsp; &nbsp; &nbsp; &nbsp; &nbsp; &nbsp; &nbsp; &nbsp; &nbsp; &nbsp; c\u0103 nu prea le am eu cu nestematele &#8211;<\/p>\n<p>\u015fi s\u00e2ni cam de-aici p\u00e2n\u0103 la Lun\u0103,<\/p>\n<p>&nbsp; &nbsp; &nbsp; &nbsp; &nbsp; care-i dau consisten\u0163a creme\u015fului fran\u0163uzesc,<\/p>\n<p>&nbsp; &nbsp; &nbsp; &nbsp; &nbsp; &nbsp; &nbsp; &nbsp; &nbsp; &nbsp; ideal pentru c\u00e2nd \u0163i-e foame.<\/p>\n<p>&nbsp;<\/p>\n<p>\u015ei-acei s\u00e2ni au sf\u00e2rcurile roz,<\/p>\n<p>&nbsp; &nbsp; &nbsp; &nbsp; &nbsp; de culoarea crinilor regali otr\u0103vitori<\/p>\n<p>&nbsp; &nbsp; &nbsp; &nbsp; &nbsp; &nbsp; &nbsp; &nbsp; &nbsp; &nbsp; &#8211; sau or fi mai degrab\u0103 trandafirii,<\/p>\n<p>&nbsp; &nbsp; &nbsp; &nbsp; &nbsp; &nbsp; &nbsp; &nbsp; &nbsp; &nbsp; c\u0103 nu prea le am eu cu petalele \u2013<\/p>\n<p>\u015fi vini\u015foare sub\u0163iri \u015fi \u00eentortocheate,<\/p>\n<p>&nbsp; &nbsp; &nbsp; &nbsp; &nbsp; care-i dau \u00eenv\u00e2rtejirea spiralelor baroce,<\/p>\n<p>&nbsp; &nbsp; &nbsp; &nbsp; &nbsp; &nbsp; &nbsp; &nbsp; &nbsp; &nbsp; ideale pentru c\u00e2nd te r\u0103t\u0103ce\u015fti pe hart\u0103.<\/p>\n<p>&nbsp;<\/p>\n<p>\u015ei s\u0103 nu uit de picioarele ei lungi \u015fi albe,<\/p>\n<p>&nbsp; &nbsp; &nbsp; &nbsp; &nbsp; de culoarea coloanelor grece\u015fti<\/p>\n<p>&nbsp; &nbsp; &nbsp; &nbsp; &nbsp; &nbsp; &nbsp; &nbsp; &nbsp; &nbsp; &#8211; sau or fi mai degrab\u0103 fumurii,<\/p>\n<p>&nbsp; &nbsp; &nbsp; &nbsp; &nbsp; &nbsp; &nbsp; &nbsp; &nbsp; &nbsp; c\u0103 nu prea le am eu cu istoria \u2013<\/p>\n<p>\u015fi buci ca pumnii de o\u0163el ai destinului,<\/p>\n<p>&nbsp; &nbsp; &nbsp; &nbsp; &nbsp; care-i dau alura unui \u00eenger al r\u0103zbun\u0103rii,<\/p>\n<p>&nbsp; &nbsp; &nbsp; &nbsp; &nbsp; &nbsp; &nbsp; &nbsp; &nbsp; &nbsp; ideal pentru c\u00e2nd ai vrea s\u0103 mori aproape de tot.<\/p>\n<p>&nbsp;<\/p>\n<p>A\u015fadar, ea e ro\u015fcat\u0103, \u015fi asta se vede,<\/p>\n<p>&nbsp; &nbsp; &nbsp; &nbsp; &nbsp; \u015fi a\u015f putea-o visa \u00eentreaga via\u0163\u0103.<\/p>\n<p>Pe de alt\u0103 parte, cealalt\u0103 e o splendid\u0103 blond\u0103<\/p>\n<p>&nbsp; &nbsp; &nbsp; &nbsp; &nbsp; &nbsp; &nbsp; &nbsp; &nbsp; &nbsp; &#8211; sau o fi mai degrab\u0103 brunet\u0103,<\/p>\n<p>&nbsp; &nbsp; &nbsp; &nbsp; &nbsp; &nbsp; &nbsp; &nbsp; &nbsp; &nbsp; c\u0103 nu prea le am eu cu \u00eengerii\u2026<\/p>\n<p>&nbsp;<\/p>\n<p>Decembrie 2015<\/p>\n","protected":false},"excerpt":{"rendered":"<p>de Emilian Ghea\u021b\u0103 &nbsp; Ea are p\u0103rul ro\u015fu-aprins, &nbsp; &nbsp; &nbsp; &nbsp; &nbsp; de culoarea piersicilor de vie &nbsp; &nbsp; &nbsp; &nbsp; &nbsp; &nbsp; &nbsp; &nbsp; &nbsp; &nbsp; &#8211; sau o fi mai degrab\u0103 portocaliu, &nbsp; &nbsp; &nbsp; &nbsp; &nbsp; &nbsp; &nbsp; &nbsp; &nbsp; &nbsp; c\u0103 nu prea le am eu cu nuan\u0163ele &#8211;<\/p>\n","protected":false},"author":2,"featured_media":0,"comment_status":"open","ping_status":"open","sticky":false,"template":"","format":"standard","meta":{"jetpack_post_was_ever_published":false,"_jetpack_newsletter_access":"","_jetpack_dont_email_post_to_subs":false,"_jetpack_newsletter_tier_id":0,"_jetpack_memberships_contains_paywalled_content":false,"_jetpack_memberships_contains_paid_content":false,"footnotes":""},"categories":[1416,13],"tags":[1417,1386,1114],"class_list":["post-12896","post","type-post","status-publish","format-standard","hentry","category-egophobia-62","category-poezie","tag-egophobia-62","tag-emilian-gheata","tag-poezie"],"jetpack_featured_media_url":"","jetpack_sharing_enabled":true,"jetpack_shortlink":"https:\/\/wp.me\/p6DakB-3m0","_links":{"self":[{"href":"https:\/\/egophobia.ro\/index.php?rest_route=\/wp\/v2\/posts\/12896","targetHints":{"allow":["GET"]}}],"collection":[{"href":"https:\/\/egophobia.ro\/index.php?rest_route=\/wp\/v2\/posts"}],"about":[{"href":"https:\/\/egophobia.ro\/index.php?rest_route=\/wp\/v2\/types\/post"}],"author":[{"embeddable":true,"href":"https:\/\/egophobia.ro\/index.php?rest_route=\/wp\/v2\/users\/2"}],"replies":[{"embeddable":true,"href":"https:\/\/egophobia.ro\/index.php?rest_route=%2Fwp%2Fv2%2Fcomments&post=12896"}],"version-history":[{"count":1,"href":"https:\/\/egophobia.ro\/index.php?rest_route=\/wp\/v2\/posts\/12896\/revisions"}],"predecessor-version":[{"id":12897,"href":"https:\/\/egophobia.ro\/index.php?rest_route=\/wp\/v2\/posts\/12896\/revisions\/12897"}],"wp:attachment":[{"href":"https:\/\/egophobia.ro\/index.php?rest_route=%2Fwp%2Fv2%2Fmedia&parent=12896"}],"wp:term":[{"taxonomy":"category","embeddable":true,"href":"https:\/\/egophobia.ro\/index.php?rest_route=%2Fwp%2Fv2%2Fcategories&post=12896"},{"taxonomy":"post_tag","embeddable":true,"href":"https:\/\/egophobia.ro\/index.php?rest_route=%2Fwp%2Fv2%2Ftags&post=12896"}],"curies":[{"name":"wp","href":"https:\/\/api.w.org\/{rel}","templated":true}]}}