{"id":12964,"date":"2020-05-02T07:16:36","date_gmt":"2020-05-02T05:16:36","guid":{"rendered":"http:\/\/egophobia.ro\/?p=12964"},"modified":"2020-05-01T21:18:36","modified_gmt":"2020-05-01T19:18:36","slug":"becul","status":"publish","type":"post","link":"https:\/\/egophobia.ro\/?p=12964","title":{"rendered":"Becul"},"content":{"rendered":"<p style=\"text-align: center;\"><span style=\"color: green;\">(Lecturi potrivite\/recomandate de Alexandra)<\/span><\/p>\n<p style=\"text-align: right;\">\u00a0de Radu George<\/p>\n<p>Nu se face niciun fel de negociere cu timpul<\/p>\n<p>C\u0103ci azi<\/p>\n<p>\u00een parc<\/p>\n<p>Printre copacii \u00eenflori\u021bi, dar plini de z\u0103pad\u0103<!--more--><\/p>\n<p>s-a r\u0103t\u0103cit o t\u00e2n\u0103r\u0103 femeie<\/p>\n<p>care \u00ee\u0219i uitase busola \u00een geanta cea veche.<\/p>\n<p>Regulile trebuie respectate<\/p>\n<p>chiar dac\u0103 ne mai leg\u0103n\u0103m<\/p>\n<p>din c\u00e2nd \u00een c\u00e2nd<\/p>\n<p>\u00een parcul pentru copii mici<\/p>\n<p>de\u0219i suntem prea mari<\/p>\n<p>\u0218i paznicul plictisit ne stric\u0103 mereu planurile.<\/p>\n<p>Nu mai trece nimeni pe acolo<\/p>\n<p>Ieri o feti\u021b\u0103 a fost zidit\u0103<\/p>\n<p>Ana se numea<\/p>\n<p>Au \u00eenchis-o \u00een capsula unui bec ars<\/p>\n<p>Care lumina parcul pe timp de noapte.<\/p>\n<p>E\u0219ti sigur de asta?<\/p>\n<p>Da.<\/p>\n<p>Am v\u0103zut cu ochii mei cum becul s-a stins.<\/p>\n<p>Ar trebui ca \u00eenceputurile s\u0103 fie adev\u0103rate<\/p>\n<p>Nu doar \u00eenceputuri mincinoase<\/p>\n<p>sf\u00e2r\u0219ituri ascunse sub masca unui colind\u0103tor r\u0103t\u0103cit.<\/p>\n<p>Eu m\u0103 izolez pe plaj\u0103, la mare<\/p>\n<p>unde au voie s\u0103 stea \u0219i oamenii mari.<\/p>\n<p>\u0218i c\u00e2nt<\/p>\n<p>Ca un sunet de trompet\u0103<\/p>\n<p>Care ne treze\u0219te din plictiseal\u0103<\/p>\n<p>cu noaptea pe noapte c\u0103lc\u00e2nd<\/p>\n<p>\u0218i celor \u00eentrista\u021bi via\u021b\u0103 d\u0103ruindu-le.<\/p>\n<p>&nbsp;<\/p>\n<p><strong>Despre autor:<\/strong><\/p>\n<p>&nbsp;<\/p>\n<p><img data-recalc-dims=\"1\" decoding=\"async\" class=\"aligncenter\" src=\"https:\/\/i0.wp.com\/i.vgy.me\/IPFPc6.jpg?w=812&#038;ssl=1\" \/><\/p>\n<p>&nbsp;<\/p>\n<p style=\"text-align: justify;\"><strong>RADU GEORGE<\/strong> (n. 09.04.1998, Foc\u0219ani) este student la Facultatea de Litere din cadrul Universit\u0103\u021bii din Bucure\u0219ti. Pasiunea pentru lectur\u0103 \u0219i pentru literatur\u0103 a dob\u00e2ndit-o \u00eenc\u0103 din copil\u0103rie, gra\u021bie pove\u0219tilor spuse de bunicii care l-au crescut. \u00cen clasele gimnaziale a publicat poezii \u0219i scurte texte narative \u00een paginile revistei \u201eUniversul \u0219colarilor\u201d. Pe parcursul liceului s-a remarcat prin participarea la olimpiadele de limba rom\u00e2n\u0103, matematic\u0103 \u0219i geografie.<\/p>\n<p style=\"text-align: justify;\">A luat parte la Colocviile studen\u021be\u0219ti BEST Lettres, unde a prezentat lucr\u0103ri de cercetare despre perioada veche a literaturii rom\u00e2ne (<em>Textele apocrife \u00een cultura rom\u00e2neasc\u0103<\/em>), respectiv despre Epoca Marilor Clasici (<em>Interferen\u021ba artelor \u00een poietica nuvelei <u>S\u0103rmanul Dionis<\/u><\/em> <em>de Mihai Eminescu<\/em>).<\/p>\n<p style=\"text-align: justify;\">A mai publicat \u00een paginile revistei culturale online \u201eEgoPHobia\u201d poezie \u0219i proza scurt\u0103 <em>C\u0103l\u0103torie prin Lumea Literelor<\/em>, o poveste conceput\u0103 ini\u021bial pentru copii, dar potrivit\u0103 \u0219i pentru adul\u021bii fascina\u021bi de literatur\u0103, datorit\u0103 numeroaselor referin\u021be culturale pe care le cuprinde.<\/p>\n","protected":false},"excerpt":{"rendered":"<p>(Lecturi potrivite\/recomandate de Alexandra) \u00a0de Radu George Nu se face niciun fel de negociere cu timpul C\u0103ci azi \u00een parc Printre copacii \u00eenflori\u021bi, dar plini de z\u0103pad\u0103<\/p>\n","protected":false},"author":2,"featured_media":0,"comment_status":"open","ping_status":"open","sticky":false,"template":"","format":"standard","meta":{"jetpack_post_was_ever_published":false,"_jetpack_newsletter_access":"","_jetpack_dont_email_post_to_subs":false,"_jetpack_newsletter_tier_id":0,"_jetpack_memberships_contains_paywalled_content":false,"_jetpack_memberships_contains_paid_content":false,"footnotes":""},"categories":[1420,1279,13],"tags":[1421,1280,1114,1390],"class_list":["post-12964","post","type-post","status-publish","format-standard","hentry","category-egophobia-63","category-lecturi-potrivite","category-poezie","tag-egophobia-63","tag-lecturi-potrivite","tag-poezie","tag-radu-george"],"jetpack_featured_media_url":"","jetpack_sharing_enabled":true,"jetpack_shortlink":"https:\/\/wp.me\/s6DakB-becul","_links":{"self":[{"href":"https:\/\/egophobia.ro\/index.php?rest_route=\/wp\/v2\/posts\/12964","targetHints":{"allow":["GET"]}}],"collection":[{"href":"https:\/\/egophobia.ro\/index.php?rest_route=\/wp\/v2\/posts"}],"about":[{"href":"https:\/\/egophobia.ro\/index.php?rest_route=\/wp\/v2\/types\/post"}],"author":[{"embeddable":true,"href":"https:\/\/egophobia.ro\/index.php?rest_route=\/wp\/v2\/users\/2"}],"replies":[{"embeddable":true,"href":"https:\/\/egophobia.ro\/index.php?rest_route=%2Fwp%2Fv2%2Fcomments&post=12964"}],"version-history":[{"count":1,"href":"https:\/\/egophobia.ro\/index.php?rest_route=\/wp\/v2\/posts\/12964\/revisions"}],"predecessor-version":[{"id":12965,"href":"https:\/\/egophobia.ro\/index.php?rest_route=\/wp\/v2\/posts\/12964\/revisions\/12965"}],"wp:attachment":[{"href":"https:\/\/egophobia.ro\/index.php?rest_route=%2Fwp%2Fv2%2Fmedia&parent=12964"}],"wp:term":[{"taxonomy":"category","embeddable":true,"href":"https:\/\/egophobia.ro\/index.php?rest_route=%2Fwp%2Fv2%2Fcategories&post=12964"},{"taxonomy":"post_tag","embeddable":true,"href":"https:\/\/egophobia.ro\/index.php?rest_route=%2Fwp%2Fv2%2Ftags&post=12964"}],"curies":[{"name":"wp","href":"https:\/\/api.w.org\/{rel}","templated":true}]}}