{"id":12997,"date":"2020-05-28T11:26:59","date_gmt":"2020-05-28T09:26:59","guid":{"rendered":"http:\/\/egophobia.ro\/?p=12997"},"modified":"2020-05-28T11:26:59","modified_gmt":"2020-05-28T09:26:59","slug":"vrajitoarea-de-foc","status":"publish","type":"post","link":"https:\/\/egophobia.ro\/?p=12997","title":{"rendered":"Vr\u0103jitoarea de foc"},"content":{"rendered":"<p><strong>[Mircea \u021aara, <a href=\"https:\/\/www.cruxed.ro\/produs\/vrajitoarea-de-foc\/\"><em>Vr\u0103jitoarea de foc<\/em><\/a>, Crux, 2020]<\/strong><\/p>\n<p style=\"text-align: center;\"><span style=\"color: green;\">#traiestefantastic<\/span><\/p>\n<p style=\"text-align: right;\">de Andreea Sterea<\/p>\n<p style=\"text-align: justify;\">Cei obi\u0219nui\u021bi deja cu stilul scriitoricesc al lui Mircea \u021aara \u0219i cu harul lui de povestitor se vor bucura s\u0103 se re\u00eentoarc\u0103, fie \u0219i pentru scurt timp, pe t\u0103r\u00e2mul fascinant \u0219i magic al Nlithiei pentru a lua parte la o nou\u0103 aventur\u0103 plin\u0103 de pericole.<!--more--><\/p>\n<p style=\"text-align: justify;\">De aceast\u0103 dat\u0103 fugim din calea Cenu\u0219iilor &#8211; cea mai mare amenin\u021bare pentru Nlithia \u0219i pentru \u00eens\u0103\u0219i \u021bes\u0103tura vie\u021bii &#8211; c\u0103ci Copiii Nop\u021bii au g\u0103sit o cale de a ie\u0219i din exil, trec\u00e2nd acum prin foc \u0219i sabie lumea pe care o ur\u0103sc at\u00e2t.<\/p>\n<p style=\"text-align: justify;\">Al\u0103turi de noi se afl\u0103 Ierru \u0219i Emm, doi copii curajo\u0219i care aleg s\u0103 se refugieze din calea invaziei \u00een Munen, la m\u0103tu\u0219a lor, vr\u0103jitoarea Arrista. \u00cempreun\u0103 cu ei se afl\u0103 \u0219i o creatur\u0103 ciudat\u0103, o \u0219op\u00e2rl\u0103 cu aripi, pe care cititorii o vor recunoa\u0219te cu u\u0219urin\u021b\u0103 din volumul C\u0103derea celor 7 turnuri.<\/p>\n<p><a href=\"https:\/\/www.cruxed.ro\/produs\/vrajitoarea-de-foc\/\"><img data-recalc-dims=\"1\" decoding=\"async\" class=\"aligncenter\" src=\"https:\/\/i0.wp.com\/www.cruxed.ro\/wp-content\/uploads\/2020\/03\/vrajitoarea-de-foc_crux-publishing_mircea-tara.jpg?w=812&#038;ssl=1\" \/><\/a><\/p>\n<p style=\"text-align: justify;\">Nuvela <a href=\"https:\/\/www.cruxed.ro\/produs\/vrajitoarea-de-foc\/\">Vr\u0103jitoarea de foc<\/a> ne spune povestea Arristei &#8211; pe care am cunoscut-o \u00een treac\u0103t \u00een romanul men\u021bionat mai sus &#8211; <em>ghinn\u0103<\/em> a Munenului, vindec\u0103toare \u0219i m\u00e2nuitoare a Sabiei lui Garrok. Legendara arm\u0103 are o istorie crud\u0103 \u0219i \u00eens\u00e2ngerat\u0103, dar este singura capabil\u0103 s\u0103 opreasc\u0103 invazia Cenu\u0219iilor. Din nefericire, numai Arrista are at\u00e2ta putere \u0219i t\u0103rie de caracter pentru a o m\u00e2nui (nu f\u0103r\u0103 sacrificii), dar numai dup\u0103 ce o smulge din lumea de dincolo, st\u0103p\u00e2nit\u0103 de demonii tavuth. Pre\u021bul pl\u0103tit pentru sabie nu este prea mare, c\u0103ci soarta Nlithiei at\u00e2rn\u0103 de un fir de a\u021b\u0103, iar Arrista este preg\u0103tit\u0103 s\u0103 mearg\u0103 p\u00e2n\u0103 la cap\u0103t pentru a-i salva pe nlithieni de un destin necru\u021b\u0103tor. Sau&#8230; aproape p\u00e2n\u0103 la cap\u0103t.<\/p>\n<p style=\"text-align: justify;\">Aceast\u0103 nou\u0103 balad\u0103 a Nlithiei ne pune fa\u021b\u0103 \u00een fa\u021b\u0103 nu numai cu c\u00e2teva personaje noi, pe care le vom \u00eendr\u0103gi imediat, dar \u0219i cu elemente de istorie a lumii. Mircea reu\u0219e\u0219te astfel s\u0103 adauge o nou\u0103 i\u021b\u0103 \u00een marea \u021bes\u0103tur\u0103 pe care o reprezint\u0103 seria Nlithiei, dar \u0219i s\u0103 amplifice senza\u021bia de vastitate, de complexitate a unui univers despre care \u00eenc\u0103 mai descoperim \u00eenc\u00e2nta\u021bi detalii, patru volume mai t\u00e2rziu.<\/p>\n<p style=\"text-align: justify;\">\u0218i \u00een aceast\u0103 nuvel\u0103, ca \u0219i \u00een toate titlurile din serie, Mircea \u00eembin\u0103 \u00eentr-un echilibru perfect fantasticul epic cu cel \u00eentunecat, magia cu \u0219tiin\u021ba (acelor vremuri), idilicul cu teroarea, inocen\u021ba copiilor care abia descoper\u0103 lumea cu ororile r\u0103zboiului, for\u021ba iubirii adev\u0103rate cu la\u0219itatea, umorul cu realitatea imuabil\u0103 a mor\u021bii, \u0219i spiritul uman, fragil, meschin uneori, supus erorii \u00eentotdeauna, cu sacrificiul suprem \u00een numele unui bine mai mare.<\/p>\n<p style=\"text-align: justify;\">Nuvela <em>Vr\u0103jitoarea de foc<\/em> ofer\u0103 c\u00e2te ceva fiec\u0103rui iubitor de literatur\u0103 fantastic\u0103: lumi nemaiv\u0103zute, creaturi magice, personaje complexe, replici iste\u021be, melancolie, aventuri palpitante, conflicte (mai ales interioare), scene s\u00e2ngeroase \u0219i speran\u021ba c\u0103, la un moment dat, \u00eentr-un volum viitor, totul se va termina cu bine.<\/p>\n<p style=\"text-align: justify;\">D\u00e2nd pagin\u0103 cu pagin\u0103, nu ne putem ab\u021bine s\u0103 nu tres\u0103rim, s\u0103 nu z\u00e2mbim, s\u0103 nu ne \u00eensp\u0103im\u00e2nt\u0103m sau s\u0103 nu ne punem \u00eentreb\u0103ri. C\u0103ci iat\u0103, acesta este marele dar al lui Mircea: pove\u0219tile imaginate de el, dincolo de intrigi, de tehnic\u0103 literar\u0103, de fire narative sau de elemente stilistice, vin cu ceea ce c\u0103ut\u0103m cel mai adesea \u00een c\u0103r\u021bile pe care le citim &#8211; emo\u021bii profunde, autentice, care r\u0103m\u00e2n cu noi \u0219i dup\u0103 ce am dat ultima pagin\u0103.<\/p>\n<p style=\"text-align: justify;\">Iubitorilor de literatur\u0103 fantasy \u0219i celor care devoreaz\u0103 c\u0103r\u021bile lui Mircea le spun doar at\u00e2t: \u0219i eu \u0219i voi vom trebui s\u0103 a\u0219tept\u0103m un volum viitor ca Arrista \u0219i acest nou tavuth s\u0103 \u00ee\u0219i \u00eencheie socotelile, Cavalerii Dragonului s\u0103 se re\u00eent\u00e2lneasc\u0103 pe c\u00e2mpul de lupt\u0103, um\u0103r la um\u0103r, personajele noastre preferate s\u0103 revin\u0103 la ramp\u0103, iar Mircea s\u0103 ne c\u00e2nte o nou\u0103 balad\u0103 \u00een care toate aceste i\u021be ale \u021aes\u0103turii s\u0103 se \u00eempleteasc\u0103 \u00eentr-o nou\u0103 poveste pe care s\u0103 o iubim \u0219i pe care s\u0103 ne dorim s\u0103 nu se fi \u00eencheiat a\u0219a de repede.<\/p>\n<p>&nbsp;<\/p>\n<p>&nbsp;<\/p>\n<p><strong>\u00a0<\/strong><\/p>\n<p>&nbsp;<\/p>\n","protected":false},"excerpt":{"rendered":"<p>[Mircea \u021aara, Vr\u0103jitoarea de foc, Crux, 2020] #traiestefantastic de Andreea Sterea Cei obi\u0219nui\u021bi deja cu stilul scriitoricesc al lui Mircea \u021aara \u0219i cu harul lui de povestitor se vor bucura s\u0103 se re\u00eentoarc\u0103, fie \u0219i pentru scurt timp, pe t\u0103r\u00e2mul fascinant \u0219i magic al Nlithiei pentru a lua parte la o nou\u0103 aventur\u0103 plin\u0103 de [&hellip;]<\/p>\n","protected":false},"author":2,"featured_media":0,"comment_status":"open","ping_status":"open","sticky":false,"template":"","format":"standard","meta":{"jetpack_post_was_ever_published":false,"_jetpack_newsletter_access":"","_jetpack_dont_email_post_to_subs":false,"_jetpack_newsletter_tier_id":0,"_jetpack_memberships_contains_paywalled_content":false,"_jetpack_memberships_contains_paid_content":false,"footnotes":""},"categories":[1107,8,1420],"tags":[1108,1109,1113,1421,1429],"class_list":["post-12997","post","type-post","status-publish","format-standard","hentry","category-traiestefantastic","category-critica","category-egophobia-63","tag-traiestefantastic","tag-andreea-sterea","tag-critica","tag-egophobia-63","tag-mircea-tara"],"jetpack_featured_media_url":"","jetpack_sharing_enabled":true,"jetpack_shortlink":"https:\/\/wp.me\/p6DakB-3nD","_links":{"self":[{"href":"https:\/\/egophobia.ro\/index.php?rest_route=\/wp\/v2\/posts\/12997","targetHints":{"allow":["GET"]}}],"collection":[{"href":"https:\/\/egophobia.ro\/index.php?rest_route=\/wp\/v2\/posts"}],"about":[{"href":"https:\/\/egophobia.ro\/index.php?rest_route=\/wp\/v2\/types\/post"}],"author":[{"embeddable":true,"href":"https:\/\/egophobia.ro\/index.php?rest_route=\/wp\/v2\/users\/2"}],"replies":[{"embeddable":true,"href":"https:\/\/egophobia.ro\/index.php?rest_route=%2Fwp%2Fv2%2Fcomments&post=12997"}],"version-history":[{"count":1,"href":"https:\/\/egophobia.ro\/index.php?rest_route=\/wp\/v2\/posts\/12997\/revisions"}],"predecessor-version":[{"id":12998,"href":"https:\/\/egophobia.ro\/index.php?rest_route=\/wp\/v2\/posts\/12997\/revisions\/12998"}],"wp:attachment":[{"href":"https:\/\/egophobia.ro\/index.php?rest_route=%2Fwp%2Fv2%2Fmedia&parent=12997"}],"wp:term":[{"taxonomy":"category","embeddable":true,"href":"https:\/\/egophobia.ro\/index.php?rest_route=%2Fwp%2Fv2%2Fcategories&post=12997"},{"taxonomy":"post_tag","embeddable":true,"href":"https:\/\/egophobia.ro\/index.php?rest_route=%2Fwp%2Fv2%2Ftags&post=12997"}],"curies":[{"name":"wp","href":"https:\/\/api.w.org\/{rel}","templated":true}]}}