{"id":13074,"date":"2020-09-15T23:17:09","date_gmt":"2020-09-15T21:17:09","guid":{"rendered":"http:\/\/egophobia.ro\/?p=13074"},"modified":"2020-09-15T20:18:33","modified_gmt":"2020-09-15T18:18:33","slug":"celelalte-cuvinte-invitatii-din-egophobia-64","status":"publish","type":"post","link":"https:\/\/egophobia.ro\/?p=13074","title":{"rendered":"Celelalte Cuvinte &#8211; invita\u021bii din EgoPHobia #64"},"content":{"rendered":"<p style=\"text-align: right;\">de Luiza Mitu<\/p>\n<p style=\"text-align: justify;\"><em>Celelalte Cuvinte<\/em> este o forma\u021bie de rock rom\u00e2neasc\u0103 format\u0103 \u00een 1981 de c\u0103tre C\u0103lin Pop (voce, chitar\u0103), Marcel Breazu (chitar\u0103 bass) \u0219i Leontin Iovan (tobe) \u00een perioada \u00een care erau studen\u021bi la Timi\u0219oara. Componen\u021ba trupei: C\u0103lin Pop \u2013 vocal, chitar\u0103, flaut; Marcel Breazu \u2013 chitar\u0103 bas, voce; Leontin Iovan \u2013 baterie; Tiberiu Pop \u2013 claviaturi, voce; Ovidiu Ro\u0219u \u2013 sunet; Radu Manafu \u2013 chitar\u0103, voce (a p\u0103r\u0103sit forma\u021bia la \u00eenceputul anilor &#8217;90).<!--more--><\/p>\n<p style=\"text-align: justify;\"><em>Celelalte Cuvinte<\/em> este o trup\u0103 conceptual\u0103, cu piese elaborate \u0219i al c\u0103ror stil \u00eei face unici tocmai prin u\u0219urin\u021ba cu care reu\u0219esc s\u0103 foloseasc\u0103 \u00een muzic\u0103 nu un singur stil, ci un amalgam de stiluri.<\/p>\n<p style=\"text-align: justify;\">Discografia <em>Celelalte Cuvinte<\/em> cuprinde: <a href=\"https:\/\/ro.wikipedia.org\/wiki\/Forma%C8%9Bii_rock_8\"><em>Forma\u021bii rock 8<\/em><\/a>\u00a0(split LP, Electrecord, 1985) (piesele au fost incluse pe reedit\u0103rile\u00a0<em>Celelalte Cuvinte I<\/em>\u00a0din 2006 \u0219i 2017), <a href=\"https:\/\/ro.wikipedia.org\/wiki\/Celelalte_Cuvinte_I\"><em>Celelalte Cuvinte I<\/em><\/a>\u00a0(LP\/MC, Electrecord, 1987) (reeditat \u00een format CD de Electrecord \u00een 2006 \u0219i de Soft Records \u00een 2017), <a href=\"https:\/\/ro.wikipedia.org\/wiki\/Celelalte_Cuvinte_II\"><em>Celelalte Cuvinte II<\/em><\/a>\u00a0(LP\/MC, Electrecord, 1990) (reeditat \u00een format CD de Electrecord \u00een 2006), <em>Se las\u0103 r\u0103u<\/em>\u00a0(LP, Toji Productions &amp; Eurostar, 1992), <em>Hit-uri<\/em>\u00a0(MC, compila\u021bie, Studio Recording Soft System, 1994), <em>Armaghedon<\/em>\u00a0(CD\/MC, Vivo, 1994) (reeditat \u00een format CD de ProMusic Productions \u00een 2007 \u0219i \u00eentr-o edi\u021bie aniversar\u0103 \u00een 2014), <em>Vinil Collection<\/em>\u00a0(CD\/MC, compila\u021bie, Electrecord, 1996) (prima apari\u021bie pe CD a pieselor de pe primele trei materiale discografice), <em>Ispita<\/em>\u00a0(MC, Zone Records, 1997) (remasterizat \u0219i reeditat \u00een format digital de Roton \u00een 2020), <em>NOS<\/em>\u00a0(CD\/MC, Intercont Music, 2004), <em>Stem<\/em>\u00a0(CD, TVR Media, 2008), <em>Un sf\u00e2r\u0219it e un \u00eenceput &#8211; Muzic\u0103 de colec\u021bie, Vol. 69<\/em>\u00a0(CD, compila\u021bie, Jurnalul Na\u021bional &amp; Electrecord, 2008), <em>Trup \u0219i suflet &#8211; Live acustic la Cinema Patria<\/em>\u00a0(CD\/DVD, autoprodus, 2014) (\u00eenregistrat \u00een concert, Cinema Patria, 18 octombrie 2013), <em>Electric Live<\/em>\u00a0(2CD, Universal Music Rom\u00e2nia, 2019) (\u00eenregistrat \u00een concert, Sala Palatului, 8 decembrie 2011). O \u00eent\u00e2lnire foarte important\u0103 pentru trup\u0103 a fost \u00een anul 1985, \u00een concert la festivalul TimRock, unde Florian Pitti\u0219 i-a remarcat \u0219i astfel piesa \u201eIarb\u0103 prin p\u0103r\u201d a ap\u0103rut pe discul \u201eForma\u021bii rock nr.8\u201d, pies\u0103 care le-a adus succesul pe pia\u021ba muzical\u0103 din Rom\u00e2nia.<\/p>\n<p style=\"text-align: justify;\">\n","protected":false},"excerpt":{"rendered":"<p>de Luiza Mitu Celelalte Cuvinte este o forma\u021bie de rock rom\u00e2neasc\u0103 format\u0103 \u00een 1981 de c\u0103tre C\u0103lin Pop (voce, chitar\u0103), Marcel Breazu (chitar\u0103 bass) \u0219i Leontin Iovan (tobe) \u00een perioada \u00een care erau studen\u021bi la Timi\u0219oara. Componen\u021ba trupei: C\u0103lin Pop \u2013 vocal, chitar\u0103, flaut; Marcel Breazu \u2013 chitar\u0103 bas, voce; Leontin Iovan \u2013 baterie; Tiberiu [&hellip;]<\/p>\n","protected":false},"author":2,"featured_media":0,"comment_status":"open","ping_status":"open","sticky":false,"template":"","format":"standard","meta":{"jetpack_post_was_ever_published":false,"_jetpack_newsletter_access":"","_jetpack_dont_email_post_to_subs":false,"_jetpack_newsletter_tier_id":0,"_jetpack_memberships_contains_paywalled_content":false,"_jetpack_memberships_contains_paid_content":false,"footnotes":""},"categories":[1435,125],"tags":[1440,1129,546],"class_list":["post-13074","post","type-post","status-publish","format-standard","hentry","category-egophobia-64","category-invitat","tag-celelalte-cuvinte","tag-invitat","tag-luiza-mitu"],"jetpack_featured_media_url":"","jetpack_sharing_enabled":true,"jetpack_shortlink":"https:\/\/wp.me\/p6DakB-3oS","_links":{"self":[{"href":"https:\/\/egophobia.ro\/index.php?rest_route=\/wp\/v2\/posts\/13074","targetHints":{"allow":["GET"]}}],"collection":[{"href":"https:\/\/egophobia.ro\/index.php?rest_route=\/wp\/v2\/posts"}],"about":[{"href":"https:\/\/egophobia.ro\/index.php?rest_route=\/wp\/v2\/types\/post"}],"author":[{"embeddable":true,"href":"https:\/\/egophobia.ro\/index.php?rest_route=\/wp\/v2\/users\/2"}],"replies":[{"embeddable":true,"href":"https:\/\/egophobia.ro\/index.php?rest_route=%2Fwp%2Fv2%2Fcomments&post=13074"}],"version-history":[{"count":3,"href":"https:\/\/egophobia.ro\/index.php?rest_route=\/wp\/v2\/posts\/13074\/revisions"}],"predecessor-version":[{"id":13161,"href":"https:\/\/egophobia.ro\/index.php?rest_route=\/wp\/v2\/posts\/13074\/revisions\/13161"}],"wp:attachment":[{"href":"https:\/\/egophobia.ro\/index.php?rest_route=%2Fwp%2Fv2%2Fmedia&parent=13074"}],"wp:term":[{"taxonomy":"category","embeddable":true,"href":"https:\/\/egophobia.ro\/index.php?rest_route=%2Fwp%2Fv2%2Fcategories&post=13074"},{"taxonomy":"post_tag","embeddable":true,"href":"https:\/\/egophobia.ro\/index.php?rest_route=%2Fwp%2Fv2%2Ftags&post=13074"}],"curies":[{"name":"wp","href":"https:\/\/api.w.org\/{rel}","templated":true}]}}