{"id":13156,"date":"2020-09-15T18:54:51","date_gmt":"2020-09-15T16:54:51","guid":{"rendered":"http:\/\/egophobia.ro\/?p=13156"},"modified":"2020-09-15T18:54:51","modified_gmt":"2020-09-15T16:54:51","slug":"poeme-de-cristian-ciulica","status":"publish","type":"post","link":"https:\/\/egophobia.ro\/?p=13156","title":{"rendered":"poeme de Cristian Ciulic\u0103"},"content":{"rendered":"<p><strong>Via\u021ba \u0219i moartea volatil\u0103 a continentului<\/strong><\/p>\n<p>&nbsp;<\/p>\n<p>Nu \u00eemi plac spectacolele coregrafice, dar cred c\u0103 tocmai am v\u0103zut unul bun<\/p>\n<p>cred c\u0103 tocmai am v\u0103zut un spectacolul despre via\u021ba sexual\u0103 a popoarelor europene<\/p>\n<p>cred c\u0103 tocmai am v\u0103zut unul rasial \u0219i pustiu.<\/p>\n<p>actorii au jucat numai pr\u0103p\u0103stii, numai h\u0103uri, numai abisuri<!--more--><\/p>\n<p>au jucat ceva greu<\/p>\n<p>cu nas ro\u0219u ridicat spre cer<\/p>\n<p>au r\u00e2s mai mult ca oric\u00e2nd<\/p>\n<p>e at\u00e2t de sinistru s\u0103 r\u00e2zi pe muzic\u0103 simfonic\u0103 c\u00e2nd oamenii trebuie s\u0103 \u00ee\u0219i imagineze vidul \u00een locul t\u0103u<\/p>\n<p>c\u00e2t de potrivit e vidul r\u00e2z\u00e2nd?<\/p>\n<p>mai e grotesc s\u0103 r\u00e2zi, mai r\u00e2zi \u00een g\u0103urile mici din tine<\/p>\n<p>dar mi-am dat seama de ce \u00eemi plac acum spectacolele coregrafice<\/p>\n<p>la fel ca via\u021ba, dureaz\u0103 prea mult<\/p>\n<p>dac\u0103 e\u0219ti foarte atent la ele, nu \u00een\u021belegi nimic<\/p>\n<p>\u0219i c\u00e2nd prive\u0219ti \u00een gol, dar totu\u0219i la actori, la golul lor<\/p>\n<p>atunci e ca un dicteu automat \u0219i \u00ee\u021bi vin imagini<\/p>\n<p>la care pare c\u0103 te-ai g\u00e2ndit a\u0219a mult \u0219i des<\/p>\n<p>\u00ee\u021bi reaminte\u0219ti.<\/p>\n<p>&nbsp;<\/p>\n<p>eu te-am v\u0103zut pe c\u00e2mpul \u0103la pustiu pe care am mers<\/p>\n<p>singuri de at\u00e2tea ori<\/p>\n<p>tu sigur nu \u00eel \u0219tii \u0219i nici nu vei ajunge de acolo vreodat\u0103<\/p>\n<p>cred c\u0103 nici nu mai e<\/p>\n<p>te \u00eengropam \u0219i tu r\u00e2deai \u0219i \u00ee\u021bi curgea s\u00e2nge dintr-o nar\u0103<\/p>\n<p>\u0219i actorii erau printre noi \u0219i mimau ceva<\/p>\n<p>era p\u0103rul t\u0103u ro\u0219cat pe scen\u0103 \u0219i se \u00eempiedicau de el<\/p>\n<p>\u0219i s-au ascuns \u00eenainte s\u0103 te ridici<\/p>\n<p>&nbsp;<\/p>\n<p>a\u0219a era \u0219i la malul m\u0103rii, algele alea ro\u0219ii din care nu<\/p>\n<p>se mai vedea apa, tot p\u0103rul t\u0103u era<\/p>\n<p>\u00een secolul \u00een care era foarte frig chiar \u0219i vara<\/p>\n<p>Era ca \u00een filmul \u0103la \u201eApa ca un bivol negru\u201d, p\u0103cat c\u0103<\/p>\n<p>era documentar \u0219i p\u0103cat c\u0103<\/p>\n<p>p\u0103rul t\u0103u de atunci era negru<\/p>\n<p>&nbsp;<\/p>\n<p>Ochiul, pisica, \u0219arpele \u0219i pas\u0103rea sunt acela\u0219i animal<\/p>\n<p>c\u00e2nd te faci mare o sa vezi c\u0103 nu am gre\u0219it<\/p>\n<p>c\u0103 e mare, cu solzi \u0219i pene, cu gheare \u0219i din\u021bi<\/p>\n<p>cu ochi.<\/p>\n<p>Astea pic\u0103 pe r\u00e2nd, a\u0219a cum le ai tu acum<\/p>\n<p>probabil primii vor fi to\u021bi din\u021bii<\/p>\n<p>&nbsp;<\/p>\n<p>Dac\u0103 ar fi apus soarele cu cinci minute mai devreme<\/p>\n<p>crezi c\u0103 nu a\u0219 fi v\u0103zut c\u0103 \u021bi-ai sugrumat umbra?<\/p>\n<p>N-ai intrat niciodat\u0103 \u00een baie dup\u0103 asta<\/p>\n<p>e avantajul b\u0103ilor \u00een vest<\/p>\n<p>&nbsp;<\/p>\n<p>am \u00eenmorm\u00e2ntat o singur\u0103 zi albastr\u0103<\/p>\n<p>\u0219i se repet\u0103 \u0219i se repet\u0103 \u0219i se repet\u0103<\/p>\n<p>cum nu am fost \u0219i cum nu a ie\u0219it din prima<\/p>\n<p>\u0219i toat\u0103 mla\u0219tina aia s\u0103lbatic\u0103, peste pe\u0219tera cu o<\/p>\n<p>singura intrare<\/p>\n<p>n-am mai v\u0103zut de atunci nimic \u00eempreun\u0103<\/p>\n<p>\u0219i mereu e mai bine cum n-a fost<\/p>\n<p>am scris o data o proz\u0103 despre tine \u0219i am crezut c\u0103 era cu altcineva<\/p>\n<p>nu te cuno\u0219team atunci<\/p>\n<p>e de la p\u0103r, e de la timpul \u0103sta pe care \u00eel m\u0103n\u00e2nc<\/p>\n<p>p\u00e2n\u0103 la sf\u00e2r\u0219itul meu<\/p>\n<p>e de la fotografiile pe care nu le vom avea niciodat\u0103<\/p>\n<p>poze alb-negru, rotunde \u0219i sub ele scriind \u201ea tr\u0103it \u00eentre anii &#8230;\u201d<\/p>\n<p>pentru c\u0103 dac\u0103 ai fi fost acolo sigur a\u0219 fi tras la timp de volan<\/p>\n<p>sigur n-a\u0219 fi deschis s\u0103 sar<\/p>\n<p>cum au s\u0103rit tancurile 1968 \u0219i tot cerul era acoperit<\/p>\n<p>de bruma para\u0219utelor<\/p>\n<p>albastre.<\/p>\n<p>Berlinul de vest sau de est?<\/p>\n<p>N-ar fi fost niciodat\u0103 nevoie s\u0103 alegi<\/p>\n<p>C\u0103 lumea \u00een sine nu mai era dec\u00e2t metal \u0219i buc\u0103\u021bi de duh<\/p>\n<p>&nbsp;<\/p>\n<p>Dar umbra ta palid\u0103 \u00een plopii t\u0103ia\u021bi st\u00e2ngaci din curte?<\/p>\n<p>A noastr\u0103 goal\u0103 \u0219i seac\u0103, \u00eencremenit\u0103 \u00eentr-un crepuscul de ziu\u0103<\/p>\n<p>doar cerul s-a mai p\u0103strat \u0219i curge f\u0103r\u00e2me s\u0103 nu mai urm\u0103re\u0219ti poteca<\/p>\n<p>\u0219i melci din foc \u0219i iepurele m\u00e2ncat de pesc\u0103ru\u0219i \u0219i<\/p>\n<p>albina supradimensionat\u0103<\/p>\n<p>vor r\u0103sfla pe mine sucul lor, esen\u021ba lor<\/p>\n<p>din valuri \u0219i din crengile ce au crescut peste tot.<\/p>\n<p>&nbsp;<\/p>\n<p>&nbsp;<\/p>\n<p>&nbsp;<\/p>\n<p><strong>*<\/strong><\/p>\n<p>&nbsp;<\/p>\n<p>E ok c\u0103 nu ne \u0219tii pe niciunul, mai ales cum am fost<\/p>\n<p>acum c\u00e2\u021biva ani<\/p>\n<p>E bine c\u0103 nu \u00eei mai \u0219tii pe cei care au plecat foarte departe<\/p>\n<p>\u00een alte cartiere,<\/p>\n<p>m\u0103n\u00e2nc\u0103 seara zmeur\u0103 de alt\u0103 culoare<\/p>\n<p>planteaz\u0103\u00a0 biserici, nu le mai dau foc<\/p>\n<p>&nbsp;<\/p>\n<p>Erau din vara \u00een care prietena mea nu fusese niciodat\u0103 la mare<\/p>\n<p>Am v\u0103zut atunci \u00eentr-un scurt-metraj horror \u00een care era scena aia celebr\u0103 cu \u00eendr\u0103gosti\u021bii la restaurant care m\u0103n\u00e2nc\u0103 din aceia\u0219i farfurie paste<\/p>\n<p>\u0219i la un moment dat prin aceea\u0219i spaghet\u0103 \u0219i trag de ea p\u00e2n\u0103 c\u00e2nd se s\u0103rut\u0103<\/p>\n<p>\u0219i mi-am amintit de noi \u00een iarna aia are a r\u0103mas \u00een capul meu doar lumina becurilor \u0219i milioane de necunoscu\u021bi mor\u021bi<\/p>\n<p>cum am \u00eencercat s\u0103 schimb\u0103m shoturile unul \u00een gura altuia<\/p>\n<p>\u0219i a rezultat doar un s\u0103rut \u0219i ni\u0219te alcool care s-a scurs \u00een col\u021bul gurii<\/p>\n<p>&nbsp;<\/p>\n<p>dar filmul \u0103sta era horror cum \u021bi-am zis \u0219i<\/p>\n<p>\u00een loc de paste \u0219i \u00eendr\u0103gosti\u021bi erau zombi ( probabil \u00eend\u0103gosti\u021bi ) \u0219i-un intestin<\/p>\n<p>\u0219i chiar \u0219i ei s-au s\u0103rutat la film<\/p>\n<p>de\u0219i, dac\u0103 eram eu regizorul, mi s-ar fi p\u0103rut mai senzuali, poate chiar<\/p>\n<p>mai sensibili<\/p>\n<p>s\u0103 se m\u0103n\u00e2nce unul pe alltul la final<\/p>\n<p>mai romantic dec\u00e2t s\u0103 m\u0103n\u00e2nci mor\u021bi e s\u0103 m\u0103n\u00e2nci m\u00e2nc\u0103torul mort de mor\u021bi.<\/p>\n<p>&nbsp;<\/p>\n<p>Nu \u0219tiu de ce mi-am amintit de asta<\/p>\n<p>c\u0103 noi sigur nu eram zonbi,<\/p>\n<p>dar ce vroiam s\u0103 zic de fapt e c\u0103 fix dup\u0103 ce am f\u0103cut<\/p>\n<p>chestia aia cu shoturile<\/p>\n<p>am devenit<\/p>\n<p>sau nu \u0219tiu dac\u0103 atunci<\/p>\n<p>dar acum sigur am fi\u00a0 zonbie \u0219i n-am mai g\u0103si nici un v\u00e2rcolac.<\/p>\n<p>&nbsp;<\/p>\n<p>Oricum e bine c\u0103 nu ne \u0219tii pe noi cei de atunci<\/p>\n<p>mai aiurea e c\u0103 nu ne vei cunoa\u0219te niciodat\u0103<\/p>\n<p>nici pe cei de acum c\u0103 noi atunci am murit<\/p>\n<p>ne-am \u00eenecat<\/p>\n<p>de\u0219i ne era at\u00e2t de fric\u0103 de ap\u0103.<\/p>\n<p>&nbsp;<\/p>\n<p>&nbsp;<\/p>\n<p>&nbsp;<\/p>\n<p><strong>*<\/strong><\/p>\n<p>&nbsp;<\/p>\n<p>Merg pe str\u0103zile acoperite de cea\u021b\u0103 ale adolescen\u021bei mele<\/p>\n<p>\u0219i nu m\u0103 satur<\/p>\n<p>nici de cea\u021b\u0103 \u0219i nici de senza\u021bia c\u0103 m\u0103 afund \u00een caroseria<\/p>\n<p>Daciilor 1310 de pe lateral<\/p>\n<p>c\u0103 ap\u0103rea mereu o form\u0103 difuz\u0103 de fum \u00een oglind\u0103<\/p>\n<p>ca mizeria \u0219i cenu\u0219a dinainte de accident<\/p>\n<p>c\u00e2nd \u00eencurc, ca la a doua \u0219edin\u021b\u0103 de condus, fr\u00e2na cu accelera\u021bia<\/p>\n<p>dar c\u00e2nd merg \u0219i mai mult \u00een timp<\/p>\n<p>\u0219i mai mult pe alee<\/p>\n<p>ea se \u00eengusteaz\u0103 mai mult \u0219i mai mult<\/p>\n<p>\u0219i mai mult<\/p>\n<p>\u0219i ajung tot \u00een lanul de porumb din care se pompeaz\u0103<\/p>\n<p>s\u00e2nge \u00een toate cadavrele alea pe care le-am v\u0103zut \u00een \u0219coal\u0103<\/p>\n<p>\u0219i care mi-au fost iubite<\/p>\n<p>sau care a\u0219 fi vrut s\u0103 \u00eemi fie, dar<\/p>\n<p>cu\u021bite, pistoale \u0219i un cutremur care ne-a f\u0103cut tavanul<\/p>\n<p>dormitorului varz\u0103 chiar \u00een seara aia c\u00e2nd.<\/p>\n<p>&nbsp;<\/p>\n<p>Tata m\u0103 oblig\u0103 mereu s\u0103 vorbescu cu p\u0103pu\u0219a din lanul de porumb<\/p>\n<p>\u0219i nu, nu e sperietoare.<\/p>\n<p>e de plastic \u0219i e roz \u0219i deschide gura c\u00e2nd \u00eei spun diverse<\/p>\n<p>lucruri<\/p>\n<p>\u0219i cred c\u0103 \u00eei plac ziarele \u0219i frica mea acut\u0103 de schimbare<\/p>\n<p>Tata m\u0103 pune s\u0103 vorbesc cu ea p\u00e2n\u0103 fac spume la gur\u0103<\/p>\n<p>cearc\u0103ne la ochi<\/p>\n<p>riduri de la timpul care mi-a r\u0103mas printre noi<\/p>\n<p>r\u0103ni \u00een col\u021burile n\u0103rilor care au tras prima dat\u0103 un praf ciudat<\/p>\n<p>\u00een octombrie<\/p>\n<p>\u00een barul cu baie prea \u00eengust\u0103 pentru altceva<\/p>\n<p>\u0219i oricum tu asta aveai la tine, nu prezervative<\/p>\n<p>a\u0219a c\u0103 asta am f\u0103cut<\/p>\n<p>vorbescu cu p\u0103pu\u0219a care credeam c\u0103 e matur\u0103 sau major\u0103<\/p>\n<p>p\u00e2n\u0103 \u00een vierea aia de dinainte de Pa\u0219te c\u00e2nd am v\u0103zut c\u0103<\/p>\n<p>\u00eei vine prima oar\u0103 ciclul<\/p>\n<p>iar Tata s-a speriat peste c\u00e2teva luni c\u00e2nd menstrua\u021bia ei<\/p>\n<p>a \u00eent\u00e2rziat \u0219i burta de plastic s-a m\u0103rit si<\/p>\n<p>z\u0103pada neagr\u0103 \u021bi se ar\u0103tase \u00een vis cum se compunea<\/p>\n<p>\u00eentr-un monstru ce ar fi m\u00e2ncat r\u0103s\u0103ritul<\/p>\n<p>dimine\u021bii de februarie c\u00e2nd voiam s\u0103 rezolv ultima problem\u0103<\/p>\n<p>de la olimpiad\u0103<\/p>\n<p>a\u0219a c\u0103 am rezolvat-o, dar asta tata nu visase, i se spusese doar<\/p>\n<p>\u00eens\u0103 tu cred, mai mult ca oric\u00e2nd, c\u0103 pentru asta te-ai trezit mai t\u00e2rziu \u0219i mi-ai scris baft\u0103 pe un bile\u021bel pe care, ai plecat s\u0103 \u00eel arunci \u00een lacul din parc<\/p>\n<p>\u0219i au venit valurile alea mari care au m\u00e2ncat<\/p>\n<p>blocurile cu zece etaje de l\u00e2ng\u0103<\/p>\n<p>\u0219i au sp\u0103lat rugina \u0219i pasta v\u00e2scoas\u0103 din p\u0103rul rela\u021biei noastre.<\/p>\n","protected":false},"excerpt":{"rendered":"<p>Via\u021ba \u0219i moartea volatil\u0103 a continentului &nbsp; Nu \u00eemi plac spectacolele coregrafice, dar cred c\u0103 tocmai am v\u0103zut unul bun cred c\u0103 tocmai am v\u0103zut un spectacolul despre via\u021ba sexual\u0103 a popoarelor europene cred c\u0103 tocmai am v\u0103zut unul rasial \u0219i pustiu. actorii au jucat numai pr\u0103p\u0103stii, numai h\u0103uri, numai abisuri<\/p>\n","protected":false},"author":1,"featured_media":0,"comment_status":"open","ping_status":"open","sticky":false,"template":"","format":"standard","meta":{"jetpack_post_was_ever_published":false,"_jetpack_newsletter_access":"","_jetpack_dont_email_post_to_subs":false,"_jetpack_newsletter_tier_id":0,"_jetpack_memberships_contains_paywalled_content":false,"_jetpack_memberships_contains_paid_content":false,"footnotes":""},"categories":[1435,13],"tags":[1332,1436,1114],"class_list":["post-13156","post","type-post","status-publish","format-standard","hentry","category-egophobia-64","category-poezie","tag-cristian-ciulica","tag-egophobia-64","tag-poezie"],"jetpack_featured_media_url":"","jetpack_sharing_enabled":true,"jetpack_shortlink":"https:\/\/wp.me\/p6DakB-3qc","_links":{"self":[{"href":"https:\/\/egophobia.ro\/index.php?rest_route=\/wp\/v2\/posts\/13156","targetHints":{"allow":["GET"]}}],"collection":[{"href":"https:\/\/egophobia.ro\/index.php?rest_route=\/wp\/v2\/posts"}],"about":[{"href":"https:\/\/egophobia.ro\/index.php?rest_route=\/wp\/v2\/types\/post"}],"author":[{"embeddable":true,"href":"https:\/\/egophobia.ro\/index.php?rest_route=\/wp\/v2\/users\/1"}],"replies":[{"embeddable":true,"href":"https:\/\/egophobia.ro\/index.php?rest_route=%2Fwp%2Fv2%2Fcomments&post=13156"}],"version-history":[{"count":1,"href":"https:\/\/egophobia.ro\/index.php?rest_route=\/wp\/v2\/posts\/13156\/revisions"}],"predecessor-version":[{"id":13157,"href":"https:\/\/egophobia.ro\/index.php?rest_route=\/wp\/v2\/posts\/13156\/revisions\/13157"}],"wp:attachment":[{"href":"https:\/\/egophobia.ro\/index.php?rest_route=%2Fwp%2Fv2%2Fmedia&parent=13156"}],"wp:term":[{"taxonomy":"category","embeddable":true,"href":"https:\/\/egophobia.ro\/index.php?rest_route=%2Fwp%2Fv2%2Fcategories&post=13156"},{"taxonomy":"post_tag","embeddable":true,"href":"https:\/\/egophobia.ro\/index.php?rest_route=%2Fwp%2Fv2%2Ftags&post=13156"}],"curies":[{"name":"wp","href":"https:\/\/api.w.org\/{rel}","templated":true}]}}