{"id":13158,"date":"2020-09-15T18:56:49","date_gmt":"2020-09-15T16:56:49","guid":{"rendered":"http:\/\/egophobia.ro\/?p=13158"},"modified":"2020-09-15T18:56:49","modified_gmt":"2020-09-15T16:56:49","slug":"poeme-de-marius-iulian-stancu-2","status":"publish","type":"post","link":"https:\/\/egophobia.ro\/?p=13158","title":{"rendered":"poeme de Marius-Iulian Stancu"},"content":{"rendered":"<p><strong>#fasciste<\/strong><\/p>\n<p>&nbsp;<\/p>\n<p>#<\/p>\n<p>este timpul s\u0103 suferi<\/p>\n<p>o femeie dorit\u0103 este \u00eentotdeauna<\/p>\n<p>o femeie moart\u0103.<!--more--><\/p>\n<p>&nbsp;<\/p>\n<p>#<\/p>\n<p>arta compara\u021biei<\/p>\n<p>te-a f\u0103cut<\/p>\n<p>s\u0103 nu mai exi\u0219ti.<\/p>\n<p>&nbsp;<\/p>\n<p>#<\/p>\n<p>\u00een 1925<\/p>\n<p>hitler dore\u0219te<\/p>\n<p>s\u0103 fie fotografiat<\/p>\n<p>iat\u0103 un b\u0103rbat care vrea<\/p>\n<p>s\u0103 cucereasc\u0103.<\/p>\n<p>&nbsp;<\/p>\n<p>#<\/p>\n<p>s\u0103 ajung \u00een a\u0219ternuturile tale<\/p>\n<p>a fost ca \u00een <em>unternehmen barbarossa.<\/em><\/p>\n<p>&nbsp;<\/p>\n<p>#<\/p>\n<p>tu crezi \u00een \u00eent\u00e2mplare<\/p>\n<p>nu e destin.<\/p>\n<p>&nbsp;<\/p>\n<p>#<\/p>\n<p>politic vorbind<\/p>\n<p>prime\u0219ti pl\u0103cere<\/p>\n<p>de la mine.<\/p>\n<p>&nbsp;<\/p>\n<p>#<\/p>\n<p>\u00een mine<\/p>\n<p>\u021bi-ai v\u0103zut bunicul<\/p>\n<p>#legionar.<\/p>\n<p>&nbsp;<\/p>\n<p>#<\/p>\n<p>c\u00e2nd st\u0103p\u00e2na &#8211; o stea mic\u0103 \u0219i rece<\/p>\n<p>din secven\u021ba principal\u0103 &#8211;<\/p>\n<p>\u00ee\u0219i viseaz\u0103 ibovnicii<\/p>\n<p>cu str\u0103lucirea celor f\u0103r\u0103 suflare<\/p>\n<p>superbissim\u0103 scen\u0103 post-apocaliptic\u0103<\/p>\n<p>\u00een care oamenii vor fi uitat<\/p>\n<p>s\u0103 citeasc\u0103<\/p>\n<p>adic\u0103 au uitat de sl\u0103biciune<\/p>\n<p>\u0219i de dragoste.<\/p>\n<p>&nbsp;<\/p>\n<p>#<\/p>\n<p>contemporanilor mei<\/p>\n<p>poe\u021bi postumani care \u00ee\u0219i pun<\/p>\n<p>vie\u021bile<\/p>\n<p>pe rafturile moralei<\/p>\n<p>\u0219ti\u021bi unde m\u0103 g\u0103si\u021bi<\/p>\n<p>e bordelul reac\u021bionar<\/p>\n<p>#fascist<\/p>\n<p>la care te \u00eentorci c\u00e2nd sim\u021bi<\/p>\n<p>c\u0103 nu se mai poate.<\/p>\n<p><strong>\u00a0<\/strong><\/p>\n","protected":false},"excerpt":{"rendered":"<p>#fasciste &nbsp; # este timpul s\u0103 suferi o femeie dorit\u0103 este \u00eentotdeauna o femeie moart\u0103.<\/p>\n","protected":false},"author":1,"featured_media":0,"comment_status":"open","ping_status":"open","sticky":false,"template":"","format":"standard","meta":{"jetpack_post_was_ever_published":false,"_jetpack_newsletter_access":"","_jetpack_dont_email_post_to_subs":false,"_jetpack_newsletter_tier_id":0,"_jetpack_memberships_contains_paywalled_content":false,"_jetpack_memberships_contains_paid_content":false,"footnotes":""},"categories":[1435,13],"tags":[1436,60,1114],"class_list":["post-13158","post","type-post","status-publish","format-standard","hentry","category-egophobia-64","category-poezie","tag-egophobia-64","tag-marius-iulian-stancu","tag-poezie"],"jetpack_featured_media_url":"","jetpack_sharing_enabled":true,"jetpack_shortlink":"https:\/\/wp.me\/p6DakB-3qe","_links":{"self":[{"href":"https:\/\/egophobia.ro\/index.php?rest_route=\/wp\/v2\/posts\/13158","targetHints":{"allow":["GET"]}}],"collection":[{"href":"https:\/\/egophobia.ro\/index.php?rest_route=\/wp\/v2\/posts"}],"about":[{"href":"https:\/\/egophobia.ro\/index.php?rest_route=\/wp\/v2\/types\/post"}],"author":[{"embeddable":true,"href":"https:\/\/egophobia.ro\/index.php?rest_route=\/wp\/v2\/users\/1"}],"replies":[{"embeddable":true,"href":"https:\/\/egophobia.ro\/index.php?rest_route=%2Fwp%2Fv2%2Fcomments&post=13158"}],"version-history":[{"count":1,"href":"https:\/\/egophobia.ro\/index.php?rest_route=\/wp\/v2\/posts\/13158\/revisions"}],"predecessor-version":[{"id":13159,"href":"https:\/\/egophobia.ro\/index.php?rest_route=\/wp\/v2\/posts\/13158\/revisions\/13159"}],"wp:attachment":[{"href":"https:\/\/egophobia.ro\/index.php?rest_route=%2Fwp%2Fv2%2Fmedia&parent=13158"}],"wp:term":[{"taxonomy":"category","embeddable":true,"href":"https:\/\/egophobia.ro\/index.php?rest_route=%2Fwp%2Fv2%2Fcategories&post=13158"},{"taxonomy":"post_tag","embeddable":true,"href":"https:\/\/egophobia.ro\/index.php?rest_route=%2Fwp%2Fv2%2Ftags&post=13158"}],"curies":[{"name":"wp","href":"https:\/\/api.w.org\/{rel}","templated":true}]}}