{"id":13248,"date":"2020-11-28T07:58:00","date_gmt":"2020-11-28T05:58:00","guid":{"rendered":"http:\/\/egophobia.ro\/?p=13248"},"modified":"2020-11-28T00:02:26","modified_gmt":"2020-11-27T22:02:26","slug":"semnificatii-corelate-ale-zilei-de-25-octombrie","status":"publish","type":"post","link":"https:\/\/egophobia.ro\/?p=13248","title":{"rendered":"Semnifica\u021bii corelate ale zilei de 25 octombrie"},"content":{"rendered":"<p style=\"text-align: justify;\"><span style=\"color: green;\">(pricina\u015ful de serviciu)<\/span><\/p>\n<p style=\"text-align: right;\" align=\"right\">de Radu-Ilarion Munteanu<\/p>\n<p style=\"text-align: justify;\">P\u00e2n\u0103 ieri considerasem, superficial, coinciden\u0163a prilejuit\u0103 de data de azi, 25 octombrie, fie ca produsul hazardului pur, fie consecin\u0163a unei planific\u0103ri militare, f\u0103r\u0103 a reflecta pe marginea acestei posibile planific\u0103ri. De ce planificare? Cine are no\u0163iuni specifice \u015ftie c\u0103 o campanie ofensiv\u0103 e planificat\u0103, statele majore ale e\u015falonului superior ale dispozitivelor implicate, cu rol aproximativ similar cu biroul de coordonare al unei companii civile, traduc\u00e2nd \u00een date precise linia conceput\u0103 la nivel de comand\u0103: puncte de atins \u00een anumi\u0163i timpi, aprovizionare tehnico-material\u0103, extragerea r\u0103ni\u0163ilor etc. Depinde de nivelul e\u015falonului \u00een discu\u0163ie dac\u0103 problema militar\u0103 e una tactic\u0103 sau una strategic\u0103. Strategia presupune suprafe\u0163e mari, dispozitive la nivelul armatei sau grupurilor de armate, planificare pe termen mediu sau lung, tactica fiind mai degrab\u0103 local\u0103.<!--more--><\/p>\n<p style=\"text-align: justify;\">Odat\u0103 amintite aceste no\u0163iuni generale, ne punem \u00eentrebarea dac\u0103 \u00een cadrul ofensivei strategice ale direc\u0163iei centrale a armatei imperiale ro\u015fii, \u00een care, conform armisti\u0163iului, era \u00eencadrat\u0103 armata rom\u00e2n\u0103, atingerea grani\u0163ei rom\u00e2no-maghiare de dinainte de diktatul de la Viena era sau nu un am\u0103nunt tactic planificat s\u0103 coincid\u0103 cu aniversarea regelui \u015fi dac\u0103 da, la ce e\u015falon. Iar\u0103\u015fi fac apel la cei care posed\u0103 no\u0163iuni militare: r\u0103spunsul e evident: am\u0103nuntul tactic nu putea fi planificat la nivel superior celui de regiment, care este unitatea militar\u0103. \u00cen sensul c\u0103 de la divizie \u00een sus denumirea generic\u0103 e mare unitate, iar de la batalion \u00een jos se nume\u015fte subunitate. E, deci, tehnic, posibil ca planificarea s\u0103 fi apar\u0163inut armatei rom\u00e2ne. Dar cum am\u0103nuntul avea o evident\u0103 dimensiune politic\u0103 \u015fi cum Stalin era cel care dicta totul, e improbabil ca am\u0103nuntul s\u0103 nu fi fost fie aprobat, tacit sau explicit, fie chiar sugerat de conducerea armatei ro\u015fii angajate \u00een direc\u0163ia ofensiv\u0103. De ce? Stalin, care planificase colonizarea politic\u0103 a Rom\u00e2niei, dup\u0103 deja evident atunci victoria \u00een r\u0103zboi, folosea strategia tovar\u0103\u015filor de drum. Urmat\u0103 timp de 3 ani \u015fi de cozile lui de topor, atunci deja Partidul Comunist Rom\u00e2n (denumire modificat\u0103 \u00een 1943, c\u00e2nd, din considerente politice \u00een cadrul colabor\u0103rii militare cu Alia\u0163ii, ordonase desfiin\u0163area formal\u0103 a Kominternului, pe timpul c\u0103reia denumirea grupusculului coloanei a 5-a imperiale fusese Partidul Comuni\u015ftilor din Rom\u00e2nia). Cunosc\u00e2nd bine popularitatea t\u00e2n\u0103rului rege, pe de o parte la nivel na\u0163ional, pe de alta \u00een armata rom\u00e2n\u0103, coinciden\u0163a cronologic\u0103 era convenabil\u0103 politic. Acuma sigur c\u0103 rareori o campanie militar\u0103 evolueaz\u0103 strict pe coordonatele planificate, contraexemplele dep\u0103\u015find cadrul r\u00e2ndurilor de fa\u0163\u0103. Dar, la nivel local, probabilitatea unui reglaj fin, cutare aliniament de atins \u00een cutare zi, este, mai ales \u00een condi\u0163iile raportului de for\u0163e de pe front, una ridicat\u0103. F\u0103r\u0103 a poseda date documentate de istorie militar\u0103, socotim c\u0103 este foarte probabil ca eliberarea Careilor de sub ocupa\u0163ia horthyst\u0103, semnific\u00e2nd de facto anularea pe teren a diktatului de la Viena exact \u00een ziua \u00een care regale Mihai \u00eemplinea 23 de ani s\u0103 fi fost rezultatul unei coordon\u0103ri tactice. Pe de o parte se da o temporar\u0103 satisfac\u0163ie armatei rom\u00e2ne. Care \u00een acea zi nu \u015ftia c\u0103 Rom\u00e2niei nu i se va recunoa\u015fte, la tratatul de pace, condi\u0163ia de cobeligerant, fiind socotit\u0103 o \u0163ar\u0103 \u00eenvins\u0103, \u00een ciuda recunoa\u015fterii unanime a istoricilor militari ai r\u0103zboiului, c\u0103 \u00een planul contribu\u0163iei la \u00eenf\u00e2ngerea Axei, Rom\u00e2nia ocupase locul al 4-lea. Al patrulea! O aplicare subtil\u0103 a teoriei tovar\u0103\u015filor de drum. Pe de alta, considera\u0163ia acordat\u0103 regelui \u00eentre 23 august 1944 \u015fi 30 decembrie 1947 de c\u0103tre Stalin avea efecte politice pozitive pe termen imediat, mediu \u015fi, iat\u0103, lung. S\u0103 nu uit\u0103m halucinata declara\u0163ie public\u0103 a celui care a fost pre\u015fedintele ales al Rom\u00e2niei \u015fi care, acum, este impus cu for\u0163a, \u00een ciuda delegitim\u0103rii prin votul a 7.4 milioane concet\u0103\u0163eni. Paradoxal\u0103 \u015fi amar\u0103 similitudine cu impunerea guvernului Petru Groza de c\u0103tre V\u00e2\u015finski, trimisul aceluia\u015fi Stalin, la 6 martie 1945.<\/p>\n<p style=\"text-align: justify;\">Nu excludem posibilitatea, pe care o socotim totu\u015fi improbabil\u0103, ca aceste ra\u0163ionamente s\u0103 nu fie confirmate documentar. Sincronizarea cronologic\u0103 a dou\u0103 fapte istorice, privit\u0103 prin prisma logicii militare \u015fi a celei politice la momentul 25 octombrie 1944, cap\u0103t\u0103, credem, un plus de plauzibilitate corobor\u00e2nd aceste ra\u0163ionamente cu realitatea politic\u0103 din zilele noastre.<\/p>\n<p style=\"text-align: justify;\">\nUn addendum necesar: sintagma eliberarea ultimului bulg\u0103re de p\u0103m\u00e2nt rom\u00e2nesc este, vai, un flagrant fals istoric. Eliberarea acestui ultim bulg\u0103re de sub ocupa\u0163ia horthyst\u0103, ca urmare a diktatului de la Viena, asta e strict corect. Dar, mai mult de jum\u0103tate din principatul istoric al Moldovei, ocupat de imperiul ro\u015fu \u00een 1812, prin tr\u0103darea domnului Manuc, jum\u0103tate eliberat\u0103 temporar \u00eentre 22 iulie 1941 \u015fi sf\u00e2r\u015fitul verii lui \u201944, c\u00e2nd a fost \u015fi a r\u0103mas ocupat\u0103 de forma comunist\u0103 a imperiului ro\u015fu, r\u0103m\u00e2ne o ran\u0103 vie pentru orice locuitor care merit\u0103 calitatea de rom\u00e2n. Iar acest fals declamat public, la nivel oficial azi, \u00een zi de s\u0103rb\u0103toare, ziua armatei rom\u00e2ne, e o subtil\u0103 form\u0103 de manipulare. Induc\u00e2nd, subliminal, pierderea oric\u0103rei speran\u0163e. Pretextul c\u0103 aceast\u0103 formulare e corect\u0103 politic ne pare unul jalnic. 364 \u00bc zile pe an, \u00een medie, nu avem alternativ\u0103 rezonabil\u0103 la a privi lucrurile realist. De ziua regelui \u015fi a armatei, avem, \u00eens\u0103, fie \u015fi \u00een neglijabil\u0103 minoritate, dreptul de a bate c\u00e2mpii \u00een numele adev\u0103rului istoric.<\/p>\n","protected":false},"excerpt":{"rendered":"<p>(pricina\u015ful de serviciu) de Radu-Ilarion Munteanu P\u00e2n\u0103 ieri considerasem, superficial, coinciden\u0163a prilejuit\u0103 de data de azi, 25 octombrie, fie ca produsul hazardului pur, fie consecin\u0163a unei planific\u0103ri militare, f\u0103r\u0103 a reflecta pe marginea acestei posibile planific\u0103ri. De ce planificare? Cine are no\u0163iuni specifice \u015ftie c\u0103 o campanie ofensiv\u0103 e planificat\u0103, statele majore ale e\u015falonului superior [&hellip;]<\/p>\n","protected":false},"author":2,"featured_media":0,"comment_status":"open","ping_status":"open","sticky":false,"template":"","format":"standard","meta":{"jetpack_post_was_ever_published":false,"_jetpack_newsletter_access":"","_jetpack_dont_email_post_to_subs":false,"_jetpack_newsletter_tier_id":0,"_jetpack_memberships_contains_paywalled_content":false,"_jetpack_memberships_contains_paid_content":false,"footnotes":""},"categories":[55,1450,109],"tags":[1120,1451,114,110],"class_list":["post-13248","post","type-post","status-publish","format-standard","hentry","category-articole","category-egophobia-65","category-pricinaul-de-serviciu","tag-articole","tag-egophobia-65","tag-pricinasul-de-serviciu","tag-radu-ilarion-munteanu"],"jetpack_featured_media_url":"","jetpack_sharing_enabled":true,"jetpack_shortlink":"https:\/\/wp.me\/p6DakB-3rG","_links":{"self":[{"href":"https:\/\/egophobia.ro\/index.php?rest_route=\/wp\/v2\/posts\/13248","targetHints":{"allow":["GET"]}}],"collection":[{"href":"https:\/\/egophobia.ro\/index.php?rest_route=\/wp\/v2\/posts"}],"about":[{"href":"https:\/\/egophobia.ro\/index.php?rest_route=\/wp\/v2\/types\/post"}],"author":[{"embeddable":true,"href":"https:\/\/egophobia.ro\/index.php?rest_route=\/wp\/v2\/users\/2"}],"replies":[{"embeddable":true,"href":"https:\/\/egophobia.ro\/index.php?rest_route=%2Fwp%2Fv2%2Fcomments&post=13248"}],"version-history":[{"count":1,"href":"https:\/\/egophobia.ro\/index.php?rest_route=\/wp\/v2\/posts\/13248\/revisions"}],"predecessor-version":[{"id":13249,"href":"https:\/\/egophobia.ro\/index.php?rest_route=\/wp\/v2\/posts\/13248\/revisions\/13249"}],"wp:attachment":[{"href":"https:\/\/egophobia.ro\/index.php?rest_route=%2Fwp%2Fv2%2Fmedia&parent=13248"}],"wp:term":[{"taxonomy":"category","embeddable":true,"href":"https:\/\/egophobia.ro\/index.php?rest_route=%2Fwp%2Fv2%2Fcategories&post=13248"},{"taxonomy":"post_tag","embeddable":true,"href":"https:\/\/egophobia.ro\/index.php?rest_route=%2Fwp%2Fv2%2Ftags&post=13248"}],"curies":[{"name":"wp","href":"https:\/\/api.w.org\/{rel}","templated":true}]}}