{"id":13274,"date":"2020-12-10T21:12:43","date_gmt":"2020-12-10T19:12:43","guid":{"rendered":"http:\/\/egophobia.ro\/?p=13274"},"modified":"2020-12-16T10:15:14","modified_gmt":"2020-12-16T08:15:14","slug":"trezirea-din-poezie","status":"publish","type":"post","link":"https:\/\/egophobia.ro\/?p=13274","title":{"rendered":"Trezirea din poezie"},"content":{"rendered":"<p style=\"text-align: center;\"><span style=\"color: green;\">(Lecturi potrivite\/recomandate de Alexandra)<\/span><\/p>\n<p style=\"text-align: right;\">de Ionu\u021b Calot\u0103<\/p>\n<p style=\"text-align: justify;\">#<\/p>\n<p style=\"text-align: justify;\">.te simt ca pe un bombardament subteran<\/p>\n<p style=\"text-align: justify;\">te v\u0103d \u00een cana din care \u00eemi gu\u0219ti cafeaua<\/p>\n<p style=\"text-align: justify;\">\u00een e\u0219arfa pe care o m\u00e2ng\u00e2i diminea\u021ba<\/p>\n<p style=\"text-align: justify;\">d\u00e2ndu-i un nume<\/p>\n<p style=\"text-align: justify;\">\u00een r\u00e2ndunicile care ciugulesc din vinul<\/p>\n<p style=\"text-align: justify;\">pe care \u00eel \u00eemp\u0103r\u021bim \u00een dou\u0103sprezece p\u0103r\u021bi<!--more--><\/p>\n<p style=\"text-align: justify;\">\u00een somnul lung al soarelui<\/p>\n<p style=\"text-align: justify;\">\u0219i \u00een cire\u0219ele uciga\u0219e<\/p>\n<p style=\"text-align: justify;\">.tu nu mai e\u0219ti doar un fragment<\/p>\n<p style=\"text-align: justify;\">ci \u00eentregul acestei vie\u021bi<\/p>\n<p style=\"text-align: justify;\">.trupul gol al cafetierei<\/p>\n<p style=\"text-align: justify;\">are mirosul t\u0103u sub\u021biat<\/p>\n<p style=\"text-align: justify;\">de ochiul confiscat al dimine\u021bii<\/p>\n<p style=\"text-align: justify;\">.scheletul ei discret<\/p>\n<p style=\"text-align: justify;\">e legat la mecanismul coapselor<\/p>\n<p style=\"text-align: justify;\">o pl\u0103cere dizgra\u021bioas\u0103<\/p>\n<p style=\"text-align: justify;\">@sfixiat\u0103<\/p>\n<p style=\"text-align: justify;\">.degetele tremur\u0103<\/p>\n<p style=\"text-align: justify;\">\u0219op\u00e2rle pe tr\u0103gaciul pl\u0103cerilor<\/p>\n<p style=\"text-align: justify;\">.a\u0219a se deruleaz\u0103 mi\u0219c\u0103rile za\u021bului<\/p>\n<p style=\"text-align: justify;\">prin lini\u0219tea amplificat\u0103<\/p>\n<p style=\"text-align: justify;\">investit\u0103 \u00een t\u00e2mple<\/p>\n<p style=\"text-align: justify;\">\u00een maxilare suprapuse<\/p>\n<p style=\"text-align: justify;\">peste corpurile noastre<\/p>\n<p style=\"text-align: justify;\">dezizolate<\/p>\n<p style=\"text-align: justify;\">\n<p style=\"text-align: justify;\">\n<p style=\"text-align: justify;\">\n<p style=\"text-align: justify;\">#<\/p>\n<p style=\"text-align: justify;\">.am trecut prin ziua asta<\/p>\n<p style=\"text-align: justify;\">{{prin teritoriul molimei}}<\/p>\n<p style=\"text-align: justify;\">ca printr-un tunel<\/p>\n<p style=\"text-align: justify;\">care m\u0103 izoleaz\u0103<\/p>\n<p style=\"text-align: justify;\">de toate amintirile<\/p>\n<p style=\"text-align: justify;\">ca printr-o r\u0103z\u0103toare<\/p>\n<p style=\"text-align: justify;\">am sim\u021bit c\u0103 timpul<\/p>\n<p style=\"text-align: justify;\">]este singur[<\/p>\n<p style=\"text-align: justify;\">.imagineaz\u0103-\u021bi lumea<\/p>\n<p style=\"text-align: justify;\">v\u0103zut\u0103 prin interiorul ei<\/p>\n<p style=\"text-align: justify;\">\u00een miezurile ei de vise<\/p>\n<p style=\"text-align: justify;\">\u00een apa coronacronic\u0103<\/p>\n<p style=\"text-align: justify;\">prin care se evapor\u0103<\/p>\n<p style=\"text-align: justify;\">p\u0103pu\u0219ile fluturilor<\/p>\n<p style=\"text-align: justify;\">.c\u00e2ndva lumea era mult mai mic\u0103<\/p>\n<p style=\"text-align: justify;\">lipit\u0103 de microscoape<\/p>\n<p style=\"text-align: justify;\">precum \u00eenaltpreapoetica mea<\/p>\n<p style=\"text-align: justify;\">sinceritate transpirat\u0103<\/p>\n<p style=\"text-align: justify;\">.mi-am \u00eemp\u0103iat singur\u0103tatea<\/p>\n<p style=\"text-align: justify;\">\u0219i acum o pot admira<\/p>\n<p style=\"text-align: justify;\">de la distan\u021b\u0103<\/p>\n<p style=\"text-align: justify;\">ca pe un suvenir<\/p>\n<p style=\"text-align: justify;\">.\u0219i citesc \u0219i stau \u0219i ascult<\/p>\n<p style=\"text-align: justify;\">\u0219i \u00eemb\u0103tr\u00e2nesc^^<\/p>\n<p style=\"text-align: justify;\">\n<p style=\"text-align: justify;\"><strong>\u00a0<\/strong><strong>Despre autor:<\/strong><\/p>\n<p style=\"text-align: justify;\"><img data-recalc-dims=\"1\" decoding=\"async\" class=\"aligncenter\" src=\"https:\/\/i0.wp.com\/i.vgy.me\/s98ZJm.jpg?w=812&#038;ssl=1\" \/><\/p>\n<p style=\"text-align: justify;\"><strong>Ionu\u021b Calot\u0103<\/strong> este poet \u0219i prozator. De asemenea, este membru cofondator al \u201eCenaclului de urgen\u021b\u0103\u201d din Bucure\u0219ti (din 2014), devenit apoi Grupul Art Creativ, \u0219i co-organizator al unor evenimente precum Campionatul Na\u021bional de Poezie, Gala Poeziei de Dragoste, T\u00e2rgul de carte BOOK-TIC, Revelionul Poe\u021bilor, Turneul Na\u021bional \u201ePoezie de Colec\u021bie\u201d sau campania \u201eAdopt\u0103 o Carte!\u201d. Lanseaz\u0103 \u00een 2019 revista literar\u0103 \u201eMonitorul de Poezie\u201d pe care o coordoneaz\u0103 \u0219i organizeaz\u0103 Concursul de Poezie \u201eMonitoriada\u201d.<\/p>\n<p style=\"text-align: justify;\">A publicat poezii \u00een volumul de debut \u201eCum s\u0103 supravie\u021buie\u0219ti \u00een dragoste\u201d (Editura Art Creativ, 2017) pentru care a fost laureat cu Premiul de DEBUT la Festivalul Na\u021bional \u201eVirgil Carianopol\u201d, Premiul de DEBUT la Concursul na\u021bional de volume \u201ePoezia \u2013 Oglind\u0103 a sufletului\u201d, Premiul pentru volum la a XXX-a edi\u021bie a Concursului Na\u021bional de Literatur\u0103 \u201eEminescu la Oravi\u021ba\u201d \u0219i Premiul de DEBUT al Editurii Art Creativ. De asemenea, are apari\u021bii \u00een volumul \u201eManifest pentru globalizarea poeziei\u201d, Editura Eurostampa, 2018 (carte unicat, cu traduceri \u00een 14 limbi str\u0103ine, una dintre traduceri a primit Locul I la Concursul interna\u021bional de crea\u021bie literar\u0103 \u201eNature 2018\u201d), \u00een volumul \u201eCum am salvat lumea\u201d, Editura Sitech, 2018 (include \u0219i alte genuri literare), \u00een volumul \u201eNuduri \u0219i semne\u201d, Editura Rafet, 2019 (manuscris premiat la Festivalul Interna\u021bional Titel Constantinescu), \u00een volumul \u201ePartituri pentru p\u0103p\u0103dii electrice\u201d, Editura Betta, 2020 (antologie de poezie de autor, publicat\u0103 ca urmare a Premiului I la Concursului Na\u021bional de Poezie \u201eRadu C\u00e2rneci\u201d), \u00een \u201eZiua c\u00e2nd am sem\u0103nat cu tine\u201d, Editura Art Creativ, 2014, \u00eempreun\u0103 cu poeta Daniela Toma (intrat\u0103 \u00een topul Bookaholic 2014) \u0219i \u00een numeroase volume colective \u0219i reviste literare na\u021bionale \u0219i interna\u021bionale.<\/p>\n<p style=\"text-align: justify;\">Proz\u0103 scrie \u00eencep\u00e2nd cu anul 2019, c\u00e2nd ob\u021bine Premiul I la Festivalul \u201eAlexandru Macedonski\u201d, confirmat \u00een anul 2020 cu Trofeul \u201eIon Budai Deleanu\u201d, la festivalul cu acela\u0219i nume. Apoi este publicat \u00een volume colective de proz\u0103, printre care \u201eDincolo de Venus \u2013 proz\u0103 contemporan\u0103\u201d, 2019 \u0219i \u201eLiteratura Rom\u00e2n\u0103 Contemporan\u0103 \u2013 Proza\u201d, 2020, Editura Art Creativ, \u201eZ\u0103treni, file de legend\u0103\u201d, Editura Franco, 2020 \u0219i \u201eNuan\u021be de piper \u0219i ciocolat\u0103\u201d, Editura Siono, 2020.<\/p>\n<p style=\"text-align: justify;\">Recitaluri de poezie sus\u021binute la: Festivalul Interna\u021bional de Poezie Bucure\u0219ti, 2018 \u0219i 2019, Festivalul Strada de Carte Bucure\u0219ti, 2018 \u0219i 2019, Salonul c\u0103r\u021bii arge\u0219ene, 2018, Cenaclul de la Roma, 2018, Festivalul Teatru sub lun\u0103, 2019 etc.<\/p>\n<p style=\"text-align: justify;\">\n<p>&nbsp;<\/p>\n<p>&nbsp;<\/p>\n<p>&nbsp;<\/p>\n<p>&nbsp;<\/p>\n<p>&nbsp;<\/p>\n","protected":false},"excerpt":{"rendered":"<p>(Lecturi potrivite\/recomandate de Alexandra) de Ionu\u021b Calot\u0103 # .te simt ca pe un bombardament subteran te v\u0103d \u00een cana din care \u00eemi gu\u0219ti cafeaua \u00een e\u0219arfa pe care o m\u00e2ng\u00e2i diminea\u021ba d\u00e2ndu-i un nume \u00een r\u00e2ndunicile care ciugulesc din vinul pe care \u00eel \u00eemp\u0103r\u021bim \u00een dou\u0103sprezece p\u0103r\u021bi<\/p>\n","protected":false},"author":2,"featured_media":0,"comment_status":"open","ping_status":"open","sticky":false,"template":"","format":"standard","meta":{"jetpack_post_was_ever_published":false,"_jetpack_newsletter_access":"","_jetpack_dont_email_post_to_subs":false,"_jetpack_newsletter_tier_id":0,"_jetpack_memberships_contains_paywalled_content":false,"_jetpack_memberships_contains_paid_content":false,"footnotes":""},"categories":[1450,1279,13],"tags":[1216,1451,1457,1280,1114],"class_list":["post-13274","post","type-post","status-publish","format-standard","hentry","category-egophobia-65","category-lecturi-potrivite","category-poezie","tag-alexandra-medaru","tag-egophobia-65","tag-ionut-calota","tag-lecturi-potrivite","tag-poezie"],"jetpack_featured_media_url":"","jetpack_sharing_enabled":true,"jetpack_shortlink":"https:\/\/wp.me\/p6DakB-3s6","_links":{"self":[{"href":"https:\/\/egophobia.ro\/index.php?rest_route=\/wp\/v2\/posts\/13274","targetHints":{"allow":["GET"]}}],"collection":[{"href":"https:\/\/egophobia.ro\/index.php?rest_route=\/wp\/v2\/posts"}],"about":[{"href":"https:\/\/egophobia.ro\/index.php?rest_route=\/wp\/v2\/types\/post"}],"author":[{"embeddable":true,"href":"https:\/\/egophobia.ro\/index.php?rest_route=\/wp\/v2\/users\/2"}],"replies":[{"embeddable":true,"href":"https:\/\/egophobia.ro\/index.php?rest_route=%2Fwp%2Fv2%2Fcomments&post=13274"}],"version-history":[{"count":1,"href":"https:\/\/egophobia.ro\/index.php?rest_route=\/wp\/v2\/posts\/13274\/revisions"}],"predecessor-version":[{"id":13275,"href":"https:\/\/egophobia.ro\/index.php?rest_route=\/wp\/v2\/posts\/13274\/revisions\/13275"}],"wp:attachment":[{"href":"https:\/\/egophobia.ro\/index.php?rest_route=%2Fwp%2Fv2%2Fmedia&parent=13274"}],"wp:term":[{"taxonomy":"category","embeddable":true,"href":"https:\/\/egophobia.ro\/index.php?rest_route=%2Fwp%2Fv2%2Fcategories&post=13274"},{"taxonomy":"post_tag","embeddable":true,"href":"https:\/\/egophobia.ro\/index.php?rest_route=%2Fwp%2Fv2%2Ftags&post=13274"}],"curies":[{"name":"wp","href":"https:\/\/api.w.org\/{rel}","templated":true}]}}