{"id":13303,"date":"2021-01-03T07:22:57","date_gmt":"2021-01-03T05:22:57","guid":{"rendered":"http:\/\/egophobia.ro\/?p=13303"},"modified":"2020-12-19T22:25:12","modified_gmt":"2020-12-19T20:25:12","slug":"poeme-de-george-nina-elian","status":"publish","type":"post","link":"https:\/\/egophobia.ro\/?p=13303","title":{"rendered":"poeme de George Nina Elian"},"content":{"rendered":"<p style=\"text-align: center;\"><span style=\"color: green;\">(Lecturi potrivite\/recomandate de Alexandra)<\/span><\/p>\n<p style=\"text-align: justify;\"><strong>Frica aceea este iubirea <\/strong><\/p>\n<p style=\"text-align: justify;\"><strong>\u00a0<\/strong><\/p>\n<p style=\"text-align: justify;\">eram copil \u0219i am v\u0103zut ploaia:<\/p>\n<p style=\"text-align: justify;\">era nud\u0103 precum splendoarea<br \/>\nzilei \u00een care nu se mai poate face nimic<!--more--><\/p>\n<p style=\"text-align: justify;\">acum sunt un adolescent de aproape \u0219aizeci<br \/>\nde ani care-a-nceput s\u0103 albeasc\u0103 \u00een noaptea<br \/>\n\u00een care-mplinea dou\u0103zeci \u0219i care \u00een fiece<br \/>\ndiminea\u021b\u0103 vorbe\u0219te singur reamintindu-\u0219i:<\/p>\n<p style=\"text-align: justify;\">\u00eentotdeauna apare o fric\u0103 infinit mai mare<br \/>\ndec\u00e2t frica<br \/>\niar frica aceea este iubirea<\/p>\n<p style=\"text-align: justify;\">\u00eenchide-vei ochii \u0219i fa\u021ba ei se va lumina<\/p>\n<p style=\"text-align: justify;\">\n<p>&nbsp;<\/p>\n<p>&nbsp;<\/p>\n<p style=\"text-align: justify;\"><strong>Nu mergi niciodat\u0103 mai departe<\/strong><\/p>\n<p style=\"text-align: justify;\"><strong>\u00a0<\/strong><\/p>\n<p style=\"text-align: justify;\">\u00een noaptea de Sf\u00e2ntul Andrei visam<br \/>\nc\u0103 ninge pe lun\u0103<\/p>\n<p style=\"text-align: justify;\">marea se \u00een\u0103l\u021base<br \/>\n(dincolo de frun\u021bile noastre doar norii \u0219i ea<br \/>\nmai treceau)<\/p>\n<p style=\"text-align: justify;\">cur\u00e2nd \u00eens\u0103 apele s-au lini\u0219tit dup\u0103 care<br \/>\nau \u00eenghe\u021bat de-a binelea<\/p>\n<p style=\"text-align: justify;\">c\u0103ci doar sf\u00e2r\u0219itul n-are sf\u00e2r\u0219it<\/p>\n<p style=\"text-align: justify;\">(dup\u0103 ce m-am l\u0103sat de b\u0103ut<br \/>\nmi-am mutat locuin\u021ba-ntr-un bar<\/p>\n<p style=\"text-align: justify;\">\u0219i m\u0103 g\u00e2ndesc c\u0103 am de citit at\u00e2tea c\u0103r\u021bi<br \/>\ndar niciodat\u0103 destui bani<br \/>\npentru cel mai rahitic dintre visele de lux<\/p>\n<p style=\"text-align: justify;\">a\u0219a voi scrie \u00een viitorul meu tratat<br \/>\nde fals\u0103 memorie: alergam dup\u0103 un nor f\u0103r\u0103 culoare)<\/p>\n<p style=\"text-align: justify;\">tu vezi toate astea dar nu mergi niciodat\u0103<br \/>\nmai departe de primele semne<\/p>\n<p style=\"text-align: justify;\">\n<p>&nbsp;<\/p>\n<p style=\"text-align: justify;\">\n<p style=\"text-align: justify;\"><strong>Tot mai pu\u021bine cuvinte<\/strong><\/p>\n<p style=\"text-align: justify;\"><strong>\u00a0<\/strong><\/p>\n<p style=\"text-align: justify;\">ninge:<\/p>\n<p style=\"text-align: justify;\">praf de var f\u0103in\u0103 de oase timp \u00een c\u0103dere<br \/>\nsticl\u0103 pisat\u0103 imaculat\u0103 ca fericirea<\/p>\n<p style=\"text-align: justify;\">(da, cerul-p\u0103m\u00e2ntul exist\u0103!)<\/p>\n<p style=\"text-align: justify;\">totul e at\u00e2t de prea-adev\u0103rat:<br \/>\npanta rhei<\/p>\n<p style=\"text-align: justify;\">(s\u00e2ngele curge<br \/>\n&#8212; \u0219i el &#8212;<br \/>\n\u00eenspre alb doar \u00eenspre alb)<\/p>\n<p style=\"text-align: justify;\">ninge<\/p>\n<p style=\"text-align: justify;\">(\u00een tot mai pu\u021bine cuvinte)<\/p>\n<p style=\"text-align: justify;\">ca \u0219i cum<br \/>\nai pleca&#8230;<\/p>\n<p>&nbsp;<\/p>\n<p style=\"text-align: justify;\"><strong>#<\/strong><\/p>\n<p style=\"text-align: justify;\"><strong>Despre autor:<\/strong><\/p>\n<p style=\"text-align: justify;\"><strong>\u00a0<\/strong><strong> <img data-recalc-dims=\"1\" decoding=\"async\" class=\"aligncenter\" src=\"https:\/\/i0.wp.com\/i.vgy.me\/kwUw4k.jpg?w=812&#038;ssl=1\" \/><\/strong><\/p>\n<p style=\"text-align: justify;\"><strong>George\u00a0 Nina\u00a0 ELIAN<\/strong>\u00a0 (Costel\u00a0 Drejoi). N\u0103scut la 13 noiembrie 1964, \u00een Slatina. Poet, traduc\u0103tor, gazetar. A debutat \u00een 1985, \u00een revista \u201eCronica\u201d.<\/p>\n<p style=\"text-align: justify;\">A publicat versuri \u0219i tablete originale, dar \u0219i traduceri din lirica italian\u0103, francez\u0103, s\u00e2rb\u0103, din cea de limb\u0103 spaniol\u0103, portughez\u0103 \u0219i englez\u0103 contemporan\u0103 \u00een revistele din \u021bar\u0103 \u0219i t\u0103lm\u0103ciri din opera poe\u021bilor rom\u00e2ni \u00een limbile spaniol\u0103, italian\u0103 \u0219i portughez\u0103 \u00een periodicele din str\u0103in\u0103tate (Mexic, Spania, Italia, Bulgaria, Argentina, Chile, Brazilia).<\/p>\n<p style=\"text-align: justify;\">Autor al volumelor: \u201eLumina ca singur\u0103tate\u201d (versuri) \u2013 2013; \u201eToamna, c\u00e2nd vine sf\u00e2r\u0219itul lumii\u2026\u201d (tablete \u0219i alte texte) \u2013 2014; \u201eNu prin via\u021b\u0103, ci prin moarte am trecut!\u2026\u201d (cinci m\u0103rturii din temni\u021bele comuniste) \u2013 2016; \u201eLumina ca singur\u0103tate. Secven\u021bial 2: Ninsoarea se \u00eentorsese \u00een cer\u2026\u201d (versuri) \u2013 2016; \u201eToamna, c\u00e2nd vine sf\u00e2r\u0219itul lumii\u2026\u201d (tablete \u0219i alte texte), edi\u021bia a doua, rev\u0103zut\u0103 \u0219i ad\u0103ugit\u0103 \u2013 2017; \u201eLumina ca singur\u0103tate. Secven\u021bial 3: Fericirea din vecin\u0103tatea lumii\u2026\u201d (versuri) \u2013 2018; \u201eToamna, c\u00e2nd vine sf\u00e2r\u0219itul lumii\u2026\u201d (tablete \u0219i alte texte), edi\u021bia a treia, rev\u0103zut\u0103 \u0219i ad\u0103ugit\u0103 \u2013 2019; \u201eLumina ca singur\u0103tate. Secven\u021bial 4: Timpul din afara ceasurilor\u201d (versuri) \u2013 2020.<\/p>\n<p style=\"text-align: justify;\">\u00a0\u00a0\u00a0\u00a0\u00a0\u00a0 Prezent \u00een antologiile:<\/p>\n<p style=\"text-align: justify;\">\u00a0\u00a0\u00a0\u00a0\u00a0\u00a0 \u2013 \u201eOfrand\u0103 t\u0103cerilor\u201d \u2013 2005<\/p>\n<p style=\"text-align: justify;\">\u00a0\u00a0\u00a0\u00a0\u00a0\u00a0 \u2013 \u201eRezident \u00een \u021bara cuvintelor\u201d \u2013 2018<\/p>\n<p style=\"text-align: justify;\">\u00a0\u00a0\u00a0\u00a0\u00a0\u00a0 \u2013 \u201eCuv\u00e2ntul care une\u0219te\u201d \u2013 2018<\/p>\n<p style=\"text-align: justify;\">\u00a0\u00a0\u00a0\u00a0\u00a0\u00a0 \u2013 \u201eAntologia di poeti contemporanei dei Balcani\u201d \u2013 2019<\/p>\n<p style=\"text-align: justify;\">\u00a0\u00a0\u00a0\u00a0\u00a0\u00a0 \u2013 \u201ePoezia\u201d \u2013 2019<\/p>\n<p style=\"text-align: justify;\">Volume traduse: Silvina Vuckovic, \u201eA iubi \u0219i a d\u0103rui suflet\u201d (versuri) \u2013 2015; Alejandra Pizarnik,\u201eDrumurile din oglind\u0103\u201d (versuri) \u2013 2016 (nepublicat \u00eenc\u0103, din motive de copyright); Cleopatra Lorin\u021biu, \u201ePeisajul din care lipsesc \/ El paisaje en el que falto\u201d (versuri, edi\u021bie bilingv\u0103 rom\u00e2no-spaniol\u0103) \u2013 2017; Alexandru Cristian Milo\u0219, \u201eUniversul \u00een m\u00e2ini \/ L\u2019universo nelle mani\u201d (versuri, edi\u021bie bilingv\u0103 rom\u00e2no-italian\u0103 \u2013 \u00een colaborare cu Norica Isac), Maria Grazia Insinga, \u201eEtcetera\u201d (versuri, edi\u021bie bilingv\u0103 italo-rom\u00e2n\u0103) \u2013 \u00een curs de apari\u021bie.<\/p>\n<p style=\"text-align: justify;\">A colaborat la alc\u0103tuirea antologiei EL CANON ABIERTO. \u00daLTIMA POES\u00cdA EN ESPA\u00d1OL (1970-1985), publicat\u0103 \u00een 2015, la editura Visor Libros din Madrid, sub egida Asocia\u021biei Colegiale a Scriitorilor din Andaluzia.<\/p>\n<p style=\"text-align: justify;\">\n","protected":false},"excerpt":{"rendered":"<p>(Lecturi potrivite\/recomandate de Alexandra) Frica aceea este iubirea \u00a0 eram copil \u0219i am v\u0103zut ploaia: era nud\u0103 precum splendoarea zilei \u00een care nu se mai poate face nimic<\/p>\n","protected":false},"author":2,"featured_media":0,"comment_status":"open","ping_status":"open","sticky":false,"template":"","format":"standard","meta":{"jetpack_post_was_ever_published":false,"_jetpack_newsletter_access":"","_jetpack_dont_email_post_to_subs":false,"_jetpack_newsletter_tier_id":0,"_jetpack_memberships_contains_paywalled_content":false,"_jetpack_memberships_contains_paid_content":false,"footnotes":""},"categories":[1452,1279,13],"tags":[1453,1461,1280,1114],"class_list":["post-13303","post","type-post","status-publish","format-standard","hentry","category-egophobia-66","category-lecturi-potrivite","category-poezie","tag-egophobia-66","tag-george-nina-elian","tag-lecturi-potrivite","tag-poezie"],"jetpack_featured_media_url":"","jetpack_sharing_enabled":true,"jetpack_shortlink":"https:\/\/wp.me\/p6DakB-3sz","_links":{"self":[{"href":"https:\/\/egophobia.ro\/index.php?rest_route=\/wp\/v2\/posts\/13303","targetHints":{"allow":["GET"]}}],"collection":[{"href":"https:\/\/egophobia.ro\/index.php?rest_route=\/wp\/v2\/posts"}],"about":[{"href":"https:\/\/egophobia.ro\/index.php?rest_route=\/wp\/v2\/types\/post"}],"author":[{"embeddable":true,"href":"https:\/\/egophobia.ro\/index.php?rest_route=\/wp\/v2\/users\/2"}],"replies":[{"embeddable":true,"href":"https:\/\/egophobia.ro\/index.php?rest_route=%2Fwp%2Fv2%2Fcomments&post=13303"}],"version-history":[{"count":1,"href":"https:\/\/egophobia.ro\/index.php?rest_route=\/wp\/v2\/posts\/13303\/revisions"}],"predecessor-version":[{"id":13304,"href":"https:\/\/egophobia.ro\/index.php?rest_route=\/wp\/v2\/posts\/13303\/revisions\/13304"}],"wp:attachment":[{"href":"https:\/\/egophobia.ro\/index.php?rest_route=%2Fwp%2Fv2%2Fmedia&parent=13303"}],"wp:term":[{"taxonomy":"category","embeddable":true,"href":"https:\/\/egophobia.ro\/index.php?rest_route=%2Fwp%2Fv2%2Fcategories&post=13303"},{"taxonomy":"post_tag","embeddable":true,"href":"https:\/\/egophobia.ro\/index.php?rest_route=%2Fwp%2Fv2%2Ftags&post=13303"}],"curies":[{"name":"wp","href":"https:\/\/api.w.org\/{rel}","templated":true}]}}