{"id":13412,"date":"2021-03-14T13:23:46","date_gmt":"2021-03-14T11:23:46","guid":{"rendered":"http:\/\/egophobia.ro\/?p=13412"},"modified":"2021-03-18T09:29:43","modified_gmt":"2021-03-18T07:29:43","slug":"eu-sper-doar-ca-venirea-mea-in-celelalte-cuvinte-sa-fie-privita-obiectiv","status":"publish","type":"post","link":"https:\/\/egophobia.ro\/?p=13412","title":{"rendered":"Eu sper doar ca venirea mea \u00een Celelalte Cuvinte s\u0103 fie privit\u0103 obiectiv"},"content":{"rendered":"<p style=\"text-align: justify;\"><strong>[interviu cu Marius Pop, chitarist al trupei Celelalte Cuvinte]<\/strong><\/p>\n<p style=\"text-align: right;\">de Sergiu Corbu Boldor<\/p>\n<p style=\"text-align: right;\">transcriere &amp; editare: Luiza Mitu<\/p>\n<p style=\"text-align: center;\"><a href=\"https:\/\/www.facebook.com\/events\/2831212643862679\/\"><strong>Concert online Celelalte Cuvinte &#8211; Live la 360 de grade @ 21.03.2021, 20:00 EET<\/strong><\/a><\/p>\n<p><strong><em>Sergiu Corbu Boldor:<\/em><\/strong><em> Marius, acesta este cumva primul t\u0103u interviu pentru Celelalte Cuvinte?<\/em><\/p>\n<p style=\"text-align: justify;\"><strong>Marius Pop:<\/strong> Cam da. <em>(z\u00e2mbe\u0219te admirativ)<\/em><\/p>\n<p style=\"text-align: justify;\"><strong><em>S.C.B.:<\/em><\/strong><em> Ai fost de la \u00eenceput \u00een povestea Celelalte Cuvinte, dar acum e\u0219ti \u00een poveste ca muzician pe scen\u0103. Cum vezi diferit din perspectiva aceasta?<\/em><\/p>\n<p style=\"text-align: justify;\"><strong>M.P.:<\/strong> \u00ce\u021bi dai seama c\u0103 \u00eemi este greu s\u0103 fiu obiectiv pentru c\u0103 raportat la piesele vechi \u2013 \u00een capul meu ele sun\u0103 cu totul altfel \u2013 dar, dac\u0103 a\u0219 schimba orice element de acolo cu ceva nou, nu ar mai suna a reperul pe care-l am \u00een cap, reper cu care am crescut. \u0218i nu e simplu. La piesele vechi ne-am str\u0103duit s\u0103 schimb\u0103m abordarea, mai ales c\u0103 lipse\u0219te clapa \u0219i noi \u00eencerc\u0103m s\u0103 contribuim cu cele dou\u0103 chitare. Lucrul acesta nu \u00eenseamn\u0103 c\u0103 am completat a doua chitar\u0103 \u00een ideea c\u0103 lipse\u0219te clapa, dimpotriv\u0103, \u00eencerc\u0103m s\u0103 facem our best cu cele dou\u0103 chitare.<!--more--><\/p>\n<p><img data-recalc-dims=\"1\" decoding=\"async\" class=\"aligncenter\" src=\"https:\/\/i0.wp.com\/i.vgy.me\/JQt1xr.jpg?w=812&#038;ssl=1\" \/><\/p>\n<p style=\"text-align: justify;\"><strong><em>S.C.B.:<\/em><\/strong><em> \u00cen orice caz, ceea ce am auzit sun\u0103 extraordinar.<\/em><\/p>\n<p style=\"text-align: justify;\"><strong>M.P.:<\/strong> \u2026adic\u0103, \u0219i spun acest lucru din perspectiva mea de produc\u0103tor, mi se pare mult mai potrivit albumul \u201eArmaghedon\u201d cu dou\u0103 chitare. Poate \u0219i cu clap\u0103, dar eu c\u00e2nd eram \u00een public \u0219i ascultam \u201eArmaghedon\u201d sim\u021beam lipsa rifurilor de la cealalt\u0103 chitar\u0103 c\u00e2nd C\u0103lin intra \u00een solo-uri. Probabil c\u0103 \u0219i la Dream Theatre e aceea\u0219i poveste c\u00e2nd domnul chitarist \u00ee\u0219i face overdub-uri \u00een studio, \u00ee\u0219i trage rifuri peste solo-uri, ceea ce face ca instrumentul s\u0103 sune agresiv; agresivitatea se cam pierde live \u00een momentul \u00een care n-ai dou\u0103 chitare. Acum, pentru albumul vechi \u0219i pentru \u201eArmaghedon\u201d, e foarte mi\u0219to cu dou\u0103 chitare; \u00een restul pieselor, unde lipse\u0219te clapa, \u00eencerc cu tonurile pe care le folosesc s\u0103 fac chitara s\u0103 nu sune a chitar\u0103. Ceea ce vreau este s\u0103 completez unele atmosferice, cum ar fi cele pentru piesele vechi, dau ca exemplu piesa \u201eNu-mi da tot \u00eentr-o zi\u201d. \u0218i s-ar putea s\u0103 sune altfel dec\u00e2t e obi\u0219nuit\u0103 lumea.<\/p>\n<p style=\"text-align: justify;\"><strong><em>S.C.B.: <\/em><\/strong><em>Ce anume folose\u0219ti pentru atmosferice?<\/em><\/p>\n<p style=\"text-align: justify;\"><strong>M.P.:<\/strong> La atmosferice am dou\u0103 delay-uri pe care eu le-am considerat opt: strymon, big sky \u0219i strymon timeline care sunt destul de scumpe am\u00e2ndou\u0103. Combina\u021bia asta e foarte potrivit\u0103 pentru c\u0103 las\u0103 loc de nebunii \u0219i de chestii psihedelice, experimente, tonuri. Ceea ce \u00eemi ofer\u0103 cele dou\u0103 delay-uri \u0219i reverbul, dup\u0103 p\u0103rerea mea, sunt exact ce trebuie aici.<\/p>\n<p style=\"text-align: justify;\">Dar, bine\u00een\u021beles, p\u0103str\u0103m \u0219i structurile vechi, ceea ce c\u00e2nta Radu Manafu, eu am preluat; \u00eencerc s\u0103 emulez starea de atunci, ter\u021bele vechi pe care le foloseau pe vremuri, dubleuri, faze de genul \u0103sta. Adic\u0103 it is more than funny, o fac chiar de pl\u0103cere. \u00ce\u021bi dai seama c\u0103 niciodat\u0103 nu mi-am imaginat ca de la momentul \u00een care eram am\u00e2ndoi tehnici la <em>Celelalte Cuvinte <\/em>s\u0103 ajung s\u0103 c\u00e2nt efectiv cu ei. Pentru mine are o \u00eenc\u0103rc\u0103tur\u0103 emo\u021bional\u0103 suprem\u0103.<\/p>\n<p style=\"text-align: justify;\"><strong><em>S.C.B.:<\/em><\/strong> <em>S\u0103 \u0219tii c\u0103 sunt pu\u021bine cazuri \u00een care s\u0103 \u021bi se ofere ocazia, ca artist, s\u0103 c\u00e2n\u021bi pe aceea\u0219i scen\u0103 cu tat\u0103l t\u0103u artist. <\/em><\/p>\n<p style=\"text-align: justify;\"><strong>M.P.:<\/strong> Da, \u0219i nu e simplu. Nu mi-e simplu nici mie, nici lui. Eu sper doar ca venirea mea s\u0103 fie privit\u0103 obiectiv, \u00een sensul c\u0103 dac\u0103 pentru compozi\u021biile noi propun o direc\u021bie nou\u0103 sau ceva la care, s\u0103 zicem, nu s-ar fi g\u00e2ndit C\u0103lin sau b\u0103ie\u021bii, asta se \u00eent\u00e2mpl\u0103 \u0219i pentru c\u0103 sunt alt\u0103 genera\u021bie \u0219i pentru c\u0103 probabil ascult alt gen de muzic\u0103 dec\u00e2t ascult\u0103 C\u0103lin. Surpriza mea a fost s\u0103 descop\u0103r c\u0103 am foarte multe \u00een comun cu Marcel, pe zona muzical\u0103. Marcel ascult\u0103 chestii foarte fresh \u0219i el este un om foarte obiectiv \u0219i uneori obiectivitatea lui deranjeaz\u0103. Dar asta trebuie s\u0103 fie un produc\u0103tor: s\u0103 fie obiectiv.<\/p>\n<p style=\"text-align: justify;\"><strong><em>S.C.B.: <\/em><\/strong><em>Eu m\u0103 bucur foarte mult c\u0103 ai ap\u0103rut \u00een peisaj; m-am jucat imaginar cu Luiza \u0219i am f\u0103cut radiografia trupei uit\u00e2ndu-ne la coperta de la albumul \u201ecu pene\u201d; acolo s-a \u00eent\u00e2mplat ceva foarte interesant: dup\u0103 privire \u00ee\u021bi po\u021bi da seama ce rol joac\u0103 fiecare \u00een familia Celelalte Cuvinte. Pe Ovidiu l-am trecut \u00een categoria de p\u0103str\u0103torul prieteniei, el este liantul care \u021bine \u00eempreun\u0103, Tinu este sus\u021bin\u0103torul, C\u0103lin este frontmanul, Marcel este creierul, iar tu acum e\u0219ti un element fresh care nu poate dec\u00e2t s\u0103 dea \u0219i mai mare valoare trupei. <\/em><\/p>\n<p style=\"text-align: justify;\"><strong>M.P.:<\/strong> \u0218i eu m\u0103 bucur c\u0103 am ap\u0103rut \u00een peisaj. Secretul pentru ca o trup\u0103 s\u0103 dureze este nevoia ca fiecare membru al ei s\u0103 aib\u0103 un rol dincolo de cel muzical, un rol moral, un rol de echilibru. \u0218i, a\u0219a cum \u021bi-am zis, lucr\u0103m intens la ideile noi, idei care sunt sedimentate \u0219i care sunt deja \u00eenregistrate. Spre exemplu clapele lui Tibi au trebuit scoase \u0219i reorchestrate piesele. \u00centotdeauna am \u00eencercat s\u0103 m\u0103 \u00eendrept \u00eenspre o direc\u021bie nou\u0103, \u00een sensul c\u0103 unele piese le-am luat ca atare, nu m-am implicat s\u0103 le modific structura sau s\u0103 le propun p\u0103r\u021bi noi. Dar la unele am sim\u021bit nevoia. Adic\u0103 n-am executat treaba asta ca un mercenar \u0219i la unele piese noi chiar am avut \u00eendr\u0103zneala s\u0103 le propun b\u0103ie\u021bilor ni\u0219te schimb\u0103ri pe care v\u0103d c\u0103 le-au primit foarte bine, Marcel chiar r\u00e2z\u00e2nd pe sub must\u0103\u021bi pentru c\u0103 eram cumva pe aceea\u0219i lungime de und\u0103.<\/p>\n<p style=\"text-align: justify;\"><strong><em>S.C.B:<\/em><\/strong><em> A\u0219a bucuros ca ast\u0103zi la repeti\u021bii nu l-am v\u0103zut de mult pe Marcel.<\/em><\/p>\n<p style=\"text-align: justify;\"><strong>M.P.:<\/strong> E bine \u0219i e motivant, piesele sunt destul de complexe; Marcel, spre exemplu, mi-a ar\u0103tat la un moment dat o linie foarte complicat\u0103, n-a fost simplu s\u0103 o \u00eenv\u0103\u021b, a trebuit s\u0103 stau pe ea o or\u0103 s-o rumeg foarte bine. E \u0219i challenging dincolo de chestia asta, dincolo de piesele vechi care sunt cum sunt \u0219i pe care le c\u00e2nt\u0103m cu pl\u0103cere, c\u0103 doar am crescut cu ele. Acum a\u0219tept\u0103m s\u0103 vedem \u00een ce direc\u021bie va merge pandemia \u0219i cum se va restructura toat\u0103 treaba asta muzical. Eu cred c\u0103 anul \u0103sta o s\u0103 mai a\u0219tept\u0103m.<\/p>\n<p>&nbsp;<\/p>\n<p style=\"text-align: justify;\"><strong><em>\u2026de fapt nu cred c\u0103 e vorba de pandemie aici, e vorba de cum te dedici tu ca artist.<\/em><\/strong><strong> <em>Eu nu caut at\u00e2t cuantizarea perfect\u0103, c\u00e2t caut starea pe care o pot avea cu o trup\u0103.<\/em><\/strong><\/p>\n<p style=\"text-align: justify;\"><strong><em>S.C.B.:<\/em><\/strong><em> Noi, apropos de chestia asta, avem \u00een plan s\u0103 pornim turneele, diferen\u021ba este c\u0103 noi ne raport\u0103m \u00een multe cazuri la sub 50 de oameni.<\/em><\/p>\n<p style=\"text-align: justify;\"><strong>M.P.:<\/strong> Oricum, cred c\u0103 to\u021bi vom fi raporta\u021bi la chestia asta. Rela\u021bia intim\u0103 cu 50 de oameni o cunosc, c\u0103 doar am c\u00e2ntat \u0219i jazz-uri \u0219i am f\u0103cut \u0219i fusion-uri \u0219i \u0219tiu cum e \u0219i, culmea, c\u00e2nd aveam 50 de oameni \u00een public tr\u0103iam st\u0103ri de emotivitate mult mai mari dec\u00e2t cu 10 000 de oameni. E mult mai intim, e\u0219ti aproape de ei, \u00eei sim\u021bi acolo.<\/p>\n<p>&nbsp;<\/p>\n<p style=\"text-align: justify;\"><strong><em>\u2026 sau poate n-a existat niciodat\u0103 conceptul de industrie muzical\u0103.<\/em><\/strong><\/p>\n<p style=\"text-align: justify;\"><strong><em>S.C.B.:<\/em><\/strong><em> Mie \u00eemi plac foarte mult chestiile astea \u0219i mai nou c\u00e2nt \u0219i pentru un om. M\u0103 uit foarte mult dup\u0103 moment \u0219i dup\u0103 tr\u0103ire.<\/em><\/p>\n<p style=\"text-align: justify;\"><strong>M.P.: <\/strong>Este clar c\u0103 pandemia ne-a schimbat at\u00e2t de tare \u00eenc\u00e2t \u0219i pentru 50 de oameni e wow s\u0103 c\u00e2n\u021bi, chiar \u0219i pentru un om, de fapt nu cred c\u0103 e vorba de pandemie aici, e vorba de cum te dedici tu ca artist. Pentru c\u0103 dac\u0103 \u00ee\u021bi place cu adev\u0103rat ceea ce faci c\u00e2n\u021bi \u0219i unui singur om. Dac\u0103 o faci din alte considerente, cum ar fi cele financiare, nu mai g\u0103se\u0219ti sens s\u0103 c\u00e2n\u021bi.<\/p>\n<p style=\"text-align: justify;\"><strong><em>S.C.B.:<\/em><\/strong><em> Marius, care e diferen\u021ba dintre ceea ce c\u00e2nt\u0103 Celelalte Cuvinte \u0219i ceea ce c\u00e2nt\u0103 alte trupe, evident \u0219i din punct de vedere tehnic. Te \u00eentreb pentru c\u0103 m\u0103 a\u0219tept s\u0103-mi r\u0103spunzi \u00een func\u021bie de ce consideri c\u0103 ai observat tu pornind studiul pe muzica lor. <\/em><\/p>\n<p style=\"text-align: justify;\"><strong>M.P.:<\/strong> Mie \u00eemi pare c\u0103 fiecare are tehnica lui; adic\u0103 eu vin dintr-o lume \u00een care am c\u00e2ntat fusion cu unul dintre cei mai mari instrumenti\u0219ti din Europa, Federico Malaman sau Dali Mraz, dar, \u00een aceea\u0219i m\u0103sur\u0103, pot s\u0103 spun c\u0103 e la fel de challenging \u0219i aici. Diferen\u021ba \u00eentre trupe poate s\u0103 fie acurate\u021bea. Bine\u00een\u021beles c\u0103 fiecare studiaz\u0103 acas\u0103, asta se vede \u00een c\u00e2ntare; eu nu caut at\u00e2t cuantizarea perfect\u0103, c\u00e2t caut starea mi\u0219to pe care o pot avea cu o trup\u0103. S-a \u00eent\u00e2mplat s\u0103 c\u00e2nt \u0219i cu trupe din Bucure\u0219ti sau cu arti\u0219ti unde c\u00e2ntarea a fost perfect\u0103, dar, de sim\u021bit, ca emo\u021bie, nu am sim\u021bit absolut nimic. Din acest motiv spun c\u0103 nu caut cuantizarea perfect\u0103, ci practic spun c\u0103 asta e diferen\u021ba: unele trupe sunt foarte exacte, mi\u0219to, unele trupe poate nu sunt at\u00e2t de exacte ca timing; poate unii dintre noi nu studiaz\u0103 nou\u0103 ore pe zi la instrument. \u00cen categoria asta pot s\u0103 fiu inclus \u0219i eu, nici eu nu mai stau opt ore pe instrument din cauza mixajelor \u0219i a produc\u021biei. \u00ce\u021bi dau un exemplu, acum am tras multe ore, pentru Oliver Zisko, piesa unde e invitat Anthony Crawford \u0219i Derek Sherinian, am stat aproximativ dou\u0103 s\u0103pt\u0103m\u00e2ni \u00een studio, timp \u00een care n-am putut s\u0103 pun m\u00e2na pe instrument. Practic aici se produce diferen\u021bierea, \u00een orele de studiu. Dar emo\u021bia este o chestie nativ\u0103. E\u0219ti sau nu e\u0219ti f\u0103cut s\u0103 emani emo\u021bie. Asta o ai sau nu o ai, po\u021bi s\u0103 studiezi c\u00e2t vrei tu.<\/p>\n<p style=\"text-align: justify;\"><strong><em>S.C.B.:<\/em><\/strong><em> \u2026 Celelalte emo\u021bii. Marius, cum vezi tu viitorul Celelalte Cuvinte?<\/em><\/p>\n<p style=\"text-align: justify;\"><strong>M.P<\/strong>.: Sincer, \u00een viitorul apropiat pe care mi-l doresc pe termen lung, \u0219i spun asta pentru c\u0103 pandemia m-a dezobi\u0219nuit s\u0103 g\u00e2ndesc pe termen lung, \u00eemi doresc foarte mult s\u0103 se termine albumul cel nou, se lucreaz\u0103 de foarte mul\u021bi ani la el \u0219i o s\u0103 \u00eencerc s\u0103 contribui c\u00e2t pot de mult ca s\u0103 gr\u0103besc procesul tehnic de asamblare a lui \u0219i a\u0219tept s\u0103 porneasc\u0103 c\u00e2nt\u0103rile, a\u0219tept s\u0103 avem c\u00e2nt\u0103ri, a\u0219tept ca respectivele c\u00e2nt\u0103ri aniversare s\u0103 fie un wow pentru minuscula industrie muzical\u0103 rom\u00e2neasc\u0103, dac\u0103 mai exist\u0103, sau poate n-a existat niciodat\u0103 conceptul de industrie muzical\u0103 \u0219i o spun pentru c\u0103 marii arti\u0219ti, \u00een mod normal, \u00eentr-o \u021bar\u0103 normal\u0103, ar fi trebuit s\u0103 tr\u0103iasc\u0103 din turnee pe bilete, ceea ce nu ne ofer\u0103 Rom\u00e2nia. Este \u021bara at\u00e2t de mic\u0103 \u00eenc\u00e2t mi-e greu s\u0103 o numesc industrie muzical\u0103; \u00eentr-un an de zile de c\u00e2te ori te poate vedea acela\u0219i ora\u0219 ca s\u0103 nu se plictiseasc\u0103 de tine? Noi, ca arti\u0219ti, am beneficiat de chestia asta pentru c\u0103 existau, pe l\u00e2ng\u0103 turnee, party-uri private, prim\u0103rii, \u00eencasam bani, dar nu este normal. Mie nu mi se pare normal s\u0103 tr\u0103ie\u0219ti din prim\u0103rii \u0219i din bani publici. Nu este o normalitate.<\/p>\n<p style=\"text-align: justify;\"><strong><em><img data-recalc-dims=\"1\" decoding=\"async\" class=\"aligncenter\" src=\"https:\/\/i0.wp.com\/i.vgy.me\/hfGBFo.jpg?w=812&#038;ssl=1\" \/><\/em><\/strong><\/p>\n<p style=\"text-align: justify;\"><strong><em>\u00a0<\/em><\/strong><\/p>\n<p style=\"text-align: justify;\"><strong><em>S.C.B.:<\/em><\/strong><em> Din ce am observat eu \u00een pandemie chiar ei sunt cei care au c\u0103zut. <\/em><\/p>\n<p style=\"text-align: justify;\"><strong>M.P.<\/strong>: Da, normal, au c\u0103zut, dar uit\u0103-te, de exemplu, c\u0103 la doar c\u00e2\u021biva kilometri distan\u021b\u0103, \u00een Ungaria, oamenii sunt obi\u0219nui\u021bi s\u0103 pl\u0103teasc\u0103 bilet, s\u0103-\u0219i fac\u0103 turnee, s\u0103 cumpere merchandise, e un pic altfel, e o chestie de mentalitate. La noi \u00een \u021bar\u0103, oric\u00e2t ar vorbi lumea de el, Smiley chiar a \u00eencercat s\u0103 fac\u0103 chestia asta, ultimele dou\u0103 turnee au fost foarte puternice, cu investi\u021bii, cu bilete, cumva i-am obi\u0219nuit pe oameni, dar, dac\u0103 ar fi s\u0103 m\u0103 bazez doar pe ceea ce este normal, pe v\u00e2nzarea de bilet, nu putem s\u0103 o numim industrie muzical\u0103.<\/p>\n<p>&nbsp;<\/p>\n<p style=\"text-align: justify;\"><strong><em>Ceea ce aduce nou albumul este low end-ul pe chitar\u0103<\/em><\/strong><\/p>\n<p style=\"text-align: justify;\"><strong><em>S.C.B.<\/em><\/strong><em>: Apropo de ceea ce spui, am f\u0103cut un calcul cu un coleg, c\u00e2ndva demult, \u0219i, pentru o trup\u0103 medie care s\u0103 c\u00e2nte de dou\u0103 ori pe s\u0103pt\u0103m\u00e2n\u0103 \u0219i care s\u0103 aib\u0103 un salariu mediu, biletul ar trebui s\u0103 fie 100 de lei. Asta \u00een cazul trupelor care sunt aproape necunoscute. Dar s\u0103 revenim la albumul cel nou, ce aduce el diferit? <\/em><\/p>\n<p style=\"text-align: justify;\"><strong>M.P<\/strong>.: Este destul de progresiv albumul, este c\u00e2ntat jos, aduce low end foarte mult. Pentru c\u0103 de c\u00e2nd am \u00eenceput s\u0103 repet cu b\u0103ie\u021bii \u0219i am adus seven string-ul, care era pr\u0103fuit \u00een industria muzical\u0103 pop rom\u00e2neasc\u0103, am \u00eenceput s\u0103-l detunez, s\u0103-l las foarte jos. Mi-am dat seama \u0219i Marcel mi-a confirmat, z\u00e2mbind pe sub must\u0103\u021bi, c\u0103 asta s-ar putea s\u0103 fie o solu\u021bie pentru a aduce ceva nou. S-a c\u00e2ntat bine p\u00e2n\u0103 acum, dar ca element de noutate s-au adus inser\u021biile de djent music, de cum sunt Periphery, de exemplu. Ca s\u0103-\u021bi r\u0103spund la \u00eentrebare, ceea ce aduce diferit albumul este low end-ul pe chitar\u0103, deci ca \u0219i sonoritate, ca \u0219i frecven\u021b\u0103 cu siguran\u021b\u0103 o s\u0103 mearg\u0103 foarte jos albumul. Cumva e ciudat: o s\u0103 fie \u0219i agresiv \u0219i muzical. Sunt dou\u0103 extreme foarte clare.<\/p>\n<p style=\"text-align: justify;\"><strong><em>S.C.B.<\/em><\/strong><em>: Dar la Celelalte Cuvinte au mai fost 7 corzi?<\/em><\/p>\n<p style=\"text-align: justify;\"><strong>M.P.<\/strong>: A mai folosit C\u0103lin 7 corzi, dar nu \u0219i-a dezacordat La bemol \u00een Si bemol.<\/p>\n<p style=\"text-align: justify;\"><strong><em>S.C.B<\/em><\/strong><em>.: \u0218i tu cum l-ai acordat?<\/em><\/p>\n<p style=\"text-align: justify;\"><strong>M.P.<\/strong>: La bemol, e cea mai joas\u0103 not\u0103, e jos r\u0103u, dar cumva sun\u0103 foarte fain. E foarte ciudat c\u0103 dependen\u021ba asta de low-end \u00ee\u021bi creeaz\u0103 o sete \u0219i mai mare \u0219i acum m\u0103 g\u00e2ndesc c\u0103 ar trebui s\u0103 mearg\u0103 chitara \u0219i mai jos, se pare.<\/p>\n<p style=\"text-align: justify;\"><strong><em>S.C.B.<\/em><\/strong><em>: Treci pe bass.<\/em><\/p>\n<p style=\"text-align: justify;\"><strong>M.P.<\/strong>: Djenterii renun\u021b\u0103 la bass \u0219i iau chitare cu 8 corzi.<\/p>\n<p style=\"text-align: justify;\"><strong><em>S.C.B<\/em><\/strong><em>.: Ce \u00eenseamn\u0103 djenter mai exact?<\/em><\/p>\n<p style=\"text-align: justify;\">M.P.: Djent music este un fel de progressive rock, dar detunat cu m\u0103suri compuse. Se c\u00e2nt\u0103 agresiv cu vocea.<\/p>\n<p style=\"text-align: justify;\"><strong><em>S.C.B.<\/em><\/strong><em>: Mie \u00eemi plac Animals as Leaders. <\/em><\/p>\n<p style=\"text-align: justify;\"><strong>M.P.<\/strong>: \u0218i ei c\u00e2nt\u0103 un fel de djent music \u0219i jazz fusion dac\u0103 vrei, adic\u0103 e o palet\u0103 foarte versatil\u0103. Asta cred eu c\u0103 aduce nou albumul \u0103sta. Aduce mici chestii, s\u0103 nu-\u021bi \u00eenchipui c\u0103-i djent, dar faptul c\u0103 unele rifuri sunt c\u00e2ntate a\u0219a jos te poate duce cu g\u00e2ndul la a\u0219a ceva. Mie \u00eemi plac \u0219i piesele de pe \u201eArmaghedon\u201d care sun\u0103 foarte bine \u00een dou\u0103 chitare detonate \u0219i \u00eencerc\u0103m s\u0103 aducem elementul \u0103sta surpriz\u0103. Sper s\u0103 reu\u0219esc s\u0103-l conving \u0219i pe C\u0103lin s\u0103 c\u00e2nte pe 7 corzi sau poate \u00eel conving s\u0103 c\u00e2nte pe chitara mea cu \u0219apte corzi ca eu s\u0103 trec pe opt; deja am vorbit cu Marcel \u0219i a comandat o chitar\u0103 cu opt corzi.<\/p>\n<p>&nbsp;<\/p>\n<p style=\"text-align: justify;\"><strong><em>\u00centotdeauna asta am c\u0103utat, cum s\u0103 fac s\u0103 fie aerisit ceva care aparent este foarte \u00eenc\u0103rcat<\/em><\/strong><\/p>\n<p style=\"text-align: justify;\"><strong><em>S.C.B.<\/em><\/strong><em>: \u00cenainte de a ajunge la tine l-am vizitat \u0219i pe Radu Manafu care mi-a pus ni\u0219te piese cu pian de la Celelalte Cuvinte \u0219i apoi mi-a pus una f\u0103r\u0103 pian. Mi s-au p\u0103rut foarte diferite, sincer eu am crezut c\u0103 e m\u00e2na ta acolo \u0219i l-am \u00eentrebat cine le-a masterizat. Mi-a r\u0103spuns c\u0103 pe ambele le-a masterizat Marcel, doar c\u0103 o variant\u0103 este cu pian, iar cealalt\u0103 cu dou\u0103 chitare. <\/em><\/p>\n<p style=\"text-align: justify;\"><strong>M.P.<\/strong>: Da, se schimb\u0103 pu\u021bin.<\/p>\n<p style=\"text-align: justify;\"><strong><em>S.C.B.<\/em><\/strong><em>: E diferen\u021b\u0103, s-a cur\u0103\u021bat.<\/em><\/p>\n<p style=\"text-align: justify;\"><strong>M.P.<\/strong>: A\u0219a este. Eu urm\u0103resc practic s\u0103 v\u0103d cum pot s\u0103 m\u0103 strecor prin multele note de la tobe astfel \u00eenc\u00e2t s\u0103 fie aerisit. \u00centotdeauna asta am c\u0103utat, cum s\u0103 fac s\u0103 fie aerisit ceva care aparent este foarte \u00eenc\u0103rcat. Dar trebuie s\u0103 vezi, e la fel ca-ntr-o conversa\u021bie; c\u00e2nd cineva vorbe\u0219te foarte mult, \u00eel ascul\u021bi. Dac\u0103 Tinu vrea s\u0103 foloseasc\u0103 la tobe toate tomurile eu m\u0103 strecor printre notele lui ca s\u0103-l ajut s\u0103-i ias\u0103 acele elemente \u00een eviden\u021b\u0103.<\/p>\n<p style=\"text-align: justify;\"><strong><em>S.C.B.<\/em><\/strong><em>: Mi-ai zis odat\u0103 de mult, \u0219i eu am \u021binut-o minte, am practicat-o, am folosit-o, am urm\u0103rit-o \u0219i ast\u0103zi ai repetat ideea, pl\u00e2ng\u00e2ndu-m\u0103 la tine: Marius, uite c\u0103 x din trup\u0103 nu c\u00e2nt\u0103 cum ar trebui, iar tu mi-ai r\u0103spuns: \u201eimportant e c\u0103 sun\u0103 trupa.\u201d<\/em><\/p>\n<p style=\"text-align: justify;\"><strong>M.P.<\/strong>: Da, m\u0103 refeream la starea pe care o transmite o trup\u0103. \u021ai-am zis, imagineaz\u0103-\u021bi c\u0103 \u00eentotdeauna exist\u0103 b\u00e2rfa satului sau b\u00e2rfa ora\u0219ului: \u201e\u0102la e a\u0219a cu instrumentul, \u0103la e ordonat, \u0103la e dezordonat.\u201d Dar, \u00eentr-o trup\u0103, dac\u0103 \u00eenlocuie\u0219ti o stare cu un interpret care se bazeaz\u0103 doar pe perfec\u021biune, un instrumentist care doar c\u00e2nt\u0103 perfect \u0219i at\u00e2t, dar nu are stare, nu are suflet pentru asta, trupa nu are nimic de c\u00e2\u0219tigat. \u0218i asta am experimentat-o c\u00e2nt\u00e2nd cu foarte mari arti\u0219ti de afar\u0103. S-a \u00eent\u00e2mplat s\u0103 poat\u0103 s\u0103 nu vin\u0103 unul dintre instrumenti\u0219tii celebrii la care ne a\u0219teptam noi s\u0103 vin\u0103 \u0219i a fost \u00eenlocuit cu cineva care nu e at\u00e2t de celebru, dar care avea stare; ne completam mult mai bine ca stare. Poate nu era a\u0219a de bun cu instrumentul ca \u0219i cel care trebuia s\u0103 fie ini\u021bial invitat, dar \u00eempreun\u0103 sunam mult mai \u00eenchegat. Pe scurt, \u00eei pl\u0103cea muzica. Altfel spus, dac\u0103 tu c\u00e2n\u021bi cu cineva c\u0103ruia \u00eei place muzica ta versus cineva c\u0103ruia nu-i place muzica ta \u0219i doar o execut\u0103, nu-i un c\u00e2\u0219tig. Este o pierdere, nu te po\u021bi baza pe acel mercenar, dac\u0103 e s\u0103 o lu\u0103m a\u0219a.<\/p>\n<p style=\"text-align: justify;\"><strong><em>S.C.B.<\/em><\/strong><em>: \u0218i eu am testat tot felul de situa\u021bii, iar concluzia este c\u0103 trebuie s\u0103 fie iubire ca-ntr-o familie, pentru c\u0103, p\u00e2n\u0103 la urm\u0103, o trup<\/em><em>\u0103 <\/em><em>este o familie.<\/em><\/p>\n<p style=\"text-align: justify;\"><strong>M.P<\/strong>.: Altfel n-o s\u0103 ias\u0103 niciodat\u0103 treaba.<\/p>\n<p><img data-recalc-dims=\"1\" decoding=\"async\" class=\"aligncenter\" src=\"https:\/\/i0.wp.com\/i.vgy.me\/fkW3he.jpg?w=812&#038;ssl=1\" \/><\/p>\n<p style=\"text-align: justify;\"><strong><em>S.C.B.<\/em><\/strong><em>: M\u0103 bucur c\u0103 aprobi, ceea ce am spus sunt \u00eenv\u0103\u021b\u0103turile primite de la Celelalte Cuvinte, adic\u0103 le-am luat mereu ca model prietenia \u0219i, bine\u00een\u021beles, o mul\u021bime de situa\u021bii v\u0103zute, tr\u0103ite \u0219i a\u0219a mai departe. Marius, tu \u0219tii c\u0103 eu veneam \u00een Oradea \u0219i mergeam la magazinul de muzic\u0103 numai ca s\u0103 te v\u0103d, \u0219tiind c\u0103 e\u0219ti acolo? <\/em><\/p>\n<p style=\"text-align: justify;\"><strong>M.P<\/strong>.: Dar tu \u00ee\u021bi aminte\u0219ti de basement-ul cu spirale de la Constan\u021ba, c\u00e2nd c\u0103ram am\u00e2ndoi scule pentru <em>Celelalte Cuvinte<\/em>?<\/p>\n<p style=\"text-align: justify;\"><strong><em>S.C.B<\/em><\/strong><em>.<\/em>:<em> Sigur c\u0103-mi amintesc, am \u0219i poze de acolo. <\/em><\/p>\n<p style=\"text-align: justify;\"><strong>M.P.<\/strong>: \u2026am b\u0103ut la sec dou\u0103 beri, eram termina\u021bi de la c\u0103ratul amplificatorului de bass. Era c\u00e2t un tunel. Da, \u0103sta-i (<em>arat\u0103 amplificatorul din sala de repeti\u021bii<\/em>). \u00cen basement-ul cu spirale l-am c\u0103rat, n-o s\u0103 uit \u00een via\u021ba mea.<\/p>\n<p style=\"text-align: justify;\"><strong><em>S.C.B<\/em><\/strong><em>.<\/em>: <em>Oare nu la acela\u0219i concert ne-am blocat \u00een lift cu C\u0103lin care a intrat \u00een panic\u0103?<\/em><\/p>\n<p style=\"text-align: justify;\"><strong>M.P.<\/strong>: Nu mai \u021bin minte. Nu, cred c\u0103 eram plecat, aveam treab\u0103. <em>(z\u00e2mbe\u0219te)<\/em><\/p>\n<p style=\"text-align: justify;\"><strong><em>S.C.B<\/em><\/strong><em>.<\/em>:<em> Foarte pe scurt, ne-am b\u0103gat \u00eentr-un lift, cred c\u0103 a stat timp de 15 minute la un singur etaj. C\u0103lin a intrat \u00een panic\u0103 pentru c\u0103 trebuia s\u0103 ajung\u0103 la ma\u0219in\u0103, iar concertul urma s\u0103 \u00eenceap\u0103. Dar s\u0103 revenim la \u00eenceputuri. \u00cemi aduc aminte c\u0103 te-am \u00eentrebat c\u00e2ndva c\u00e2nd ai \u00eenv\u0103\u021bat tu s\u0103 c\u00e2n\u021bi la chitar\u0103 \u0219i mi-ai r\u0103spuns c\u0103 \u021bi-a zis C\u0103lin 3 acorduri \u0219i asta a fost tot.<\/em><\/p>\n<p style=\"text-align: justify;\"><strong>M.P.<\/strong>: C\u0103lin nu mi-a accesat foarte mult\u0103 informa\u021bie. Bine, nici nu a insistat s\u0103 studiez, la fel cum nici mie nu-mi vine s\u0103 insist s\u0103-i zic fiului meu: \u201eia chitara \u0219i c\u00e2nt\u0103\u201d. Nu, dac\u0103 \u00ee\u0219i alege el e ok. Dar C\u0103lin av\u00e2nd chitar\u0103, de\u0219i nu \u0219tiam niciun acord, o luam \u0219i m\u0103 jucam cu ea.<\/p>\n<p style=\"text-align: justify;\"><strong><em>S.C.B<\/em><\/strong><em>.<\/em>: Ce v\u00e2rst\u0103 aveai?<\/p>\n<p style=\"text-align: justify;\"><strong>M.P.<\/strong>: Cred c\u0103 eram \u00een clasa 1, \u00eencepusem s\u0103 dau din corzi, dar habar nu aveam ce fac. Apoi cred c\u0103 pe la v\u00e2rsta de 11 ani, oricum, nu m-am apucat foarte devreme, am \u00eenceput mai intens. \u00cemi amintesc c\u0103 prima trup\u0103 care mi-a pl\u0103cut, <em>Rush<\/em>, am ascultat-o la v\u00e2rsta de 4 ani. A doua trup\u0103 pe care am ascultat-o, vorbesc de momentul \u00een care deja fredonam instrumentul, a fost <em>Neurotica<\/em>. Cu muzica de la Celelalte Cuvinte am crescut efectiv.<\/p>\n<p style=\"text-align: justify;\"><strong><em>S.C.B<\/em><\/strong><em>.<\/em>:<em> La <\/em><em>Neurotica<\/em><em>\u00a0era la voce \u0219i bass Mihai Breazu, fratele lui Marcel Breazu, deci ai r\u0103mas oarecum \u00een familie. <\/em><\/p>\n<p style=\"text-align: justify;\"><strong>M.P.<\/strong>: Da, Neurotica \u0219i Rush erau dou\u0103 trupe total diferite. Rush c\u00e2ntau rock-ul \u0103la classic, iar Neurotica erau \u0103ia moderni, nebuni. \u00cemi pl\u0103ceau foarte mult, m-a inspirat muzica lor. Dup\u0103 ce am auzit primul album, apoi pe cel de-al doilea, m-am mirat foarte tare, nu-mi venea s\u0103 cred c\u0103 se face a\u0219a muzic\u0103 fresh \u00een Rom\u00e2nia. Din punctul meu de vedere ar trebui trecu\u021bi direct \u00een c\u0103r\u021bile de istorie de muzic\u0103 rom\u00e2neasc\u0103 pentru c\u0103 au scos dou\u0103 albume senza\u021bionale. Deci de pe la 11 ani am \u00eenceput cu instrumentul. Apoi am auzit Nirvana, Megadeth, exact ce era pe atunci \u00een topuri. Era mainstream cumva. Apoi am mers pe un rock extrem, Meshuggah, eram deja cu alte chestii \u0219i aveam noroc cu C\u0103lin care \u00eemi mai spunea 2-3 acorduri; i-am zis la un moment dat: \u201earat\u0103-mi \u0219i mie, mi-a ar\u0103tat 2-3 trei acorduri, dar nu at\u00e2t de intens \u00eenc\u00e2t s\u0103 m\u0103 prind\u0103 \u0219i s\u0103 vreau s\u0103 m\u0103 dezvolt cu chitara la un nivel de solistic\u0103. \u00cemi pl\u0103ceau rifurile, Rammstein; \u00eemi pl\u0103cea s\u0103 c\u00e2nt rifuri, dar aveam cumva \u00een instinct deja de mic s\u0103 scriu muzic\u0103. \u0218tiu c\u0103 \u00een perioada aceea \u2013 ai mei erau divor\u021ba\u021bi \u0219i st\u0103team cu maic\u0103-mea \u2013 taic\u0103-meu vitreg avea mai multe casetofoane. \u0218i a\u0219a m-am \u00eenregistrat, tr\u0103geam chitara pe un casetofon, \u00eei d\u0103deam play la un casetofon, record la urm\u0103torul \u0219i f\u0103ceam overdube la dou\u0103 instrumente; de la unu la altul p\u00e2n\u0103 c\u00e2nd ie\u0219ea o chestie care suna r\u0103u pentru c\u0103 pe atunci nu aveam tehnologia necesar\u0103. Dar instinctul de a scrie muzic\u0103 \u00eel aveam deja. Chiar dac\u0103 nu \u0219tiam s\u0103 c\u00e2nt la instrument. \u0218tiam trei acorduri, dar aveam instrument. Apoi tot \u00eei mai ziceam lui C\u0103lin: \u201ehai, arat\u0103-mi \u0219i mie\u201d \u0219i el \u00eemi spunea: \u201edar tu n-ai urechi?\u201d \u0218i eu: \u201edar tu n-ai un solo?\u201d \u0219i el: \u201edar tu nu ai urechi?\u201d \u0218i atunci st\u0103team \u0219i m\u0103 uitam la el, fredonam 3-4 chestii, \u00eemi mai ar\u0103ta el c\u00e2te pu\u021bin, dar, repet, dac\u0103 e s\u0103 num\u0103r\u0103m orele de chitar\u0103 nu \u0219tiu dac\u0103 a stat o or\u0103 cu mine his all life. Apoi am avut foarte mare noroc \u00een direc\u021bia asta pentru c\u0103 eu \u00eemi f\u0103ceam vacan\u021bele la Re\u0219i\u021ba.<\/p>\n<p style=\"text-align: justify;\"><strong><em>S.C.B.<\/em><\/strong><em>: De acolo venim acum, ne-am v\u0103zut cu Ovidiu Ro\u0219u. <\/em><\/p>\n<p style=\"text-align: justify;\"><strong>M.P.<\/strong>: Vacan\u021bele de var\u0103 mi le f\u0103ceam toate la Re\u0219i\u021ba. Acolo era prietenul meu Cristi Iakab, eu aveam pe atunci deja 15 ani.<\/p>\n<p>&nbsp;<\/p>\n<p style=\"text-align: justify;\"><strong>\u0218i aceea a fost prima caset\u0103 care m-a virusat complet \u00een sensul c\u0103 a\u0219a descoperisem jazz rock-ul<\/strong><\/p>\n<p style=\"text-align: justify;\"><strong><em>S.C.B.<\/em><\/strong><em>: \u0218i tu, de fapt, unde ai crescut?<\/em><\/p>\n<p style=\"text-align: justify;\">M.P.: Eu m-am n\u0103scut la Re\u0219i\u021ba, pe la vreo 4 ani m-am mutat \u00een Oradea, am crescut la Oradea, dar toate vacan\u021bele le f\u0103ceam la Re\u0219i\u021ba pentru c\u0103 acolo aveam prieteni de c\u00e2nd eram mic. Tot ce \u021binea de vacan\u021be se petrecea la Re\u0219i\u021ba. Mergeam cu str\u0103bunic\u0103-mea, ea m-a crescut, la restaurantul unde c\u00e2nta Cristi Iakab; \u0219i ghici ce c\u00e2ntau: funk. C\u00e2ntau funk. Mai d\u0103deau \u0219i c\u00e2te un jazz, bine, nu peste tot, era program de restaurant, se mai c\u00e2nta o Santana, o chestie ca lumea s\u0103 se simt\u0103 bine, dar mai sc\u0103pau c\u00e2te un Stevie Wonder, pe care \u00eel gemuiau gagiii la un nivel intens. \u0218i atunci c\u00e2nd l-am auzit pe Cristi, am zis: \u201emam\u0103, cum c\u00e2nt\u0103, wow!\u201d Dup\u0103 ce l-am v\u0103zut pe Cristi am f\u0103cut un schimb cu tobo\u0219arul lor, eu aveam ni\u0219te be\u021be de tob\u0103 pentru c\u0103 tr\u0103sesem cu trupa Gral \u00een perioada respectiv\u0103, eram \u00een studio.<\/p>\n<p style=\"text-align: justify;\"><strong><em>S.C.B.<\/em><\/strong><em>: Atunci am ap\u0103rut eu \u00een Oradea&#8230;<\/em><\/p>\n<p style=\"text-align: justify;\"><strong>M.P.<\/strong>: \u2026 dar stai c\u0103 eu vorbesc de 1998 sau \u02be97.<\/p>\n<p style=\"text-align: justify;\"><strong><em>S.C.B.<\/em><\/strong><em>: Dar c\u00e2t a \u021binut Gral?<\/em><\/p>\n<p style=\"text-align: justify;\"><strong>M.P.<\/strong>: N-a \u021binut mult, cred c\u0103 vreo 4 sau 5 ani am c\u00e2ntat \u00eempreun\u0103.<\/p>\n<p style=\"text-align: justify;\"><strong> <img data-recalc-dims=\"1\" decoding=\"async\" class=\"aligncenter\" src=\"https:\/\/i0.wp.com\/i.vgy.me\/FI2xYf.jpg?w=812&#038;ssl=1\" \/><\/strong><\/p>\n<p style=\"text-align: justify;\"><strong>Dar no\u021biunea de a \u00een\u021belege ceea ce c\u00e2nt pe chitar\u0103 am descoperit-o dup\u0103 ce am g\u0103sit la un prieten de-al meu o carte scris\u0103 de Marius Popp pianistul.<\/strong><\/p>\n<p style=\"text-align: justify;\"><strong><em>S.C.B.<\/em><\/strong><em>: Ultimul an al trupei l-am prins eu.<\/em><\/p>\n<p style=\"text-align: justify;\"><strong>M.P.<\/strong>: Atunci \u00eenseamn\u0103 c\u0103 asta a fost prin \u02be98. Nu-mi aduc bine aminte, nu vreau s\u0103 vorbesc prostii. Deci dup\u0103 ce am luat c\u00e2te informa\u021bii am putut de la C\u0103lin, am ajuns \u00een studio; acolo aveam ni\u0219te be\u021be pe care scria <em>jazz rock<\/em> \u0219i m-am dus cu ele direct la tren \u00eenspre Re\u0219i\u021ba. De la tren str\u0103bunic\u0103-mea a mers acas\u0103, iar eu m-am dus la ei la restaurant s\u0103-i v\u0103d, eram fan, \u0219i am f\u0103cut un schimb cu tobo\u0219arul, care mi-a zis: \u201e\u00eemi plac be\u021bele astea, ce vrei s\u0103-\u021bi dau pe ele?\u201d M-am uitat \u00een jur \u0219i am v\u0103zut o caset\u0103: \u201ece caset\u0103 e aia?\u201d \u0218i mi-a r\u0103spuns: \u201eGreg Howe\u201d. \u201eD\u0103-mi-o pe aia \u0219i facem schimb.\u201d De Greg Howe doar auzisem. \u0218i aceea a fost prima caset\u0103 care m-a virusat complet \u00een sensul c\u0103 a\u0219a descoperisem jazz rock-ul \u0219i c\u00e2nd am descoperit Greg Howe am zis c\u0103 gata, \u0103sta-i drumul. Mi s-a schimbat toat\u0103 concep\u021bia despre muzic\u0103 \u0219i atunci am avut o tendin\u021b\u0103 de solistic\u0103, am fost autodidact; aveam un procesor care se numea digi tracker pe 3 \u0219i puteai s\u0103 \u00eenregistrezi pe el doar 10 secunde. \u00ce\u021bi dai seama c\u0103 nu era cum e youtube acum, dai un click \u0219i-\u021bi d\u0103 la tura\u021bie minim\u0103 \u00een aceea\u0219i secund\u0103. Era o nebunie s\u0103 ai a\u0219a ceva pe atunci. Eu aveam casete \u0219i \u00eenregistram de pe casetofon printr-o intrare de auxiliar jack mic, d\u0103deam play, iar solourile nebune le d\u0103deam \u00eencet \u0219i \u00eencepeam s\u0103 analizez notele chitari\u0219tilor. Apoi c\u00e2ntam notele, le \u00eenv\u0103\u021bam pe de rost \u0219i le g\u0103seam o explica\u021bie. \u00cen\u021belegeam de ce s-au folosit \u0219i cum s-au folosit. Dar no\u021biunea de a \u00een\u021belege ceea ce c\u00e2nt pe chitar\u0103 am descoperit-o dup\u0103 ce am g\u0103sit la un prieten de-al meu o carte scris\u0103 de Marius Popp pianistul. Cartea se nume\u0219te \u201eArmonia aplicativ\u0103 \u00een improviza\u021bia de jazz, pop \u0219i rock.\u201d Am studen\u021bi ast\u0103zi cu care \u021bin cursuri pe skype \u0219i le recomand tuturor cartea, este foarte bun\u0103. Sunt foarte multe no\u021biuni acolo \u0219i, s\u0103 revin la amintire, dup\u0103 ce am citit cartea, \u00a0\u2013 aveam un prieten bun cu care tot schimbam informa\u021bii tehnice \u00een Oradea \u2013 deja solo-urile pe care le \u00eenv\u0103\u021basem pe de rost aveau sens, \u00een\u021belegeam ce se \u00eent\u00e2mpl\u0103 acolo modal, armonic; \u0219i astfel din toate acestea mi s-a deschis orizonul. Deci practic am fost autodidact. Dup\u0103 ce m-am dezvoltat foarte mult muzical ap\u0103ruse \u00een Oradea Bader Oliver. \u00cencepusem deja s\u0103 c\u00e2nt \u0219i efectiv c\u00e2nd m\u0103 \u00eent\u00e2lneam cu el \u00eel \u00eentrebam cum s\u0103 c\u00e2nt. \u0218i atunci m-am \u00eenchis \u00een cas\u0103 \u0219i am studiat.<\/p>\n<p style=\"text-align: justify;\"><strong><em>S.C.B<\/em><\/strong><em>.: Asta se \u00eent\u00e2mpla dup\u0103 Gral? <\/em><\/p>\n<p style=\"text-align: justify;\"><strong>M.P.<\/strong>: Da, dup\u0103 Gral. Apoi Oliver m-a \u00eentrebat: \u201ecum ai f\u0103cut la chitara aia?\u201d \u0219i eu, c\u0103tre el, suprins: \u201etu m\u0103 \u00eentrebi cum am f\u0103cut la chitar\u0103? Tu, the God of guitars?\u201d \u0218i am sheruit cu el o experien\u021b\u0103. Oliver m-a influen\u021bat foarte mult ca stil, pe l\u00e2ng\u0103 C\u0103lin, c\u00e2nd deja intrasem \u00een lumea asta a fusion-ului. S\u0103 \u0219tii c\u0103 Oradea era foarte bine dotat\u0103, era Bader Oliver, era Bandi Balogh care c\u00e2nta cu Joe Balogh \u0219i era o trup\u0103 care se numea Play Off. Bandi \u0219i \u00een prezent m\u0103 uime\u0219te cu ce poate s\u0103 fac\u0103 pe chitar\u0103, este extraordinar. Eu am avut o concuren\u021b\u0103 foarte mare, dar nici m\u0103car nu vreau s\u0103 o numesc concuren\u021b\u0103, au fost ni\u0219te oameni care c\u00e2ntau jazz \u0219i eu eram mic, \u0219i nu aveam treab\u0103 cu jazz-ul, \u0219i mergeam la concerte \u00een Oradea s\u0103 beau o bere, pu\u0219tan de 16-17 ani, \u0219i vedeam jazz fusion \u00een fa\u021ba ochilor mei, \u0219i am zis wow: \u201easta vreau s\u0103 fac\u201d.<\/p>\n<p style=\"text-align: justify;\">Oradea, din punctul acesta de vedere, a fost ora\u0219ul \u00een care am \u00eent\u00e2lnit oamenii potrivi\u021bi care s\u0103 m\u0103 inspire. De la C\u0103lin m-am inspirat cu partea asta chitaristic\u0103 \u0219i de compozi\u021bie. Oradea chiar a avut ce s\u0103-mi ofere ca s\u0103 m\u0103 dezvolt.<\/p>\n<p style=\"text-align: justify;\"><strong><em>S.C.B.<\/em><\/strong><em>: Dar Oliver mai c\u00e2nt\u0103?<\/em><\/p>\n<p style=\"text-align: justify;\"><strong>M.P.<\/strong>: Oliver m-a sunat chiar \u0219i din spital c\u00e2nd a avut ceva probleme de s\u0103n\u0103tate. La el era un obicei s\u0103 m\u0103 sune: \u201ece faci, Marius? Am sunat s\u0103 v\u0103d cum mai e\u0219ti.\u201d M\u0103 suna necondi\u021bionat, doar s\u0103 vad\u0103 ce fac.<\/p>\n<p style=\"text-align: justify;\"><strong><em>S.C.B.<\/em><\/strong>: <em>Ce fain, c\u00e2\u021bi te sun\u0103 a\u0219a?<\/em><\/p>\n<p style=\"text-align: justify;\">M.P.: Da. \u0218tii c\u0103 Oliver s-a c\u0103lug\u0103rit? C\u00e2nd am aflat eram: \u201ewhat the hell?\u201d A plecat \u00een Ungaria, chiar azi am primit ceva video cu el, e cu barb\u0103<a href=\"#_ftn1\" name=\"_ftnref1\">[1]<\/a>. S\u0103 nu-l recunosc, cred c\u0103 are 60 de ani. Printre oamenii care m-au influen\u021bat ca \u0219i jazz-i\u0219ti era \u0219i Cristi Moldoveanu, care c\u00e2nta cu el, m\u0103 rog, Cristi Moldoveanu este un mare pianist care \u0219i-a f\u0103cut via\u021ba pe party-uri, deci dac\u0103 tu \u00eel vedeai la party-uri, c\u00e2nta \u0219i la nun\u021bi, nu \u021bi-ai fi imaginat niciodat\u0103 \u00een via\u021ba ta c\u0103 este un tip care a terminat \u00een Bucure\u0219ti la sec\u021bia jazz, av\u00e2ndu-l profesor pe Mircea Tiberian.<\/p>\n<p style=\"text-align: justify;\"><strong><em>S.C.B.<\/em><\/strong><em>: Or\u0103dean?<\/em><\/p>\n<p style=\"text-align: justify;\"><strong>M.P.<\/strong>: Da, chiar acum l-am chemat \u0219i am tras cu el o pies\u0103. L-am chemat \u0219i m-am g\u00e2ndit: \u201eca pe vremuri c\u00e2nt\u0103, incredibil de bun gagiul\u201d. Acesta a fost practic parcursul meu. A\u0219a c\u0103 \u00ee\u021bi dai seama ce valoare sentimental\u0103 are pentru mine c\u0103 m-am re\u00eentors \u00een ora\u0219ul de origini.<\/p>\n<p style=\"text-align: justify;\"><strong><em>Nu mi-a fost simplu s\u0103 iau decizia asta. O s\u0103 fie un nou normal, o s\u0103 fie un restart la tot.<\/em><\/strong><\/p>\n<p style=\"text-align: justify;\"><strong><em>S.C.B.<\/em><\/strong><em>: Tu cum ai sim\u021bit chestia asta cu mutatul din Bucure\u0219ti? Tu vii chiar din mainstream \u0219i ai intrat \u00een underground-ul adev\u0103rat. M\u0103 rog, te-ai plimbat prin toate genurile, nu doar ai fost \u0219i ai venit.<\/em><\/p>\n<p style=\"text-align: justify;\"><strong>M.P.<\/strong>: Nu mi-a fost simplu s\u0103 iau decizia asta. Eu am urm\u0103rit un virusolog, Michael Osterholm, care deja din februarie prezenta ce urmeaz\u0103 s\u0103 se \u00eent\u00e2mple. \u00cen momentul \u00een care l-am ascultat pe el \u0219i mi-am imaginat ce urmeaz\u0103 s\u0103 se \u00eent\u00e2mple, am stat cu Adriana, so\u021bia mea, de vorb\u0103 \u0219i i-am spus: \u201enu trebuie s\u0103-mi dai un r\u0103spuns acum, g\u00e2nde\u0219te, uite cum st\u0103 treaba, eu cred c\u0103 ar fi foarte safe s\u0103 plec\u0103m departe de Bucure\u0219ti.\u201d Dac\u0103 m\u0103 \u00eentrebai acum 5 ani dac\u0103 vreau s\u0103 m\u0103 \u00eentorc \u00een Oradea nici nu te-a\u0219 fi auzit \u0219i probabil a\u0219 fi zis: \u201eEu, Oradea, nici nu vreau s\u0103 aud. Aici mi\u0219c\u0103, \u00een Bucure\u0219ti se-nt\u00e2mpl\u0103 tot, se mi\u0219c\u0103 tot.\u201d Acum nu se mai mi\u0219c\u0103. \u0218i nici n-o s\u0103 se mai mi\u0219te. \u0218i oricum s-au schimbat multe, o s\u0103 fie un nou normal, o s\u0103 fie un restart la tot. Adic\u0103 o s\u0103 fie un restart at\u00e2t de mare \u00eenc\u00e2t va conta doar s\u0103 fii bun. Nu mai are niciun sens treaba asta cu unde stai.<\/p>\n<p style=\"text-align: justify;\"><strong><em>\u00a0<\/em><\/strong><\/p>\n<p style=\"text-align: justify;\"><strong><em>\u00a0<\/em><\/strong><strong><em>\u2026cred c\u0103 p\u00e2n\u0103-n 25 de ani exist\u0103 un hormon \u00een corpul nostru care ne face s\u0103 vedem lucrurile ca o nemurire.<\/em><\/strong><\/p>\n<p style=\"text-align: justify;\"><strong><em>S.C.B.<\/em><\/strong><em>: \u0218i ai un milimentru de p\u0103rere de r\u0103u?<\/em><\/p>\n<p style=\"text-align: justify;\"><strong>M.P.<\/strong>: Nu, \u00een momentul \u0103sta nu, pentru c\u0103 via\u021ba mi se pare c\u0103 e at\u00e2t de scurt\u0103; adic\u0103 p\u00e2n\u0103 acum aveam conceptul acesta de nemurire. Nu \u0219tiu, cred c\u0103 p\u00e2n\u0103-n 25 de ani exist\u0103 un hormon \u00een corpul nostru care ne face s\u0103 vedem lucrurile ca o nemurire, pur \u0219i simplu n-ai conceptul de nemurire \u00een tine \u0219i acum, c\u00e2nd \u00eemi dau seama c\u00e2t de scurt\u0103 e via\u021ba, o singur\u0103 chestie conteaz\u0103: copilul. El este prioritar. Asta nu \u00eenseamn\u0103 c\u0103 ceea ce f\u0103ceam \u00een Bucure\u0219ti n-o f\u0103ceam cu pl\u0103cere, dar n-o f\u0103ceam cu aceea\u0219i pl\u0103cere cu care o fac aici; adic\u0103 s\u0103 stau \u00een studio efectiv, s\u0103 fac o pies\u0103 pentru albumul meu, nu s\u0103 lucrez pentru client. Eu pl\u0103cerea aceasta nu am exprimentat-o. Oricum, vreau s\u0103-\u021bi spun c\u0103 cine sus\u021bine c\u0103 a avut de lucru pentru clien\u021bi \u00een pandemia asta, minte. Eu, cel pu\u021bin, m-am redescoperit pe mine \u00een pandemia asta \u0219i nu-mi pare r\u0103u c\u0103 a venit.<\/p>\n<p>&nbsp;<\/p>\n<p style=\"text-align: justify;\"><strong><em>\u2026mainstream-ul nu o s\u0103 mai vorbeasc\u0103. N-o s\u0103 se mai merite.<\/em><\/strong><\/p>\n<p style=\"text-align: justify;\"><strong><em>S.C.B.<\/em><\/strong><em>: Am pomenit la un moment dat \u00een dialogul nostru cuvinte de genul: industrie \u0219i a\u0219a mai departe, a\u0219a c\u0103 te \u00eentreb: financiar cum st<\/em><em>\u0103<\/em><em> treaba? Schimbul financiar din Bucure\u0219ti \u00eencoace, \u00eenspre Oradea, este vizibil sau nu este vizibil?<\/em><\/p>\n<p style=\"text-align: justify;\"><strong>M.P.<\/strong>: Mul\u021bi nu au sinceritatea \u00een ei s\u0103 vorbeasc\u0103 de treaba asta financiar\u0103, nu \u0219tiu, parc\u0103 e o chestie a rom\u00e2nului: \u201emam\u0103, s\u0103 nu zic c\u00e2t c\u00e2\u0219tig\u0103 \u0103la.\u201d Financiar, dac\u0103 \u021bie \u021bi se pare normal, \u00ee\u021bi spun urm\u0103toarea chestie, zic a\u0219a, \u00een general, am ni\u0219te prieteni care \u00een Oradea au c\u00e2ntat la nun\u021bi. Cei care au c\u00e2ntat la nun\u021bi au \u00eencasat bani mul\u021bi. Eu care am stat \u00een Bucure\u0219ti \u0219i am c\u00e2ntat cu cel mai mare pop star din industria muzical\u0103 rom\u00e2neasc\u0103, nu am ajuns la sumele care se c\u00e2\u0219tig\u0103 la nun\u021bi \u0219i asta spune tot. Deci, p\u00e2n\u0103 la urm\u0103, g\u00e2nde\u0219te-te despre ce industrie vorbim pentru c\u0103 din nun\u021bi \u00een \u021bara asta s-au f\u0103cut mult mai mul\u021bi bani dec\u00e2t \u00een industria muzical\u0103 rom\u00e2neasc\u0103. Bine, vorbesc acum \u00een calitate de instrumentist, dar sunt con\u0219tient c\u0103 \u00een calitate de instrumentist nu lucrez chiar ieftin cu mainstream-ul \u0219i, cu toate astea, nu am ajuns la sume exorbitante. Cam asta pot s\u0103 spun; financiar e pentru mine mult mai safe aici pentru c\u0103 aici am casa mea construit\u0103 de p\u0103rin\u021bii mei \u0219i, c\u00e2nd zic p\u0103rin\u021bii mei, m\u0103 refer \u0219i la cei care nu au leg\u0103tur\u0103 de s\u00e2nge cu mine, pentru c\u0103 fiecare m-a ajutat cum a putut. Este mult mai safe pentru mine aici \u0219i nu mai trebuie s\u0103 fac banii pe care \u00eei f\u0103ceam \u00een Bucure\u0219ti, cheltuielile sunt mult mai mici aici. Taic\u0103-meu vitreg are o ferm\u0103, dar doar pentru noi, doar pentru familie, nu face comer\u021b din chestia asta, e doar pasionat de animale. Pentru mine asta \u00eenseamn\u0103 mult mai mult dec\u00e2t s\u0103 stau \u00een Bucure\u0219ti s\u0103 c\u00e2\u0219tig mult mai mul\u021bi bani. Adic\u0103, dac\u0103 stai s\u0103 m\u0103 \u00eentrebi acum, nu v\u0103d un viitor \u00een care eu m-a\u0219 re\u00eentoarce la Bucure\u0219ti. V\u0103d un viitor \u00een care poate m-a\u0219 sui \u00een ma\u0219in\u0103 \u0219i m-a\u0219 duce, a\u0219 pleca de la Ungaria \u00een sus prin Cehia, s\u0103 mai merg la c\u00e2te un festival prin Iugoslavia sau m-a\u0219 mai duce \u00een Italia, adic\u0103 giguri mici, p\u00e2n\u0103-n 100 de oameni, cam a\u0219a m-am g\u00e2ndit, cam a\u0219a v\u0103d eu viitorul. Asta se va \u00eent\u00e2mpla, mainstream-ul nu o s\u0103 mai vorbeasc\u0103. N-o s\u0103 se mai merite; dup\u0103 ce ai luat 10 000 euro pe concert mai mergi tu pe 3000? S\u0103 nu c\u00e2\u0219tigi nimic? Nu, mai bine stai acas\u0103 c\u0103 ai deja 40 de ani.<\/p>\n<p style=\"text-align: justify;\"><strong><em>S.C.B.<\/em><\/strong><em>: Sincer, eu cred c\u0103 dintr-un anumit punct de vedere, \u0219i nu are leg\u0103tur\u0103 cu cel financiar, pandemia asta are leg\u0103tur\u0103 cu foarte multe avantaje pentru \u00eentreaga cultur\u0103 \u0219i art\u0103 pentru c\u0103 a f\u0103cut o selec\u021bie masiv\u0103. Din p\u0103cate pe cei care au fost seta\u021bi strict financiar tocmai pe ei i-a taxat primii. Iar pentru ceilal\u021bi, \u00eei dau ca exemplu iar\u0103\u0219i pe Celelalte Cuvinte, \u021bi-e mai mare dragul, ai timp s\u0103 stai s\u0103 c\u00e2n\u021bi, s\u0103 studiezi, s\u0103 inventezi chestii.<\/em><\/p>\n<p style=\"text-align: justify;\"><strong>M.P.<\/strong>: Acum s\u0103 vedem cum se va imuniza tot \u0219i abia apoi s\u0103 vedem care vor fi direc\u021biile \u0219i cum va reac\u021biona lumea la chestia asta; dac\u0103, \u00eentr-adev\u0103r, faptul c\u0103 ne-a \u021binut \u00een cas\u0103 pandemia asta, a folosit-o fiecare \u00een sens spiritual de redescoperire. Asta e \u00eentrebarea, de fapt.<\/p>\n<p style=\"text-align: justify;\"><strong><em>S.C.B.<\/em><\/strong><em>: Da, asta e zona, ce bine c\u0103 ai verbalizat-o tu. <\/em><\/p>\n<p style=\"text-align: justify;\"><strong>M.P.<\/strong>: \u0218i-n Bucure\u0219ti, ca s\u0103 m\u0103 \u00eentre\u021bin din chestia asta, n-am f\u0103cut numai live performance cu un singur artist, am f\u0103cut cu mai mul\u021bi arti\u0219ti; am f\u0103cut \u0219i studio, \u0219i produc\u021bie, \u0219i video, \u0219i cursuri de masterclass cu studen\u021bii. Din punctul acesta de vedere nu am pentru ce s\u0103 m\u0103 pl\u00e2ng. Acela\u0219i lucru \u00eel fac \u0219i-n Oradea, iar \u00een Oradea ca s\u0103 supravie\u021buie\u0219ti din art\u0103 chiar trebuie s\u0103 \u0219tii s\u0103 faci multe chestii. Eu, la un moment dat, am ajuns s\u0103 tr\u0103iesc \u0219i frustrarea faptului c\u0103 am f\u0103cut pentru to\u021bi, dar pentru mine nu. Eu simt, eu tr\u0103iesc asta.<\/p>\n<p style=\"text-align: justify;\"><strong><em>S.C.B.<\/em><\/strong><em>: Dar ai mai mult timp pentru tine. <\/em><\/p>\n<p style=\"text-align: justify;\"><strong>M.P.<\/strong>: Am timp, dar uit\u0103-te, de exemplu \u0219i pe Celelalte Cuvinte i-am pus pe primul plan, nici m\u0103car nu m-am pus pe mine, eu trebuia s\u0103 trag s\u0103 continui cu albumul meu de fusion la care deja lucrez. De doi ani tot zic c\u0103 lucrez \u0219i am doar 3, 4 piese gata. Vreau s\u0103-l termin, dar, \u00een loc s\u0103 m\u0103 apuc de asta, azi la repeti\u021bii am venit cu o pies\u0103 gata pentru Electrocord. M-am apucat s\u00e2mb\u0103t\u0103 de ea, duminic\u0103 i-am dat un play \u0219i luni diminea\u021ba am tras-o \u0219i le-am propus b\u0103ie\u021bilor p\u0103r\u021bi. Deci cam a\u0219a e, s\u0103 zic, cu frustrarea. Cum tr\u0103ie\u0219ti din chestia asta? Dac\u0103 te segmentezi \u00een multe direc\u021bii ai \u0219anse s\u0103 supravie\u021buie\u0219ti. De tr\u0103it bine nici cei care c\u00e2ntau la nun\u021bi nu mai tr\u0103iesc bine.<\/p>\n<p style=\"text-align: justify;\"><strong><em>S.C.B.<\/em><\/strong><em>: Revin la cronologie, dup\u0103 <\/em><em>Gral<\/em><em>\u00a0ce a urmat?<\/em><\/p>\n<p style=\"text-align: justify;\"><strong>M.P.<\/strong>: Dup\u0103 Gral a urmat Thamyras, la \u00eenceput f\u0103r\u0103 formula cu C\u0103lin, adic\u0103 am \u00eenceput doar eu cu b\u0103ie\u021bii, cunosc\u00e2ndu-l pe Vladi S\u0103teanu \u0219i av\u00e2nd un punct comun numit: progresiv. Am \u00eenceput s\u0103 facem progresiv, ne pl\u0103cea schema asta foarte mult \u0219i apoi a intrat \u0219i C\u0103lin \u00een schem\u0103. C\u0103lin a intrat pentru c\u0103, de fapt, el avea nevoie de o trup\u0103 de sus\u021binere pentru ideile lui, idei care mergeau \u00een alt\u0103 direc\u021bie. Adic\u0103 aveau nuan\u021be de progresiv. De unde a pornit ideea asta? Eram trupa lui de spate \u0219i ideea a pornit de c\u00e2nd se deschisese clubul Lords din Oradea unde am c\u00e2ntat coveruri. Era de Pa\u0219ti \u0219i atunci a zis C\u0103lin: \u201estai pu\u021bin, dac\u0103 exist\u0103 o trup\u0103 de spate de ce s\u0103 nu materializez eu piesele mele pop rock, care probabil n-ar fi fost acceptate \u0219i oricum nu erau potrivite pentru Celelalte Cuvinte? \u0218i am f\u0103cut filmul, am f\u0103cut Thamyras, s-au tras <a href=\"https:\/\/www.youtube.com\/watch?v=GcPCgHiv6X4&amp;list=PLZ5QnJ5Et1pps-FR4UPHlbo5Na6RT4X0p&amp;fbclid=IwAR1aRn4wsaAnzutcKq1-k9zgrklXKclgRcTlM5xy4hxKd1lSlK1nvDCCsp0\">piesele<\/a>. Din p\u0103cate nu am avut un promoter care s\u0103 promoveze materialul \u0219i s\u0103 fac\u0103 s\u0103 se \u00eent\u00e2mple ceva cu el. Ceea ce s-a \u00eent\u00e2mplat a fost c\u0103 a devenit o <a href=\"https:\/\/www.youtube.com\/watch?v=GcPCgHiv6X4&amp;list=PLZ5QnJ5Et1pps-FR4UPHlbo5Na6RT4X0p&amp;fbclid=IwAR1aRn4wsaAnzutcKq1-k9zgrklXKclgRcTlM5xy4hxKd1lSlK1nvDCCsp0\">amintire de familie<\/a>, de sertar, dar care p\u00e2n\u0103 la urm\u0103 a fost distribuit\u0103 pe net, \u00eens\u0103 mult prea t\u00e2rziu dup\u0103 p\u0103rerea mea.<\/p>\n<p style=\"text-align: justify;\"><strong><em>S.C.B.<\/em><\/strong><em>: Mie mi-au pl\u0103cut foarte mult Thamyras. \u00centre rockerii mai pasiona\u021bi circulau cd-uri copiate \u0219i r\u0103scopiate cu Thamyras, tu nu \u0219tiai lucrul \u0103sta \u0219i nu cred c\u0103 te a\u0219teptai la asta.<\/em><\/p>\n<p style=\"text-align: justify;\"><strong>M.P.<\/strong>: Nu, acolo la Thamyras, \u021bi-am spus, singura pies\u0103 pe care eu am scris-o a fost \u201e<a href=\"https:\/\/www.youtube.com\/watch?v=GcPCgHiv6X4\">Ascult\u0103-mi inima<\/a>\u201d.<\/p>\n<p style=\"text-align: justify;\"><strong><em>S.C.B.<\/em><\/strong><em>: P\u0103i e cea mai bun\u0103 dintre ele.<\/em><\/p>\n<p style=\"text-align: justify;\"><strong>M.P.<\/strong>: Thank you!<\/p>\n<p>&nbsp;<\/p>\n<p style=\"text-align: justify;\"><strong><em>Ne stimul\u0103m reciproc. Eu c\u0103 descop\u0103r chestii noi la ei, ei c\u0103 vor s\u0103 fac\u0103 chestii noi.<\/em><\/strong><\/p>\n<p style=\"text-align: justify;\"><strong><em>S.C.B.<\/em><\/strong><em>: Dar pauza pe care au avut-o la un moment dat Celelalte Cuvinte \u021bi-o aminte\u0219ti? <\/em><\/p>\n<p style=\"text-align: justify;\"><strong>M.P.<\/strong>: Da, aveau ei chestia asta cu pauza, s\u0103 reconfigureze, dar cel mai important e s\u0103 reu\u0219e\u0219ti s\u0103 \u021bii trupa pe picioare, chit c\u0103 fiecare mai are proiecte separate. \u0218i eu mai am proiecte separate, cu albumul meu de fusion \u0219i colabor\u0103rile pe care le mai am, adic\u0103 \u0219i eu sunt b\u0103gat \u00een alte chestii, dar cumva trebuie s\u0103 facem s\u0103 func\u021bioneze \u0219i s\u0103 l\u0103s\u0103m vibe-ul s\u0103 fie a\u0219a cum trebuie.<\/p>\n<p style=\"text-align: justify;\"><strong><em>S.C.B.<\/em><\/strong><em>: S\u0103 \u0219tii c\u0103 ast\u0103zi la repeti\u021bii am g\u0103sit un vibe incomparabil cu ce \u0219tiam.<\/em><\/p>\n<p style=\"text-align: justify;\"><strong>M.P.<\/strong>: Ne stimul\u0103m reciproc. Eu c\u0103 descop\u0103r chestii noi la ei, ei c\u0103 vor s\u0103 fac\u0103 chestii noi.<\/p>\n<p style=\"text-align: justify;\"><strong><em>S.C.B.<\/em><\/strong><em>: \u0218tii ce mi-a mai pl\u0103cut foarte foarte mult? Ai o influen\u021b\u0103 puternic\u0103 aici pentru c\u0103 au \u00eencredere to\u021bi \u00een tine; spre exemplu, dac\u0103-i sugerezi lui Tinu s\u0103-\u0219i pun\u0103 triggere, \u00ee\u0219i pune; l-am auzit ast\u0103zi c\u0103 vrea s\u0103-\u0219i schimbe tonul, \u00eei place mai mult cel propus de tine. \u00a0<\/em><\/p>\n<p style=\"text-align: justify;\"><strong>M.P.<\/strong>: M\u0103 bucur c\u0103 exist\u0103 un feedback de genul. Dac\u0103 \u0219i ei \u0219i eu suntem open-minded o s\u0103 func\u021bioneze mult mai bine treaba. Nu trebuie s\u0103 trat\u0103m lucrurile ca \u00eentr-o c\u0103s\u0103torie nereu\u0219it\u0103 de 40 de ani \u00een care nici m\u0103car nu-\u021bi mai propui s\u0103 \u00eencerci. E un nou \u00eenceput, pentru mine e un nou \u00eenceput \u0219i pentru ei la fel pentru c\u0103 pot s\u0103 experimenteze nebunii; putem s\u0103 experiment\u0103m nebunii. Experien\u021ba pe care o am ca produc\u0103tor o s\u0103 ajute \u0219i o s\u0103 contribui la chestia asta c\u00e2t pot de bine.<\/p>\n<p style=\"text-align: justify;\"><strong><em>S.C.B.<\/em><\/strong><em>: Marius, c\u00e2t de apropiat e\u0219ti cu Radu Manafu?<\/em><\/p>\n<p style=\"text-align: justify;\"><strong>M.P.<\/strong>: Nu suntem apropia\u021bi, dar \u00eel simt parte din familie, pentru c\u0103 el este parte din familia Celelalte Cuvinte.<\/p>\n<p style=\"text-align: justify;\"><strong><em>S.C.B.<\/em><\/strong><em>: Radu Manafu este un tip care pe mine m\u0103 impresioneaz\u0103 \u00eentr-un fel foarte interesant, \u00een sensul c\u0103 abia a\u0219teapt\u0103 s\u0103 se pensioneze \u0219i probabil \u0219tii c\u0103 \u0219i-a cump\u0103rat tot chitul de studio. \u0218i c\u00e2nt\u0103 extraordinar de bine cu vioara dup\u0103 o pauz\u0103 de 40 de ani. E senza\u021bional. \u00a0<\/em><\/p>\n<p style=\"text-align: justify;\"><strong>M.P.<\/strong>: Anul acesta Celelalte Cuvinte \u00eemplinesc 40 de ani \u0219i dac\u0103 s-ar face un turneu aniversar, ar fi senza\u021bional s\u0103 aib\u0103 timp s\u0103 vin\u0103 s\u0103 c\u00e2nt\u0103m. O s\u0103 fim 3 chitare. Pentru c\u0103 \u00ee\u021bi dai seama cum ar suna piesele alea legendare cu 3 chitare? A\u0219a ar fi frumos.<\/p>\n<p style=\"text-align: justify;\"><strong><em> <img data-recalc-dims=\"1\" decoding=\"async\" class=\"aligncenter\" src=\"https:\/\/i0.wp.com\/i.vgy.me\/NnKTUy.jpg?w=812&#038;ssl=1\" \/><\/em><\/strong><\/p>\n<p style=\"text-align: justify;\"><strong><em>Nu mai pun la suflet, iau totul super obiectiv. \u0218i nu m\u0103 mai ata\u0219ez de ideile pe care le zic.<\/em><\/strong><\/p>\n<p style=\"text-align: justify;\"><strong><em>S.C.B.<\/em><\/strong><em>: Tu nu te-ai certat cu Breazu niciodat\u0103? E\u0219ti singurul care nu s-a certat cu Breazu? (z\u00e2mbe\u0219te)<\/em><\/p>\n<p style=\"text-align: justify;\"><strong>M.P.<\/strong>: \u0218tii care e faza, nici nu cred c\u0103 o s\u0103 m\u0103 cert pentru c\u0103 fiind \u00een industria asta muzical\u0103 \u0219i fiind \u00eenconjurat de tot felul de arti\u0219ti care m-au pus \u00een diverse posturi, nu mai pun la suflet, iau totul super obiectiv. \u0218i nu m\u0103 mai ata\u0219ez de ideile pe care le zic. \u021ai-am spus, am lucrat cu foarte mul\u021bi \u0219i no\u021biunea asta de rejected idea pe care o ai tu am cunoscut-o. O \u0219tiu bine, de asta nu mai pun suflet. De exemplu, am tras acum pentru un tip din Cehia, mi-am dat seama c\u0103 lucreaz\u0103 cu un produc\u0103tor foarte \u00eenchis la minte, cu un individ care are un ego extraordinar \u0219i asta e o chestie destul de distructiv\u0103. Am tras cu el 3 track-uri, la al treilea take mi-a sugerat un \u00eenceput de note, i-am zis: \u201ebine, zi-mi ce note vrei\u201d, le-am c\u00e2ntat, cum s\u0103 nu, deci era totul perfect mai pu\u021bin cele 4 note de \u00eenceput. I-am f\u0103cut, dar a ajuns la concluzia c\u0103, de fapt, \u00eel vrea melodic. A mai propus o idee \u0219i c\u00e2nd am v\u0103zut c\u0103 intr\u0103 \u00eentr-un loop de nesiguran\u021b\u0103, atunci chiar am renun\u021bat. I-am spus c\u0103 e pierdere de vreme \u0219i pentru mine \u0219i pentru el \u0219i mai bine \u00ee\u0219i caut\u0103 pe cineva care s\u0103 fie potrivit pentru ceea ce dore\u0219te. Deci nu mai pun la suflet chestiile astea. Dac\u0103 e bun\u0103 ideea pe care o propun pentru Marcel, pentru trup\u0103, e ok, dac\u0103 nu e bun\u0103, nu o pun la suflet. Cel mai s\u0103n\u0103tos pentru orice trup\u0103 este s\u0103 aib\u0103 \u0219i un proiect individual \u00een care s\u0103-\u0219i descarce energiile a\u0219a cum simte \u0219i astfel trupa r\u0103m\u00e2ne \u00eenchegat\u0103.<\/p>\n<p style=\"text-align: justify;\"><strong><em>S.C.B.<\/em><\/strong><em>: Mie mi se pare foarte s\u0103n\u0103tos \u0219i exemplul celor de la Byron, ei la un moment dat au f\u0103cut fiecare din trup\u0103 propriul proiect, dar tot cu colegii de trup\u0103. E absurd s\u0103 mai mergi la al\u021bii dac\u0103 este acolo o echip\u0103, din familia ta, practic, care te poate sus\u021bine. Ai mintea ta cu piesele tale care nu intr\u0103 \u00een trup\u0103? Ia, f\u0103-le. Pune\u021bi-le pe un album \u0219i gata. Sincer abia a\u0219tept s\u0103 v\u0103d cum te implici pe albumul solo al lui Marcel.<\/em><\/p>\n<p>&nbsp;<\/p>\n<p style=\"text-align: justify;\"><strong><em>A alege s\u0103 c\u00e2n\u021bi aglomerat e pur \u0219i simplu alegerea unei direc\u021bii.<\/em><\/strong><\/p>\n<p style=\"text-align: justify;\"><strong>M.P.<\/strong>: Marcel mi-a ar\u0103tat foarte multe idei care sunt extrem de interesante\u2026<\/p>\n<p style=\"text-align: justify;\"><strong><em>S.C.B.<\/em><\/strong><em>: \u2026\u0219i aglomerate.<\/em> <em>(z\u00e2mbe\u0219te)<\/em><\/p>\n<p style=\"text-align: justify;\"><strong>M.P.<\/strong>: Nu, vezi c\u0103 el nu e fanul aglomer\u0103rii neap\u0103rat. \u0218tii care-i faza, toat\u0103 muzica asta \u0219i mixingul \u0219i masteringul e o treab\u0103 at\u00e2t de subiectiv\u0103. Sunt unii oameni care rezoneaz\u0103 doar cu anumite frecven\u021be \u0219i nu ai ce s\u0103 le faci. Eu, de exemplu, func\u021bionez total altfel. De aceea o s\u0103-l las pe Marcel, eu o s\u0103 propun doar sugestii pentru mix, master. N-a\u0219 putea s\u0103 m\u0103 implic 100% sau dac\u0103 m-a\u0219 implica 100% a\u0219 face-o doar dac\u0103 mi-ar spune b\u0103ie\u021bii: \u201egata, de azi tu te ocupi de tot\u201d. \u00cens\u0103 pentru c\u0103 Marcel \u00ee\u0219i dore\u0219te tare mult s\u0103 fac\u0103 produc\u021bie \u00eencerc\u0103m s\u0103-l ajut\u0103m astfel \u00eenc\u00e2t prin urechile lui, prin viziunea lui s\u0103 ias\u0103 treaba foarte bine, adic\u0103 deja \u0219tiu c\u0103 eu n-am intrat aici pentru c\u0103 exist\u0103 un poten\u021bial produc\u0103tor \u0219i c\u0103, dac\u0103 el con\u0219tientizeaz\u0103 c\u0103 \u00eencerc\u0103m s\u0103-l ajut\u0103m, o s\u0103 fie pentru binele trupei. Deci a alege s\u0103 c\u00e2n\u021bi aglomerat e pur \u0219i simplu alegerea unei direc\u021bii. Marcel e foarte inventiv, uit\u0103-te la bassul lui (<em>arat\u0103 c\u0103tre bass<\/em>), bass f\u0103r\u0103 taste, corzi de jazz, deci el experimenteaz\u0103, el cumva \u00eencearc\u0103 s\u0103 g\u00e2ndeasc\u0103 treburile care nu s-au f\u0103cut. E un tip neast\u00e2mp\u0103rat, un builder, \u00eentotdeauna a fost un guitar builder, a schimbat electronica, tot, a zis: \u201ehai s\u0103 facem s\u0103 fie altfel.\u201d\u00a0 Celelalte Cuvinte\u00a0tot timpul au fost altfel, dac\u0103 st\u0103m s\u0103 d\u0103m timpul \u00eenapoi, g\u00e2nde\u0219te-te cum a fost pentru mine c\u00e2nd am auzit \u201eArmaghedon\u201d cum a sunat. Pentru un produs din Rom\u00e2nia este net superior din punct de vedere al mixajelor comparativ cu ce se \u00eent\u00e2mpla la noi \u00een \u021bar\u0103 pe vremea aceea. \u201eIspita\u201d la fel.<\/p>\n<p style=\"text-align: justify;\"><strong><em>S.C.B.<\/em><\/strong><em>: \u0218i la cine a f\u0103cut masteriz\u0103rile astea dou\u0103? Doi oameni diferi\u021bi, nu din trup\u0103, a\u0219a-i?<\/em><\/p>\n<p style=\"text-align: justify;\"><strong>M.P.<\/strong>: Nu, au participat \u0219i ei. Bine\u00een\u021beles c\u0103 Marcel, \u0219tiind meseria asta, a participat ca \u0219i co-produc\u021bie pe mix master. \u201eIspita\u201d \u0219tiu c\u0103 a fost f\u0103cut\u0103 de Alex Boi\u021ba care avea foarte mult\u0103 experien\u021b\u0103. Era foarte ok. Cred c\u0103 a fost primul album care a avut un produc\u0103tor din exterior, impus. Mi se pare un album dup\u0103 gusturile mele, f\u0103r\u0103 s\u0103 se supere nimeni din trup\u0103, mie \u00eemi place cel mai mult \u201eIspita\u201d pentru c\u0103 mi se pare cel mai ordonat, este cel mai cur\u0103\u021bat. Aglomerarea e unde trebuie, aerisirea e unde trebuie. Respir\u0103 albumul, are pauze, dar \u0219i asta e o chestie subiectiv\u0103, \u021bi-am zis.<\/p>\n<p style=\"text-align: justify;\"><strong><em>S.C.B.<\/em><\/strong><em>: Eu foarte mul\u021bi ani am pus \u00een topul celor mai bune albume rom\u00e2ne\u0219ti 3, dintre care <\/em>\u201e<em>Ispita<\/em>\u201d<em> e number one. Asta ca o concluzie tehnic\u0103. \u0218i le-am comparat cu \u201eZalmoxe<\/em>\u201d<em> de la Sfinx \u0219i <\/em>\u201e<em>Cantafabule<\/em>\u201d<em> de la Phoenix. Dar ce mi-a pl\u0103cut cel mai mult este c\u0103 \u201eIspita<\/em>\u201d<em> e cel mai sincer. La celelalte s-au impus teme, idei, direc\u021bii. Iar <\/em>\u201e<em>Ispita<\/em>\u201d<em> a fost, \u0219i nu m\u0103 refer la ce a f\u0103cut produc\u0103torul, ce a mai t\u0103iat, ce a mai ad\u0103ugat, sugerat, ci la faptul c\u0103 \u00een albumul \u0103sta e, totu\u0219i, mintea trupei acolo, felul \u00een care au g\u00e2ndit ei. <\/em><\/p>\n<p style=\"text-align: justify;\"><strong>M.P.<\/strong>: A\u0219a mi se pare \u0219i mie. Eu \u0219tiu demo-urile de pe vremea aia. A\u0219a se \u00eent\u00e2mpla, prima oar\u0103 instalai demo, ei \u00ee\u0219i instalau microfoanele, tr\u0103geau demo, plecau cu el la Bucure\u0219ti, produc\u0103torul asculta \u0219i zicea: \u201eda, facem\u201d. \u0218i-\u021bi trimitea o echip\u0103. Boi\u021ba, c\u00e2nd a venit prima oar\u0103 \u2013 g\u00e2nde\u0219te-te c\u0103 la vremea aia se \u00eent\u00e2mpla asta \u00een Rom\u00e2nia \u2013 a venit cu studio mobil. \u0218i au tras tot albumul \u00eentr-o lun\u0103 sau \u00een 3 s\u0103pt\u0103m\u00e2ni. Nu era ca acum: \u201elas\u0103 c\u0103 tragem fiecare de acas\u0103.\u201d Era alt vibe c\u00e2nd \u0219tiai c\u0103 \u00een luna respectiv\u0103 ai \u00eenregistr\u0103ri, te setai altfel, acum, de aceea dureaz\u0103 lucrurile c\u00e2t dureaz\u0103, c\u0103 ai un god damn laptop \u0219i nu intri \u00een carantina aia muzical\u0103 pe bune, s\u0103 fii conectat numai acolo. Normal c\u0103 era f\u0103cut cu suflet.<\/p>\n<p style=\"text-align: justify;\"><strong><em>S.C.B.<\/em><\/strong><em>: Eu visez la astfel de \u00eent\u00e2lniri creative de trup\u0103. Te aduni cu trupa \u0219i \u00een 2, 3 s\u0103pt\u0103m\u00e2ni faci un album. Dup\u0103 <\/em><em>Thamyras au mai fost alte proiecte \u00een care a participat careva din Cuvinte sau care are leg\u0103tur\u0103 cu Celelalte Cuvinte?<\/em><\/p>\n<p style=\"text-align: justify;\"><strong>M.P.<\/strong>: Stai s\u0103-mi aduc aminte. \u0218i eu am o memorie pr\u0103fuit\u0103. Dup\u0103 Thamyras<em>\u201d<\/em> eu am colaborat o lun\u0103 cu trupa Desperado. Dup\u0103 ce m-am dus pe la Cluj am colaborat tot o lun\u0103, c\u0103ci nu mergeau lucrurile, nu se aliniau nicicum, cu Andy Ghost \u0219i cu trupa Shekinah. Apoi m-am re\u00eentors la Oradea \u0219i am stat destul de mult pe aici \u0219i c\u00e2ntam cu formule de jazz, adic\u0103 am r\u0103mas local, nu prea aveam g\u00e2nduri de plecat. Apoi am zis: gata, nu se mai poate, trebuie s\u0103-mi fac albumul \u0219i am \u00eenceput s\u0103 scriu album, deja aveam ideile scrise, apoi am fost chemat de Marcel Moldovan la Smiley. Am intrat la Smiley \u0219i acolo s-au scurs 12 ani din via\u021b\u0103. Imediat cum am intrat la Smiley \u00een trup\u0103 eu deja aveam albumul de fusion preg\u0103tit \u0219i l-am \u0219i \u00eenregistrat rapid cu Marcel pentru c\u0103 aveam o conexiune. La vremea aceea eram foarte apropia\u021bi.<\/p>\n<p style=\"text-align: justify;\"><strong><em>S.C.B.<\/em><\/strong><em>: Despre care album e vorba?<\/em><\/p>\n<p style=\"text-align: justify;\"><strong>M.P.<\/strong>: <em>\u201e<\/em>Marius Pop and The M-Theory<em>\u201d<\/em>. Apoi am zis, gata, deja m\u0103 preg\u0103team pentru albumul al doilea care s\u0103 se numeasc\u0103 doar <em>\u201e<\/em>M-Theory<em>\u201d<\/em> f\u0103r\u0103 Marius Pop, adic\u0103 am vrut s\u0103-l transform \u00eentr-o trup\u0103. De ce i-am zis Marius Pop? Pentru c\u0103 sim\u021beam nevoia s\u0103 mi se promoveze foarte tare numele fiind pe atunci proasp\u0103t calificat la guitar idle \u0219i numele meu ap\u0103ruse \u0219i prin ziare \u0219i am zis c\u0103 e bine s\u0103 scrie Marius Pop pentru c\u0103 M-Theory era un nume de care nu auzise nimeni. \u0218i am f\u0103cut albumul; apoi am zis c\u0103 fac M-Theory 2. Nu s-a mai \u00eent\u00e2mplat. Dup\u0103 M-Theory am f\u0103cut albumul cu C\u0103lin <em>\u201e<\/em>In-fusion<em>\u201d<\/em>. Adic\u0103 album solo abia dup\u0103 10 ani am mai scos, \u00een rest tr\u0103geam numai pentru arti\u0219ti de pop, alte priorit\u0103\u021bi. Dup\u0103 <em>\u201e<\/em>In-fusion<em>\u201d<\/em> cu C\u0103lin a fost albumul lui Damian Dr\u0103ghici care a fost interesant, jum\u0103tate din el, cealalt\u0103 jum\u0103tate este trap \u0219i nu-l \u00een\u021beleg. Apoi albumul lui Dali Mraz, acolo m-am implicat foarte intens, ca \u0219i cum ar fi fost albumul meu. Este un album care con\u021bine 12 piese \u0219i cred c\u0103 eu am c\u00e2ntat vreo 7 sau 8, ceva de genul. Dar erau ni\u0219te nume foarte mari pentru mine acolo. Era Anton Davidyants, care este un mega basist \u00een lume, era Scott Kinsey, era s\u0103 fie \u0219i Scott Anderson, Martin Miller, Federico Malaman, mul\u021bi, nu-i mai re\u021bin acum pe to\u021bi \u0219i cam asta a fost discografia mea.<\/p>\n<p style=\"text-align: justify;\">Dup\u0103 Thamyras, adic\u0103 dup\u0103 ce am intrat la Smiley \u00een trup\u0103, nu, a fost M-Theory, apoi Smiley, m-am implicat ca produc\u0103tor \u0219i chitarist \u00een albumele lui Smiley, albumul lui C\u0103lin, Dali Mraz, am tras un album cu Oliver Zisko, tobarul pe care l-am luat \u00een live \u2013 \u0219tim bine c\u0103 \u201eIn-fusion\u201d a fost integral creat cu VST-uri \u2013 cu care colaborez \u0219i pe care l-am chemat \u00een \u201eIn-fusion\u201d, \u0219i cam \u0103sta a fost parcursul. Bine, acum dac\u0103 stau s\u0103 m\u0103 g\u00e2ndesc de ce naiba la 37 am o discografie a\u0219a de mic\u0103 \u0219i acum nu m\u0103 refer, c\u0103 \u021bi-am spus, restul arti\u0219tilor cu care am tras i-am uitat, job is done, dar n-a\u0219 sta cu colec\u021bia \u00een biblioteca mea s\u0103 ar\u0103t: uite cu cine am tras albume, uite c\u00e2te am f\u0103cut, pentru mine personal, ceea ce-mi vine s\u0103 ar\u0103t oamenilor este ceea ce \u021bine de spectrul fusion \u0219i c\u00e2nd zic fusion m\u0103 refer la jazz, fusion, progresiv, asta \u00eemi place.<\/p>\n<p style=\"text-align: justify;\"><strong><em>S.C.B.<\/em><\/strong><em>: Turul \u0103sta \u0219tii ce am f\u0103cut, am umblat cu cavalul prin vreo 5 biserici catolice pentru c\u0103 sunt goale, pentru c\u0103 nu te s\u00e2c\u00e2ie nimeni \u0219i pentru c\u0103 au acustica aia formidabil\u0103 \u00een care prefer s\u0103 c\u00e2nt pentru maxim 3 oameni, cei care au deschis u\u0219ile \u0219i cei care s-au nimerit \u00eent\u00e2mpl\u0103tor acolo. Se simte altfel muzica atunci c\u00e2nd nu te condi\u021bioneaz\u0103 nimic. <\/em><\/p>\n<p style=\"text-align: justify;\"><em>Dar voiam s\u0103 te \u00eentreb de arti\u0219tii prefera\u021bi de la noi din \u021bar\u0103. Sau mai bine zis instrumenti\u0219tii. <\/em><\/p>\n<p style=\"text-align: justify;\"><strong>M.P.: <\/strong>La noi \u00een \u021bar\u0103, dac\u0103 e s\u0103 m\u0103 raportez la tinerele talente, ca s\u0103-i numesc a\u0219a, m\u0103 g\u00e2ndesc la Ovidiu Bolocan care-i chiar \u00een Oradea \u0219i are 18 ani, un chitarist foarte bun; \u00een Bucure\u0219ti este un chitarist extraordinar, Cristi Copaciu, el are 21 de ani; la Cluj e Andrei Ro\u0219ulescu, extraordinar chitarist. Ca trupe\u2026 uite, \u00eemi place Vi\u021ba de Vie, \u00eemi plac proiectele pe care \u0219i le-a f\u0103cut Cezar Popescu din Vi\u021ba de Vie cu Cosmin Lupu, Days of Confusion, ei au o trup\u0103 de metal de djent; Tibi Albu, un vocalist foarte mi\u0219to, Julie Mayaya, cu ea am c\u00e2ntat foarte mi\u0219to. Sunt foarte mul\u021bi care au viziune \u0219i avem nevoie de astfel de oameni.<\/p>\n<p style=\"text-align: justify;\"><strong><em> <img data-recalc-dims=\"1\" decoding=\"async\" class=\"aligncenter\" src=\"https:\/\/i0.wp.com\/i.vgy.me\/NDJWCk.jpg?w=812&#038;ssl=1\" \/><\/em><\/strong><\/p>\n<p style=\"text-align: justify;\"><strong><em>\u00centrebarea mea este: ai fi ales banul dac\u0103 \u021bi s-ar fi scurs 12 ani din via\u021b\u0103?<\/em><\/strong><\/p>\n<p style=\"text-align: justify;\"><strong><em>S.C.B.<\/em><\/strong><em>: Tu nu vrei s\u0103 m\u0103 \u00eentrebi nimic?<\/em><\/p>\n<p style=\"text-align: justify;\"><strong>M.P.<\/strong>: Uite, te \u00eentreb ce ai face \u00een locul meu. Acum c\u0103 am ajuns la maturitate, s\u0103 zicem c\u0103 te-ai \u00eentoarce \u00een timp \u0219i acum tu e\u0219ti eu, ce ai alege acum, dac\u0103 ar fi s\u0103 c\u00e2n\u021bi cu un pop star sau s\u0103 mergi la nun\u021bi local, s\u0103 \u021bi se ia 12 ani din via\u021b\u0103, c\u0103 practic asta e, adic\u0103 \u00een \u0103\u0219tia 12 ani se vede clar c\u0103 m-am dedicat acolo, ce ai alege?<\/p>\n<p style=\"text-align: justify;\"><strong><em>S.C.B.<\/em><\/strong><em>: Dac\u0103 \u021bin cont de faptul c\u0103 \u00eentr-o alt\u0103 versiune a vie\u021bii mele \u0219i eu am f\u0103cut cam acela\u0219i lucru, c\u0103 \u0219i eu m-am dus \u00een Bucure\u0219ti s\u0103 colaborez cu unii al\u021bii, pot s\u0103 spun c\u0103 nu-mi pare r\u0103u de absolut nimic.<\/em><\/p>\n<p style=\"text-align: justify;\"><strong>M.P.<\/strong>: Nici mie nu-mi pare r\u0103u, \u00ee\u021bi dai seama, pentru c\u0103 m-am dus acolo \u0103sta sunt eu, dar acum ce ai face dac\u0103, hai s\u0103 recunoa\u0219tem, pentru mine o recunosc, \u00eentotdeauna am realizat c\u0103 jazz-ul nu e o chestie care s\u0103-\u021bi aduc\u0103 bani, \u00eentotdeauna poate am fost cu un pas \u00een fa\u021ba multor prestatori de jazz pentru c\u0103 m-am g\u00e2ndit c\u0103 jazz-ul vreau s\u0103-l c\u00e2nt doar de pl\u0103cere \u0219i m\u0103 g\u00e2ndesc cum pot s\u0103 fac bani ca s\u0103-mi permit s\u0103 m\u0103 duc la un festival care s\u0103 zicem e pl\u0103tit prost. Eu am chef s\u0103 c\u00e2nt acolo \u0219i am chef s\u0103-mi pl\u0103tesc colegii de trup\u0103 ca s\u0103 fie mul\u021bumi\u021bi, chiar dac\u0103 ar fi s\u0103 scot bani din buzunarul propriu. Adic\u0103 s\u0103 mergi cu o echip\u0103 profi, s\u0103 ar\u0103\u021bi profi la festivalul \u0103la. \u00centrebarea mea este: ai alege \u00een continuare banul dac\u0103 \u021bi s-au scurs 12 ani din via\u021b\u0103?<\/p>\n<p style=\"text-align: justify;\"><em><strong>S.C.B.<\/strong>: Mi-e greu s\u0103 r\u0103spund pentru c\u0103 acum clar nu a\u0219 mai alege asta, pentru mine este exclus. Sigur c\u0103 da, banii sunt foarte importan\u021bi ca s\u0103 te po\u021bi mi\u0219ca.<\/em><\/p>\n<p style=\"text-align: justify;\"><strong>M.P.<\/strong>: \u00centr-un univers paralel ai alege banul, de exemplu? Te-ai g\u00e2ndit la consecin\u021be, la cum te-ai modifica? N-ai mai avea barb\u0103, ai fi la costum, ras \u00een cap. Eu m-am imaginat \u00eentr-un univers paralel, de asta \u00ee\u021bi zic. Mi-am imaginat c\u0103 nu plec la Bucure\u0219ti, c\u0103 aleg o chestie local\u0103, aici \u00een Oradea, \u0219i c\u0103 fac de 4 ori mai mul\u021bi bani dec\u00e2t a\u0219 fi f\u0103cut \u00een \u0103\u0219tia 12 ani, la nun\u021bi, da, mi-am imaginat-o \u0219i apoi tot jazz a\u0219 fi c\u00e2ntat.<\/p>\n<p style=\"text-align: justify;\"><strong><em>S.C.B.<\/em><\/strong>: <em>Ai zis o chestie foarte mi\u0219to ast\u0103zi \u0219i anume c\u0103 de mic ai avut inten\u021bia de a compune. Eu \u00eemi aduc aminte c\u0103 de c\u00e2nd eram mic, s\u0103 fi fost prin clasa I, mi-am zis: \u201ec\u00e2nd o s\u0103 ajung mare o s\u0103-mi compun eu muzica mea preferat\u0103\u201d. \u00cemi amintesc c\u0103 am \u0219i f\u0103cut un colaj din c\u00e2ntecele de la gr\u0103dini\u021b\u0103 \u0219i am fugit entuziasmat acas\u0103 strig\u00e2nd: \u201emami, am compus un c\u00e2ntecel, ascult\u0103-l!\u201d. De aceea cred c\u0103 inten\u021biile astea creative le avem din fraged\u0103 pruncie. Ce facem cu ele \u0219i cum le dezvolt\u0103m depinde \u0219i de oamenii care ne influen\u021beaz\u0103 pe parcurs, nu numai de calea pe care am alege-o fiecare dintre noi. <\/em><\/p>\n<p style=\"text-align: justify;\"><strong>M.P.<\/strong>: Dar ai fi ales calea cealalt\u0103, asta vreau s\u0103 te \u00eentreb, dac\u0103 ai fi ales calea banilor.<\/p>\n<p style=\"text-align: justify;\"><strong><em>S.C.B.<\/em><\/strong><em>: Nu.<\/em><\/p>\n<p style=\"text-align: justify;\"><strong>M.P.<\/strong>: Eu a\u0219 fi ales calea banilor. \u0218i \u0219tii de ce? Pentru c\u0103 scopul e s\u0103-mi fac \u0219i muzica mea. \u00a0Imagineaz\u0103-\u021bi c\u0103, dac\u0103, de exemplu, alegeam banul acum poate studioul \u00eemi ar\u0103ta altfel, poate chitarele nu erau 14, poate erau 30, printre care \u0219i din cele vintage, din 1960, cum ar fi un vender strato care acum cost\u0103 23 de mii de euro. Deci, p\u00e2n\u0103 la urm\u0103, indiferent de ce alegi scopul conteaz\u0103, chiar dac\u0103 e\u0219ti pus \u00een situa\u021bia de a alege \u00eentre un compromis \u0219i un alt compromis. Bine, nu zic c\u0103 e un compromis pentru c\u0103 am c\u00e2ntat cu Smiley, departe de mine g\u00e2ndul, eu doar ziceam de postura de a renun\u021ba la tine, s\u0103 pierzi 12 ani din via\u021b\u0103, care e o via\u021b\u0103 de om \u0219i te \u00eentreb: pentru ce? \u0218i dac\u0103 ai fi ales altceva, cum ar fi fost? Dar ce \u00een\u021belegem prin compromis? Ce \u00eenseamn\u0103, de fapt, un compromis?<\/p>\n<p style=\"text-align: justify;\"><strong><em>S.C.B.<\/em><\/strong><em>: Angajatul \u00een ceva depinde de ce sco\u021bi tu la suprafa\u021b\u0103 de acolo, poten\u021bialul financiar pe care \u00eel po\u021bi investi s\u0103-i aju\u021bi \u0219i pe al\u021bii.<\/em><\/p>\n<p style=\"text-align: justify;\"><strong>M.P.:<\/strong> Uite, mul\u021bi \u00eemi spuneau: \u201ece, b\u0103, c\u00e2n\u021bi cu Smiley, te compromi\u021bi\u201d. Dar eu jazz-ul \u00eel c\u00e2ntam de pl\u0103cere, nu-l c\u00e2ntam ca unul care a terminat conservatorul \u0219i care trebuie s\u0103 c\u00e2nte pentru c\u0103 aia a \u00eenv\u0103\u021bat, eu \u00eel fac de pl\u0103cere, fac necondi\u021bionat treaba asta, dar proiectele proprii \u00eentotdeauna le-am sus\u021binut din alte proiecte, adic\u0103 munceam pentru asta. Am muncit ca s\u0103-mi iau 14 chitare, maic\u0103-mea murea, nu \u00een\u021belegea de ce at\u00e2tea; c\u0103-mi place treaba asta, pentru asta am muncit. \u0218i comparativ cu al\u021bi arti\u0219ti de jazz care au tr\u0103it foarte nasol, nu dau nume, mie \u00eemi pl\u0103ceau sculele, eu am vrut dintotdeauna s\u0103 am scule, s\u0103 nu depind de al\u021bii, s\u0103 am tehnic\u0103, tehnologie de cea mai \u00eenalt\u0103 performan\u021b\u0103. \u00centotdeauna am fost obsedat de chestia asta. Dac\u0103 nu ai bani, uneori e foarte greu. E foarte greu s\u0103-\u021bi ridici proiectul. P\u00e2n\u0103 la urm\u0103 compromisul e compromis, dar \u00eentrebarea e care e scopul final, la ce serve\u0219te compromisul? C\u0103, p\u00e2n\u0103 la urm\u0103, dac\u0103 \u00ee\u021bi atingi scopul nu cred c\u0103 mai poate fi numit compromis.<\/p>\n<p style=\"text-align: justify;\"><strong><em>S.C.B.<\/em><\/strong><em>: Din p\u0103cate sunt foarte pu\u021bini care \u00een\u021beleg aspectul, adic\u0103 lucrurile astea cine \u021bi le spune la \u00eenceput? Te treze\u0219ti cu o trup\u0103, t\u00e2n\u0103r, entuziasmat, ce faci cu ea? Dai cu ea de pere\u021bi c\u0103 nu \u0219tii c\u0103 trebuie s\u0103 te g\u00e2nde\u0219ti la un scop, o gestionezi ca s\u0103 tr\u0103ie\u0219ti.<\/em><\/p>\n<p style=\"text-align: justify;\"><strong>M.P.<\/strong>: E o n\u0103luc\u0103 toat\u0103 industria asta muzical\u0103. Lumea crede c\u0103 se ajunge u\u0219or sus, dar e at\u00e2t de greu.<\/p>\n<p style=\"text-align: right;\"><em>Interviu realizat de Sergiu Corbu Boldor \u00een cadrul turneului Cealalt\u0103 Unire, 25 ianuarie, 2021)<\/em><\/p>\n<p style=\"text-align: justify;\"><i>## Not\u0103<\/i><\/p>\n<p style=\"text-align: justify;\"><a href=\"#_ftnref1\" name=\"_ftn1\">[1]<\/a> Azi, 25 ianuarie 2021, Oradea.<\/p>\n","protected":false},"excerpt":{"rendered":"<p>[interviu cu Marius Pop, chitarist al trupei Celelalte Cuvinte] de Sergiu Corbu Boldor transcriere &amp; editare: Luiza Mitu Concert online Celelalte Cuvinte &#8211; Live la 360 de grade @ 21.03.2021, 20:00 EET Sergiu Corbu Boldor: Marius, acesta este cumva primul t\u0103u interviu pentru Celelalte Cuvinte? Marius Pop: Cam da. (z\u00e2mbe\u0219te admirativ) S.C.B.: Ai fost de [&hellip;]<\/p>\n","protected":false},"author":2,"featured_media":0,"comment_status":"open","ping_status":"open","sticky":false,"template":"","format":"standard","meta":{"jetpack_post_was_ever_published":false,"_jetpack_newsletter_access":"","_jetpack_dont_email_post_to_subs":false,"_jetpack_newsletter_tier_id":0,"_jetpack_memberships_contains_paywalled_content":false,"_jetpack_memberships_contains_paid_content":false,"footnotes":""},"categories":[1452,125],"tags":[1440,1453,132,1129,546,1480,943,1439],"class_list":["post-13412","post","type-post","status-publish","format-standard","hentry","category-egophobia-66","category-invitat","tag-celelalte-cuvinte","tag-egophobia-66","tag-interviu","tag-invitat","tag-luiza-mitu","tag-marius-pop","tag-muzica","tag-sergiu-corbu-boldor"],"jetpack_featured_media_url":"","jetpack_sharing_enabled":true,"jetpack_shortlink":"https:\/\/wp.me\/p6DakB-3uk","_links":{"self":[{"href":"https:\/\/egophobia.ro\/index.php?rest_route=\/wp\/v2\/posts\/13412","targetHints":{"allow":["GET"]}}],"collection":[{"href":"https:\/\/egophobia.ro\/index.php?rest_route=\/wp\/v2\/posts"}],"about":[{"href":"https:\/\/egophobia.ro\/index.php?rest_route=\/wp\/v2\/types\/post"}],"author":[{"embeddable":true,"href":"https:\/\/egophobia.ro\/index.php?rest_route=\/wp\/v2\/users\/2"}],"replies":[{"embeddable":true,"href":"https:\/\/egophobia.ro\/index.php?rest_route=%2Fwp%2Fv2%2Fcomments&post=13412"}],"version-history":[{"count":17,"href":"https:\/\/egophobia.ro\/index.php?rest_route=\/wp\/v2\/posts\/13412\/revisions"}],"predecessor-version":[{"id":13481,"href":"https:\/\/egophobia.ro\/index.php?rest_route=\/wp\/v2\/posts\/13412\/revisions\/13481"}],"wp:attachment":[{"href":"https:\/\/egophobia.ro\/index.php?rest_route=%2Fwp%2Fv2%2Fmedia&parent=13412"}],"wp:term":[{"taxonomy":"category","embeddable":true,"href":"https:\/\/egophobia.ro\/index.php?rest_route=%2Fwp%2Fv2%2Fcategories&post=13412"},{"taxonomy":"post_tag","embeddable":true,"href":"https:\/\/egophobia.ro\/index.php?rest_route=%2Fwp%2Fv2%2Ftags&post=13412"}],"curies":[{"name":"wp","href":"https:\/\/api.w.org\/{rel}","templated":true}]}}